{"id":72764,"date":"2024-05-06T17:52:56","date_gmt":"2024-05-06T22:52:56","guid":{"rendered":"https:\/\/luchonoticias.com\/?p=72764"},"modified":"2024-05-06T17:52:56","modified_gmt":"2024-05-06T22:52:56","slug":"funcionarios-de-minagricultura-en-jaque-por-la-procuraduria","status":"publish","type":"post","link":"https:\/\/luchonoticias.com\/editor\/funcionarios-de-minagricultura-en-jaque-por-la-procuraduria\/","title":{"rendered":"Funcionarios de Minagricultura, en jaque por la Procuradur\u00eda"},"content":{"rendered":"<div>La Procuradur\u00eda General de la Naci\u00f3n orden\u00f3 la apertura de una investigaci\u00f3n disciplinaria contra dos profesionales especializados del Ministerio de Agricultura y Desarrollo Rural por las presuntas irregularidades en la ejecuci\u00f3n de un contrato del que no se cumpli\u00f3 el objeto de entregar hasta 644 soluciones de vivienda a los beneficiarios.<\/div>\n<div><\/div>\n<div>La Segunda Delegada para la Contrataci\u00f3n Estatal se\u00f1al\u00f3 que el Ministerio celebr\u00f3 un contrato con Fiduagraria S.A. con el objeto constituir un patrimonio aut\u00f3nomo para la administraci\u00f3n y pago de un proyecto de inter\u00e9s social rural por m\u00e1s de $11 mil millones, y con el 31 de diciembre de 2018 como plazo.<\/div>\n<div><\/div>\n<div>El Ente de control indic\u00f3 que Luz Mary Rodr\u00edguez Cifuentes y Cesar Orlando Clavijo Silva, funcionarios del Ministerio, fueron designados como supervisores del negocio jur\u00eddico sobre el que el Tribunal Superior del Distrito Judicial de C\u00facuta sostuvo que se incumpli\u00f3 tanto en el objeto contractual, como con la satisfacci\u00f3n de las necesidades en las viviendas de los beneficiarios de los subsidios correspondientes.<\/div>\n<div><\/div>\n<div>De igual manera, adujo que el bilateral habr\u00eda sido sujeto de varias pr\u00f3rrogas y modificaciones, por lo que se investigar\u00e1 el rol que adelantaron los servidores durante su ejecuci\u00f3n.<\/div>\n<div><\/div>\n<div>Con esta etapa procesal y la solicitud de pruebas que se hizo la Entidad busca verificar la ocurrencia de los hechos denunciados, determinar si son constitutivos de falta disciplinaria; y definir si los implicados actuaron o no al amparo de una causal de exclusi\u00f3n de responsabilidad.<\/div>\n","protected":false},"excerpt":{"rendered":"<p>La Procuradur\u00eda General de la Naci\u00f3n orden\u00f3 la apertura de una investigaci\u00f3n disciplinaria contra dos profesionales especializados del Ministerio de Agricultura y Desarrollo Rural por las presuntas irregularidades en la ejecuci\u00f3n de un contrato del que no se cumpli\u00f3 el objeto de entregar hasta 644 soluciones de vivienda a los beneficiarios. La Segunda Delegada para [&hellip;]<\/p>\n","protected":false},"author":2,"featured_media":72765,"comment_status":"closed","ping_status":"open","sticky":false,"template":"","format":"standard","meta":{"footnotes":""},"categories":[28],"tags":[],"class_list":["post-72764","post","type-post","status-publish","format-standard","has-post-thumbnail","hentry","category-actualidad"],"yoast_head":"<!-- This site is optimized with the Yoast SEO plugin v26.6 - https:\/\/yoast.com\/wordpress\/plugins\/seo\/ -->\n<title>Funcionarios de Minagricultura, en jaque por la Procuradur\u00eda -<\/title>\n<meta name=\"robots\" content=\"index, follow, max-snippet:-1, max-image-preview:large, max-video-preview:-1\" \/>\n<link rel=\"canonical\" href=\"https:\/\/luchonoticias.com\/editor\/funcionarios-de-minagricultura-en-jaque-por-la-procuraduria\/\" \/>\n<meta property=\"og:locale\" content=\"es_ES\" \/>\n<meta property=\"og:type\" content=\"article\" \/>\n<meta property=\"og:title\" content=\"Funcionarios de Minagricultura, en jaque por la Procuradur\u00eda -\" \/>\n<meta property=\"og:url\" content=\"https:\/\/luchonoticias.com\/editor\/funcionarios-de-minagricultura-en-jaque-por-la-procuraduria\/\" \/>\n<meta property=\"article:publisher\" content=\"https:\/\/www.facebook.com\/luchonoticiasneiva\" \/>\n<meta property=\"article:published_time\" content=\"2024-05-06T22:52:56+00:00\" \/>\n<meta property=\"og:image\" content=\"https:\/\/luchonoticias.com\/editor\/wp-content\/uploads\/2024\/05\/vivienda.jpg\" \/>\n\t<meta property=\"og:image:width\" content=\"700\" \/>\n\t<meta property=\"og:image:height\" content=\"400\" \/>\n\t<meta property=\"og:image:type\" content=\"image\/jpeg\" \/>\n<meta name=\"author\" content=\"Editor General\" \/>\n<meta name=\"twitter:card\" content=\"summary_large_image\" \/>\n<meta name=\"twitter:label1\" content=\"Escrito por\" \/>\n\t<meta name=\"twitter:data1\" content=\"Editor General\" \/>\n\t<meta name=\"twitter:label2\" content=\"Tiempo de lectura\" \/>\n\t<meta name=\"twitter:data2\" content=\"1 minuto\" \/>\n<script type=\"application\/ld+json\" class=\"yoast-schema-graph\">{\"@context\":\"https:\/\/schema.org\",\"@graph\":[{\"@type\":\"Article\",\"@id\":\"https:\/\/luchonoticias.com\/editor\/funcionarios-de-minagricultura-en-jaque-por-la-procuraduria\/#article\",\"isPartOf\":{\"@id\":\"https:\/\/luchonoticias.com\/editor\/funcionarios-de-minagricultura-en-jaque-por-la-procuraduria\/\"},\"author\":{\"name\":\"Editor General\",\"@id\":\"https:\/\/luchonoticias.com\/editor\/#\/schema\/person\/29217990ddf6f14e35912b2866d591fb\"},\"headline\":\"Funcionarios de Minagricultura, en jaque por la Procuradur\u00eda\",\"datePublished\":\"2024-05-06T22:52:56+00:00\",\"mainEntityOfPage\":{\"@id\":\"https:\/\/luchonoticias.com\/editor\/funcionarios-de-minagricultura-en-jaque-por-la-procuraduria\/\"},\"wordCount\":264,\"publisher\":{\"@id\":\"https:\/\/luchonoticias.com\/editor\/#\/schema\/person\/7a7fd911f58561fd056dbac7b55af9cd\"},\"image\":{\"@id\":\"https:\/\/luchonoticias.com\/editor\/funcionarios-de-minagricultura-en-jaque-por-la-procuraduria\/#primaryimage\"},\"thumbnailUrl\":\"https:\/\/luchonoticias.com\/editor\/wp-content\/uploads\/2024\/05\/vivienda.jpg\",\"articleSection\":[\"Actualidad\"],\"inLanguage\":\"es\"},{\"@type\":\"WebPage\",\"@id\":\"https:\/\/luchonoticias.com\/editor\/funcionarios-de-minagricultura-en-jaque-por-la-procuraduria\/\",\"url\":\"https:\/\/luchonoticias.com\/editor\/funcionarios-de-minagricultura-en-jaque-por-la-procuraduria\/\",\"name\":\"Funcionarios de Minagricultura, en jaque por la Procuradur\u00eda -\",\"isPartOf\":{\"@id\":\"https:\/\/luchonoticias.com\/editor\/#website\"},\"primaryImageOfPage\":{\"@id\":\"https:\/\/luchonoticias.com\/editor\/funcionarios-de-minagricultura-en-jaque-por-la-procuraduria\/#primaryimage\"},\"image\":{\"@id\":\"https:\/\/luchonoticias.com\/editor\/funcionarios-de-minagricultura-en-jaque-por-la-procuraduria\/#primaryimage\"},\"thumbnailUrl\":\"https:\/\/luchonoticias.com\/editor\/wp-content\/uploads\/2024\/05\/vivienda.jpg\",\"datePublished\":\"2024-05-06T22:52:56+00:00\",\"breadcrumb\":{\"@id\":\"https:\/\/luchonoticias.com\/editor\/funcionarios-de-minagricultura-en-jaque-por-la-procuraduria\/#breadcrumb\"},\"inLanguage\":\"es\",\"potentialAction\":[{\"@type\":\"ReadAction\",\"target\":[\"https:\/\/luchonoticias.com\/editor\/funcionarios-de-minagricultura-en-jaque-por-la-procuraduria\/\"]}]},{\"@type\":\"ImageObject\",\"inLanguage\":\"es\",\"@id\":\"https:\/\/luchonoticias.com\/editor\/funcionarios-de-minagricultura-en-jaque-por-la-procuraduria\/#primaryimage\",\"url\":\"https:\/\/luchonoticias.com\/editor\/wp-content\/uploads\/2024\/05\/vivienda.jpg\",\"contentUrl\":\"https:\/\/luchonoticias.com\/editor\/wp-content\/uploads\/2024\/05\/vivienda.jpg\",\"width\":700,\"height\":400},{\"@type\":\"BreadcrumbList\",\"@id\":\"https:\/\/luchonoticias.com\/editor\/funcionarios-de-minagricultura-en-jaque-por-la-procuraduria\/#breadcrumb\",\"itemListElement\":[{\"@type\":\"ListItem\",\"position\":1,\"name\":\"Portada\",\"item\":\"https:\/\/luchonoticias.com\/editor\/\"},{\"@type\":\"ListItem\",\"position\":2,\"name\":\"Funcionarios de Minagricultura, en jaque por la Procuradur\u00eda\"}]},{\"@type\":\"WebSite\",\"@id\":\"https:\/\/luchonoticias.com\/editor\/#website\",\"url\":\"https:\/\/luchonoticias.com\/editor\/\",\"name\":\"\",\"description\":\"\",\"publisher\":{\"@id\":\"https:\/\/luchonoticias.com\/editor\/#\/schema\/person\/7a7fd911f58561fd056dbac7b55af9cd\"},\"potentialAction\":[{\"@type\":\"SearchAction\",\"target\":{\"@type\":\"EntryPoint\",\"urlTemplate\":\"https:\/\/luchonoticias.com\/editor\/?s={search_term_string}\"},\"query-input\":{\"@type\":\"PropertyValueSpecification\",\"valueRequired\":true,\"valueName\":\"search_term_string\"}}],\"inLanguage\":\"es\"},{\"@type\":[\"Person\",\"Organization\"],\"@id\":\"https:\/\/luchonoticias.com\/editor\/#\/schema\/person\/7a7fd911f58561fd056dbac7b55af9cd\",\"name\":\"admin\",\"image\":{\"@type\":\"ImageObject\",\"inLanguage\":\"es\",\"@id\":\"https:\/\/luchonoticias.com\/editor\/#\/schema\/person\/image\/\",\"url\":\"https:\/\/luchonoticias.com\/editor\/wp-content\/uploads\/2024\/02\/cropped-cropped-logolu.webp\",\"contentUrl\":\"https:\/\/luchonoticias.com\/editor\/wp-content\/uploads\/2024\/02\/cropped-cropped-logolu.webp\",\"width\":382,\"height\":170,\"caption\":\"admin\"},\"logo\":{\"@id\":\"https:\/\/luchonoticias.com\/editor\/#\/schema\/person\/image\/\"},\"sameAs\":[\"https:\/\/www.facebook.com\/luchonoticiasneiva\"]},{\"@type\":\"Person\",\"@id\":\"https:\/\/luchonoticias.com\/editor\/#\/schema\/person\/29217990ddf6f14e35912b2866d591fb\",\"name\":\"Editor General\",\"image\":{\"@type\":\"ImageObject\",\"inLanguage\":\"es\",\"@id\":\"https:\/\/luchonoticias.com\/editor\/#\/schema\/person\/image\/\",\"url\":\"https:\/\/luchonoticias.com\/editor\/wp-content\/uploads\/2024\/02\/cropped-cropped-logolu-150x150.webp\",\"contentUrl\":\"https:\/\/luchonoticias.com\/editor\/wp-content\/uploads\/2024\/02\/cropped-cropped-logolu-150x150.webp\",\"caption\":\"Editor General\"},\"sameAs\":[\"https:\/\/luchonoticias.com\/\"],\"url\":\"https:\/\/luchonoticias.com\/editor\/author\/editor-general\/\"}]}<\/script>\n<!-- \/ Yoast SEO plugin. -->","yoast_head_json":{"title":"Funcionarios de Minagricultura, en jaque por la Procuradur\u00eda -","robots":{"index":"index","follow":"follow","max-snippet":"max-snippet:-1","max-image-preview":"max-image-preview:large","max-video-preview":"max-video-preview:-1"},"canonical":"https:\/\/luchonoticias.com\/editor\/funcionarios-de-minagricultura-en-jaque-por-la-procuraduria\/","og_locale":"es_ES","og_type":"article","og_title":"Funcionarios de Minagricultura, en jaque por la Procuradur\u00eda -","og_url":"https:\/\/luchonoticias.com\/editor\/funcionarios-de-minagricultura-en-jaque-por-la-procuraduria\/","article_publisher":"https:\/\/www.facebook.com\/luchonoticiasneiva","article_published_time":"2024-05-06T22:52:56+00:00","og_image":[{"width":700,"height":400,"url":"https:\/\/luchonoticias.com\/editor\/wp-content\/uploads\/2024\/05\/vivienda.jpg","type":"image\/jpeg"}],"author":"Editor General","twitter_card":"summary_large_image","twitter_misc":{"Escrito por":"Editor General","Tiempo de lectura":"1 minuto"},"schema":{"@context":"https:\/\/schema.org","@graph":[{"@type":"Article","@id":"https:\/\/luchonoticias.com\/editor\/funcionarios-de-minagricultura-en-jaque-por-la-procuraduria\/#article","isPartOf":{"@id":"https:\/\/luchonoticias.com\/editor\/funcionarios-de-minagricultura-en-jaque-por-la-procuraduria\/"},"author":{"name":"Editor General","@id":"https:\/\/luchonoticias.com\/editor\/#\/schema\/person\/29217990ddf6f14e35912b2866d591fb"},"headline":"Funcionarios de Minagricultura, en jaque por la Procuradur\u00eda","datePublished":"2024-05-06T22:52:56+00:00","mainEntityOfPage":{"@id":"https:\/\/luchonoticias.com\/editor\/funcionarios-de-minagricultura-en-jaque-por-la-procuraduria\/"},"wordCount":264,"publisher":{"@id":"https:\/\/luchonoticias.com\/editor\/#\/schema\/person\/7a7fd911f58561fd056dbac7b55af9cd"},"image":{"@id":"https:\/\/luchonoticias.com\/editor\/funcionarios-de-minagricultura-en-jaque-por-la-procuraduria\/#primaryimage"},"thumbnailUrl":"https:\/\/luchonoticias.com\/editor\/wp-content\/uploads\/2024\/05\/vivienda.jpg","articleSection":["Actualidad"],"inLanguage":"es"},{"@type":"WebPage","@id":"https:\/\/luchonoticias.com\/editor\/funcionarios-de-minagricultura-en-jaque-por-la-procuraduria\/","url":"https:\/\/luchonoticias.com\/editor\/funcionarios-de-minagricultura-en-jaque-por-la-procuraduria\/","name":"Funcionarios de Minagricultura, en jaque por la Procuradur\u00eda -","isPartOf":{"@id":"https:\/\/luchonoticias.com\/editor\/#website"},"primaryImageOfPage":{"@id":"https:\/\/luchonoticias.com\/editor\/funcionarios-de-minagricultura-en-jaque-por-la-procuraduria\/#primaryimage"},"image":{"@id":"https:\/\/luchonoticias.com\/editor\/funcionarios-de-minagricultura-en-jaque-por-la-procuraduria\/#primaryimage"},"thumbnailUrl":"https:\/\/luchonoticias.com\/editor\/wp-content\/uploads\/2024\/05\/vivienda.jpg","datePublished":"2024-05-06T22:52:56+00:00","breadcrumb":{"@id":"https:\/\/luchonoticias.com\/editor\/funcionarios-de-minagricultura-en-jaque-por-la-procuraduria\/#breadcrumb"},"inLanguage":"es","potentialAction":[{"@type":"ReadAction","target":["https:\/\/luchonoticias.com\/editor\/funcionarios-de-minagricultura-en-jaque-por-la-procuraduria\/"]}]},{"@type":"ImageObject","inLanguage":"es","@id":"https:\/\/luchonoticias.com\/editor\/funcionarios-de-minagricultura-en-jaque-por-la-procuraduria\/#primaryimage","url":"https:\/\/luchonoticias.com\/editor\/wp-content\/uploads\/2024\/05\/vivienda.jpg","contentUrl":"https:\/\/luchonoticias.com\/editor\/wp-content\/uploads\/2024\/05\/vivienda.jpg","width":700,"height":400},{"@type":"BreadcrumbList","@id":"https:\/\/luchonoticias.com\/editor\/funcionarios-de-minagricultura-en-jaque-por-la-procuraduria\/#breadcrumb","itemListElement":[{"@type":"ListItem","position":1,"name":"Portada","item":"https:\/\/luchonoticias.com\/editor\/"},{"@type":"ListItem","position":2,"name":"Funcionarios de Minagricultura, en jaque por la Procuradur\u00eda"}]},{"@type":"WebSite","@id":"https:\/\/luchonoticias.com\/editor\/#website","url":"https:\/\/luchonoticias.com\/editor\/","name":"","description":"","publisher":{"@id":"https:\/\/luchonoticias.com\/editor\/#\/schema\/person\/7a7fd911f58561fd056dbac7b55af9cd"},"potentialAction":[{"@type":"SearchAction","target":{"@type":"EntryPoint","urlTemplate":"https:\/\/luchonoticias.com\/editor\/?s={search_term_string}"},"query-input":{"@type":"PropertyValueSpecification","valueRequired":true,"valueName":"search_term_string"}}],"inLanguage":"es"},{"@type":["Person","Organization"],"@id":"https:\/\/luchonoticias.com\/editor\/#\/schema\/person\/7a7fd911f58561fd056dbac7b55af9cd","name":"admin","image":{"@type":"ImageObject","inLanguage":"es","@id":"https:\/\/luchonoticias.com\/editor\/#\/schema\/person\/image\/","url":"https:\/\/luchonoticias.com\/editor\/wp-content\/uploads\/2024\/02\/cropped-cropped-logolu.webp","contentUrl":"https:\/\/luchonoticias.com\/editor\/wp-content\/uploads\/2024\/02\/cropped-cropped-logolu.webp","width":382,"height":170,"caption":"admin"},"logo":{"@id":"https:\/\/luchonoticias.com\/editor\/#\/schema\/person\/image\/"},"sameAs":["https:\/\/www.facebook.com\/luchonoticiasneiva"]},{"@type":"Person","@id":"https:\/\/luchonoticias.com\/editor\/#\/schema\/person\/29217990ddf6f14e35912b2866d591fb","name":"Editor General","image":{"@type":"ImageObject","inLanguage":"es","@id":"https:\/\/luchonoticias.com\/editor\/#\/schema\/person\/image\/","url":"https:\/\/luchonoticias.com\/editor\/wp-content\/uploads\/2024\/02\/cropped-cropped-logolu-150x150.webp","contentUrl":"https:\/\/luchonoticias.com\/editor\/wp-content\/uploads\/2024\/02\/cropped-cropped-logolu-150x150.webp","caption":"Editor General"},"sameAs":["https:\/\/luchonoticias.com\/"],"url":"https:\/\/luchonoticias.com\/editor\/author\/editor-general\/"}]}},"_links":{"self":[{"href":"https:\/\/luchonoticias.com\/editor\/wp-json\/wp\/v2\/posts\/72764","targetHints":{"allow":["GET"]}}],"collection":[{"href":"https:\/\/luchonoticias.com\/editor\/wp-json\/wp\/v2\/posts"}],"about":[{"href":"https:\/\/luchonoticias.com\/editor\/wp-json\/wp\/v2\/types\/post"}],"author":[{"embeddable":true,"href":"https:\/\/luchonoticias.com\/editor\/wp-json\/wp\/v2\/users\/2"}],"replies":[{"embeddable":true,"href":"https:\/\/luchonoticias.com\/editor\/wp-json\/wp\/v2\/comments?post=72764"}],"version-history":[{"count":0,"href":"https:\/\/luchonoticias.com\/editor\/wp-json\/wp\/v2\/posts\/72764\/revisions"}],"wp:featuredmedia":[{"embeddable":true,"href":"https:\/\/luchonoticias.com\/editor\/wp-json\/wp\/v2\/media\/72765"}],"wp:attachment":[{"href":"https:\/\/luchonoticias.com\/editor\/wp-json\/wp\/v2\/media?parent=72764"}],"wp:term":[{"taxonomy":"category","embeddable":true,"href":"https:\/\/luchonoticias.com\/editor\/wp-json\/wp\/v2\/categories?post=72764"},{"taxonomy":"post_tag","embeddable":true,"href":"https:\/\/luchonoticias.com\/editor\/wp-json\/wp\/v2\/tags?post=72764"}],"curies":[{"name":"wp","href":"https:\/\/api.w.org\/{rel}","templated":true}]}}