{"id":72772,"date":"2024-05-06T18:14:54","date_gmt":"2024-05-06T23:14:54","guid":{"rendered":"https:\/\/luchonoticias.com\/?p=72772"},"modified":"2024-05-06T18:14:54","modified_gmt":"2024-05-06T23:14:54","slug":"ex-alcaldesa-de-bogota-tambien-le-dijo-chao-a-los-verdes","status":"publish","type":"post","link":"https:\/\/luchonoticias.com\/editor\/ex-alcaldesa-de-bogota-tambien-le-dijo-chao-a-los-verdes\/","title":{"rendered":"Ex alcaldesa de Bogot\u00e1 tambi\u00e9n le dijo chao a los verdes"},"content":{"rendered":"<p>A trav\u00e9s de una carta, presentada minutos despu\u00e9s que la de Antanas Mockus, la exalcaldesa de Bogot\u00e1\u00a0<b>Claudia L\u00f3pez renunci\u00f3 tambi\u00e9n al Partido Alianza Verde,\u00a0<\/b>tras el esc\u00e1ndalo de la UNGRD que tiene salpicados a\u00a0<b>militantes como Iv\u00e1n Name, presidente del Senado, y Sandra Ortiz,\u00a0<\/b>saliente consejera presidencial.<\/p>\n<p>\u201cMe sumo a lo expresado por el Profesor Antanas Mockus y me retiro junto a \u00e9l del Partido Verde. Llegu\u00e9 con la ola Verde que nos inspir\u00f3 a millones de ciudadanos a entrar a la vida y el servicio p\u00fablico y\u00a0<b>me voy porque el Partido Verde termin\u00f3 cooptado y controlado por una minor\u00eda petrista\u00a0<\/b>que no representa ni honra los valores, pr\u00e1cticas y principios que he defendido y practicado\u201d, manifest\u00f3 en el documento.<\/p>\n<p>Coincidi\u00f3 Claudia L\u00f3pez con Mockus en que si bien \u201cla justicia esclarecer\u00e1 los grav\u00edsimos hechos de corrupci\u00f3n conforme a los principios del Estado de Derecho\u201d, a su juicio,\u00a0<b>\u201cla gravedad del sectarismo, la corrupci\u00f3n<\/b>\u00a0y el abuso de poder que se revela en los recientes hechos y esc\u00e1ndalos, me hacen\u00a0<b>imposible permanecer en el partido\u201d.<\/b><\/p>\n<p>Esta serie de renuncias deja<b>\u00a0en evidencia la crisis y divisi\u00f3n que desde hace unos meses ven\u00eda cargando el Partido<\/b>\u00a0Verde por cuenta, entre otras, de un choque de posturas frente al Gobierno Petro. Por ello ven\u00eda tomando fuerza la posibilidad de una escisi\u00f3n.<\/p>\n<p>Con informaci\u00f3n de Caracol.<\/p>\n","protected":false},"excerpt":{"rendered":"<p>A trav\u00e9s de una carta, presentada minutos despu\u00e9s que la de Antanas Mockus, la exalcaldesa de Bogot\u00e1\u00a0Claudia L\u00f3pez renunci\u00f3 tambi\u00e9n al Partido Alianza Verde,\u00a0tras el esc\u00e1ndalo de la UNGRD que tiene salpicados a\u00a0militantes como Iv\u00e1n Name, presidente del Senado, y Sandra Ortiz,\u00a0saliente consejera presidencial. \u201cMe sumo a lo expresado por el Profesor Antanas Mockus y [&hellip;]<\/p>\n","protected":false},"author":2,"featured_media":72773,"comment_status":"closed","ping_status":"open","sticky":false,"template":"","format":"standard","meta":{"footnotes":""},"categories":[28],"tags":[],"class_list":["post-72772","post","type-post","status-publish","format-standard","has-post-thumbnail","hentry","category-actualidad"],"yoast_head":"<!-- This site is optimized with the Yoast SEO plugin v26.6 - https:\/\/yoast.com\/wordpress\/plugins\/seo\/ -->\n<title>Ex alcaldesa de Bogot\u00e1 tambi\u00e9n le dijo chao a los verdes -<\/title>\n<meta name=\"robots\" content=\"index, follow, max-snippet:-1, max-image-preview:large, max-video-preview:-1\" \/>\n<link rel=\"canonical\" href=\"https:\/\/luchonoticias.com\/editor\/ex-alcaldesa-de-bogota-tambien-le-dijo-chao-a-los-verdes\/\" \/>\n<meta property=\"og:locale\" content=\"es_ES\" \/>\n<meta property=\"og:type\" content=\"article\" \/>\n<meta property=\"og:title\" content=\"Ex alcaldesa de Bogot\u00e1 tambi\u00e9n le dijo chao a los verdes -\" \/>\n<meta property=\"og:url\" content=\"https:\/\/luchonoticias.com\/editor\/ex-alcaldesa-de-bogota-tambien-le-dijo-chao-a-los-verdes\/\" \/>\n<meta property=\"article:publisher\" content=\"https:\/\/www.facebook.com\/luchonoticiasneiva\" \/>\n<meta property=\"article:published_time\" content=\"2024-05-06T23:14:54+00:00\" \/>\n<meta property=\"og:image\" content=\"https:\/\/luchonoticias.com\/editor\/wp-content\/uploads\/2024\/05\/claudia-lopez.jpg\" \/>\n\t<meta property=\"og:image:width\" content=\"700\" \/>\n\t<meta property=\"og:image:height\" content=\"400\" \/>\n\t<meta property=\"og:image:type\" content=\"image\/jpeg\" \/>\n<meta name=\"author\" content=\"Editor General\" \/>\n<meta name=\"twitter:card\" content=\"summary_large_image\" \/>\n<meta name=\"twitter:label1\" content=\"Escrito por\" \/>\n\t<meta name=\"twitter:data1\" content=\"Editor General\" \/>\n\t<meta name=\"twitter:label2\" content=\"Tiempo de lectura\" \/>\n\t<meta name=\"twitter:data2\" content=\"1 minuto\" \/>\n<script type=\"application\/ld+json\" class=\"yoast-schema-graph\">{\"@context\":\"https:\/\/schema.org\",\"@graph\":[{\"@type\":\"Article\",\"@id\":\"https:\/\/luchonoticias.com\/editor\/ex-alcaldesa-de-bogota-tambien-le-dijo-chao-a-los-verdes\/#article\",\"isPartOf\":{\"@id\":\"https:\/\/luchonoticias.com\/editor\/ex-alcaldesa-de-bogota-tambien-le-dijo-chao-a-los-verdes\/\"},\"author\":{\"name\":\"Editor General\",\"@id\":\"https:\/\/luchonoticias.com\/editor\/#\/schema\/person\/29217990ddf6f14e35912b2866d591fb\"},\"headline\":\"Ex alcaldesa de Bogot\u00e1 tambi\u00e9n le dijo chao a los verdes\",\"datePublished\":\"2024-05-06T23:14:54+00:00\",\"mainEntityOfPage\":{\"@id\":\"https:\/\/luchonoticias.com\/editor\/ex-alcaldesa-de-bogota-tambien-le-dijo-chao-a-los-verdes\/\"},\"wordCount\":256,\"publisher\":{\"@id\":\"https:\/\/luchonoticias.com\/editor\/#\/schema\/person\/7a7fd911f58561fd056dbac7b55af9cd\"},\"image\":{\"@id\":\"https:\/\/luchonoticias.com\/editor\/ex-alcaldesa-de-bogota-tambien-le-dijo-chao-a-los-verdes\/#primaryimage\"},\"thumbnailUrl\":\"https:\/\/luchonoticias.com\/editor\/wp-content\/uploads\/2024\/05\/claudia-lopez.jpg\",\"articleSection\":[\"Actualidad\"],\"inLanguage\":\"es\"},{\"@type\":\"WebPage\",\"@id\":\"https:\/\/luchonoticias.com\/editor\/ex-alcaldesa-de-bogota-tambien-le-dijo-chao-a-los-verdes\/\",\"url\":\"https:\/\/luchonoticias.com\/editor\/ex-alcaldesa-de-bogota-tambien-le-dijo-chao-a-los-verdes\/\",\"name\":\"Ex alcaldesa de Bogot\u00e1 tambi\u00e9n le dijo chao a los verdes -\",\"isPartOf\":{\"@id\":\"https:\/\/luchonoticias.com\/editor\/#website\"},\"primaryImageOfPage\":{\"@id\":\"https:\/\/luchonoticias.com\/editor\/ex-alcaldesa-de-bogota-tambien-le-dijo-chao-a-los-verdes\/#primaryimage\"},\"image\":{\"@id\":\"https:\/\/luchonoticias.com\/editor\/ex-alcaldesa-de-bogota-tambien-le-dijo-chao-a-los-verdes\/#primaryimage\"},\"thumbnailUrl\":\"https:\/\/luchonoticias.com\/editor\/wp-content\/uploads\/2024\/05\/claudia-lopez.jpg\",\"datePublished\":\"2024-05-06T23:14:54+00:00\",\"breadcrumb\":{\"@id\":\"https:\/\/luchonoticias.com\/editor\/ex-alcaldesa-de-bogota-tambien-le-dijo-chao-a-los-verdes\/#breadcrumb\"},\"inLanguage\":\"es\",\"potentialAction\":[{\"@type\":\"ReadAction\",\"target\":[\"https:\/\/luchonoticias.com\/editor\/ex-alcaldesa-de-bogota-tambien-le-dijo-chao-a-los-verdes\/\"]}]},{\"@type\":\"ImageObject\",\"inLanguage\":\"es\",\"@id\":\"https:\/\/luchonoticias.com\/editor\/ex-alcaldesa-de-bogota-tambien-le-dijo-chao-a-los-verdes\/#primaryimage\",\"url\":\"https:\/\/luchonoticias.com\/editor\/wp-content\/uploads\/2024\/05\/claudia-lopez.jpg\",\"contentUrl\":\"https:\/\/luchonoticias.com\/editor\/wp-content\/uploads\/2024\/05\/claudia-lopez.jpg\",\"width\":700,\"height\":400},{\"@type\":\"BreadcrumbList\",\"@id\":\"https:\/\/luchonoticias.com\/editor\/ex-alcaldesa-de-bogota-tambien-le-dijo-chao-a-los-verdes\/#breadcrumb\",\"itemListElement\":[{\"@type\":\"ListItem\",\"position\":1,\"name\":\"Portada\",\"item\":\"https:\/\/luchonoticias.com\/editor\/\"},{\"@type\":\"ListItem\",\"position\":2,\"name\":\"Ex alcaldesa de Bogot\u00e1 tambi\u00e9n le dijo chao a los verdes\"}]},{\"@type\":\"WebSite\",\"@id\":\"https:\/\/luchonoticias.com\/editor\/#website\",\"url\":\"https:\/\/luchonoticias.com\/editor\/\",\"name\":\"\",\"description\":\"\",\"publisher\":{\"@id\":\"https:\/\/luchonoticias.com\/editor\/#\/schema\/person\/7a7fd911f58561fd056dbac7b55af9cd\"},\"potentialAction\":[{\"@type\":\"SearchAction\",\"target\":{\"@type\":\"EntryPoint\",\"urlTemplate\":\"https:\/\/luchonoticias.com\/editor\/?s={search_term_string}\"},\"query-input\":{\"@type\":\"PropertyValueSpecification\",\"valueRequired\":true,\"valueName\":\"search_term_string\"}}],\"inLanguage\":\"es\"},{\"@type\":[\"Person\",\"Organization\"],\"@id\":\"https:\/\/luchonoticias.com\/editor\/#\/schema\/person\/7a7fd911f58561fd056dbac7b55af9cd\",\"name\":\"admin\",\"image\":{\"@type\":\"ImageObject\",\"inLanguage\":\"es\",\"@id\":\"https:\/\/luchonoticias.com\/editor\/#\/schema\/person\/image\/\",\"url\":\"https:\/\/luchonoticias.com\/editor\/wp-content\/uploads\/2024\/02\/cropped-cropped-logolu.webp\",\"contentUrl\":\"https:\/\/luchonoticias.com\/editor\/wp-content\/uploads\/2024\/02\/cropped-cropped-logolu.webp\",\"width\":382,\"height\":170,\"caption\":\"admin\"},\"logo\":{\"@id\":\"https:\/\/luchonoticias.com\/editor\/#\/schema\/person\/image\/\"},\"sameAs\":[\"https:\/\/www.facebook.com\/luchonoticiasneiva\"]},{\"@type\":\"Person\",\"@id\":\"https:\/\/luchonoticias.com\/editor\/#\/schema\/person\/29217990ddf6f14e35912b2866d591fb\",\"name\":\"Editor General\",\"image\":{\"@type\":\"ImageObject\",\"inLanguage\":\"es\",\"@id\":\"https:\/\/luchonoticias.com\/editor\/#\/schema\/person\/image\/\",\"url\":\"https:\/\/luchonoticias.com\/editor\/wp-content\/uploads\/2024\/02\/cropped-cropped-logolu-150x150.webp\",\"contentUrl\":\"https:\/\/luchonoticias.com\/editor\/wp-content\/uploads\/2024\/02\/cropped-cropped-logolu-150x150.webp\",\"caption\":\"Editor General\"},\"sameAs\":[\"https:\/\/luchonoticias.com\/\"],\"url\":\"https:\/\/luchonoticias.com\/editor\/author\/editor-general\/\"}]}<\/script>\n<!-- \/ Yoast SEO plugin. -->","yoast_head_json":{"title":"Ex alcaldesa de Bogot\u00e1 tambi\u00e9n le dijo chao a los verdes -","robots":{"index":"index","follow":"follow","max-snippet":"max-snippet:-1","max-image-preview":"max-image-preview:large","max-video-preview":"max-video-preview:-1"},"canonical":"https:\/\/luchonoticias.com\/editor\/ex-alcaldesa-de-bogota-tambien-le-dijo-chao-a-los-verdes\/","og_locale":"es_ES","og_type":"article","og_title":"Ex alcaldesa de Bogot\u00e1 tambi\u00e9n le dijo chao a los verdes -","og_url":"https:\/\/luchonoticias.com\/editor\/ex-alcaldesa-de-bogota-tambien-le-dijo-chao-a-los-verdes\/","article_publisher":"https:\/\/www.facebook.com\/luchonoticiasneiva","article_published_time":"2024-05-06T23:14:54+00:00","og_image":[{"width":700,"height":400,"url":"https:\/\/luchonoticias.com\/editor\/wp-content\/uploads\/2024\/05\/claudia-lopez.jpg","type":"image\/jpeg"}],"author":"Editor General","twitter_card":"summary_large_image","twitter_misc":{"Escrito por":"Editor General","Tiempo de lectura":"1 minuto"},"schema":{"@context":"https:\/\/schema.org","@graph":[{"@type":"Article","@id":"https:\/\/luchonoticias.com\/editor\/ex-alcaldesa-de-bogota-tambien-le-dijo-chao-a-los-verdes\/#article","isPartOf":{"@id":"https:\/\/luchonoticias.com\/editor\/ex-alcaldesa-de-bogota-tambien-le-dijo-chao-a-los-verdes\/"},"author":{"name":"Editor General","@id":"https:\/\/luchonoticias.com\/editor\/#\/schema\/person\/29217990ddf6f14e35912b2866d591fb"},"headline":"Ex alcaldesa de Bogot\u00e1 tambi\u00e9n le dijo chao a los verdes","datePublished":"2024-05-06T23:14:54+00:00","mainEntityOfPage":{"@id":"https:\/\/luchonoticias.com\/editor\/ex-alcaldesa-de-bogota-tambien-le-dijo-chao-a-los-verdes\/"},"wordCount":256,"publisher":{"@id":"https:\/\/luchonoticias.com\/editor\/#\/schema\/person\/7a7fd911f58561fd056dbac7b55af9cd"},"image":{"@id":"https:\/\/luchonoticias.com\/editor\/ex-alcaldesa-de-bogota-tambien-le-dijo-chao-a-los-verdes\/#primaryimage"},"thumbnailUrl":"https:\/\/luchonoticias.com\/editor\/wp-content\/uploads\/2024\/05\/claudia-lopez.jpg","articleSection":["Actualidad"],"inLanguage":"es"},{"@type":"WebPage","@id":"https:\/\/luchonoticias.com\/editor\/ex-alcaldesa-de-bogota-tambien-le-dijo-chao-a-los-verdes\/","url":"https:\/\/luchonoticias.com\/editor\/ex-alcaldesa-de-bogota-tambien-le-dijo-chao-a-los-verdes\/","name":"Ex alcaldesa de Bogot\u00e1 tambi\u00e9n le dijo chao a los verdes -","isPartOf":{"@id":"https:\/\/luchonoticias.com\/editor\/#website"},"primaryImageOfPage":{"@id":"https:\/\/luchonoticias.com\/editor\/ex-alcaldesa-de-bogota-tambien-le-dijo-chao-a-los-verdes\/#primaryimage"},"image":{"@id":"https:\/\/luchonoticias.com\/editor\/ex-alcaldesa-de-bogota-tambien-le-dijo-chao-a-los-verdes\/#primaryimage"},"thumbnailUrl":"https:\/\/luchonoticias.com\/editor\/wp-content\/uploads\/2024\/05\/claudia-lopez.jpg","datePublished":"2024-05-06T23:14:54+00:00","breadcrumb":{"@id":"https:\/\/luchonoticias.com\/editor\/ex-alcaldesa-de-bogota-tambien-le-dijo-chao-a-los-verdes\/#breadcrumb"},"inLanguage":"es","potentialAction":[{"@type":"ReadAction","target":["https:\/\/luchonoticias.com\/editor\/ex-alcaldesa-de-bogota-tambien-le-dijo-chao-a-los-verdes\/"]}]},{"@type":"ImageObject","inLanguage":"es","@id":"https:\/\/luchonoticias.com\/editor\/ex-alcaldesa-de-bogota-tambien-le-dijo-chao-a-los-verdes\/#primaryimage","url":"https:\/\/luchonoticias.com\/editor\/wp-content\/uploads\/2024\/05\/claudia-lopez.jpg","contentUrl":"https:\/\/luchonoticias.com\/editor\/wp-content\/uploads\/2024\/05\/claudia-lopez.jpg","width":700,"height":400},{"@type":"BreadcrumbList","@id":"https:\/\/luchonoticias.com\/editor\/ex-alcaldesa-de-bogota-tambien-le-dijo-chao-a-los-verdes\/#breadcrumb","itemListElement":[{"@type":"ListItem","position":1,"name":"Portada","item":"https:\/\/luchonoticias.com\/editor\/"},{"@type":"ListItem","position":2,"name":"Ex alcaldesa de Bogot\u00e1 tambi\u00e9n le dijo chao a los verdes"}]},{"@type":"WebSite","@id":"https:\/\/luchonoticias.com\/editor\/#website","url":"https:\/\/luchonoticias.com\/editor\/","name":"","description":"","publisher":{"@id":"https:\/\/luchonoticias.com\/editor\/#\/schema\/person\/7a7fd911f58561fd056dbac7b55af9cd"},"potentialAction":[{"@type":"SearchAction","target":{"@type":"EntryPoint","urlTemplate":"https:\/\/luchonoticias.com\/editor\/?s={search_term_string}"},"query-input":{"@type":"PropertyValueSpecification","valueRequired":true,"valueName":"search_term_string"}}],"inLanguage":"es"},{"@type":["Person","Organization"],"@id":"https:\/\/luchonoticias.com\/editor\/#\/schema\/person\/7a7fd911f58561fd056dbac7b55af9cd","name":"admin","image":{"@type":"ImageObject","inLanguage":"es","@id":"https:\/\/luchonoticias.com\/editor\/#\/schema\/person\/image\/","url":"https:\/\/luchonoticias.com\/editor\/wp-content\/uploads\/2024\/02\/cropped-cropped-logolu.webp","contentUrl":"https:\/\/luchonoticias.com\/editor\/wp-content\/uploads\/2024\/02\/cropped-cropped-logolu.webp","width":382,"height":170,"caption":"admin"},"logo":{"@id":"https:\/\/luchonoticias.com\/editor\/#\/schema\/person\/image\/"},"sameAs":["https:\/\/www.facebook.com\/luchonoticiasneiva"]},{"@type":"Person","@id":"https:\/\/luchonoticias.com\/editor\/#\/schema\/person\/29217990ddf6f14e35912b2866d591fb","name":"Editor General","image":{"@type":"ImageObject","inLanguage":"es","@id":"https:\/\/luchonoticias.com\/editor\/#\/schema\/person\/image\/","url":"https:\/\/luchonoticias.com\/editor\/wp-content\/uploads\/2024\/02\/cropped-cropped-logolu-150x150.webp","contentUrl":"https:\/\/luchonoticias.com\/editor\/wp-content\/uploads\/2024\/02\/cropped-cropped-logolu-150x150.webp","caption":"Editor General"},"sameAs":["https:\/\/luchonoticias.com\/"],"url":"https:\/\/luchonoticias.com\/editor\/author\/editor-general\/"}]}},"_links":{"self":[{"href":"https:\/\/luchonoticias.com\/editor\/wp-json\/wp\/v2\/posts\/72772","targetHints":{"allow":["GET"]}}],"collection":[{"href":"https:\/\/luchonoticias.com\/editor\/wp-json\/wp\/v2\/posts"}],"about":[{"href":"https:\/\/luchonoticias.com\/editor\/wp-json\/wp\/v2\/types\/post"}],"author":[{"embeddable":true,"href":"https:\/\/luchonoticias.com\/editor\/wp-json\/wp\/v2\/users\/2"}],"replies":[{"embeddable":true,"href":"https:\/\/luchonoticias.com\/editor\/wp-json\/wp\/v2\/comments?post=72772"}],"version-history":[{"count":0,"href":"https:\/\/luchonoticias.com\/editor\/wp-json\/wp\/v2\/posts\/72772\/revisions"}],"wp:featuredmedia":[{"embeddable":true,"href":"https:\/\/luchonoticias.com\/editor\/wp-json\/wp\/v2\/media\/72773"}],"wp:attachment":[{"href":"https:\/\/luchonoticias.com\/editor\/wp-json\/wp\/v2\/media?parent=72772"}],"wp:term":[{"taxonomy":"category","embeddable":true,"href":"https:\/\/luchonoticias.com\/editor\/wp-json\/wp\/v2\/categories?post=72772"},{"taxonomy":"post_tag","embeddable":true,"href":"https:\/\/luchonoticias.com\/editor\/wp-json\/wp\/v2\/tags?post=72772"}],"curies":[{"name":"wp","href":"https:\/\/api.w.org\/{rel}","templated":true}]}}