{"id":72783,"date":"2024-05-07T08:07:52","date_gmt":"2024-05-07T13:07:52","guid":{"rendered":"https:\/\/luchonoticias.com\/?p=72783"},"modified":"2024-05-07T08:07:52","modified_gmt":"2024-05-07T13:07:52","slug":"ministerio-de-agricultura-y-su-apuesta-por-la-economia-popular","status":"publish","type":"post","link":"https:\/\/luchonoticias.com\/editor\/ministerio-de-agricultura-y-su-apuesta-por-la-economia-popular\/","title":{"rendered":"Ministerio de Agricultura y su apuesta por la econom\u00eda popular"},"content":{"rendered":"<div>El Ministerio de Agricultura y Desarrollo Rural, a trav\u00e9s del Banco Agrario, entreg\u00f3 cr\u00e9ditos para impulsar emprendimientos de la econom\u00eda popular por un valor de $89 millones durante la primera jornada del &#8216;Gobierno con los Barrios Populares&#8217;, en la localidad de Ciudad Bol\u00edvar, Bogot\u00e1.<\/div>\n<div><\/div>\n<div>La ministra de Agricultura y Desarrollo Rural, Jhenifer Mojica, junto al gerente del Banco Agrario, Hernando Chica, entreg\u00f3 diez cr\u00e9ditos individuales y asociativos para impulsar proyectos productivos de asociaciones, mujeres y j\u00f3venes. As\u00ed, el ministerio avanza en la democratizaci\u00f3n del cr\u00e9dito, una de las v\u00edas para llevar justicia social y econ\u00f3mica a todas las zonas del pa\u00eds.<\/div>\n<div><\/div>\n<div>\u00abLos felicito y les agradezco esa confianza que es mutua y correspondida, poder inyectar los recursos y el capital a todas estas econom\u00edas que son el bolsillo de los colombianos, de los barrios populares, aqu\u00ed estamos con ustedes\u00bb indic\u00f3 la jefe de la cartera de Agricultura.<\/div>\n<div><\/div>\n","protected":false},"excerpt":{"rendered":"<p>El Ministerio de Agricultura y Desarrollo Rural, a trav\u00e9s del Banco Agrario, entreg\u00f3 cr\u00e9ditos para impulsar emprendimientos de la econom\u00eda popular por un valor de $89 millones durante la primera jornada del &#8216;Gobierno con los Barrios Populares&#8217;, en la localidad de Ciudad Bol\u00edvar, Bogot\u00e1. La ministra de Agricultura y Desarrollo Rural, Jhenifer Mojica, junto al [&hellip;]<\/p>\n","protected":false},"author":2,"featured_media":72784,"comment_status":"closed","ping_status":"open","sticky":false,"template":"","format":"standard","meta":{"footnotes":""},"categories":[28],"tags":[],"class_list":["post-72783","post","type-post","status-publish","format-standard","has-post-thumbnail","hentry","category-actualidad"],"yoast_head":"<!-- This site is optimized with the Yoast SEO plugin v26.6 - https:\/\/yoast.com\/wordpress\/plugins\/seo\/ -->\n<title>Ministerio de Agricultura y su apuesta por la econom\u00eda popular -<\/title>\n<meta name=\"robots\" content=\"index, follow, max-snippet:-1, max-image-preview:large, max-video-preview:-1\" \/>\n<link rel=\"canonical\" href=\"https:\/\/luchonoticias.com\/editor\/ministerio-de-agricultura-y-su-apuesta-por-la-economia-popular\/\" \/>\n<meta property=\"og:locale\" content=\"es_ES\" \/>\n<meta property=\"og:type\" content=\"article\" \/>\n<meta property=\"og:title\" content=\"Ministerio de Agricultura y su apuesta por la econom\u00eda popular -\" \/>\n<meta property=\"og:url\" content=\"https:\/\/luchonoticias.com\/editor\/ministerio-de-agricultura-y-su-apuesta-por-la-economia-popular\/\" \/>\n<meta property=\"article:publisher\" content=\"https:\/\/www.facebook.com\/luchonoticiasneiva\" \/>\n<meta property=\"article:published_time\" content=\"2024-05-07T13:07:52+00:00\" \/>\n<meta property=\"og:image\" content=\"https:\/\/luchonoticias.com\/editor\/wp-content\/uploads\/2024\/05\/minagricvultura.jpg\" \/>\n\t<meta property=\"og:image:width\" content=\"700\" \/>\n\t<meta property=\"og:image:height\" content=\"400\" \/>\n\t<meta property=\"og:image:type\" content=\"image\/jpeg\" \/>\n<meta name=\"author\" content=\"Editor General\" \/>\n<meta name=\"twitter:card\" content=\"summary_large_image\" \/>\n<meta name=\"twitter:label1\" content=\"Escrito por\" \/>\n\t<meta name=\"twitter:data1\" content=\"Editor General\" \/>\n\t<meta name=\"twitter:label2\" content=\"Tiempo de lectura\" \/>\n\t<meta name=\"twitter:data2\" content=\"1 minuto\" \/>\n<script type=\"application\/ld+json\" class=\"yoast-schema-graph\">{\"@context\":\"https:\/\/schema.org\",\"@graph\":[{\"@type\":\"Article\",\"@id\":\"https:\/\/luchonoticias.com\/editor\/ministerio-de-agricultura-y-su-apuesta-por-la-economia-popular\/#article\",\"isPartOf\":{\"@id\":\"https:\/\/luchonoticias.com\/editor\/ministerio-de-agricultura-y-su-apuesta-por-la-economia-popular\/\"},\"author\":{\"name\":\"Editor General\",\"@id\":\"https:\/\/luchonoticias.com\/editor\/#\/schema\/person\/29217990ddf6f14e35912b2866d591fb\"},\"headline\":\"Ministerio de Agricultura y su apuesta por la econom\u00eda popular\",\"datePublished\":\"2024-05-07T13:07:52+00:00\",\"mainEntityOfPage\":{\"@id\":\"https:\/\/luchonoticias.com\/editor\/ministerio-de-agricultura-y-su-apuesta-por-la-economia-popular\/\"},\"wordCount\":169,\"publisher\":{\"@id\":\"https:\/\/luchonoticias.com\/editor\/#\/schema\/person\/7a7fd911f58561fd056dbac7b55af9cd\"},\"image\":{\"@id\":\"https:\/\/luchonoticias.com\/editor\/ministerio-de-agricultura-y-su-apuesta-por-la-economia-popular\/#primaryimage\"},\"thumbnailUrl\":\"https:\/\/luchonoticias.com\/editor\/wp-content\/uploads\/2024\/05\/minagricvultura.jpg\",\"articleSection\":[\"Actualidad\"],\"inLanguage\":\"es\"},{\"@type\":\"WebPage\",\"@id\":\"https:\/\/luchonoticias.com\/editor\/ministerio-de-agricultura-y-su-apuesta-por-la-economia-popular\/\",\"url\":\"https:\/\/luchonoticias.com\/editor\/ministerio-de-agricultura-y-su-apuesta-por-la-economia-popular\/\",\"name\":\"Ministerio de Agricultura y su apuesta por la econom\u00eda popular -\",\"isPartOf\":{\"@id\":\"https:\/\/luchonoticias.com\/editor\/#website\"},\"primaryImageOfPage\":{\"@id\":\"https:\/\/luchonoticias.com\/editor\/ministerio-de-agricultura-y-su-apuesta-por-la-economia-popular\/#primaryimage\"},\"image\":{\"@id\":\"https:\/\/luchonoticias.com\/editor\/ministerio-de-agricultura-y-su-apuesta-por-la-economia-popular\/#primaryimage\"},\"thumbnailUrl\":\"https:\/\/luchonoticias.com\/editor\/wp-content\/uploads\/2024\/05\/minagricvultura.jpg\",\"datePublished\":\"2024-05-07T13:07:52+00:00\",\"breadcrumb\":{\"@id\":\"https:\/\/luchonoticias.com\/editor\/ministerio-de-agricultura-y-su-apuesta-por-la-economia-popular\/#breadcrumb\"},\"inLanguage\":\"es\",\"potentialAction\":[{\"@type\":\"ReadAction\",\"target\":[\"https:\/\/luchonoticias.com\/editor\/ministerio-de-agricultura-y-su-apuesta-por-la-economia-popular\/\"]}]},{\"@type\":\"ImageObject\",\"inLanguage\":\"es\",\"@id\":\"https:\/\/luchonoticias.com\/editor\/ministerio-de-agricultura-y-su-apuesta-por-la-economia-popular\/#primaryimage\",\"url\":\"https:\/\/luchonoticias.com\/editor\/wp-content\/uploads\/2024\/05\/minagricvultura.jpg\",\"contentUrl\":\"https:\/\/luchonoticias.com\/editor\/wp-content\/uploads\/2024\/05\/minagricvultura.jpg\",\"width\":700,\"height\":400},{\"@type\":\"BreadcrumbList\",\"@id\":\"https:\/\/luchonoticias.com\/editor\/ministerio-de-agricultura-y-su-apuesta-por-la-economia-popular\/#breadcrumb\",\"itemListElement\":[{\"@type\":\"ListItem\",\"position\":1,\"name\":\"Portada\",\"item\":\"https:\/\/luchonoticias.com\/editor\/\"},{\"@type\":\"ListItem\",\"position\":2,\"name\":\"Ministerio de Agricultura y su apuesta por la econom\u00eda popular\"}]},{\"@type\":\"WebSite\",\"@id\":\"https:\/\/luchonoticias.com\/editor\/#website\",\"url\":\"https:\/\/luchonoticias.com\/editor\/\",\"name\":\"\",\"description\":\"\",\"publisher\":{\"@id\":\"https:\/\/luchonoticias.com\/editor\/#\/schema\/person\/7a7fd911f58561fd056dbac7b55af9cd\"},\"potentialAction\":[{\"@type\":\"SearchAction\",\"target\":{\"@type\":\"EntryPoint\",\"urlTemplate\":\"https:\/\/luchonoticias.com\/editor\/?s={search_term_string}\"},\"query-input\":{\"@type\":\"PropertyValueSpecification\",\"valueRequired\":true,\"valueName\":\"search_term_string\"}}],\"inLanguage\":\"es\"},{\"@type\":[\"Person\",\"Organization\"],\"@id\":\"https:\/\/luchonoticias.com\/editor\/#\/schema\/person\/7a7fd911f58561fd056dbac7b55af9cd\",\"name\":\"admin\",\"image\":{\"@type\":\"ImageObject\",\"inLanguage\":\"es\",\"@id\":\"https:\/\/luchonoticias.com\/editor\/#\/schema\/person\/image\/\",\"url\":\"https:\/\/luchonoticias.com\/editor\/wp-content\/uploads\/2024\/02\/cropped-cropped-logolu.webp\",\"contentUrl\":\"https:\/\/luchonoticias.com\/editor\/wp-content\/uploads\/2024\/02\/cropped-cropped-logolu.webp\",\"width\":382,\"height\":170,\"caption\":\"admin\"},\"logo\":{\"@id\":\"https:\/\/luchonoticias.com\/editor\/#\/schema\/person\/image\/\"},\"sameAs\":[\"https:\/\/www.facebook.com\/luchonoticiasneiva\"]},{\"@type\":\"Person\",\"@id\":\"https:\/\/luchonoticias.com\/editor\/#\/schema\/person\/29217990ddf6f14e35912b2866d591fb\",\"name\":\"Editor General\",\"image\":{\"@type\":\"ImageObject\",\"inLanguage\":\"es\",\"@id\":\"https:\/\/luchonoticias.com\/editor\/#\/schema\/person\/image\/\",\"url\":\"https:\/\/luchonoticias.com\/editor\/wp-content\/uploads\/2024\/02\/cropped-cropped-logolu-150x150.webp\",\"contentUrl\":\"https:\/\/luchonoticias.com\/editor\/wp-content\/uploads\/2024\/02\/cropped-cropped-logolu-150x150.webp\",\"caption\":\"Editor General\"},\"sameAs\":[\"https:\/\/luchonoticias.com\/\"],\"url\":\"https:\/\/luchonoticias.com\/editor\/author\/editor-general\/\"}]}<\/script>\n<!-- \/ Yoast SEO plugin. -->","yoast_head_json":{"title":"Ministerio de Agricultura y su apuesta por la econom\u00eda popular -","robots":{"index":"index","follow":"follow","max-snippet":"max-snippet:-1","max-image-preview":"max-image-preview:large","max-video-preview":"max-video-preview:-1"},"canonical":"https:\/\/luchonoticias.com\/editor\/ministerio-de-agricultura-y-su-apuesta-por-la-economia-popular\/","og_locale":"es_ES","og_type":"article","og_title":"Ministerio de Agricultura y su apuesta por la econom\u00eda popular -","og_url":"https:\/\/luchonoticias.com\/editor\/ministerio-de-agricultura-y-su-apuesta-por-la-economia-popular\/","article_publisher":"https:\/\/www.facebook.com\/luchonoticiasneiva","article_published_time":"2024-05-07T13:07:52+00:00","og_image":[{"width":700,"height":400,"url":"https:\/\/luchonoticias.com\/editor\/wp-content\/uploads\/2024\/05\/minagricvultura.jpg","type":"image\/jpeg"}],"author":"Editor General","twitter_card":"summary_large_image","twitter_misc":{"Escrito por":"Editor General","Tiempo de lectura":"1 minuto"},"schema":{"@context":"https:\/\/schema.org","@graph":[{"@type":"Article","@id":"https:\/\/luchonoticias.com\/editor\/ministerio-de-agricultura-y-su-apuesta-por-la-economia-popular\/#article","isPartOf":{"@id":"https:\/\/luchonoticias.com\/editor\/ministerio-de-agricultura-y-su-apuesta-por-la-economia-popular\/"},"author":{"name":"Editor General","@id":"https:\/\/luchonoticias.com\/editor\/#\/schema\/person\/29217990ddf6f14e35912b2866d591fb"},"headline":"Ministerio de Agricultura y su apuesta por la econom\u00eda popular","datePublished":"2024-05-07T13:07:52+00:00","mainEntityOfPage":{"@id":"https:\/\/luchonoticias.com\/editor\/ministerio-de-agricultura-y-su-apuesta-por-la-economia-popular\/"},"wordCount":169,"publisher":{"@id":"https:\/\/luchonoticias.com\/editor\/#\/schema\/person\/7a7fd911f58561fd056dbac7b55af9cd"},"image":{"@id":"https:\/\/luchonoticias.com\/editor\/ministerio-de-agricultura-y-su-apuesta-por-la-economia-popular\/#primaryimage"},"thumbnailUrl":"https:\/\/luchonoticias.com\/editor\/wp-content\/uploads\/2024\/05\/minagricvultura.jpg","articleSection":["Actualidad"],"inLanguage":"es"},{"@type":"WebPage","@id":"https:\/\/luchonoticias.com\/editor\/ministerio-de-agricultura-y-su-apuesta-por-la-economia-popular\/","url":"https:\/\/luchonoticias.com\/editor\/ministerio-de-agricultura-y-su-apuesta-por-la-economia-popular\/","name":"Ministerio de Agricultura y su apuesta por la econom\u00eda popular -","isPartOf":{"@id":"https:\/\/luchonoticias.com\/editor\/#website"},"primaryImageOfPage":{"@id":"https:\/\/luchonoticias.com\/editor\/ministerio-de-agricultura-y-su-apuesta-por-la-economia-popular\/#primaryimage"},"image":{"@id":"https:\/\/luchonoticias.com\/editor\/ministerio-de-agricultura-y-su-apuesta-por-la-economia-popular\/#primaryimage"},"thumbnailUrl":"https:\/\/luchonoticias.com\/editor\/wp-content\/uploads\/2024\/05\/minagricvultura.jpg","datePublished":"2024-05-07T13:07:52+00:00","breadcrumb":{"@id":"https:\/\/luchonoticias.com\/editor\/ministerio-de-agricultura-y-su-apuesta-por-la-economia-popular\/#breadcrumb"},"inLanguage":"es","potentialAction":[{"@type":"ReadAction","target":["https:\/\/luchonoticias.com\/editor\/ministerio-de-agricultura-y-su-apuesta-por-la-economia-popular\/"]}]},{"@type":"ImageObject","inLanguage":"es","@id":"https:\/\/luchonoticias.com\/editor\/ministerio-de-agricultura-y-su-apuesta-por-la-economia-popular\/#primaryimage","url":"https:\/\/luchonoticias.com\/editor\/wp-content\/uploads\/2024\/05\/minagricvultura.jpg","contentUrl":"https:\/\/luchonoticias.com\/editor\/wp-content\/uploads\/2024\/05\/minagricvultura.jpg","width":700,"height":400},{"@type":"BreadcrumbList","@id":"https:\/\/luchonoticias.com\/editor\/ministerio-de-agricultura-y-su-apuesta-por-la-economia-popular\/#breadcrumb","itemListElement":[{"@type":"ListItem","position":1,"name":"Portada","item":"https:\/\/luchonoticias.com\/editor\/"},{"@type":"ListItem","position":2,"name":"Ministerio de Agricultura y su apuesta por la econom\u00eda popular"}]},{"@type":"WebSite","@id":"https:\/\/luchonoticias.com\/editor\/#website","url":"https:\/\/luchonoticias.com\/editor\/","name":"","description":"","publisher":{"@id":"https:\/\/luchonoticias.com\/editor\/#\/schema\/person\/7a7fd911f58561fd056dbac7b55af9cd"},"potentialAction":[{"@type":"SearchAction","target":{"@type":"EntryPoint","urlTemplate":"https:\/\/luchonoticias.com\/editor\/?s={search_term_string}"},"query-input":{"@type":"PropertyValueSpecification","valueRequired":true,"valueName":"search_term_string"}}],"inLanguage":"es"},{"@type":["Person","Organization"],"@id":"https:\/\/luchonoticias.com\/editor\/#\/schema\/person\/7a7fd911f58561fd056dbac7b55af9cd","name":"admin","image":{"@type":"ImageObject","inLanguage":"es","@id":"https:\/\/luchonoticias.com\/editor\/#\/schema\/person\/image\/","url":"https:\/\/luchonoticias.com\/editor\/wp-content\/uploads\/2024\/02\/cropped-cropped-logolu.webp","contentUrl":"https:\/\/luchonoticias.com\/editor\/wp-content\/uploads\/2024\/02\/cropped-cropped-logolu.webp","width":382,"height":170,"caption":"admin"},"logo":{"@id":"https:\/\/luchonoticias.com\/editor\/#\/schema\/person\/image\/"},"sameAs":["https:\/\/www.facebook.com\/luchonoticiasneiva"]},{"@type":"Person","@id":"https:\/\/luchonoticias.com\/editor\/#\/schema\/person\/29217990ddf6f14e35912b2866d591fb","name":"Editor General","image":{"@type":"ImageObject","inLanguage":"es","@id":"https:\/\/luchonoticias.com\/editor\/#\/schema\/person\/image\/","url":"https:\/\/luchonoticias.com\/editor\/wp-content\/uploads\/2024\/02\/cropped-cropped-logolu-150x150.webp","contentUrl":"https:\/\/luchonoticias.com\/editor\/wp-content\/uploads\/2024\/02\/cropped-cropped-logolu-150x150.webp","caption":"Editor General"},"sameAs":["https:\/\/luchonoticias.com\/"],"url":"https:\/\/luchonoticias.com\/editor\/author\/editor-general\/"}]}},"_links":{"self":[{"href":"https:\/\/luchonoticias.com\/editor\/wp-json\/wp\/v2\/posts\/72783","targetHints":{"allow":["GET"]}}],"collection":[{"href":"https:\/\/luchonoticias.com\/editor\/wp-json\/wp\/v2\/posts"}],"about":[{"href":"https:\/\/luchonoticias.com\/editor\/wp-json\/wp\/v2\/types\/post"}],"author":[{"embeddable":true,"href":"https:\/\/luchonoticias.com\/editor\/wp-json\/wp\/v2\/users\/2"}],"replies":[{"embeddable":true,"href":"https:\/\/luchonoticias.com\/editor\/wp-json\/wp\/v2\/comments?post=72783"}],"version-history":[{"count":0,"href":"https:\/\/luchonoticias.com\/editor\/wp-json\/wp\/v2\/posts\/72783\/revisions"}],"wp:featuredmedia":[{"embeddable":true,"href":"https:\/\/luchonoticias.com\/editor\/wp-json\/wp\/v2\/media\/72784"}],"wp:attachment":[{"href":"https:\/\/luchonoticias.com\/editor\/wp-json\/wp\/v2\/media?parent=72783"}],"wp:term":[{"taxonomy":"category","embeddable":true,"href":"https:\/\/luchonoticias.com\/editor\/wp-json\/wp\/v2\/categories?post=72783"},{"taxonomy":"post_tag","embeddable":true,"href":"https:\/\/luchonoticias.com\/editor\/wp-json\/wp\/v2\/tags?post=72783"}],"curies":[{"name":"wp","href":"https:\/\/api.w.org\/{rel}","templated":true}]}}