{"id":72786,"date":"2024-05-07T08:14:18","date_gmt":"2024-05-07T13:14:18","guid":{"rendered":"https:\/\/luchonoticias.com\/?p=72786"},"modified":"2024-05-07T08:14:18","modified_gmt":"2024-05-07T13:14:18","slug":"primera-mesa-tecnica-del-pae-en-neiva","status":"publish","type":"post","link":"https:\/\/luchonoticias.com\/editor\/primera-mesa-tecnica-del-pae-en-neiva\/","title":{"rendered":"Primera mesa t\u00e9cnica del PAE en Neiva"},"content":{"rendered":"<p>Rectores, docentes, veedores, padres de familia, estudiantes y autoridades como la Contralor\u00eda, Procuradur\u00eda y Personer\u00eda, acudieron al llamado de la Alcald\u00eda de Neiva para desarrollar la primera mesa p\u00fablica del Programa de Alimentaci\u00f3n Escolar, PAE, 2024.<\/p>\n<p>El objetivo principal, adem\u00e1s de escuchar a la comunidad, se plasm\u00f3 en entregar cifras y balance del PAE en lo corrido del a\u00f1o lectivo, desde el monto presupuestal, hasta las obras de dotaci\u00f3n y mejoramiento de infraestructura en las cocinas, para garantizar que el servicio de alimentaci\u00f3n para los ni\u00f1os, sea de alta calidad.<\/p>\n<p>El espacio permiti\u00f3 que la Administraci\u00f3n Municipal le contara a la comunidad sobre los avances del programa y de c\u00f3mo poco a poco, se ha ido mejorando gracias a la vigilancia constante que desarrolla el equipo de supervisi\u00f3n del PAE, personal de la Secretar\u00eda de Educaci\u00f3n encargado de realizar visitas sorpresa y verificar las raciones, tablas nutricionales e inocuidad de los alimentos entregados a los peque\u00f1os.<\/p>\n<p>\u201cImportante balance de este comit\u00e9 de seguimiento al Plan de Alimentaci\u00f3n Escolar, un programa que esta administraci\u00f3n est\u00e1 supervisando para garantizar que los recursos que son invertidos en la alimentaci\u00f3n de los ni\u00f1os, ni\u00f1as y j\u00f3venes, cumplan a cabalidad con lo que est\u00e1 establecido en cuanto a calidad y cantidad\u201d, sostuvo el Alcalde de los neivanos Germ\u00e1n Casagua.<\/p>\n<p><img loading=\"lazy\" decoding=\"async\" class=\"alignnone wp-image-72788\" src=\"https:\/\/luchonoticias.com\/wp-content\/uploads\/2024\/05\/WhatsApp-Image-2024-05-06-at-21.11.36-300x200.jpeg\" alt=\"\" width=\"700\" height=\"467\" srcset=\"https:\/\/luchonoticias.com\/editor\/wp-content\/uploads\/2024\/05\/WhatsApp-Image-2024-05-06-at-21.11.36-300x200.jpeg 300w, https:\/\/luchonoticias.com\/editor\/wp-content\/uploads\/2024\/05\/WhatsApp-Image-2024-05-06-at-21.11.36-1024x683.jpeg 1024w, https:\/\/luchonoticias.com\/editor\/wp-content\/uploads\/2024\/05\/WhatsApp-Image-2024-05-06-at-21.11.36-768x512.jpeg 768w, https:\/\/luchonoticias.com\/editor\/wp-content\/uploads\/2024\/05\/WhatsApp-Image-2024-05-06-at-21.11.36-1536x1024.jpeg 1536w, https:\/\/luchonoticias.com\/editor\/wp-content\/uploads\/2024\/05\/WhatsApp-Image-2024-05-06-at-21.11.36-2048x1366.jpeg 2048w\" sizes=\"auto, (max-width: 700px) 100vw, 700px\" \/><\/p>\n<p>La mesa permiti\u00f3 que cada ciudadano expresara situaciones en concreto de las sedes e instituciones educativas, as\u00ed como reconocer que en efecto, la veedur\u00eda del Programa de Alimentaci\u00f3n Escolar ha sido beneficiosa para que el proceso se brinde cada d\u00eda, con mejor calidad.<\/p>\n<p>Tania Retamar madre de familia y contralora comunitaria de la comuna Diez reconoci\u00f3 que \u201ceste espacio de escucha solo nos deja claro que hoy s\u00ed tenemos incidencia de la comunidad como tal, que nosotros tenemos una voz y que podemos hablar por aquellos peque\u00f1itos y grandes\u201d.<\/p>\n<p>Gabriel Medina, es personero estudiantil del la I.E. INEM Juli\u00e1n Motta Salas, cuando los ni\u00f1os y ni\u00f1as beneficiarios del PAE reciben sus alimentos, Gabriel realiza una veedur\u00eda constante para garantizar el orden en el comedor y que las raciones sean completas. \u201cSalimos de la mesa p\u00fablica del PAE, muy contento la verdad, hubo muy buena respuesta de los otros colegios\u201d, coment\u00f3 el personero, quien adem\u00e1s invit\u00f3 a la comunidad a realizar veedur\u00eda constante al Programa de Alimentaci\u00f3n Escolar, PAE, en la ciudad.<\/p>\n","protected":false},"excerpt":{"rendered":"<p>Rectores, docentes, veedores, padres de familia, estudiantes y autoridades como la Contralor\u00eda, Procuradur\u00eda y Personer\u00eda, acudieron al llamado de la Alcald\u00eda de Neiva para desarrollar la primera mesa p\u00fablica del Programa de Alimentaci\u00f3n Escolar, PAE, 2024. El objetivo principal, adem\u00e1s de escuchar a la comunidad, se plasm\u00f3 en entregar cifras y balance del PAE en [&hellip;]<\/p>\n","protected":false},"author":2,"featured_media":72787,"comment_status":"closed","ping_status":"open","sticky":false,"template":"","format":"standard","meta":{"footnotes":""},"categories":[31],"tags":[],"class_list":["post-72786","post","type-post","status-publish","format-standard","has-post-thumbnail","hentry","category-local"],"yoast_head":"<!-- This site is optimized with the Yoast SEO plugin v26.6 - https:\/\/yoast.com\/wordpress\/plugins\/seo\/ -->\n<title>Primera mesa t\u00e9cnica del PAE en Neiva -<\/title>\n<meta name=\"robots\" content=\"index, follow, max-snippet:-1, max-image-preview:large, max-video-preview:-1\" \/>\n<link rel=\"canonical\" href=\"https:\/\/luchonoticias.com\/editor\/primera-mesa-tecnica-del-pae-en-neiva\/\" \/>\n<meta property=\"og:locale\" content=\"es_ES\" \/>\n<meta property=\"og:type\" content=\"article\" \/>\n<meta property=\"og:title\" content=\"Primera mesa t\u00e9cnica del PAE en Neiva -\" \/>\n<meta property=\"og:url\" content=\"https:\/\/luchonoticias.com\/editor\/primera-mesa-tecnica-del-pae-en-neiva\/\" \/>\n<meta property=\"article:publisher\" content=\"https:\/\/www.facebook.com\/luchonoticiasneiva\" \/>\n<meta property=\"article:published_time\" content=\"2024-05-07T13:14:18+00:00\" \/>\n<meta property=\"og:image\" content=\"https:\/\/luchonoticias.com\/editor\/wp-content\/uploads\/2024\/05\/MESA-PAE.jpg\" \/>\n\t<meta property=\"og:image:width\" content=\"700\" \/>\n\t<meta property=\"og:image:height\" content=\"400\" \/>\n\t<meta property=\"og:image:type\" content=\"image\/jpeg\" \/>\n<meta name=\"author\" content=\"Editor General\" \/>\n<meta name=\"twitter:card\" content=\"summary_large_image\" \/>\n<meta name=\"twitter:label1\" content=\"Escrito por\" \/>\n\t<meta name=\"twitter:data1\" content=\"Editor General\" \/>\n\t<meta name=\"twitter:label2\" content=\"Tiempo de lectura\" \/>\n\t<meta name=\"twitter:data2\" content=\"2 minutos\" \/>\n<script type=\"application\/ld+json\" class=\"yoast-schema-graph\">{\"@context\":\"https:\/\/schema.org\",\"@graph\":[{\"@type\":\"Article\",\"@id\":\"https:\/\/luchonoticias.com\/editor\/primera-mesa-tecnica-del-pae-en-neiva\/#article\",\"isPartOf\":{\"@id\":\"https:\/\/luchonoticias.com\/editor\/primera-mesa-tecnica-del-pae-en-neiva\/\"},\"author\":{\"name\":\"Editor General\",\"@id\":\"https:\/\/luchonoticias.com\/editor\/#\/schema\/person\/29217990ddf6f14e35912b2866d591fb\"},\"headline\":\"Primera mesa t\u00e9cnica del PAE en Neiva\",\"datePublished\":\"2024-05-07T13:14:18+00:00\",\"mainEntityOfPage\":{\"@id\":\"https:\/\/luchonoticias.com\/editor\/primera-mesa-tecnica-del-pae-en-neiva\/\"},\"wordCount\":429,\"publisher\":{\"@id\":\"https:\/\/luchonoticias.com\/editor\/#\/schema\/person\/7a7fd911f58561fd056dbac7b55af9cd\"},\"image\":{\"@id\":\"https:\/\/luchonoticias.com\/editor\/primera-mesa-tecnica-del-pae-en-neiva\/#primaryimage\"},\"thumbnailUrl\":\"https:\/\/luchonoticias.com\/editor\/wp-content\/uploads\/2024\/05\/MESA-PAE.jpg\",\"articleSection\":[\"Local\"],\"inLanguage\":\"es\"},{\"@type\":\"WebPage\",\"@id\":\"https:\/\/luchonoticias.com\/editor\/primera-mesa-tecnica-del-pae-en-neiva\/\",\"url\":\"https:\/\/luchonoticias.com\/editor\/primera-mesa-tecnica-del-pae-en-neiva\/\",\"name\":\"Primera mesa t\u00e9cnica del PAE en Neiva -\",\"isPartOf\":{\"@id\":\"https:\/\/luchonoticias.com\/editor\/#website\"},\"primaryImageOfPage\":{\"@id\":\"https:\/\/luchonoticias.com\/editor\/primera-mesa-tecnica-del-pae-en-neiva\/#primaryimage\"},\"image\":{\"@id\":\"https:\/\/luchonoticias.com\/editor\/primera-mesa-tecnica-del-pae-en-neiva\/#primaryimage\"},\"thumbnailUrl\":\"https:\/\/luchonoticias.com\/editor\/wp-content\/uploads\/2024\/05\/MESA-PAE.jpg\",\"datePublished\":\"2024-05-07T13:14:18+00:00\",\"breadcrumb\":{\"@id\":\"https:\/\/luchonoticias.com\/editor\/primera-mesa-tecnica-del-pae-en-neiva\/#breadcrumb\"},\"inLanguage\":\"es\",\"potentialAction\":[{\"@type\":\"ReadAction\",\"target\":[\"https:\/\/luchonoticias.com\/editor\/primera-mesa-tecnica-del-pae-en-neiva\/\"]}]},{\"@type\":\"ImageObject\",\"inLanguage\":\"es\",\"@id\":\"https:\/\/luchonoticias.com\/editor\/primera-mesa-tecnica-del-pae-en-neiva\/#primaryimage\",\"url\":\"https:\/\/luchonoticias.com\/editor\/wp-content\/uploads\/2024\/05\/MESA-PAE.jpg\",\"contentUrl\":\"https:\/\/luchonoticias.com\/editor\/wp-content\/uploads\/2024\/05\/MESA-PAE.jpg\",\"width\":700,\"height\":400},{\"@type\":\"BreadcrumbList\",\"@id\":\"https:\/\/luchonoticias.com\/editor\/primera-mesa-tecnica-del-pae-en-neiva\/#breadcrumb\",\"itemListElement\":[{\"@type\":\"ListItem\",\"position\":1,\"name\":\"Portada\",\"item\":\"https:\/\/luchonoticias.com\/editor\/\"},{\"@type\":\"ListItem\",\"position\":2,\"name\":\"Primera mesa t\u00e9cnica del PAE en Neiva\"}]},{\"@type\":\"WebSite\",\"@id\":\"https:\/\/luchonoticias.com\/editor\/#website\",\"url\":\"https:\/\/luchonoticias.com\/editor\/\",\"name\":\"\",\"description\":\"\",\"publisher\":{\"@id\":\"https:\/\/luchonoticias.com\/editor\/#\/schema\/person\/7a7fd911f58561fd056dbac7b55af9cd\"},\"potentialAction\":[{\"@type\":\"SearchAction\",\"target\":{\"@type\":\"EntryPoint\",\"urlTemplate\":\"https:\/\/luchonoticias.com\/editor\/?s={search_term_string}\"},\"query-input\":{\"@type\":\"PropertyValueSpecification\",\"valueRequired\":true,\"valueName\":\"search_term_string\"}}],\"inLanguage\":\"es\"},{\"@type\":[\"Person\",\"Organization\"],\"@id\":\"https:\/\/luchonoticias.com\/editor\/#\/schema\/person\/7a7fd911f58561fd056dbac7b55af9cd\",\"name\":\"admin\",\"image\":{\"@type\":\"ImageObject\",\"inLanguage\":\"es\",\"@id\":\"https:\/\/luchonoticias.com\/editor\/#\/schema\/person\/image\/\",\"url\":\"https:\/\/luchonoticias.com\/editor\/wp-content\/uploads\/2024\/02\/cropped-cropped-logolu.webp\",\"contentUrl\":\"https:\/\/luchonoticias.com\/editor\/wp-content\/uploads\/2024\/02\/cropped-cropped-logolu.webp\",\"width\":382,\"height\":170,\"caption\":\"admin\"},\"logo\":{\"@id\":\"https:\/\/luchonoticias.com\/editor\/#\/schema\/person\/image\/\"},\"sameAs\":[\"https:\/\/www.facebook.com\/luchonoticiasneiva\"]},{\"@type\":\"Person\",\"@id\":\"https:\/\/luchonoticias.com\/editor\/#\/schema\/person\/29217990ddf6f14e35912b2866d591fb\",\"name\":\"Editor General\",\"image\":{\"@type\":\"ImageObject\",\"inLanguage\":\"es\",\"@id\":\"https:\/\/luchonoticias.com\/editor\/#\/schema\/person\/image\/\",\"url\":\"https:\/\/luchonoticias.com\/editor\/wp-content\/uploads\/2024\/02\/cropped-cropped-logolu-150x150.webp\",\"contentUrl\":\"https:\/\/luchonoticias.com\/editor\/wp-content\/uploads\/2024\/02\/cropped-cropped-logolu-150x150.webp\",\"caption\":\"Editor General\"},\"sameAs\":[\"https:\/\/luchonoticias.com\/\"],\"url\":\"https:\/\/luchonoticias.com\/editor\/author\/editor-general\/\"}]}<\/script>\n<!-- \/ Yoast SEO plugin. -->","yoast_head_json":{"title":"Primera mesa t\u00e9cnica del PAE en Neiva -","robots":{"index":"index","follow":"follow","max-snippet":"max-snippet:-1","max-image-preview":"max-image-preview:large","max-video-preview":"max-video-preview:-1"},"canonical":"https:\/\/luchonoticias.com\/editor\/primera-mesa-tecnica-del-pae-en-neiva\/","og_locale":"es_ES","og_type":"article","og_title":"Primera mesa t\u00e9cnica del PAE en Neiva -","og_url":"https:\/\/luchonoticias.com\/editor\/primera-mesa-tecnica-del-pae-en-neiva\/","article_publisher":"https:\/\/www.facebook.com\/luchonoticiasneiva","article_published_time":"2024-05-07T13:14:18+00:00","og_image":[{"width":700,"height":400,"url":"https:\/\/luchonoticias.com\/editor\/wp-content\/uploads\/2024\/05\/MESA-PAE.jpg","type":"image\/jpeg"}],"author":"Editor General","twitter_card":"summary_large_image","twitter_misc":{"Escrito por":"Editor General","Tiempo de lectura":"2 minutos"},"schema":{"@context":"https:\/\/schema.org","@graph":[{"@type":"Article","@id":"https:\/\/luchonoticias.com\/editor\/primera-mesa-tecnica-del-pae-en-neiva\/#article","isPartOf":{"@id":"https:\/\/luchonoticias.com\/editor\/primera-mesa-tecnica-del-pae-en-neiva\/"},"author":{"name":"Editor General","@id":"https:\/\/luchonoticias.com\/editor\/#\/schema\/person\/29217990ddf6f14e35912b2866d591fb"},"headline":"Primera mesa t\u00e9cnica del PAE en Neiva","datePublished":"2024-05-07T13:14:18+00:00","mainEntityOfPage":{"@id":"https:\/\/luchonoticias.com\/editor\/primera-mesa-tecnica-del-pae-en-neiva\/"},"wordCount":429,"publisher":{"@id":"https:\/\/luchonoticias.com\/editor\/#\/schema\/person\/7a7fd911f58561fd056dbac7b55af9cd"},"image":{"@id":"https:\/\/luchonoticias.com\/editor\/primera-mesa-tecnica-del-pae-en-neiva\/#primaryimage"},"thumbnailUrl":"https:\/\/luchonoticias.com\/editor\/wp-content\/uploads\/2024\/05\/MESA-PAE.jpg","articleSection":["Local"],"inLanguage":"es"},{"@type":"WebPage","@id":"https:\/\/luchonoticias.com\/editor\/primera-mesa-tecnica-del-pae-en-neiva\/","url":"https:\/\/luchonoticias.com\/editor\/primera-mesa-tecnica-del-pae-en-neiva\/","name":"Primera mesa t\u00e9cnica del PAE en Neiva -","isPartOf":{"@id":"https:\/\/luchonoticias.com\/editor\/#website"},"primaryImageOfPage":{"@id":"https:\/\/luchonoticias.com\/editor\/primera-mesa-tecnica-del-pae-en-neiva\/#primaryimage"},"image":{"@id":"https:\/\/luchonoticias.com\/editor\/primera-mesa-tecnica-del-pae-en-neiva\/#primaryimage"},"thumbnailUrl":"https:\/\/luchonoticias.com\/editor\/wp-content\/uploads\/2024\/05\/MESA-PAE.jpg","datePublished":"2024-05-07T13:14:18+00:00","breadcrumb":{"@id":"https:\/\/luchonoticias.com\/editor\/primera-mesa-tecnica-del-pae-en-neiva\/#breadcrumb"},"inLanguage":"es","potentialAction":[{"@type":"ReadAction","target":["https:\/\/luchonoticias.com\/editor\/primera-mesa-tecnica-del-pae-en-neiva\/"]}]},{"@type":"ImageObject","inLanguage":"es","@id":"https:\/\/luchonoticias.com\/editor\/primera-mesa-tecnica-del-pae-en-neiva\/#primaryimage","url":"https:\/\/luchonoticias.com\/editor\/wp-content\/uploads\/2024\/05\/MESA-PAE.jpg","contentUrl":"https:\/\/luchonoticias.com\/editor\/wp-content\/uploads\/2024\/05\/MESA-PAE.jpg","width":700,"height":400},{"@type":"BreadcrumbList","@id":"https:\/\/luchonoticias.com\/editor\/primera-mesa-tecnica-del-pae-en-neiva\/#breadcrumb","itemListElement":[{"@type":"ListItem","position":1,"name":"Portada","item":"https:\/\/luchonoticias.com\/editor\/"},{"@type":"ListItem","position":2,"name":"Primera mesa t\u00e9cnica del PAE en Neiva"}]},{"@type":"WebSite","@id":"https:\/\/luchonoticias.com\/editor\/#website","url":"https:\/\/luchonoticias.com\/editor\/","name":"","description":"","publisher":{"@id":"https:\/\/luchonoticias.com\/editor\/#\/schema\/person\/7a7fd911f58561fd056dbac7b55af9cd"},"potentialAction":[{"@type":"SearchAction","target":{"@type":"EntryPoint","urlTemplate":"https:\/\/luchonoticias.com\/editor\/?s={search_term_string}"},"query-input":{"@type":"PropertyValueSpecification","valueRequired":true,"valueName":"search_term_string"}}],"inLanguage":"es"},{"@type":["Person","Organization"],"@id":"https:\/\/luchonoticias.com\/editor\/#\/schema\/person\/7a7fd911f58561fd056dbac7b55af9cd","name":"admin","image":{"@type":"ImageObject","inLanguage":"es","@id":"https:\/\/luchonoticias.com\/editor\/#\/schema\/person\/image\/","url":"https:\/\/luchonoticias.com\/editor\/wp-content\/uploads\/2024\/02\/cropped-cropped-logolu.webp","contentUrl":"https:\/\/luchonoticias.com\/editor\/wp-content\/uploads\/2024\/02\/cropped-cropped-logolu.webp","width":382,"height":170,"caption":"admin"},"logo":{"@id":"https:\/\/luchonoticias.com\/editor\/#\/schema\/person\/image\/"},"sameAs":["https:\/\/www.facebook.com\/luchonoticiasneiva"]},{"@type":"Person","@id":"https:\/\/luchonoticias.com\/editor\/#\/schema\/person\/29217990ddf6f14e35912b2866d591fb","name":"Editor General","image":{"@type":"ImageObject","inLanguage":"es","@id":"https:\/\/luchonoticias.com\/editor\/#\/schema\/person\/image\/","url":"https:\/\/luchonoticias.com\/editor\/wp-content\/uploads\/2024\/02\/cropped-cropped-logolu-150x150.webp","contentUrl":"https:\/\/luchonoticias.com\/editor\/wp-content\/uploads\/2024\/02\/cropped-cropped-logolu-150x150.webp","caption":"Editor General"},"sameAs":["https:\/\/luchonoticias.com\/"],"url":"https:\/\/luchonoticias.com\/editor\/author\/editor-general\/"}]}},"_links":{"self":[{"href":"https:\/\/luchonoticias.com\/editor\/wp-json\/wp\/v2\/posts\/72786","targetHints":{"allow":["GET"]}}],"collection":[{"href":"https:\/\/luchonoticias.com\/editor\/wp-json\/wp\/v2\/posts"}],"about":[{"href":"https:\/\/luchonoticias.com\/editor\/wp-json\/wp\/v2\/types\/post"}],"author":[{"embeddable":true,"href":"https:\/\/luchonoticias.com\/editor\/wp-json\/wp\/v2\/users\/2"}],"replies":[{"embeddable":true,"href":"https:\/\/luchonoticias.com\/editor\/wp-json\/wp\/v2\/comments?post=72786"}],"version-history":[{"count":0,"href":"https:\/\/luchonoticias.com\/editor\/wp-json\/wp\/v2\/posts\/72786\/revisions"}],"wp:featuredmedia":[{"embeddable":true,"href":"https:\/\/luchonoticias.com\/editor\/wp-json\/wp\/v2\/media\/72787"}],"wp:attachment":[{"href":"https:\/\/luchonoticias.com\/editor\/wp-json\/wp\/v2\/media?parent=72786"}],"wp:term":[{"taxonomy":"category","embeddable":true,"href":"https:\/\/luchonoticias.com\/editor\/wp-json\/wp\/v2\/categories?post=72786"},{"taxonomy":"post_tag","embeddable":true,"href":"https:\/\/luchonoticias.com\/editor\/wp-json\/wp\/v2\/tags?post=72786"}],"curies":[{"name":"wp","href":"https:\/\/api.w.org\/{rel}","templated":true}]}}