{"id":72791,"date":"2024-05-07T08:24:04","date_gmt":"2024-05-07T13:24:04","guid":{"rendered":"https:\/\/luchonoticias.com\/?p=72791"},"modified":"2024-05-07T08:24:04","modified_gmt":"2024-05-07T13:24:04","slug":"procuraduria-se-sostiene-en-alejar-a-salvatore-mancuso-de-la-jep","status":"publish","type":"post","link":"https:\/\/luchonoticias.com\/editor\/procuraduria-se-sostiene-en-alejar-a-salvatore-mancuso-de-la-jep\/","title":{"rendered":"Procuradur\u00eda se sostiene en alejar a Salvatore Mancuso de la JEP"},"content":{"rendered":"<div>Al impugnar el fallo de tutela que neg\u00f3 la exclusi\u00f3n de Salvatore Mancuso\u00a0de la Jurisdicci\u00f3n Especial para la Paz, la Procuradur\u00eda\u00a0General de la Naci\u00f3n\u00a0recus\u00f3\u00a0a los siete magistrados que han conocido el tr\u00e1mite del proceso\u00a0del exjefe paramilitar al interior de la JEP, as\u00ed como insisti\u00f3 en que\u00a0se\u00a0revoque su ingreso\u00a0a ese sistema de justicia transicional.<\/div>\n<div><\/div>\n<div>En la impugnaci\u00f3n, radicada por la Coordinadora Nacional de Justicia y Paz de la Procuradur\u00eda, en desarrollo de su funci\u00f3n de intervenci\u00f3n, el \u00f3rgano de control indic\u00f3 que la recusaci\u00f3n se basa en el hecho que\u00a0los\u00a0magistrados no ser\u00edan imparciales\u00a0para conocer y decidir sobre el recurso instaurado, porque en distintos momentos han tenido conocimiento previo del proceso de aceptaci\u00f3n de Mancuso.<\/div>\n<div><\/div>\n<div>Los magistrados recusados son Patricia Linares, Rodolfo Arango, Eduardo Cifuentes, Sandra Gamboa, Danilo Rojas, quienes firmaron la resoluci\u00f3n que acept\u00f3 la inclusi\u00f3n del exjefe paramilitar en la JEP, as\u00ed como Jes\u00fas Angel Bobadilla y Adolfo Murillo, quienes\u00a0negaron\u00a0la tutela instaurada por la Procuradur\u00eda, fallo que es objeto de la impugnaci\u00f3n radicada.<\/div>\n<div><\/div>\n<div>Para el \u00f3rgano de control \u201c<em>no\u00a0puede afirmarse pues, que en tales condiciones exista objetividad y, por ende, imparcialidad en los honorables magistrados recusados para desatar la impugnaci\u00f3n promovida, para adoptar una posici\u00f3n neutral, cuando han dejado claramente sentada su postura en uno y otro escenario<\/em>\u201d.<\/div>\n<div><\/div>\n<div><b>La impugnaci\u00f3n<\/b><\/div>\n<div><\/div>\n<div>Sobre la negativa de excluir de ese sistema judicial a Salvatore Mancuso, la Procuradur\u00eda indic\u00f3 que, mientras se resuelve el conflicto de competencias entre la JEP y Justicia y Paz,\u00a0se\u00a0ha causado un grave perjuicio a las v\u00edctimas acreditadas, porque hay varios procesos que se encuentran suspendidos por cuenta de la decisi\u00f3n de la JEP de acoger el conocimiento de todos los procesos del exjefe paramilitar.<\/div>\n<div><\/div>\n<div>El \u00f3rgano de control insisti\u00f3\u00a0en\u00a0su\u00a0impugnaci\u00f3n que\u00a0la\u00a0JEP no le impondr\u00e1 a Mancuso la obligaci\u00f3n de indemnizar a\u00a0las v\u00edctimas, y que, a diferencia de lo anterior, \u201c<em>el\u00a0sistema de indemnizaci\u00f3n a las v\u00edctimas\u00a0del\u00a0proceso de Justicia y Paz deja a salvo la obligaci\u00f3n en cabeza del victimario de reconocer la totalidad\u00a0de la indemnizaci\u00f3n o reparaci\u00f3n decretada dentro\u00a0del proceso judicial<\/em>\u201d.<\/div>\n<div><\/div>\n<div>Por esa raz\u00f3n, la tutela instaurada\u00a0busca\u00a0resarcir el da\u00f1o causado a la v\u00edctimas\u00a0mientras la Corte Constitucional resuelve qu\u00e9 jurisdicci\u00f3n es la competente para continuar con los procesos.<\/div>\n<div><\/div>\n<div>Puntualiz\u00f3 que la resoluci\u00f3n de la JEP en la que asumi\u00f3 la competencia de los casos adelantados en su contra aplica para un solo proceso y no para la totalidad de las investigaciones que se le adelantan, raz\u00f3n por la cual pidi\u00f3 revocar el fallo de tutela en la que esa jurisdicci\u00f3n neg\u00f3 la exclusi\u00f3n del exjefe paramilitar.<\/div>\n","protected":false},"excerpt":{"rendered":"<p>Al impugnar el fallo de tutela que neg\u00f3 la exclusi\u00f3n de Salvatore Mancuso\u00a0de la Jurisdicci\u00f3n Especial para la Paz, la Procuradur\u00eda\u00a0General de la Naci\u00f3n\u00a0recus\u00f3\u00a0a los siete magistrados que han conocido el tr\u00e1mite del proceso\u00a0del exjefe paramilitar al interior de la JEP, as\u00ed como insisti\u00f3 en que\u00a0se\u00a0revoque su ingreso\u00a0a ese sistema de justicia transicional. En la [&hellip;]<\/p>\n","protected":false},"author":2,"featured_media":72792,"comment_status":"closed","ping_status":"open","sticky":false,"template":"","format":"standard","meta":{"footnotes":""},"categories":[28],"tags":[],"class_list":["post-72791","post","type-post","status-publish","format-standard","has-post-thumbnail","hentry","category-actualidad"],"yoast_head":"<!-- This site is optimized with the Yoast SEO plugin v26.6 - https:\/\/yoast.com\/wordpress\/plugins\/seo\/ -->\n<title>Procuradur\u00eda se sostiene en alejar a Salvatore Mancuso de la JEP -<\/title>\n<meta name=\"robots\" content=\"index, follow, max-snippet:-1, max-image-preview:large, max-video-preview:-1\" \/>\n<link rel=\"canonical\" href=\"https:\/\/luchonoticias.com\/editor\/procuraduria-se-sostiene-en-alejar-a-salvatore-mancuso-de-la-jep\/\" \/>\n<meta property=\"og:locale\" content=\"es_ES\" \/>\n<meta property=\"og:type\" content=\"article\" \/>\n<meta property=\"og:title\" content=\"Procuradur\u00eda se sostiene en alejar a Salvatore Mancuso de la JEP -\" \/>\n<meta property=\"og:url\" content=\"https:\/\/luchonoticias.com\/editor\/procuraduria-se-sostiene-en-alejar-a-salvatore-mancuso-de-la-jep\/\" \/>\n<meta property=\"article:publisher\" content=\"https:\/\/www.facebook.com\/luchonoticiasneiva\" \/>\n<meta property=\"article:published_time\" content=\"2024-05-07T13:24:04+00:00\" \/>\n<meta property=\"og:image\" content=\"https:\/\/luchonoticias.com\/editor\/wp-content\/uploads\/2024\/05\/JEP-Mancuso.jpg\" \/>\n\t<meta property=\"og:image:width\" content=\"700\" \/>\n\t<meta property=\"og:image:height\" content=\"400\" \/>\n\t<meta property=\"og:image:type\" content=\"image\/jpeg\" \/>\n<meta name=\"author\" content=\"Editor General\" \/>\n<meta name=\"twitter:card\" content=\"summary_large_image\" \/>\n<meta name=\"twitter:label1\" content=\"Escrito por\" \/>\n\t<meta name=\"twitter:data1\" content=\"Editor General\" \/>\n\t<meta name=\"twitter:label2\" content=\"Tiempo de lectura\" \/>\n\t<meta name=\"twitter:data2\" content=\"2 minutos\" \/>\n<script type=\"application\/ld+json\" class=\"yoast-schema-graph\">{\"@context\":\"https:\/\/schema.org\",\"@graph\":[{\"@type\":\"Article\",\"@id\":\"https:\/\/luchonoticias.com\/editor\/procuraduria-se-sostiene-en-alejar-a-salvatore-mancuso-de-la-jep\/#article\",\"isPartOf\":{\"@id\":\"https:\/\/luchonoticias.com\/editor\/procuraduria-se-sostiene-en-alejar-a-salvatore-mancuso-de-la-jep\/\"},\"author\":{\"name\":\"Editor General\",\"@id\":\"https:\/\/luchonoticias.com\/editor\/#\/schema\/person\/29217990ddf6f14e35912b2866d591fb\"},\"headline\":\"Procuradur\u00eda se sostiene en alejar a Salvatore Mancuso de la JEP\",\"datePublished\":\"2024-05-07T13:24:04+00:00\",\"mainEntityOfPage\":{\"@id\":\"https:\/\/luchonoticias.com\/editor\/procuraduria-se-sostiene-en-alejar-a-salvatore-mancuso-de-la-jep\/\"},\"wordCount\":495,\"publisher\":{\"@id\":\"https:\/\/luchonoticias.com\/editor\/#\/schema\/person\/7a7fd911f58561fd056dbac7b55af9cd\"},\"image\":{\"@id\":\"https:\/\/luchonoticias.com\/editor\/procuraduria-se-sostiene-en-alejar-a-salvatore-mancuso-de-la-jep\/#primaryimage\"},\"thumbnailUrl\":\"https:\/\/luchonoticias.com\/editor\/wp-content\/uploads\/2024\/05\/JEP-Mancuso.jpg\",\"articleSection\":[\"Actualidad\"],\"inLanguage\":\"es\"},{\"@type\":\"WebPage\",\"@id\":\"https:\/\/luchonoticias.com\/editor\/procuraduria-se-sostiene-en-alejar-a-salvatore-mancuso-de-la-jep\/\",\"url\":\"https:\/\/luchonoticias.com\/editor\/procuraduria-se-sostiene-en-alejar-a-salvatore-mancuso-de-la-jep\/\",\"name\":\"Procuradur\u00eda se sostiene en alejar a Salvatore Mancuso de la JEP -\",\"isPartOf\":{\"@id\":\"https:\/\/luchonoticias.com\/editor\/#website\"},\"primaryImageOfPage\":{\"@id\":\"https:\/\/luchonoticias.com\/editor\/procuraduria-se-sostiene-en-alejar-a-salvatore-mancuso-de-la-jep\/#primaryimage\"},\"image\":{\"@id\":\"https:\/\/luchonoticias.com\/editor\/procuraduria-se-sostiene-en-alejar-a-salvatore-mancuso-de-la-jep\/#primaryimage\"},\"thumbnailUrl\":\"https:\/\/luchonoticias.com\/editor\/wp-content\/uploads\/2024\/05\/JEP-Mancuso.jpg\",\"datePublished\":\"2024-05-07T13:24:04+00:00\",\"breadcrumb\":{\"@id\":\"https:\/\/luchonoticias.com\/editor\/procuraduria-se-sostiene-en-alejar-a-salvatore-mancuso-de-la-jep\/#breadcrumb\"},\"inLanguage\":\"es\",\"potentialAction\":[{\"@type\":\"ReadAction\",\"target\":[\"https:\/\/luchonoticias.com\/editor\/procuraduria-se-sostiene-en-alejar-a-salvatore-mancuso-de-la-jep\/\"]}]},{\"@type\":\"ImageObject\",\"inLanguage\":\"es\",\"@id\":\"https:\/\/luchonoticias.com\/editor\/procuraduria-se-sostiene-en-alejar-a-salvatore-mancuso-de-la-jep\/#primaryimage\",\"url\":\"https:\/\/luchonoticias.com\/editor\/wp-content\/uploads\/2024\/05\/JEP-Mancuso.jpg\",\"contentUrl\":\"https:\/\/luchonoticias.com\/editor\/wp-content\/uploads\/2024\/05\/JEP-Mancuso.jpg\",\"width\":700,\"height\":400},{\"@type\":\"BreadcrumbList\",\"@id\":\"https:\/\/luchonoticias.com\/editor\/procuraduria-se-sostiene-en-alejar-a-salvatore-mancuso-de-la-jep\/#breadcrumb\",\"itemListElement\":[{\"@type\":\"ListItem\",\"position\":1,\"name\":\"Portada\",\"item\":\"https:\/\/luchonoticias.com\/editor\/\"},{\"@type\":\"ListItem\",\"position\":2,\"name\":\"Procuradur\u00eda se sostiene en alejar a Salvatore Mancuso de la JEP\"}]},{\"@type\":\"WebSite\",\"@id\":\"https:\/\/luchonoticias.com\/editor\/#website\",\"url\":\"https:\/\/luchonoticias.com\/editor\/\",\"name\":\"\",\"description\":\"\",\"publisher\":{\"@id\":\"https:\/\/luchonoticias.com\/editor\/#\/schema\/person\/7a7fd911f58561fd056dbac7b55af9cd\"},\"potentialAction\":[{\"@type\":\"SearchAction\",\"target\":{\"@type\":\"EntryPoint\",\"urlTemplate\":\"https:\/\/luchonoticias.com\/editor\/?s={search_term_string}\"},\"query-input\":{\"@type\":\"PropertyValueSpecification\",\"valueRequired\":true,\"valueName\":\"search_term_string\"}}],\"inLanguage\":\"es\"},{\"@type\":[\"Person\",\"Organization\"],\"@id\":\"https:\/\/luchonoticias.com\/editor\/#\/schema\/person\/7a7fd911f58561fd056dbac7b55af9cd\",\"name\":\"admin\",\"image\":{\"@type\":\"ImageObject\",\"inLanguage\":\"es\",\"@id\":\"https:\/\/luchonoticias.com\/editor\/#\/schema\/person\/image\/\",\"url\":\"https:\/\/luchonoticias.com\/editor\/wp-content\/uploads\/2024\/02\/cropped-cropped-logolu.webp\",\"contentUrl\":\"https:\/\/luchonoticias.com\/editor\/wp-content\/uploads\/2024\/02\/cropped-cropped-logolu.webp\",\"width\":382,\"height\":170,\"caption\":\"admin\"},\"logo\":{\"@id\":\"https:\/\/luchonoticias.com\/editor\/#\/schema\/person\/image\/\"},\"sameAs\":[\"https:\/\/www.facebook.com\/luchonoticiasneiva\"]},{\"@type\":\"Person\",\"@id\":\"https:\/\/luchonoticias.com\/editor\/#\/schema\/person\/29217990ddf6f14e35912b2866d591fb\",\"name\":\"Editor General\",\"image\":{\"@type\":\"ImageObject\",\"inLanguage\":\"es\",\"@id\":\"https:\/\/luchonoticias.com\/editor\/#\/schema\/person\/image\/\",\"url\":\"https:\/\/luchonoticias.com\/editor\/wp-content\/uploads\/2024\/02\/cropped-cropped-logolu-150x150.webp\",\"contentUrl\":\"https:\/\/luchonoticias.com\/editor\/wp-content\/uploads\/2024\/02\/cropped-cropped-logolu-150x150.webp\",\"caption\":\"Editor General\"},\"sameAs\":[\"https:\/\/luchonoticias.com\/\"],\"url\":\"https:\/\/luchonoticias.com\/editor\/author\/editor-general\/\"}]}<\/script>\n<!-- \/ Yoast SEO plugin. -->","yoast_head_json":{"title":"Procuradur\u00eda se sostiene en alejar a Salvatore Mancuso de la JEP -","robots":{"index":"index","follow":"follow","max-snippet":"max-snippet:-1","max-image-preview":"max-image-preview:large","max-video-preview":"max-video-preview:-1"},"canonical":"https:\/\/luchonoticias.com\/editor\/procuraduria-se-sostiene-en-alejar-a-salvatore-mancuso-de-la-jep\/","og_locale":"es_ES","og_type":"article","og_title":"Procuradur\u00eda se sostiene en alejar a Salvatore Mancuso de la JEP -","og_url":"https:\/\/luchonoticias.com\/editor\/procuraduria-se-sostiene-en-alejar-a-salvatore-mancuso-de-la-jep\/","article_publisher":"https:\/\/www.facebook.com\/luchonoticiasneiva","article_published_time":"2024-05-07T13:24:04+00:00","og_image":[{"width":700,"height":400,"url":"https:\/\/luchonoticias.com\/editor\/wp-content\/uploads\/2024\/05\/JEP-Mancuso.jpg","type":"image\/jpeg"}],"author":"Editor General","twitter_card":"summary_large_image","twitter_misc":{"Escrito por":"Editor General","Tiempo de lectura":"2 minutos"},"schema":{"@context":"https:\/\/schema.org","@graph":[{"@type":"Article","@id":"https:\/\/luchonoticias.com\/editor\/procuraduria-se-sostiene-en-alejar-a-salvatore-mancuso-de-la-jep\/#article","isPartOf":{"@id":"https:\/\/luchonoticias.com\/editor\/procuraduria-se-sostiene-en-alejar-a-salvatore-mancuso-de-la-jep\/"},"author":{"name":"Editor General","@id":"https:\/\/luchonoticias.com\/editor\/#\/schema\/person\/29217990ddf6f14e35912b2866d591fb"},"headline":"Procuradur\u00eda se sostiene en alejar a Salvatore Mancuso de la JEP","datePublished":"2024-05-07T13:24:04+00:00","mainEntityOfPage":{"@id":"https:\/\/luchonoticias.com\/editor\/procuraduria-se-sostiene-en-alejar-a-salvatore-mancuso-de-la-jep\/"},"wordCount":495,"publisher":{"@id":"https:\/\/luchonoticias.com\/editor\/#\/schema\/person\/7a7fd911f58561fd056dbac7b55af9cd"},"image":{"@id":"https:\/\/luchonoticias.com\/editor\/procuraduria-se-sostiene-en-alejar-a-salvatore-mancuso-de-la-jep\/#primaryimage"},"thumbnailUrl":"https:\/\/luchonoticias.com\/editor\/wp-content\/uploads\/2024\/05\/JEP-Mancuso.jpg","articleSection":["Actualidad"],"inLanguage":"es"},{"@type":"WebPage","@id":"https:\/\/luchonoticias.com\/editor\/procuraduria-se-sostiene-en-alejar-a-salvatore-mancuso-de-la-jep\/","url":"https:\/\/luchonoticias.com\/editor\/procuraduria-se-sostiene-en-alejar-a-salvatore-mancuso-de-la-jep\/","name":"Procuradur\u00eda se sostiene en alejar a Salvatore Mancuso de la JEP -","isPartOf":{"@id":"https:\/\/luchonoticias.com\/editor\/#website"},"primaryImageOfPage":{"@id":"https:\/\/luchonoticias.com\/editor\/procuraduria-se-sostiene-en-alejar-a-salvatore-mancuso-de-la-jep\/#primaryimage"},"image":{"@id":"https:\/\/luchonoticias.com\/editor\/procuraduria-se-sostiene-en-alejar-a-salvatore-mancuso-de-la-jep\/#primaryimage"},"thumbnailUrl":"https:\/\/luchonoticias.com\/editor\/wp-content\/uploads\/2024\/05\/JEP-Mancuso.jpg","datePublished":"2024-05-07T13:24:04+00:00","breadcrumb":{"@id":"https:\/\/luchonoticias.com\/editor\/procuraduria-se-sostiene-en-alejar-a-salvatore-mancuso-de-la-jep\/#breadcrumb"},"inLanguage":"es","potentialAction":[{"@type":"ReadAction","target":["https:\/\/luchonoticias.com\/editor\/procuraduria-se-sostiene-en-alejar-a-salvatore-mancuso-de-la-jep\/"]}]},{"@type":"ImageObject","inLanguage":"es","@id":"https:\/\/luchonoticias.com\/editor\/procuraduria-se-sostiene-en-alejar-a-salvatore-mancuso-de-la-jep\/#primaryimage","url":"https:\/\/luchonoticias.com\/editor\/wp-content\/uploads\/2024\/05\/JEP-Mancuso.jpg","contentUrl":"https:\/\/luchonoticias.com\/editor\/wp-content\/uploads\/2024\/05\/JEP-Mancuso.jpg","width":700,"height":400},{"@type":"BreadcrumbList","@id":"https:\/\/luchonoticias.com\/editor\/procuraduria-se-sostiene-en-alejar-a-salvatore-mancuso-de-la-jep\/#breadcrumb","itemListElement":[{"@type":"ListItem","position":1,"name":"Portada","item":"https:\/\/luchonoticias.com\/editor\/"},{"@type":"ListItem","position":2,"name":"Procuradur\u00eda se sostiene en alejar a Salvatore Mancuso de la JEP"}]},{"@type":"WebSite","@id":"https:\/\/luchonoticias.com\/editor\/#website","url":"https:\/\/luchonoticias.com\/editor\/","name":"","description":"","publisher":{"@id":"https:\/\/luchonoticias.com\/editor\/#\/schema\/person\/7a7fd911f58561fd056dbac7b55af9cd"},"potentialAction":[{"@type":"SearchAction","target":{"@type":"EntryPoint","urlTemplate":"https:\/\/luchonoticias.com\/editor\/?s={search_term_string}"},"query-input":{"@type":"PropertyValueSpecification","valueRequired":true,"valueName":"search_term_string"}}],"inLanguage":"es"},{"@type":["Person","Organization"],"@id":"https:\/\/luchonoticias.com\/editor\/#\/schema\/person\/7a7fd911f58561fd056dbac7b55af9cd","name":"admin","image":{"@type":"ImageObject","inLanguage":"es","@id":"https:\/\/luchonoticias.com\/editor\/#\/schema\/person\/image\/","url":"https:\/\/luchonoticias.com\/editor\/wp-content\/uploads\/2024\/02\/cropped-cropped-logolu.webp","contentUrl":"https:\/\/luchonoticias.com\/editor\/wp-content\/uploads\/2024\/02\/cropped-cropped-logolu.webp","width":382,"height":170,"caption":"admin"},"logo":{"@id":"https:\/\/luchonoticias.com\/editor\/#\/schema\/person\/image\/"},"sameAs":["https:\/\/www.facebook.com\/luchonoticiasneiva"]},{"@type":"Person","@id":"https:\/\/luchonoticias.com\/editor\/#\/schema\/person\/29217990ddf6f14e35912b2866d591fb","name":"Editor General","image":{"@type":"ImageObject","inLanguage":"es","@id":"https:\/\/luchonoticias.com\/editor\/#\/schema\/person\/image\/","url":"https:\/\/luchonoticias.com\/editor\/wp-content\/uploads\/2024\/02\/cropped-cropped-logolu-150x150.webp","contentUrl":"https:\/\/luchonoticias.com\/editor\/wp-content\/uploads\/2024\/02\/cropped-cropped-logolu-150x150.webp","caption":"Editor General"},"sameAs":["https:\/\/luchonoticias.com\/"],"url":"https:\/\/luchonoticias.com\/editor\/author\/editor-general\/"}]}},"_links":{"self":[{"href":"https:\/\/luchonoticias.com\/editor\/wp-json\/wp\/v2\/posts\/72791","targetHints":{"allow":["GET"]}}],"collection":[{"href":"https:\/\/luchonoticias.com\/editor\/wp-json\/wp\/v2\/posts"}],"about":[{"href":"https:\/\/luchonoticias.com\/editor\/wp-json\/wp\/v2\/types\/post"}],"author":[{"embeddable":true,"href":"https:\/\/luchonoticias.com\/editor\/wp-json\/wp\/v2\/users\/2"}],"replies":[{"embeddable":true,"href":"https:\/\/luchonoticias.com\/editor\/wp-json\/wp\/v2\/comments?post=72791"}],"version-history":[{"count":0,"href":"https:\/\/luchonoticias.com\/editor\/wp-json\/wp\/v2\/posts\/72791\/revisions"}],"wp:featuredmedia":[{"embeddable":true,"href":"https:\/\/luchonoticias.com\/editor\/wp-json\/wp\/v2\/media\/72792"}],"wp:attachment":[{"href":"https:\/\/luchonoticias.com\/editor\/wp-json\/wp\/v2\/media?parent=72791"}],"wp:term":[{"taxonomy":"category","embeddable":true,"href":"https:\/\/luchonoticias.com\/editor\/wp-json\/wp\/v2\/categories?post=72791"},{"taxonomy":"post_tag","embeddable":true,"href":"https:\/\/luchonoticias.com\/editor\/wp-json\/wp\/v2\/tags?post=72791"}],"curies":[{"name":"wp","href":"https:\/\/api.w.org\/{rel}","templated":true}]}}