{"id":72797,"date":"2024-05-07T08:34:03","date_gmt":"2024-05-07T13:34:03","guid":{"rendered":"https:\/\/luchonoticias.com\/?p=72797"},"modified":"2024-05-07T08:34:03","modified_gmt":"2024-05-07T13:34:03","slug":"dia-d-para-la-prohibicion-de-las-corridas-de-toros-en-el-pais","status":"publish","type":"post","link":"https:\/\/luchonoticias.com\/editor\/dia-d-para-la-prohibicion-de-las-corridas-de-toros-en-el-pais\/","title":{"rendered":"D\u00eda D para la prohibici\u00f3n de las corridas de toros en el pa\u00eds"},"content":{"rendered":"<p><span lang=\"es-419\" xml:lang=\"es-419\">En la plenaria de la C\u00e1mara se discutir\u00e1n proyectos que buscan aportar a la protecci\u00f3n animal, en el primer punto del orden del d\u00eda est\u00e1 la iniciativa que busca prohibir las corridas de toros en el pa\u00eds; tambi\u00e9n se debatir\u00e1 la creaci\u00f3n del programa de esterilizaci\u00f3n quir\u00fargica de gatos y perros como medida de protecci\u00f3n ambiental y de salud p\u00fablica, entre otros.<\/span><\/p>\n<p><span lang=\"es-419\" xml:lang=\"es-419\">El representante de Alianza Verde, Alejandro Garc\u00eda, quien ponente del proyecto, destac\u00f3 que el proyecto propone una transici\u00f3n econ\u00f3mica para quienes viven de esta actividad, adem\u00e1s explic\u00f3 que las plazas de toros \u201cser\u00e1n destinadas para actividades culturales, de recreaci\u00f3n, cultura y comercio lo que implica un impacto econ\u00f3mico mucho mayor y una capacidad de convocatoria mucho m\u00e1s.\u201d<\/span><\/p>\n<p><span lang=\"es-419\" xml:lang=\"es-419\">Por el Partido Liberal, Juan Carlos Losada, reconocido por impulsar esta iniciativa en legislaturas anteriores, asegur\u00f3 que con esta discusi\u00f3n se da cumplimiento \u201cal llamado que la Corte Constitucional le ha hecho al Congreso en varias sentencias a que tome una decisi\u00f3n sobre esta materia\u201d, agreg\u00f3.<\/span><\/p>\n<p><span lang=\"es-419\" xml:lang=\"es-419\">En cuanto a debates de control pol\u00edtico, se prev\u00e9 en la Comisi\u00f3n Cuarta la asistencia del director de Agencia Nacional de Tierras, Felipe Harman, y la ministra de Vivienda, Catalina Velasco, para responder sobre la ejecuci\u00f3n presupuestal del ministerio. As\u00ed mismo, la Comisi\u00f3n Quinta cit\u00f3 a la ministra de Agricultura, Jhenifer Mojica, para dar seguimiento a interrogantes en temas de inversi\u00f3n y ejecuci\u00f3n de dichas carteras.<\/span><\/p>\n<p><span lang=\"es-419\" xml:lang=\"es-419\">Por otra parte, la Comisi\u00f3n Legal de la Mujer, tambi\u00e9n cit\u00f3 a debate de control pol\u00edtico a la vicepresidenta de la Rep\u00fablica y ministra de la Igualdad, Francia M\u00e1rquez, as\u00ed como a otros funcionarios de altas dependencias del Estado, para conocer los avances de las acciones estrat\u00e9gicas e implementar medidas de protecci\u00f3n a las mujeres en el marco de la emergencia de violencias basadas en g\u00e9nero.<\/span><\/p>\n<p><span lang=\"es-419\" xml:lang=\"es-419\">Dentro de la agenda legislativa de la semana del 6 al 10 de mayo se destaca en la Comisi\u00f3n Primera la discusi\u00f3n del proyecto que modifica el r\u00e9gimen salarial de los congresistas, as\u00ed como el que adopta medidas de prevenci\u00f3n y penalizaci\u00f3n de la violencia de g\u00e9nero digital; tambi\u00e9n el proyecto que determina la integraci\u00f3n y estructura de la jurisdicci\u00f3n agraria y rural.<\/span><\/p>\n<p><span lang=\"es-419\" xml:lang=\"es-419\">La Comisi\u00f3n Sexta discutir\u00e1 proyectos en primer debate, como el que busca implementar la p\u00f3liza de seguros RCE para veh\u00edculos particulares, motocicletas y transportes similares, el que garantiza el acceso al servicio p\u00fablico de transporte a\u00e9reo, y el proyecto que incentiva la cultura, a los artistas y artesanos mediante la creaci\u00f3n del programa \u201cArte al Parque\u201d en Colombia.<\/span><\/p>\n<p><span lang=\"es-419\" xml:lang=\"es-419\">Asimismo, esta c\u00e9lula legislativa cit\u00f3 al director de la Unidad de Gesti\u00f3n del Riesgo, Carlos Carrillo, para responder por la ejecuci\u00f3n presupuestal de la entidad, especialmente frente a la compra de carrotanques para mitigar los efectos del fen\u00f3meno de El Ni\u00f1o en la Costa Caribe.<\/span><\/p>\n<p><span lang=\"es-419\" xml:lang=\"es-419\">La Comisi\u00f3n Tercera cit\u00f3 al ministerio de Hacienda para presentar el informe del Banco de la Rep\u00fablica en cumplimiento de las funciones de vigilancia y control del mismo. Por otro lado, la Comisi\u00f3n Quinta cit\u00f3 a servidores p\u00fablicos para responder un cuestionario del sector pesquero del archipi\u00e9lago de San Andr\u00e9s y Providencia.<\/span><\/p>\n<p><span lang=\"es-419\" xml:lang=\"es-419\">En la agenda tambi\u00e9n se prev\u00e9n audiencias p\u00fablicas para analizar dos proyectos de ley, el primero es el que permite el divorcio unilateral o por voluntad de cualquiera de los c\u00f3nyuges, y el segundo aborda la creaci\u00f3n de una empresa p\u00fablica minera en el pa\u00eds.<\/span><\/p>\n","protected":false},"excerpt":{"rendered":"<p>En la plenaria de la C\u00e1mara se discutir\u00e1n proyectos que buscan aportar a la protecci\u00f3n animal, en el primer punto del orden del d\u00eda est\u00e1 la iniciativa que busca prohibir las corridas de toros en el pa\u00eds; tambi\u00e9n se debatir\u00e1 la creaci\u00f3n del programa de esterilizaci\u00f3n quir\u00fargica de gatos y perros como medida de protecci\u00f3n [&hellip;]<\/p>\n","protected":false},"author":2,"featured_media":72798,"comment_status":"closed","ping_status":"open","sticky":false,"template":"","format":"standard","meta":{"footnotes":""},"categories":[28],"tags":[],"class_list":["post-72797","post","type-post","status-publish","format-standard","has-post-thumbnail","hentry","category-actualidad"],"yoast_head":"<!-- This site is optimized with the Yoast SEO plugin v26.6 - https:\/\/yoast.com\/wordpress\/plugins\/seo\/ -->\n<title>D\u00eda D para la prohibici\u00f3n de las corridas de toros en el pa\u00eds -<\/title>\n<meta name=\"robots\" content=\"index, follow, max-snippet:-1, max-image-preview:large, max-video-preview:-1\" \/>\n<link rel=\"canonical\" href=\"https:\/\/luchonoticias.com\/editor\/dia-d-para-la-prohibicion-de-las-corridas-de-toros-en-el-pais\/\" \/>\n<meta property=\"og:locale\" content=\"es_ES\" \/>\n<meta property=\"og:type\" content=\"article\" \/>\n<meta property=\"og:title\" content=\"D\u00eda D para la prohibici\u00f3n de las corridas de toros en el pa\u00eds -\" \/>\n<meta property=\"og:url\" content=\"https:\/\/luchonoticias.com\/editor\/dia-d-para-la-prohibicion-de-las-corridas-de-toros-en-el-pais\/\" \/>\n<meta property=\"article:publisher\" content=\"https:\/\/www.facebook.com\/luchonoticiasneiva\" \/>\n<meta property=\"article:published_time\" content=\"2024-05-07T13:34:03+00:00\" \/>\n<meta property=\"og:image\" content=\"https:\/\/luchonoticias.com\/editor\/wp-content\/uploads\/2024\/05\/TOROS.jpg\" \/>\n\t<meta property=\"og:image:width\" content=\"700\" \/>\n\t<meta property=\"og:image:height\" content=\"400\" \/>\n\t<meta property=\"og:image:type\" content=\"image\/jpeg\" \/>\n<meta name=\"author\" content=\"Editor General\" \/>\n<meta name=\"twitter:card\" content=\"summary_large_image\" \/>\n<meta name=\"twitter:label1\" content=\"Escrito por\" \/>\n\t<meta name=\"twitter:data1\" content=\"Editor General\" \/>\n\t<meta name=\"twitter:label2\" content=\"Tiempo de lectura\" \/>\n\t<meta name=\"twitter:data2\" content=\"3 minutos\" \/>\n<script type=\"application\/ld+json\" class=\"yoast-schema-graph\">{\"@context\":\"https:\/\/schema.org\",\"@graph\":[{\"@type\":\"Article\",\"@id\":\"https:\/\/luchonoticias.com\/editor\/dia-d-para-la-prohibicion-de-las-corridas-de-toros-en-el-pais\/#article\",\"isPartOf\":{\"@id\":\"https:\/\/luchonoticias.com\/editor\/dia-d-para-la-prohibicion-de-las-corridas-de-toros-en-el-pais\/\"},\"author\":{\"name\":\"Editor General\",\"@id\":\"https:\/\/luchonoticias.com\/editor\/#\/schema\/person\/29217990ddf6f14e35912b2866d591fb\"},\"headline\":\"D\u00eda D para la prohibici\u00f3n de las corridas de toros en el pa\u00eds\",\"datePublished\":\"2024-05-07T13:34:03+00:00\",\"mainEntityOfPage\":{\"@id\":\"https:\/\/luchonoticias.com\/editor\/dia-d-para-la-prohibicion-de-las-corridas-de-toros-en-el-pais\/\"},\"wordCount\":642,\"publisher\":{\"@id\":\"https:\/\/luchonoticias.com\/editor\/#\/schema\/person\/7a7fd911f58561fd056dbac7b55af9cd\"},\"image\":{\"@id\":\"https:\/\/luchonoticias.com\/editor\/dia-d-para-la-prohibicion-de-las-corridas-de-toros-en-el-pais\/#primaryimage\"},\"thumbnailUrl\":\"https:\/\/luchonoticias.com\/editor\/wp-content\/uploads\/2024\/05\/TOROS.jpg\",\"articleSection\":[\"Actualidad\"],\"inLanguage\":\"es\"},{\"@type\":\"WebPage\",\"@id\":\"https:\/\/luchonoticias.com\/editor\/dia-d-para-la-prohibicion-de-las-corridas-de-toros-en-el-pais\/\",\"url\":\"https:\/\/luchonoticias.com\/editor\/dia-d-para-la-prohibicion-de-las-corridas-de-toros-en-el-pais\/\",\"name\":\"D\u00eda D para la prohibici\u00f3n de las corridas de toros en el pa\u00eds -\",\"isPartOf\":{\"@id\":\"https:\/\/luchonoticias.com\/editor\/#website\"},\"primaryImageOfPage\":{\"@id\":\"https:\/\/luchonoticias.com\/editor\/dia-d-para-la-prohibicion-de-las-corridas-de-toros-en-el-pais\/#primaryimage\"},\"image\":{\"@id\":\"https:\/\/luchonoticias.com\/editor\/dia-d-para-la-prohibicion-de-las-corridas-de-toros-en-el-pais\/#primaryimage\"},\"thumbnailUrl\":\"https:\/\/luchonoticias.com\/editor\/wp-content\/uploads\/2024\/05\/TOROS.jpg\",\"datePublished\":\"2024-05-07T13:34:03+00:00\",\"breadcrumb\":{\"@id\":\"https:\/\/luchonoticias.com\/editor\/dia-d-para-la-prohibicion-de-las-corridas-de-toros-en-el-pais\/#breadcrumb\"},\"inLanguage\":\"es\",\"potentialAction\":[{\"@type\":\"ReadAction\",\"target\":[\"https:\/\/luchonoticias.com\/editor\/dia-d-para-la-prohibicion-de-las-corridas-de-toros-en-el-pais\/\"]}]},{\"@type\":\"ImageObject\",\"inLanguage\":\"es\",\"@id\":\"https:\/\/luchonoticias.com\/editor\/dia-d-para-la-prohibicion-de-las-corridas-de-toros-en-el-pais\/#primaryimage\",\"url\":\"https:\/\/luchonoticias.com\/editor\/wp-content\/uploads\/2024\/05\/TOROS.jpg\",\"contentUrl\":\"https:\/\/luchonoticias.com\/editor\/wp-content\/uploads\/2024\/05\/TOROS.jpg\",\"width\":700,\"height\":400},{\"@type\":\"BreadcrumbList\",\"@id\":\"https:\/\/luchonoticias.com\/editor\/dia-d-para-la-prohibicion-de-las-corridas-de-toros-en-el-pais\/#breadcrumb\",\"itemListElement\":[{\"@type\":\"ListItem\",\"position\":1,\"name\":\"Portada\",\"item\":\"https:\/\/luchonoticias.com\/editor\/\"},{\"@type\":\"ListItem\",\"position\":2,\"name\":\"D\u00eda D para la prohibici\u00f3n de las corridas de toros en el pa\u00eds\"}]},{\"@type\":\"WebSite\",\"@id\":\"https:\/\/luchonoticias.com\/editor\/#website\",\"url\":\"https:\/\/luchonoticias.com\/editor\/\",\"name\":\"\",\"description\":\"\",\"publisher\":{\"@id\":\"https:\/\/luchonoticias.com\/editor\/#\/schema\/person\/7a7fd911f58561fd056dbac7b55af9cd\"},\"potentialAction\":[{\"@type\":\"SearchAction\",\"target\":{\"@type\":\"EntryPoint\",\"urlTemplate\":\"https:\/\/luchonoticias.com\/editor\/?s={search_term_string}\"},\"query-input\":{\"@type\":\"PropertyValueSpecification\",\"valueRequired\":true,\"valueName\":\"search_term_string\"}}],\"inLanguage\":\"es\"},{\"@type\":[\"Person\",\"Organization\"],\"@id\":\"https:\/\/luchonoticias.com\/editor\/#\/schema\/person\/7a7fd911f58561fd056dbac7b55af9cd\",\"name\":\"admin\",\"image\":{\"@type\":\"ImageObject\",\"inLanguage\":\"es\",\"@id\":\"https:\/\/luchonoticias.com\/editor\/#\/schema\/person\/image\/\",\"url\":\"https:\/\/luchonoticias.com\/editor\/wp-content\/uploads\/2024\/02\/cropped-cropped-logolu.webp\",\"contentUrl\":\"https:\/\/luchonoticias.com\/editor\/wp-content\/uploads\/2024\/02\/cropped-cropped-logolu.webp\",\"width\":382,\"height\":170,\"caption\":\"admin\"},\"logo\":{\"@id\":\"https:\/\/luchonoticias.com\/editor\/#\/schema\/person\/image\/\"},\"sameAs\":[\"https:\/\/www.facebook.com\/luchonoticiasneiva\"]},{\"@type\":\"Person\",\"@id\":\"https:\/\/luchonoticias.com\/editor\/#\/schema\/person\/29217990ddf6f14e35912b2866d591fb\",\"name\":\"Editor General\",\"image\":{\"@type\":\"ImageObject\",\"inLanguage\":\"es\",\"@id\":\"https:\/\/luchonoticias.com\/editor\/#\/schema\/person\/image\/\",\"url\":\"https:\/\/luchonoticias.com\/editor\/wp-content\/uploads\/2024\/02\/cropped-cropped-logolu-150x150.webp\",\"contentUrl\":\"https:\/\/luchonoticias.com\/editor\/wp-content\/uploads\/2024\/02\/cropped-cropped-logolu-150x150.webp\",\"caption\":\"Editor General\"},\"sameAs\":[\"https:\/\/luchonoticias.com\/\"],\"url\":\"https:\/\/luchonoticias.com\/editor\/author\/editor-general\/\"}]}<\/script>\n<!-- \/ Yoast SEO plugin. -->","yoast_head_json":{"title":"D\u00eda D para la prohibici\u00f3n de las corridas de toros en el pa\u00eds -","robots":{"index":"index","follow":"follow","max-snippet":"max-snippet:-1","max-image-preview":"max-image-preview:large","max-video-preview":"max-video-preview:-1"},"canonical":"https:\/\/luchonoticias.com\/editor\/dia-d-para-la-prohibicion-de-las-corridas-de-toros-en-el-pais\/","og_locale":"es_ES","og_type":"article","og_title":"D\u00eda D para la prohibici\u00f3n de las corridas de toros en el pa\u00eds -","og_url":"https:\/\/luchonoticias.com\/editor\/dia-d-para-la-prohibicion-de-las-corridas-de-toros-en-el-pais\/","article_publisher":"https:\/\/www.facebook.com\/luchonoticiasneiva","article_published_time":"2024-05-07T13:34:03+00:00","og_image":[{"width":700,"height":400,"url":"https:\/\/luchonoticias.com\/editor\/wp-content\/uploads\/2024\/05\/TOROS.jpg","type":"image\/jpeg"}],"author":"Editor General","twitter_card":"summary_large_image","twitter_misc":{"Escrito por":"Editor General","Tiempo de lectura":"3 minutos"},"schema":{"@context":"https:\/\/schema.org","@graph":[{"@type":"Article","@id":"https:\/\/luchonoticias.com\/editor\/dia-d-para-la-prohibicion-de-las-corridas-de-toros-en-el-pais\/#article","isPartOf":{"@id":"https:\/\/luchonoticias.com\/editor\/dia-d-para-la-prohibicion-de-las-corridas-de-toros-en-el-pais\/"},"author":{"name":"Editor General","@id":"https:\/\/luchonoticias.com\/editor\/#\/schema\/person\/29217990ddf6f14e35912b2866d591fb"},"headline":"D\u00eda D para la prohibici\u00f3n de las corridas de toros en el pa\u00eds","datePublished":"2024-05-07T13:34:03+00:00","mainEntityOfPage":{"@id":"https:\/\/luchonoticias.com\/editor\/dia-d-para-la-prohibicion-de-las-corridas-de-toros-en-el-pais\/"},"wordCount":642,"publisher":{"@id":"https:\/\/luchonoticias.com\/editor\/#\/schema\/person\/7a7fd911f58561fd056dbac7b55af9cd"},"image":{"@id":"https:\/\/luchonoticias.com\/editor\/dia-d-para-la-prohibicion-de-las-corridas-de-toros-en-el-pais\/#primaryimage"},"thumbnailUrl":"https:\/\/luchonoticias.com\/editor\/wp-content\/uploads\/2024\/05\/TOROS.jpg","articleSection":["Actualidad"],"inLanguage":"es"},{"@type":"WebPage","@id":"https:\/\/luchonoticias.com\/editor\/dia-d-para-la-prohibicion-de-las-corridas-de-toros-en-el-pais\/","url":"https:\/\/luchonoticias.com\/editor\/dia-d-para-la-prohibicion-de-las-corridas-de-toros-en-el-pais\/","name":"D\u00eda D para la prohibici\u00f3n de las corridas de toros en el pa\u00eds -","isPartOf":{"@id":"https:\/\/luchonoticias.com\/editor\/#website"},"primaryImageOfPage":{"@id":"https:\/\/luchonoticias.com\/editor\/dia-d-para-la-prohibicion-de-las-corridas-de-toros-en-el-pais\/#primaryimage"},"image":{"@id":"https:\/\/luchonoticias.com\/editor\/dia-d-para-la-prohibicion-de-las-corridas-de-toros-en-el-pais\/#primaryimage"},"thumbnailUrl":"https:\/\/luchonoticias.com\/editor\/wp-content\/uploads\/2024\/05\/TOROS.jpg","datePublished":"2024-05-07T13:34:03+00:00","breadcrumb":{"@id":"https:\/\/luchonoticias.com\/editor\/dia-d-para-la-prohibicion-de-las-corridas-de-toros-en-el-pais\/#breadcrumb"},"inLanguage":"es","potentialAction":[{"@type":"ReadAction","target":["https:\/\/luchonoticias.com\/editor\/dia-d-para-la-prohibicion-de-las-corridas-de-toros-en-el-pais\/"]}]},{"@type":"ImageObject","inLanguage":"es","@id":"https:\/\/luchonoticias.com\/editor\/dia-d-para-la-prohibicion-de-las-corridas-de-toros-en-el-pais\/#primaryimage","url":"https:\/\/luchonoticias.com\/editor\/wp-content\/uploads\/2024\/05\/TOROS.jpg","contentUrl":"https:\/\/luchonoticias.com\/editor\/wp-content\/uploads\/2024\/05\/TOROS.jpg","width":700,"height":400},{"@type":"BreadcrumbList","@id":"https:\/\/luchonoticias.com\/editor\/dia-d-para-la-prohibicion-de-las-corridas-de-toros-en-el-pais\/#breadcrumb","itemListElement":[{"@type":"ListItem","position":1,"name":"Portada","item":"https:\/\/luchonoticias.com\/editor\/"},{"@type":"ListItem","position":2,"name":"D\u00eda D para la prohibici\u00f3n de las corridas de toros en el pa\u00eds"}]},{"@type":"WebSite","@id":"https:\/\/luchonoticias.com\/editor\/#website","url":"https:\/\/luchonoticias.com\/editor\/","name":"","description":"","publisher":{"@id":"https:\/\/luchonoticias.com\/editor\/#\/schema\/person\/7a7fd911f58561fd056dbac7b55af9cd"},"potentialAction":[{"@type":"SearchAction","target":{"@type":"EntryPoint","urlTemplate":"https:\/\/luchonoticias.com\/editor\/?s={search_term_string}"},"query-input":{"@type":"PropertyValueSpecification","valueRequired":true,"valueName":"search_term_string"}}],"inLanguage":"es"},{"@type":["Person","Organization"],"@id":"https:\/\/luchonoticias.com\/editor\/#\/schema\/person\/7a7fd911f58561fd056dbac7b55af9cd","name":"admin","image":{"@type":"ImageObject","inLanguage":"es","@id":"https:\/\/luchonoticias.com\/editor\/#\/schema\/person\/image\/","url":"https:\/\/luchonoticias.com\/editor\/wp-content\/uploads\/2024\/02\/cropped-cropped-logolu.webp","contentUrl":"https:\/\/luchonoticias.com\/editor\/wp-content\/uploads\/2024\/02\/cropped-cropped-logolu.webp","width":382,"height":170,"caption":"admin"},"logo":{"@id":"https:\/\/luchonoticias.com\/editor\/#\/schema\/person\/image\/"},"sameAs":["https:\/\/www.facebook.com\/luchonoticiasneiva"]},{"@type":"Person","@id":"https:\/\/luchonoticias.com\/editor\/#\/schema\/person\/29217990ddf6f14e35912b2866d591fb","name":"Editor General","image":{"@type":"ImageObject","inLanguage":"es","@id":"https:\/\/luchonoticias.com\/editor\/#\/schema\/person\/image\/","url":"https:\/\/luchonoticias.com\/editor\/wp-content\/uploads\/2024\/02\/cropped-cropped-logolu-150x150.webp","contentUrl":"https:\/\/luchonoticias.com\/editor\/wp-content\/uploads\/2024\/02\/cropped-cropped-logolu-150x150.webp","caption":"Editor General"},"sameAs":["https:\/\/luchonoticias.com\/"],"url":"https:\/\/luchonoticias.com\/editor\/author\/editor-general\/"}]}},"_links":{"self":[{"href":"https:\/\/luchonoticias.com\/editor\/wp-json\/wp\/v2\/posts\/72797","targetHints":{"allow":["GET"]}}],"collection":[{"href":"https:\/\/luchonoticias.com\/editor\/wp-json\/wp\/v2\/posts"}],"about":[{"href":"https:\/\/luchonoticias.com\/editor\/wp-json\/wp\/v2\/types\/post"}],"author":[{"embeddable":true,"href":"https:\/\/luchonoticias.com\/editor\/wp-json\/wp\/v2\/users\/2"}],"replies":[{"embeddable":true,"href":"https:\/\/luchonoticias.com\/editor\/wp-json\/wp\/v2\/comments?post=72797"}],"version-history":[{"count":0,"href":"https:\/\/luchonoticias.com\/editor\/wp-json\/wp\/v2\/posts\/72797\/revisions"}],"wp:featuredmedia":[{"embeddable":true,"href":"https:\/\/luchonoticias.com\/editor\/wp-json\/wp\/v2\/media\/72798"}],"wp:attachment":[{"href":"https:\/\/luchonoticias.com\/editor\/wp-json\/wp\/v2\/media?parent=72797"}],"wp:term":[{"taxonomy":"category","embeddable":true,"href":"https:\/\/luchonoticias.com\/editor\/wp-json\/wp\/v2\/categories?post=72797"},{"taxonomy":"post_tag","embeddable":true,"href":"https:\/\/luchonoticias.com\/editor\/wp-json\/wp\/v2\/tags?post=72797"}],"curies":[{"name":"wp","href":"https:\/\/api.w.org\/{rel}","templated":true}]}}