{"id":72800,"date":"2024-05-07T09:15:28","date_gmt":"2024-05-07T14:15:28","guid":{"rendered":"https:\/\/luchonoticias.com\/?p=72800"},"modified":"2024-05-07T09:15:28","modified_gmt":"2024-05-07T14:15:28","slug":"un-nuevo-elemento-para-el-desarrollo-economico-en-neiva","status":"publish","type":"post","link":"https:\/\/luchonoticias.com\/editor\/un-nuevo-elemento-para-el-desarrollo-economico-en-neiva\/","title":{"rendered":"Un nuevo elemento para el desarrollo econ\u00f3mico en Neiva"},"content":{"rendered":"<p>Desde hace cuatro a\u00f1os, un grupo de habitantes del corregimiento de Vegalarga inici\u00f3 una apuesta por el turismo rural denominado \u2018Sendero Villamil\u2019, una propuesta que hoy, tras a\u00f1os de vaivenes, cuenta con 19 socios que, a trav\u00e9s del muralismo para incentivar el valor cultural de la vida y obras del maestro Jorge Villamil Cordovez.<\/p>\n<p>La jornada liderada por la Alcald\u00eda de Neiva a trav\u00e9s de la Secretar\u00eda de Paz y Derechos Humanos y la Secretar\u00eda de Competitividad, fue acompa\u00f1ada por delegados del Viceministerio del Turismo y la Agencia para la Reincorporaci\u00f3n y la Normalizaci\u00f3n, ARN, con el objetivo de conocer m\u00e1s a fondo dicha iniciativa y buscar alternativas para fortalecerla.<\/p>\n<p>\u201cEstamos haciendo esta ruta especial con las personas que han tenido esta iniciativa de a\u00f1os atr\u00e1s, aquellas que integran la Asociaci\u00f3n C\u00edvica de Turismo Rural del oriente de Neiva, Asociturn, desde la Alcald\u00eda vamos a fortalecerla porque consideramos que es un proyecto que no solamente genera ingresos en la regi\u00f3n, sino tambi\u00e9n porque es un modelo piloto para la construcci\u00f3n de paz en esta regi\u00f3n que ha venido sufriendo tanto por el flagelo de la violencia en el marco del conflicto armado\u201d, indic\u00f3 Jorge Lozano Mestre, secretario de Paz y Derechos Humanos.<\/p>\n<p><img loading=\"lazy\" decoding=\"async\" class=\"alignnone wp-image-72802\" src=\"https:\/\/luchonoticias.com\/wp-content\/uploads\/2024\/05\/ruta-12-g-300x225.jpeg\" alt=\"\" width=\"700\" height=\"525\" srcset=\"https:\/\/luchonoticias.com\/editor\/wp-content\/uploads\/2024\/05\/ruta-12-g-300x225.jpeg 300w, https:\/\/luchonoticias.com\/editor\/wp-content\/uploads\/2024\/05\/ruta-12-g-1024x768.jpeg 1024w, https:\/\/luchonoticias.com\/editor\/wp-content\/uploads\/2024\/05\/ruta-12-g-768x576.jpeg 768w, https:\/\/luchonoticias.com\/editor\/wp-content\/uploads\/2024\/05\/ruta-12-g-1536x1152.jpeg 1536w, https:\/\/luchonoticias.com\/editor\/wp-content\/uploads\/2024\/05\/ruta-12-g-90x68.jpeg 90w, https:\/\/luchonoticias.com\/editor\/wp-content\/uploads\/2024\/05\/ruta-12-g.jpeg 1600w\" sizes=\"auto, (max-width: 700px) 100vw, 700px\" \/><\/p>\n<p>Por su parte, Edwin Valencia, secretario de Competitividad, destac\u00f3: \u201cHicimos un recorrido para ver cu\u00e1les son esas necesidades puntuales y c\u00f3mo nosotros podemos potencializar este diamante en bruto que tenemos como turismo en Neiva, vamos a mostrarle a los neivanos qu\u00e9 tenemos, y luego vamos a mostrarle al pa\u00eds. Aqu\u00ed solamente hay personas que est\u00e1n, con su propio esfuerzo, ayudando a mostrar a Neiva como destino tur\u00edstico con todas sus maravillas\u201d.<\/p>\n<p><strong>Vegalarga, territorio de paz<\/strong><\/p>\n<p>El \u2018Sendero Villamil\u2019 como proyecto tur\u00edstico inicia en la vereda Platanillal y finaliza en la vereda el Cedral, lugar donde naci\u00f3 Jorge Villamil. Cada finca tiene una estaci\u00f3n alusiva a la m\u00fasica de Villamil Cordovez, representada en una canci\u00f3n del maestro huilense. Durante el recorrido de los 40 murales, se puede observar una galer\u00eda de arte a ras de suelo que integra adem\u00e1s, estaciones tem\u00e1ticas que entregan experiencias de agroturismo \u00fanicas.<\/p>\n<p>\u201cEl objetivo fue determinar c\u00f3mo podemos trabajar desde el territorio en turismo, cultura y paz. Vegalarga ha sido estigmatizada, nosotros, un grupo de campesinos, le estamos apostando a que sea reconocido culturalmente como territorio de paz, es por eso que le estamos invitando a que nos visiten\u201d, Nuby Carvajal Olaya, presidenta de Asociturn.<\/p>\n<p><img loading=\"lazy\" decoding=\"async\" class=\"alignnone wp-image-72803\" src=\"https:\/\/luchonoticias.com\/wp-content\/uploads\/2024\/05\/WhatsApp-Image-2024-05-07-at-08.52.05-300x225.jpeg\" alt=\"\" width=\"700\" height=\"525\" srcset=\"https:\/\/luchonoticias.com\/editor\/wp-content\/uploads\/2024\/05\/WhatsApp-Image-2024-05-07-at-08.52.05-300x225.jpeg 300w, https:\/\/luchonoticias.com\/editor\/wp-content\/uploads\/2024\/05\/WhatsApp-Image-2024-05-07-at-08.52.05-1024x768.jpeg 1024w, https:\/\/luchonoticias.com\/editor\/wp-content\/uploads\/2024\/05\/WhatsApp-Image-2024-05-07-at-08.52.05-768x576.jpeg 768w, https:\/\/luchonoticias.com\/editor\/wp-content\/uploads\/2024\/05\/WhatsApp-Image-2024-05-07-at-08.52.05-1536x1152.jpeg 1536w, https:\/\/luchonoticias.com\/editor\/wp-content\/uploads\/2024\/05\/WhatsApp-Image-2024-05-07-at-08.52.05-90x68.jpeg 90w, https:\/\/luchonoticias.com\/editor\/wp-content\/uploads\/2024\/05\/WhatsApp-Image-2024-05-07-at-08.52.05.jpeg 1600w\" sizes=\"auto, (max-width: 700px) 100vw, 700px\" \/><\/p>\n<p>Por su parte, Bercelio Lozada, quien hace parte de la estaci\u00f3n \u2018Los ocasos\u2019, tambi\u00e9n llamada \u2018El parador del ciclista\u2019, resalt\u00f3 \u201cnos complace la presencia de las personas que nos est\u00e1n acompa\u00f1ando aqu\u00ed. El abandono de los gobiernos es la problem\u00e1tica, sumando a la pavimentaci\u00f3n de v\u00edas, si el gobierno quiere que el campesino siga en el campo, tiene que pensar en el arreglo de las v\u00edas. La invitaci\u00f3n es que nos sigan visitando, el orden p\u00fablico es muy sano y se ha visto progreso\u201d.<\/p>\n<p><strong>\u2018Colombia destinos de paz\u2019<\/strong><\/p>\n<p>Desde el Gobierno Nacional se ha impulsado el sello \u2018Colombia destinos de paz\u2019, una estrategia que se encamina a la construcci\u00f3n de la cultura de paz e impulsar, con ello, las econom\u00edas de las regiones.<\/p>\n<p>\u201cTenemos nuestro plan sectorial de turismo que se llama \u2018Turismo en armon\u00eda con la vida\u2019, y es en donde estamos empezando a fortalecer toda la cadena de valor del turismo. El objetivo es comenzar a articular el desarrollo de turismo rural, fortaleciendo todas estas asociaciones con el sello \u2018Colombia destino de paz\u2019, con el que buscamos fortalecer y buscar a romper esas barreras frente a estos municipios o zonas afectadas por el conflicto armado\u201d, expuso Jos\u00e9 Zaid \u00c1vila L\u00f3pez, gestor del \u2018Corredor central dos Huila-Tolima\u2019 del Viceministerio del Turismo.<\/p>\n<p><img loading=\"lazy\" decoding=\"async\" class=\"alignnone wp-image-72804\" src=\"https:\/\/luchonoticias.com\/wp-content\/uploads\/2024\/05\/WhatsApp-Image-2024-05-07-at-08.52.06-300x225.jpeg\" alt=\"\" width=\"700\" height=\"525\" srcset=\"https:\/\/luchonoticias.com\/editor\/wp-content\/uploads\/2024\/05\/WhatsApp-Image-2024-05-07-at-08.52.06-300x225.jpeg 300w, https:\/\/luchonoticias.com\/editor\/wp-content\/uploads\/2024\/05\/WhatsApp-Image-2024-05-07-at-08.52.06-1024x768.jpeg 1024w, https:\/\/luchonoticias.com\/editor\/wp-content\/uploads\/2024\/05\/WhatsApp-Image-2024-05-07-at-08.52.06-768x576.jpeg 768w, https:\/\/luchonoticias.com\/editor\/wp-content\/uploads\/2024\/05\/WhatsApp-Image-2024-05-07-at-08.52.06-1536x1152.jpeg 1536w, https:\/\/luchonoticias.com\/editor\/wp-content\/uploads\/2024\/05\/WhatsApp-Image-2024-05-07-at-08.52.06-90x68.jpeg 90w, https:\/\/luchonoticias.com\/editor\/wp-content\/uploads\/2024\/05\/WhatsApp-Image-2024-05-07-at-08.52.06.jpeg 1600w\" sizes=\"auto, (max-width: 700px) 100vw, 700px\" \/><\/p>\n<p>\u201cDe manera articulada con otras agencias, queremos impulsar el apoyo y el acompa\u00f1amiento para el fortalecimiento de estas iniciativas. Muy importante que los firmantes de paz est\u00e9n acompa\u00f1ando estas asociaciones, se relacionen y hagan parte del cambio, del proceso de paz y que le demuestren a la comunidad de que s\u00ed se puede trabajar, convivir y gestionar cosas en las que tengan beneficios\u201d, enfatiz\u00f3 Leonardo Alvear, facilitador e integrante del programa de \u2018Sostenibilidad econ\u00f3mica\u2019 de la ARN.<\/p>\n","protected":false},"excerpt":{"rendered":"<p>Desde hace cuatro a\u00f1os, un grupo de habitantes del corregimiento de Vegalarga inici\u00f3 una apuesta por el turismo rural denominado \u2018Sendero Villamil\u2019, una propuesta que hoy, tras a\u00f1os de vaivenes, cuenta con 19 socios que, a trav\u00e9s del muralismo para incentivar el valor cultural de la vida y obras del maestro Jorge Villamil Cordovez. La [&hellip;]<\/p>\n","protected":false},"author":2,"featured_media":72801,"comment_status":"closed","ping_status":"open","sticky":false,"template":"","format":"standard","meta":{"footnotes":""},"categories":[31],"tags":[],"class_list":["post-72800","post","type-post","status-publish","format-standard","has-post-thumbnail","hentry","category-local"],"yoast_head":"<!-- This site is optimized with the Yoast SEO plugin v26.6 - https:\/\/yoast.com\/wordpress\/plugins\/seo\/ -->\n<title>Un nuevo elemento para el desarrollo econ\u00f3mico en Neiva -<\/title>\n<meta name=\"robots\" content=\"index, follow, max-snippet:-1, max-image-preview:large, max-video-preview:-1\" \/>\n<link rel=\"canonical\" href=\"https:\/\/luchonoticias.com\/editor\/un-nuevo-elemento-para-el-desarrollo-economico-en-neiva\/\" \/>\n<meta property=\"og:locale\" content=\"es_ES\" \/>\n<meta property=\"og:type\" content=\"article\" \/>\n<meta property=\"og:title\" content=\"Un nuevo elemento para el desarrollo econ\u00f3mico en Neiva -\" \/>\n<meta property=\"og:url\" content=\"https:\/\/luchonoticias.com\/editor\/un-nuevo-elemento-para-el-desarrollo-economico-en-neiva\/\" \/>\n<meta property=\"article:publisher\" content=\"https:\/\/www.facebook.com\/luchonoticiasneiva\" \/>\n<meta property=\"article:published_time\" content=\"2024-05-07T14:15:28+00:00\" \/>\n<meta property=\"og:image\" content=\"https:\/\/luchonoticias.com\/editor\/wp-content\/uploads\/2024\/05\/ruta-villavila.jpg\" \/>\n\t<meta property=\"og:image:width\" content=\"700\" \/>\n\t<meta property=\"og:image:height\" content=\"400\" \/>\n\t<meta property=\"og:image:type\" content=\"image\/jpeg\" \/>\n<meta name=\"author\" content=\"Editor General\" \/>\n<meta name=\"twitter:card\" content=\"summary_large_image\" \/>\n<meta name=\"twitter:label1\" content=\"Escrito por\" \/>\n\t<meta name=\"twitter:data1\" content=\"Editor General\" \/>\n\t<meta name=\"twitter:label2\" content=\"Tiempo de lectura\" \/>\n\t<meta name=\"twitter:data2\" content=\"4 minutos\" \/>\n<script type=\"application\/ld+json\" class=\"yoast-schema-graph\">{\"@context\":\"https:\/\/schema.org\",\"@graph\":[{\"@type\":\"Article\",\"@id\":\"https:\/\/luchonoticias.com\/editor\/un-nuevo-elemento-para-el-desarrollo-economico-en-neiva\/#article\",\"isPartOf\":{\"@id\":\"https:\/\/luchonoticias.com\/editor\/un-nuevo-elemento-para-el-desarrollo-economico-en-neiva\/\"},\"author\":{\"name\":\"Editor General\",\"@id\":\"https:\/\/luchonoticias.com\/editor\/#\/schema\/person\/29217990ddf6f14e35912b2866d591fb\"},\"headline\":\"Un nuevo elemento para el desarrollo econ\u00f3mico en Neiva\",\"datePublished\":\"2024-05-07T14:15:28+00:00\",\"mainEntityOfPage\":{\"@id\":\"https:\/\/luchonoticias.com\/editor\/un-nuevo-elemento-para-el-desarrollo-economico-en-neiva\/\"},\"wordCount\":749,\"publisher\":{\"@id\":\"https:\/\/luchonoticias.com\/editor\/#\/schema\/person\/7a7fd911f58561fd056dbac7b55af9cd\"},\"image\":{\"@id\":\"https:\/\/luchonoticias.com\/editor\/un-nuevo-elemento-para-el-desarrollo-economico-en-neiva\/#primaryimage\"},\"thumbnailUrl\":\"https:\/\/luchonoticias.com\/editor\/wp-content\/uploads\/2024\/05\/ruta-villavila.jpg\",\"articleSection\":[\"Local\"],\"inLanguage\":\"es\"},{\"@type\":\"WebPage\",\"@id\":\"https:\/\/luchonoticias.com\/editor\/un-nuevo-elemento-para-el-desarrollo-economico-en-neiva\/\",\"url\":\"https:\/\/luchonoticias.com\/editor\/un-nuevo-elemento-para-el-desarrollo-economico-en-neiva\/\",\"name\":\"Un nuevo elemento para el desarrollo econ\u00f3mico en Neiva -\",\"isPartOf\":{\"@id\":\"https:\/\/luchonoticias.com\/editor\/#website\"},\"primaryImageOfPage\":{\"@id\":\"https:\/\/luchonoticias.com\/editor\/un-nuevo-elemento-para-el-desarrollo-economico-en-neiva\/#primaryimage\"},\"image\":{\"@id\":\"https:\/\/luchonoticias.com\/editor\/un-nuevo-elemento-para-el-desarrollo-economico-en-neiva\/#primaryimage\"},\"thumbnailUrl\":\"https:\/\/luchonoticias.com\/editor\/wp-content\/uploads\/2024\/05\/ruta-villavila.jpg\",\"datePublished\":\"2024-05-07T14:15:28+00:00\",\"breadcrumb\":{\"@id\":\"https:\/\/luchonoticias.com\/editor\/un-nuevo-elemento-para-el-desarrollo-economico-en-neiva\/#breadcrumb\"},\"inLanguage\":\"es\",\"potentialAction\":[{\"@type\":\"ReadAction\",\"target\":[\"https:\/\/luchonoticias.com\/editor\/un-nuevo-elemento-para-el-desarrollo-economico-en-neiva\/\"]}]},{\"@type\":\"ImageObject\",\"inLanguage\":\"es\",\"@id\":\"https:\/\/luchonoticias.com\/editor\/un-nuevo-elemento-para-el-desarrollo-economico-en-neiva\/#primaryimage\",\"url\":\"https:\/\/luchonoticias.com\/editor\/wp-content\/uploads\/2024\/05\/ruta-villavila.jpg\",\"contentUrl\":\"https:\/\/luchonoticias.com\/editor\/wp-content\/uploads\/2024\/05\/ruta-villavila.jpg\",\"width\":700,\"height\":400},{\"@type\":\"BreadcrumbList\",\"@id\":\"https:\/\/luchonoticias.com\/editor\/un-nuevo-elemento-para-el-desarrollo-economico-en-neiva\/#breadcrumb\",\"itemListElement\":[{\"@type\":\"ListItem\",\"position\":1,\"name\":\"Portada\",\"item\":\"https:\/\/luchonoticias.com\/editor\/\"},{\"@type\":\"ListItem\",\"position\":2,\"name\":\"Un nuevo elemento para el desarrollo econ\u00f3mico en Neiva\"}]},{\"@type\":\"WebSite\",\"@id\":\"https:\/\/luchonoticias.com\/editor\/#website\",\"url\":\"https:\/\/luchonoticias.com\/editor\/\",\"name\":\"\",\"description\":\"\",\"publisher\":{\"@id\":\"https:\/\/luchonoticias.com\/editor\/#\/schema\/person\/7a7fd911f58561fd056dbac7b55af9cd\"},\"potentialAction\":[{\"@type\":\"SearchAction\",\"target\":{\"@type\":\"EntryPoint\",\"urlTemplate\":\"https:\/\/luchonoticias.com\/editor\/?s={search_term_string}\"},\"query-input\":{\"@type\":\"PropertyValueSpecification\",\"valueRequired\":true,\"valueName\":\"search_term_string\"}}],\"inLanguage\":\"es\"},{\"@type\":[\"Person\",\"Organization\"],\"@id\":\"https:\/\/luchonoticias.com\/editor\/#\/schema\/person\/7a7fd911f58561fd056dbac7b55af9cd\",\"name\":\"admin\",\"image\":{\"@type\":\"ImageObject\",\"inLanguage\":\"es\",\"@id\":\"https:\/\/luchonoticias.com\/editor\/#\/schema\/person\/image\/\",\"url\":\"https:\/\/luchonoticias.com\/editor\/wp-content\/uploads\/2024\/02\/cropped-cropped-logolu.webp\",\"contentUrl\":\"https:\/\/luchonoticias.com\/editor\/wp-content\/uploads\/2024\/02\/cropped-cropped-logolu.webp\",\"width\":382,\"height\":170,\"caption\":\"admin\"},\"logo\":{\"@id\":\"https:\/\/luchonoticias.com\/editor\/#\/schema\/person\/image\/\"},\"sameAs\":[\"https:\/\/www.facebook.com\/luchonoticiasneiva\"]},{\"@type\":\"Person\",\"@id\":\"https:\/\/luchonoticias.com\/editor\/#\/schema\/person\/29217990ddf6f14e35912b2866d591fb\",\"name\":\"Editor General\",\"image\":{\"@type\":\"ImageObject\",\"inLanguage\":\"es\",\"@id\":\"https:\/\/luchonoticias.com\/editor\/#\/schema\/person\/image\/\",\"url\":\"https:\/\/luchonoticias.com\/editor\/wp-content\/uploads\/2024\/02\/cropped-cropped-logolu-150x150.webp\",\"contentUrl\":\"https:\/\/luchonoticias.com\/editor\/wp-content\/uploads\/2024\/02\/cropped-cropped-logolu-150x150.webp\",\"caption\":\"Editor General\"},\"sameAs\":[\"https:\/\/luchonoticias.com\/\"],\"url\":\"https:\/\/luchonoticias.com\/editor\/author\/editor-general\/\"}]}<\/script>\n<!-- \/ Yoast SEO plugin. -->","yoast_head_json":{"title":"Un nuevo elemento para el desarrollo econ\u00f3mico en Neiva -","robots":{"index":"index","follow":"follow","max-snippet":"max-snippet:-1","max-image-preview":"max-image-preview:large","max-video-preview":"max-video-preview:-1"},"canonical":"https:\/\/luchonoticias.com\/editor\/un-nuevo-elemento-para-el-desarrollo-economico-en-neiva\/","og_locale":"es_ES","og_type":"article","og_title":"Un nuevo elemento para el desarrollo econ\u00f3mico en Neiva -","og_url":"https:\/\/luchonoticias.com\/editor\/un-nuevo-elemento-para-el-desarrollo-economico-en-neiva\/","article_publisher":"https:\/\/www.facebook.com\/luchonoticiasneiva","article_published_time":"2024-05-07T14:15:28+00:00","og_image":[{"width":700,"height":400,"url":"https:\/\/luchonoticias.com\/editor\/wp-content\/uploads\/2024\/05\/ruta-villavila.jpg","type":"image\/jpeg"}],"author":"Editor General","twitter_card":"summary_large_image","twitter_misc":{"Escrito por":"Editor General","Tiempo de lectura":"4 minutos"},"schema":{"@context":"https:\/\/schema.org","@graph":[{"@type":"Article","@id":"https:\/\/luchonoticias.com\/editor\/un-nuevo-elemento-para-el-desarrollo-economico-en-neiva\/#article","isPartOf":{"@id":"https:\/\/luchonoticias.com\/editor\/un-nuevo-elemento-para-el-desarrollo-economico-en-neiva\/"},"author":{"name":"Editor General","@id":"https:\/\/luchonoticias.com\/editor\/#\/schema\/person\/29217990ddf6f14e35912b2866d591fb"},"headline":"Un nuevo elemento para el desarrollo econ\u00f3mico en Neiva","datePublished":"2024-05-07T14:15:28+00:00","mainEntityOfPage":{"@id":"https:\/\/luchonoticias.com\/editor\/un-nuevo-elemento-para-el-desarrollo-economico-en-neiva\/"},"wordCount":749,"publisher":{"@id":"https:\/\/luchonoticias.com\/editor\/#\/schema\/person\/7a7fd911f58561fd056dbac7b55af9cd"},"image":{"@id":"https:\/\/luchonoticias.com\/editor\/un-nuevo-elemento-para-el-desarrollo-economico-en-neiva\/#primaryimage"},"thumbnailUrl":"https:\/\/luchonoticias.com\/editor\/wp-content\/uploads\/2024\/05\/ruta-villavila.jpg","articleSection":["Local"],"inLanguage":"es"},{"@type":"WebPage","@id":"https:\/\/luchonoticias.com\/editor\/un-nuevo-elemento-para-el-desarrollo-economico-en-neiva\/","url":"https:\/\/luchonoticias.com\/editor\/un-nuevo-elemento-para-el-desarrollo-economico-en-neiva\/","name":"Un nuevo elemento para el desarrollo econ\u00f3mico en Neiva -","isPartOf":{"@id":"https:\/\/luchonoticias.com\/editor\/#website"},"primaryImageOfPage":{"@id":"https:\/\/luchonoticias.com\/editor\/un-nuevo-elemento-para-el-desarrollo-economico-en-neiva\/#primaryimage"},"image":{"@id":"https:\/\/luchonoticias.com\/editor\/un-nuevo-elemento-para-el-desarrollo-economico-en-neiva\/#primaryimage"},"thumbnailUrl":"https:\/\/luchonoticias.com\/editor\/wp-content\/uploads\/2024\/05\/ruta-villavila.jpg","datePublished":"2024-05-07T14:15:28+00:00","breadcrumb":{"@id":"https:\/\/luchonoticias.com\/editor\/un-nuevo-elemento-para-el-desarrollo-economico-en-neiva\/#breadcrumb"},"inLanguage":"es","potentialAction":[{"@type":"ReadAction","target":["https:\/\/luchonoticias.com\/editor\/un-nuevo-elemento-para-el-desarrollo-economico-en-neiva\/"]}]},{"@type":"ImageObject","inLanguage":"es","@id":"https:\/\/luchonoticias.com\/editor\/un-nuevo-elemento-para-el-desarrollo-economico-en-neiva\/#primaryimage","url":"https:\/\/luchonoticias.com\/editor\/wp-content\/uploads\/2024\/05\/ruta-villavila.jpg","contentUrl":"https:\/\/luchonoticias.com\/editor\/wp-content\/uploads\/2024\/05\/ruta-villavila.jpg","width":700,"height":400},{"@type":"BreadcrumbList","@id":"https:\/\/luchonoticias.com\/editor\/un-nuevo-elemento-para-el-desarrollo-economico-en-neiva\/#breadcrumb","itemListElement":[{"@type":"ListItem","position":1,"name":"Portada","item":"https:\/\/luchonoticias.com\/editor\/"},{"@type":"ListItem","position":2,"name":"Un nuevo elemento para el desarrollo econ\u00f3mico en Neiva"}]},{"@type":"WebSite","@id":"https:\/\/luchonoticias.com\/editor\/#website","url":"https:\/\/luchonoticias.com\/editor\/","name":"","description":"","publisher":{"@id":"https:\/\/luchonoticias.com\/editor\/#\/schema\/person\/7a7fd911f58561fd056dbac7b55af9cd"},"potentialAction":[{"@type":"SearchAction","target":{"@type":"EntryPoint","urlTemplate":"https:\/\/luchonoticias.com\/editor\/?s={search_term_string}"},"query-input":{"@type":"PropertyValueSpecification","valueRequired":true,"valueName":"search_term_string"}}],"inLanguage":"es"},{"@type":["Person","Organization"],"@id":"https:\/\/luchonoticias.com\/editor\/#\/schema\/person\/7a7fd911f58561fd056dbac7b55af9cd","name":"admin","image":{"@type":"ImageObject","inLanguage":"es","@id":"https:\/\/luchonoticias.com\/editor\/#\/schema\/person\/image\/","url":"https:\/\/luchonoticias.com\/editor\/wp-content\/uploads\/2024\/02\/cropped-cropped-logolu.webp","contentUrl":"https:\/\/luchonoticias.com\/editor\/wp-content\/uploads\/2024\/02\/cropped-cropped-logolu.webp","width":382,"height":170,"caption":"admin"},"logo":{"@id":"https:\/\/luchonoticias.com\/editor\/#\/schema\/person\/image\/"},"sameAs":["https:\/\/www.facebook.com\/luchonoticiasneiva"]},{"@type":"Person","@id":"https:\/\/luchonoticias.com\/editor\/#\/schema\/person\/29217990ddf6f14e35912b2866d591fb","name":"Editor General","image":{"@type":"ImageObject","inLanguage":"es","@id":"https:\/\/luchonoticias.com\/editor\/#\/schema\/person\/image\/","url":"https:\/\/luchonoticias.com\/editor\/wp-content\/uploads\/2024\/02\/cropped-cropped-logolu-150x150.webp","contentUrl":"https:\/\/luchonoticias.com\/editor\/wp-content\/uploads\/2024\/02\/cropped-cropped-logolu-150x150.webp","caption":"Editor General"},"sameAs":["https:\/\/luchonoticias.com\/"],"url":"https:\/\/luchonoticias.com\/editor\/author\/editor-general\/"}]}},"_links":{"self":[{"href":"https:\/\/luchonoticias.com\/editor\/wp-json\/wp\/v2\/posts\/72800","targetHints":{"allow":["GET"]}}],"collection":[{"href":"https:\/\/luchonoticias.com\/editor\/wp-json\/wp\/v2\/posts"}],"about":[{"href":"https:\/\/luchonoticias.com\/editor\/wp-json\/wp\/v2\/types\/post"}],"author":[{"embeddable":true,"href":"https:\/\/luchonoticias.com\/editor\/wp-json\/wp\/v2\/users\/2"}],"replies":[{"embeddable":true,"href":"https:\/\/luchonoticias.com\/editor\/wp-json\/wp\/v2\/comments?post=72800"}],"version-history":[{"count":0,"href":"https:\/\/luchonoticias.com\/editor\/wp-json\/wp\/v2\/posts\/72800\/revisions"}],"wp:featuredmedia":[{"embeddable":true,"href":"https:\/\/luchonoticias.com\/editor\/wp-json\/wp\/v2\/media\/72801"}],"wp:attachment":[{"href":"https:\/\/luchonoticias.com\/editor\/wp-json\/wp\/v2\/media?parent=72800"}],"wp:term":[{"taxonomy":"category","embeddable":true,"href":"https:\/\/luchonoticias.com\/editor\/wp-json\/wp\/v2\/categories?post=72800"},{"taxonomy":"post_tag","embeddable":true,"href":"https:\/\/luchonoticias.com\/editor\/wp-json\/wp\/v2\/tags?post=72800"}],"curies":[{"name":"wp","href":"https:\/\/api.w.org\/{rel}","templated":true}]}}