{"id":72820,"date":"2024-05-07T14:06:42","date_gmt":"2024-05-07T19:06:42","guid":{"rendered":"https:\/\/luchonoticias.com\/?p=72820"},"modified":"2024-05-07T14:06:42","modified_gmt":"2024-05-07T19:06:42","slug":"bogota-y-tres-departamentos-cerca-del-racionamiento-energetico","status":"publish","type":"post","link":"https:\/\/luchonoticias.com\/editor\/bogota-y-tres-departamentos-cerca-del-racionamiento-energetico\/","title":{"rendered":"Bogot\u00e1 y tres departamentos, cerca del racionamiento energ\u00e9tico"},"content":{"rendered":"<p>Es inminente un\u00a0<b>posible racionamiento de energ\u00eda en Bogot\u00e1, Cundinamarca, Meta y Boyac\u00e1\u00a0<\/b>a finales del 2025 o 2026 si no se ejecuta el\u00a0<b>plan de expansi\u00f3n de las l\u00edneas de transmisi\u00f3n de alta tensi\u00f3n<\/b>\u00a0que se encuentra paralizado por la no aprobaci\u00f3n de las licencias ambientales, procesos judiciales y protestas sociales, asegur\u00f3 el gerente de Enlaza,\u00a0<b>Fredy Zuleta<\/b>.<\/p>\n<p>Manifest\u00f3 que ante el\u00a0<b>aumento en el consumo de energ\u00eda\u00a0<\/b>en la ciudad de Bogot\u00e1 y en la zona oriental es fundamental la construcci\u00f3n de las l\u00edneas Chivor Norte II, Virginia-Nueva Esperanza e Hidrosogamoso-Bogot\u00e1.<\/p>\n<p>El gerente de ENLAZA afirm\u00f3 que a finales del 2025 o en los primeros meses del 2026 ser\u00e1\u00a0<b>imposible atender la alta demanda de energ\u00eda,<\/b>\u00a0por lo que ser\u00e1 inevitable y necesario un programa de racionamientos programados en la zona oriental.<\/p>\n<p>Manifest\u00f3 que el\u00a0<b>consumo de energ\u00eda viene creciendo a un ritmo del 3%<\/b>\u00a0y de ah\u00ed que es inevitable la construcci\u00f3n de las tres l\u00edneas de alta tensi\u00f3n para fortalecer la interconexi\u00f3n con el\u00a0sistema nacional.<\/p>\n<p>Asegur\u00f3 que para evitar los racionamientos programados en Bogot\u00e1 se hace urgente que el ministerio del medio Ambiente\u00a0<b>apruebe las licencias ambientales<\/b>\u00a0para la construcci\u00f3n de las tres l\u00edneas que son clave en el suministro de energ\u00eda.<\/p>\n<p>Con informaci\u00f3n de Caracol Radio.<\/p>\n","protected":false},"excerpt":{"rendered":"<p>Es inminente un\u00a0posible racionamiento de energ\u00eda en Bogot\u00e1, Cundinamarca, Meta y Boyac\u00e1\u00a0a finales del 2025 o 2026 si no se ejecuta el\u00a0plan de expansi\u00f3n de las l\u00edneas de transmisi\u00f3n de alta tensi\u00f3n\u00a0que se encuentra paralizado por la no aprobaci\u00f3n de las licencias ambientales, procesos judiciales y protestas sociales, asegur\u00f3 el gerente de Enlaza,\u00a0Fredy Zuleta. Manifest\u00f3 [&hellip;]<\/p>\n","protected":false},"author":2,"featured_media":72821,"comment_status":"closed","ping_status":"open","sticky":false,"template":"","format":"standard","meta":{"footnotes":""},"categories":[28],"tags":[],"class_list":["post-72820","post","type-post","status-publish","format-standard","has-post-thumbnail","hentry","category-actualidad"],"yoast_head":"<!-- This site is optimized with the Yoast SEO plugin v26.6 - https:\/\/yoast.com\/wordpress\/plugins\/seo\/ -->\n<title>Bogot\u00e1 y tres departamentos, cerca del racionamiento energ\u00e9tico -<\/title>\n<meta name=\"robots\" content=\"index, follow, max-snippet:-1, max-image-preview:large, max-video-preview:-1\" \/>\n<link rel=\"canonical\" href=\"https:\/\/luchonoticias.com\/editor\/bogota-y-tres-departamentos-cerca-del-racionamiento-energetico\/\" \/>\n<meta property=\"og:locale\" content=\"es_ES\" \/>\n<meta property=\"og:type\" content=\"article\" \/>\n<meta property=\"og:title\" content=\"Bogot\u00e1 y tres departamentos, cerca del racionamiento energ\u00e9tico -\" \/>\n<meta property=\"og:url\" content=\"https:\/\/luchonoticias.com\/editor\/bogota-y-tres-departamentos-cerca-del-racionamiento-energetico\/\" \/>\n<meta property=\"article:publisher\" content=\"https:\/\/www.facebook.com\/luchonoticiasneiva\" \/>\n<meta property=\"article:published_time\" content=\"2024-05-07T19:06:42+00:00\" \/>\n<meta property=\"og:image\" content=\"https:\/\/luchonoticias.com\/editor\/wp-content\/uploads\/2024\/05\/energia.jpg\" \/>\n\t<meta property=\"og:image:width\" content=\"700\" \/>\n\t<meta property=\"og:image:height\" content=\"400\" \/>\n\t<meta property=\"og:image:type\" content=\"image\/jpeg\" \/>\n<meta name=\"author\" content=\"Editor General\" \/>\n<meta name=\"twitter:card\" content=\"summary_large_image\" \/>\n<meta name=\"twitter:label1\" content=\"Escrito por\" \/>\n\t<meta name=\"twitter:data1\" content=\"Editor General\" \/>\n\t<meta name=\"twitter:label2\" content=\"Tiempo de lectura\" \/>\n\t<meta name=\"twitter:data2\" content=\"1 minuto\" \/>\n<script type=\"application\/ld+json\" class=\"yoast-schema-graph\">{\"@context\":\"https:\/\/schema.org\",\"@graph\":[{\"@type\":\"Article\",\"@id\":\"https:\/\/luchonoticias.com\/editor\/bogota-y-tres-departamentos-cerca-del-racionamiento-energetico\/#article\",\"isPartOf\":{\"@id\":\"https:\/\/luchonoticias.com\/editor\/bogota-y-tres-departamentos-cerca-del-racionamiento-energetico\/\"},\"author\":{\"name\":\"Editor General\",\"@id\":\"https:\/\/luchonoticias.com\/editor\/#\/schema\/person\/29217990ddf6f14e35912b2866d591fb\"},\"headline\":\"Bogot\u00e1 y tres departamentos, cerca del racionamiento energ\u00e9tico\",\"datePublished\":\"2024-05-07T19:06:42+00:00\",\"mainEntityOfPage\":{\"@id\":\"https:\/\/luchonoticias.com\/editor\/bogota-y-tres-departamentos-cerca-del-racionamiento-energetico\/\"},\"wordCount\":235,\"publisher\":{\"@id\":\"https:\/\/luchonoticias.com\/editor\/#\/schema\/person\/7a7fd911f58561fd056dbac7b55af9cd\"},\"image\":{\"@id\":\"https:\/\/luchonoticias.com\/editor\/bogota-y-tres-departamentos-cerca-del-racionamiento-energetico\/#primaryimage\"},\"thumbnailUrl\":\"https:\/\/luchonoticias.com\/editor\/wp-content\/uploads\/2024\/05\/energia.jpg\",\"articleSection\":[\"Actualidad\"],\"inLanguage\":\"es\"},{\"@type\":\"WebPage\",\"@id\":\"https:\/\/luchonoticias.com\/editor\/bogota-y-tres-departamentos-cerca-del-racionamiento-energetico\/\",\"url\":\"https:\/\/luchonoticias.com\/editor\/bogota-y-tres-departamentos-cerca-del-racionamiento-energetico\/\",\"name\":\"Bogot\u00e1 y tres departamentos, cerca del racionamiento energ\u00e9tico -\",\"isPartOf\":{\"@id\":\"https:\/\/luchonoticias.com\/editor\/#website\"},\"primaryImageOfPage\":{\"@id\":\"https:\/\/luchonoticias.com\/editor\/bogota-y-tres-departamentos-cerca-del-racionamiento-energetico\/#primaryimage\"},\"image\":{\"@id\":\"https:\/\/luchonoticias.com\/editor\/bogota-y-tres-departamentos-cerca-del-racionamiento-energetico\/#primaryimage\"},\"thumbnailUrl\":\"https:\/\/luchonoticias.com\/editor\/wp-content\/uploads\/2024\/05\/energia.jpg\",\"datePublished\":\"2024-05-07T19:06:42+00:00\",\"breadcrumb\":{\"@id\":\"https:\/\/luchonoticias.com\/editor\/bogota-y-tres-departamentos-cerca-del-racionamiento-energetico\/#breadcrumb\"},\"inLanguage\":\"es\",\"potentialAction\":[{\"@type\":\"ReadAction\",\"target\":[\"https:\/\/luchonoticias.com\/editor\/bogota-y-tres-departamentos-cerca-del-racionamiento-energetico\/\"]}]},{\"@type\":\"ImageObject\",\"inLanguage\":\"es\",\"@id\":\"https:\/\/luchonoticias.com\/editor\/bogota-y-tres-departamentos-cerca-del-racionamiento-energetico\/#primaryimage\",\"url\":\"https:\/\/luchonoticias.com\/editor\/wp-content\/uploads\/2024\/05\/energia.jpg\",\"contentUrl\":\"https:\/\/luchonoticias.com\/editor\/wp-content\/uploads\/2024\/05\/energia.jpg\",\"width\":700,\"height\":400},{\"@type\":\"BreadcrumbList\",\"@id\":\"https:\/\/luchonoticias.com\/editor\/bogota-y-tres-departamentos-cerca-del-racionamiento-energetico\/#breadcrumb\",\"itemListElement\":[{\"@type\":\"ListItem\",\"position\":1,\"name\":\"Portada\",\"item\":\"https:\/\/luchonoticias.com\/editor\/\"},{\"@type\":\"ListItem\",\"position\":2,\"name\":\"Bogot\u00e1 y tres departamentos, cerca del racionamiento energ\u00e9tico\"}]},{\"@type\":\"WebSite\",\"@id\":\"https:\/\/luchonoticias.com\/editor\/#website\",\"url\":\"https:\/\/luchonoticias.com\/editor\/\",\"name\":\"\",\"description\":\"\",\"publisher\":{\"@id\":\"https:\/\/luchonoticias.com\/editor\/#\/schema\/person\/7a7fd911f58561fd056dbac7b55af9cd\"},\"potentialAction\":[{\"@type\":\"SearchAction\",\"target\":{\"@type\":\"EntryPoint\",\"urlTemplate\":\"https:\/\/luchonoticias.com\/editor\/?s={search_term_string}\"},\"query-input\":{\"@type\":\"PropertyValueSpecification\",\"valueRequired\":true,\"valueName\":\"search_term_string\"}}],\"inLanguage\":\"es\"},{\"@type\":[\"Person\",\"Organization\"],\"@id\":\"https:\/\/luchonoticias.com\/editor\/#\/schema\/person\/7a7fd911f58561fd056dbac7b55af9cd\",\"name\":\"admin\",\"image\":{\"@type\":\"ImageObject\",\"inLanguage\":\"es\",\"@id\":\"https:\/\/luchonoticias.com\/editor\/#\/schema\/person\/image\/\",\"url\":\"https:\/\/luchonoticias.com\/editor\/wp-content\/uploads\/2024\/02\/cropped-cropped-logolu.webp\",\"contentUrl\":\"https:\/\/luchonoticias.com\/editor\/wp-content\/uploads\/2024\/02\/cropped-cropped-logolu.webp\",\"width\":382,\"height\":170,\"caption\":\"admin\"},\"logo\":{\"@id\":\"https:\/\/luchonoticias.com\/editor\/#\/schema\/person\/image\/\"},\"sameAs\":[\"https:\/\/www.facebook.com\/luchonoticiasneiva\"]},{\"@type\":\"Person\",\"@id\":\"https:\/\/luchonoticias.com\/editor\/#\/schema\/person\/29217990ddf6f14e35912b2866d591fb\",\"name\":\"Editor General\",\"image\":{\"@type\":\"ImageObject\",\"inLanguage\":\"es\",\"@id\":\"https:\/\/luchonoticias.com\/editor\/#\/schema\/person\/image\/\",\"url\":\"https:\/\/luchonoticias.com\/editor\/wp-content\/uploads\/2024\/02\/cropped-cropped-logolu-150x150.webp\",\"contentUrl\":\"https:\/\/luchonoticias.com\/editor\/wp-content\/uploads\/2024\/02\/cropped-cropped-logolu-150x150.webp\",\"caption\":\"Editor General\"},\"sameAs\":[\"https:\/\/luchonoticias.com\/\"],\"url\":\"https:\/\/luchonoticias.com\/editor\/author\/editor-general\/\"}]}<\/script>\n<!-- \/ Yoast SEO plugin. -->","yoast_head_json":{"title":"Bogot\u00e1 y tres departamentos, cerca del racionamiento energ\u00e9tico -","robots":{"index":"index","follow":"follow","max-snippet":"max-snippet:-1","max-image-preview":"max-image-preview:large","max-video-preview":"max-video-preview:-1"},"canonical":"https:\/\/luchonoticias.com\/editor\/bogota-y-tres-departamentos-cerca-del-racionamiento-energetico\/","og_locale":"es_ES","og_type":"article","og_title":"Bogot\u00e1 y tres departamentos, cerca del racionamiento energ\u00e9tico -","og_url":"https:\/\/luchonoticias.com\/editor\/bogota-y-tres-departamentos-cerca-del-racionamiento-energetico\/","article_publisher":"https:\/\/www.facebook.com\/luchonoticiasneiva","article_published_time":"2024-05-07T19:06:42+00:00","og_image":[{"width":700,"height":400,"url":"https:\/\/luchonoticias.com\/editor\/wp-content\/uploads\/2024\/05\/energia.jpg","type":"image\/jpeg"}],"author":"Editor General","twitter_card":"summary_large_image","twitter_misc":{"Escrito por":"Editor General","Tiempo de lectura":"1 minuto"},"schema":{"@context":"https:\/\/schema.org","@graph":[{"@type":"Article","@id":"https:\/\/luchonoticias.com\/editor\/bogota-y-tres-departamentos-cerca-del-racionamiento-energetico\/#article","isPartOf":{"@id":"https:\/\/luchonoticias.com\/editor\/bogota-y-tres-departamentos-cerca-del-racionamiento-energetico\/"},"author":{"name":"Editor General","@id":"https:\/\/luchonoticias.com\/editor\/#\/schema\/person\/29217990ddf6f14e35912b2866d591fb"},"headline":"Bogot\u00e1 y tres departamentos, cerca del racionamiento energ\u00e9tico","datePublished":"2024-05-07T19:06:42+00:00","mainEntityOfPage":{"@id":"https:\/\/luchonoticias.com\/editor\/bogota-y-tres-departamentos-cerca-del-racionamiento-energetico\/"},"wordCount":235,"publisher":{"@id":"https:\/\/luchonoticias.com\/editor\/#\/schema\/person\/7a7fd911f58561fd056dbac7b55af9cd"},"image":{"@id":"https:\/\/luchonoticias.com\/editor\/bogota-y-tres-departamentos-cerca-del-racionamiento-energetico\/#primaryimage"},"thumbnailUrl":"https:\/\/luchonoticias.com\/editor\/wp-content\/uploads\/2024\/05\/energia.jpg","articleSection":["Actualidad"],"inLanguage":"es"},{"@type":"WebPage","@id":"https:\/\/luchonoticias.com\/editor\/bogota-y-tres-departamentos-cerca-del-racionamiento-energetico\/","url":"https:\/\/luchonoticias.com\/editor\/bogota-y-tres-departamentos-cerca-del-racionamiento-energetico\/","name":"Bogot\u00e1 y tres departamentos, cerca del racionamiento energ\u00e9tico -","isPartOf":{"@id":"https:\/\/luchonoticias.com\/editor\/#website"},"primaryImageOfPage":{"@id":"https:\/\/luchonoticias.com\/editor\/bogota-y-tres-departamentos-cerca-del-racionamiento-energetico\/#primaryimage"},"image":{"@id":"https:\/\/luchonoticias.com\/editor\/bogota-y-tres-departamentos-cerca-del-racionamiento-energetico\/#primaryimage"},"thumbnailUrl":"https:\/\/luchonoticias.com\/editor\/wp-content\/uploads\/2024\/05\/energia.jpg","datePublished":"2024-05-07T19:06:42+00:00","breadcrumb":{"@id":"https:\/\/luchonoticias.com\/editor\/bogota-y-tres-departamentos-cerca-del-racionamiento-energetico\/#breadcrumb"},"inLanguage":"es","potentialAction":[{"@type":"ReadAction","target":["https:\/\/luchonoticias.com\/editor\/bogota-y-tres-departamentos-cerca-del-racionamiento-energetico\/"]}]},{"@type":"ImageObject","inLanguage":"es","@id":"https:\/\/luchonoticias.com\/editor\/bogota-y-tres-departamentos-cerca-del-racionamiento-energetico\/#primaryimage","url":"https:\/\/luchonoticias.com\/editor\/wp-content\/uploads\/2024\/05\/energia.jpg","contentUrl":"https:\/\/luchonoticias.com\/editor\/wp-content\/uploads\/2024\/05\/energia.jpg","width":700,"height":400},{"@type":"BreadcrumbList","@id":"https:\/\/luchonoticias.com\/editor\/bogota-y-tres-departamentos-cerca-del-racionamiento-energetico\/#breadcrumb","itemListElement":[{"@type":"ListItem","position":1,"name":"Portada","item":"https:\/\/luchonoticias.com\/editor\/"},{"@type":"ListItem","position":2,"name":"Bogot\u00e1 y tres departamentos, cerca del racionamiento energ\u00e9tico"}]},{"@type":"WebSite","@id":"https:\/\/luchonoticias.com\/editor\/#website","url":"https:\/\/luchonoticias.com\/editor\/","name":"","description":"","publisher":{"@id":"https:\/\/luchonoticias.com\/editor\/#\/schema\/person\/7a7fd911f58561fd056dbac7b55af9cd"},"potentialAction":[{"@type":"SearchAction","target":{"@type":"EntryPoint","urlTemplate":"https:\/\/luchonoticias.com\/editor\/?s={search_term_string}"},"query-input":{"@type":"PropertyValueSpecification","valueRequired":true,"valueName":"search_term_string"}}],"inLanguage":"es"},{"@type":["Person","Organization"],"@id":"https:\/\/luchonoticias.com\/editor\/#\/schema\/person\/7a7fd911f58561fd056dbac7b55af9cd","name":"admin","image":{"@type":"ImageObject","inLanguage":"es","@id":"https:\/\/luchonoticias.com\/editor\/#\/schema\/person\/image\/","url":"https:\/\/luchonoticias.com\/editor\/wp-content\/uploads\/2024\/02\/cropped-cropped-logolu.webp","contentUrl":"https:\/\/luchonoticias.com\/editor\/wp-content\/uploads\/2024\/02\/cropped-cropped-logolu.webp","width":382,"height":170,"caption":"admin"},"logo":{"@id":"https:\/\/luchonoticias.com\/editor\/#\/schema\/person\/image\/"},"sameAs":["https:\/\/www.facebook.com\/luchonoticiasneiva"]},{"@type":"Person","@id":"https:\/\/luchonoticias.com\/editor\/#\/schema\/person\/29217990ddf6f14e35912b2866d591fb","name":"Editor General","image":{"@type":"ImageObject","inLanguage":"es","@id":"https:\/\/luchonoticias.com\/editor\/#\/schema\/person\/image\/","url":"https:\/\/luchonoticias.com\/editor\/wp-content\/uploads\/2024\/02\/cropped-cropped-logolu-150x150.webp","contentUrl":"https:\/\/luchonoticias.com\/editor\/wp-content\/uploads\/2024\/02\/cropped-cropped-logolu-150x150.webp","caption":"Editor General"},"sameAs":["https:\/\/luchonoticias.com\/"],"url":"https:\/\/luchonoticias.com\/editor\/author\/editor-general\/"}]}},"_links":{"self":[{"href":"https:\/\/luchonoticias.com\/editor\/wp-json\/wp\/v2\/posts\/72820","targetHints":{"allow":["GET"]}}],"collection":[{"href":"https:\/\/luchonoticias.com\/editor\/wp-json\/wp\/v2\/posts"}],"about":[{"href":"https:\/\/luchonoticias.com\/editor\/wp-json\/wp\/v2\/types\/post"}],"author":[{"embeddable":true,"href":"https:\/\/luchonoticias.com\/editor\/wp-json\/wp\/v2\/users\/2"}],"replies":[{"embeddable":true,"href":"https:\/\/luchonoticias.com\/editor\/wp-json\/wp\/v2\/comments?post=72820"}],"version-history":[{"count":0,"href":"https:\/\/luchonoticias.com\/editor\/wp-json\/wp\/v2\/posts\/72820\/revisions"}],"wp:featuredmedia":[{"embeddable":true,"href":"https:\/\/luchonoticias.com\/editor\/wp-json\/wp\/v2\/media\/72821"}],"wp:attachment":[{"href":"https:\/\/luchonoticias.com\/editor\/wp-json\/wp\/v2\/media?parent=72820"}],"wp:term":[{"taxonomy":"category","embeddable":true,"href":"https:\/\/luchonoticias.com\/editor\/wp-json\/wp\/v2\/categories?post=72820"},{"taxonomy":"post_tag","embeddable":true,"href":"https:\/\/luchonoticias.com\/editor\/wp-json\/wp\/v2\/tags?post=72820"}],"curies":[{"name":"wp","href":"https:\/\/api.w.org\/{rel}","templated":true}]}}