{"id":72825,"date":"2024-05-07T19:17:31","date_gmt":"2024-05-08T00:17:31","guid":{"rendered":"https:\/\/luchonoticias.com\/?p=72825"},"modified":"2024-05-07T19:17:31","modified_gmt":"2024-05-08T00:17:31","slug":"huilenses-invitados-a-observar-las-aves","status":"publish","type":"post","link":"https:\/\/luchonoticias.com\/editor\/huilenses-invitados-a-observar-las-aves\/","title":{"rendered":"Huilenses invitados a observar las aves"},"content":{"rendered":"<p>El Jard\u00edn Bot\u00e1nico de Neiva ser\u00e1 uno de los puntos de encuentro, este 11 de mayo, para los amantes de las aves y la naturaleza durante la celebraci\u00f3n del Global Big Day 2024. Este evento internacional, destinado al avistamiento y registro de aves, es la oportunidad perfecta para explorar y apreciar la biodiversidad de la regi\u00f3n.<\/p>\n<p>As\u00ed lo dio a conocer Sebasti\u00e1n Betancourth del Componente Ornitol\u00f3gico de la Corporaci\u00f3n Aut\u00f3noma Regional del Alto Magdalena \u2013 CAM quien indic\u00f3 que desde las 6:00 a.m., en todo el Huila los participantes se reunir\u00e1n en los diferentes ecosistemas que tiene el departamento y que son hogar de muchas especies de aves.<\/p>\n<p>En el sur del Huila la cita es en el humedal La Coneca ubicada en la finca Marengo, sede de la Territorial Sur de la CAM.<\/p>\n<p>\u201cGlobal Big Day es un evento de ciencia ciudadana que involucra a toda la comunidad y no espec\u00edficamente en temas de investigaci\u00f3n o acad\u00e9mico, sino que busca que se aporten datos para promover la conservaci\u00f3n de las aves\u201d, indic\u00f3 Sebasti\u00e1n Betancourth.<\/p>\n<p>El profesional de las aves dio a conocer que este a\u00f1o el objetivo del evento mundial es buscar las especies end\u00e9micas de cada regi\u00f3n y \u201cen el departamento tenemos 13 especies, que sumadas a las aves comunes que se encuentran en los diferentes ecosistemas se cumplir\u00e1 con el lema Global Big Day que indica que Cada Ave Cuenta\u201d, expres\u00f3 Betancourth.<\/p>\n<p><strong>Amantes de la naturaleza<\/strong><\/p>\n<p>La jornada est\u00e1 abierta no solo a los expertos en aves, sino tambi\u00e9n a toda la comunidad interesada en pasar un d\u00eda en la naturaleza y aprender m\u00e1s sobre la importancia de la conservaci\u00f3n de la avifauna.<\/p>\n<p>\u201cEste a\u00f1o tenemos un balance de participaci\u00f3n de cerca de 402 personas que integran organizaciones, grupos de monitoreo, instituciones y empresas p\u00fablicas y privadas en 24 municipios del departamento y eso es bastante positivo\u201d, expres\u00f3 el ornit\u00f3logo.<\/p>\n<p>Por lo que Betancourth asegur\u00f3 que si el a\u00f1o pasado con alrededor de 250 participantes de 20 municipios lograron registrar 462 especies de las 750 que existen en el Huila, este a\u00f1o con m\u00e1s participantes, se espera que aumente el n\u00famero de especies avistadas.<\/p>\n<p>Para esto la asociaci\u00f3n Ornitol\u00f3gica del Huila, encargada del conocimiento, desarrollo y divulgaci\u00f3n de la avifauna local y nacional, ha adelantado una serie de talleres virtuales para darle herramientas a la comunidad y que se apersone en esta b\u00fasqueda.<\/p>\n<p>\u201cEn abril hicimos cinco talleres virtuales para que las personas pudieran participar y conocer: qu\u00e9 es la observaci\u00f3n de aves, cu\u00e1les son las plataformas, c\u00f3mo identificar aves, incluso realizamos un conversatorio\u201d, asegur\u00f3 el ornit\u00f3logo.<\/p>\n<p>Temas como ciencia ciudadana, observaci\u00f3n de aves: conceptos b\u00e1sicos y herramientas, eBird y Merlin: Usos y recomendaciones y Estrategias para la conservaci\u00f3n de las aves del Huila hicieron parte de los talleres adelantados en el mes de abril.<\/p>\n<p>\u201cTenemos un grupo de exploradores con m\u00e1s experiencias, adem\u00e1s de la Buscat\u00f3n, que invita a los participantes a que busquen especies claves, es decir las end\u00e9micas, aunque tambi\u00e9n las que tenemos en el departamento que son carism\u00e1ticas o raras. El objetivo es buscar mientras se genera educaci\u00f3n ambiental\u201d, explic\u00f3 Sebasti\u00e1n.<\/p>\n","protected":false},"excerpt":{"rendered":"<p>El Jard\u00edn Bot\u00e1nico de Neiva ser\u00e1 uno de los puntos de encuentro, este 11 de mayo, para los amantes de las aves y la naturaleza durante la celebraci\u00f3n del Global Big Day 2024. Este evento internacional, destinado al avistamiento y registro de aves, es la oportunidad perfecta para explorar y apreciar la biodiversidad de la [&hellip;]<\/p>\n","protected":false},"author":2,"featured_media":72826,"comment_status":"closed","ping_status":"open","sticky":false,"template":"","format":"standard","meta":{"footnotes":""},"categories":[33],"tags":[],"class_list":["post-72825","post","type-post","status-publish","format-standard","has-post-thumbnail","hentry","category-huila"],"yoast_head":"<!-- This site is optimized with the Yoast SEO plugin v26.6 - https:\/\/yoast.com\/wordpress\/plugins\/seo\/ -->\n<title>Huilenses invitados a observar las aves -<\/title>\n<meta name=\"robots\" content=\"index, follow, max-snippet:-1, max-image-preview:large, max-video-preview:-1\" \/>\n<link rel=\"canonical\" href=\"https:\/\/luchonoticias.com\/editor\/huilenses-invitados-a-observar-las-aves\/\" \/>\n<meta property=\"og:locale\" content=\"es_ES\" \/>\n<meta property=\"og:type\" content=\"article\" \/>\n<meta property=\"og:title\" content=\"Huilenses invitados a observar las aves -\" \/>\n<meta property=\"og:url\" content=\"https:\/\/luchonoticias.com\/editor\/huilenses-invitados-a-observar-las-aves\/\" \/>\n<meta property=\"article:publisher\" content=\"https:\/\/www.facebook.com\/luchonoticiasneiva\" \/>\n<meta property=\"article:published_time\" content=\"2024-05-08T00:17:31+00:00\" \/>\n<meta property=\"og:image\" content=\"https:\/\/luchonoticias.com\/editor\/wp-content\/uploads\/2024\/05\/aves.jpg\" \/>\n\t<meta property=\"og:image:width\" content=\"700\" \/>\n\t<meta property=\"og:image:height\" content=\"400\" \/>\n\t<meta property=\"og:image:type\" content=\"image\/jpeg\" \/>\n<meta name=\"author\" content=\"Editor General\" \/>\n<meta name=\"twitter:card\" content=\"summary_large_image\" \/>\n<meta name=\"twitter:label1\" content=\"Escrito por\" \/>\n\t<meta name=\"twitter:data1\" content=\"Editor General\" \/>\n\t<meta name=\"twitter:label2\" content=\"Tiempo de lectura\" \/>\n\t<meta name=\"twitter:data2\" content=\"3 minutos\" \/>\n<script type=\"application\/ld+json\" class=\"yoast-schema-graph\">{\"@context\":\"https:\/\/schema.org\",\"@graph\":[{\"@type\":\"Article\",\"@id\":\"https:\/\/luchonoticias.com\/editor\/huilenses-invitados-a-observar-las-aves\/#article\",\"isPartOf\":{\"@id\":\"https:\/\/luchonoticias.com\/editor\/huilenses-invitados-a-observar-las-aves\/\"},\"author\":{\"name\":\"Editor General\",\"@id\":\"https:\/\/luchonoticias.com\/editor\/#\/schema\/person\/29217990ddf6f14e35912b2866d591fb\"},\"headline\":\"Huilenses invitados a observar las aves\",\"datePublished\":\"2024-05-08T00:17:31+00:00\",\"mainEntityOfPage\":{\"@id\":\"https:\/\/luchonoticias.com\/editor\/huilenses-invitados-a-observar-las-aves\/\"},\"wordCount\":562,\"publisher\":{\"@id\":\"https:\/\/luchonoticias.com\/editor\/#\/schema\/person\/7a7fd911f58561fd056dbac7b55af9cd\"},\"image\":{\"@id\":\"https:\/\/luchonoticias.com\/editor\/huilenses-invitados-a-observar-las-aves\/#primaryimage\"},\"thumbnailUrl\":\"https:\/\/luchonoticias.com\/editor\/wp-content\/uploads\/2024\/05\/aves.jpg\",\"articleSection\":[\"Huila\"],\"inLanguage\":\"es\"},{\"@type\":\"WebPage\",\"@id\":\"https:\/\/luchonoticias.com\/editor\/huilenses-invitados-a-observar-las-aves\/\",\"url\":\"https:\/\/luchonoticias.com\/editor\/huilenses-invitados-a-observar-las-aves\/\",\"name\":\"Huilenses invitados a observar las aves -\",\"isPartOf\":{\"@id\":\"https:\/\/luchonoticias.com\/editor\/#website\"},\"primaryImageOfPage\":{\"@id\":\"https:\/\/luchonoticias.com\/editor\/huilenses-invitados-a-observar-las-aves\/#primaryimage\"},\"image\":{\"@id\":\"https:\/\/luchonoticias.com\/editor\/huilenses-invitados-a-observar-las-aves\/#primaryimage\"},\"thumbnailUrl\":\"https:\/\/luchonoticias.com\/editor\/wp-content\/uploads\/2024\/05\/aves.jpg\",\"datePublished\":\"2024-05-08T00:17:31+00:00\",\"breadcrumb\":{\"@id\":\"https:\/\/luchonoticias.com\/editor\/huilenses-invitados-a-observar-las-aves\/#breadcrumb\"},\"inLanguage\":\"es\",\"potentialAction\":[{\"@type\":\"ReadAction\",\"target\":[\"https:\/\/luchonoticias.com\/editor\/huilenses-invitados-a-observar-las-aves\/\"]}]},{\"@type\":\"ImageObject\",\"inLanguage\":\"es\",\"@id\":\"https:\/\/luchonoticias.com\/editor\/huilenses-invitados-a-observar-las-aves\/#primaryimage\",\"url\":\"https:\/\/luchonoticias.com\/editor\/wp-content\/uploads\/2024\/05\/aves.jpg\",\"contentUrl\":\"https:\/\/luchonoticias.com\/editor\/wp-content\/uploads\/2024\/05\/aves.jpg\",\"width\":700,\"height\":400},{\"@type\":\"BreadcrumbList\",\"@id\":\"https:\/\/luchonoticias.com\/editor\/huilenses-invitados-a-observar-las-aves\/#breadcrumb\",\"itemListElement\":[{\"@type\":\"ListItem\",\"position\":1,\"name\":\"Portada\",\"item\":\"https:\/\/luchonoticias.com\/editor\/\"},{\"@type\":\"ListItem\",\"position\":2,\"name\":\"Huilenses invitados a observar las aves\"}]},{\"@type\":\"WebSite\",\"@id\":\"https:\/\/luchonoticias.com\/editor\/#website\",\"url\":\"https:\/\/luchonoticias.com\/editor\/\",\"name\":\"\",\"description\":\"\",\"publisher\":{\"@id\":\"https:\/\/luchonoticias.com\/editor\/#\/schema\/person\/7a7fd911f58561fd056dbac7b55af9cd\"},\"potentialAction\":[{\"@type\":\"SearchAction\",\"target\":{\"@type\":\"EntryPoint\",\"urlTemplate\":\"https:\/\/luchonoticias.com\/editor\/?s={search_term_string}\"},\"query-input\":{\"@type\":\"PropertyValueSpecification\",\"valueRequired\":true,\"valueName\":\"search_term_string\"}}],\"inLanguage\":\"es\"},{\"@type\":[\"Person\",\"Organization\"],\"@id\":\"https:\/\/luchonoticias.com\/editor\/#\/schema\/person\/7a7fd911f58561fd056dbac7b55af9cd\",\"name\":\"admin\",\"image\":{\"@type\":\"ImageObject\",\"inLanguage\":\"es\",\"@id\":\"https:\/\/luchonoticias.com\/editor\/#\/schema\/person\/image\/\",\"url\":\"https:\/\/luchonoticias.com\/editor\/wp-content\/uploads\/2024\/02\/cropped-cropped-logolu.webp\",\"contentUrl\":\"https:\/\/luchonoticias.com\/editor\/wp-content\/uploads\/2024\/02\/cropped-cropped-logolu.webp\",\"width\":382,\"height\":170,\"caption\":\"admin\"},\"logo\":{\"@id\":\"https:\/\/luchonoticias.com\/editor\/#\/schema\/person\/image\/\"},\"sameAs\":[\"https:\/\/www.facebook.com\/luchonoticiasneiva\"]},{\"@type\":\"Person\",\"@id\":\"https:\/\/luchonoticias.com\/editor\/#\/schema\/person\/29217990ddf6f14e35912b2866d591fb\",\"name\":\"Editor General\",\"image\":{\"@type\":\"ImageObject\",\"inLanguage\":\"es\",\"@id\":\"https:\/\/luchonoticias.com\/editor\/#\/schema\/person\/image\/\",\"url\":\"https:\/\/luchonoticias.com\/editor\/wp-content\/uploads\/2024\/02\/cropped-cropped-logolu-150x150.webp\",\"contentUrl\":\"https:\/\/luchonoticias.com\/editor\/wp-content\/uploads\/2024\/02\/cropped-cropped-logolu-150x150.webp\",\"caption\":\"Editor General\"},\"sameAs\":[\"https:\/\/luchonoticias.com\/\"],\"url\":\"https:\/\/luchonoticias.com\/editor\/author\/editor-general\/\"}]}<\/script>\n<!-- \/ Yoast SEO plugin. -->","yoast_head_json":{"title":"Huilenses invitados a observar las aves -","robots":{"index":"index","follow":"follow","max-snippet":"max-snippet:-1","max-image-preview":"max-image-preview:large","max-video-preview":"max-video-preview:-1"},"canonical":"https:\/\/luchonoticias.com\/editor\/huilenses-invitados-a-observar-las-aves\/","og_locale":"es_ES","og_type":"article","og_title":"Huilenses invitados a observar las aves -","og_url":"https:\/\/luchonoticias.com\/editor\/huilenses-invitados-a-observar-las-aves\/","article_publisher":"https:\/\/www.facebook.com\/luchonoticiasneiva","article_published_time":"2024-05-08T00:17:31+00:00","og_image":[{"width":700,"height":400,"url":"https:\/\/luchonoticias.com\/editor\/wp-content\/uploads\/2024\/05\/aves.jpg","type":"image\/jpeg"}],"author":"Editor General","twitter_card":"summary_large_image","twitter_misc":{"Escrito por":"Editor General","Tiempo de lectura":"3 minutos"},"schema":{"@context":"https:\/\/schema.org","@graph":[{"@type":"Article","@id":"https:\/\/luchonoticias.com\/editor\/huilenses-invitados-a-observar-las-aves\/#article","isPartOf":{"@id":"https:\/\/luchonoticias.com\/editor\/huilenses-invitados-a-observar-las-aves\/"},"author":{"name":"Editor General","@id":"https:\/\/luchonoticias.com\/editor\/#\/schema\/person\/29217990ddf6f14e35912b2866d591fb"},"headline":"Huilenses invitados a observar las aves","datePublished":"2024-05-08T00:17:31+00:00","mainEntityOfPage":{"@id":"https:\/\/luchonoticias.com\/editor\/huilenses-invitados-a-observar-las-aves\/"},"wordCount":562,"publisher":{"@id":"https:\/\/luchonoticias.com\/editor\/#\/schema\/person\/7a7fd911f58561fd056dbac7b55af9cd"},"image":{"@id":"https:\/\/luchonoticias.com\/editor\/huilenses-invitados-a-observar-las-aves\/#primaryimage"},"thumbnailUrl":"https:\/\/luchonoticias.com\/editor\/wp-content\/uploads\/2024\/05\/aves.jpg","articleSection":["Huila"],"inLanguage":"es"},{"@type":"WebPage","@id":"https:\/\/luchonoticias.com\/editor\/huilenses-invitados-a-observar-las-aves\/","url":"https:\/\/luchonoticias.com\/editor\/huilenses-invitados-a-observar-las-aves\/","name":"Huilenses invitados a observar las aves -","isPartOf":{"@id":"https:\/\/luchonoticias.com\/editor\/#website"},"primaryImageOfPage":{"@id":"https:\/\/luchonoticias.com\/editor\/huilenses-invitados-a-observar-las-aves\/#primaryimage"},"image":{"@id":"https:\/\/luchonoticias.com\/editor\/huilenses-invitados-a-observar-las-aves\/#primaryimage"},"thumbnailUrl":"https:\/\/luchonoticias.com\/editor\/wp-content\/uploads\/2024\/05\/aves.jpg","datePublished":"2024-05-08T00:17:31+00:00","breadcrumb":{"@id":"https:\/\/luchonoticias.com\/editor\/huilenses-invitados-a-observar-las-aves\/#breadcrumb"},"inLanguage":"es","potentialAction":[{"@type":"ReadAction","target":["https:\/\/luchonoticias.com\/editor\/huilenses-invitados-a-observar-las-aves\/"]}]},{"@type":"ImageObject","inLanguage":"es","@id":"https:\/\/luchonoticias.com\/editor\/huilenses-invitados-a-observar-las-aves\/#primaryimage","url":"https:\/\/luchonoticias.com\/editor\/wp-content\/uploads\/2024\/05\/aves.jpg","contentUrl":"https:\/\/luchonoticias.com\/editor\/wp-content\/uploads\/2024\/05\/aves.jpg","width":700,"height":400},{"@type":"BreadcrumbList","@id":"https:\/\/luchonoticias.com\/editor\/huilenses-invitados-a-observar-las-aves\/#breadcrumb","itemListElement":[{"@type":"ListItem","position":1,"name":"Portada","item":"https:\/\/luchonoticias.com\/editor\/"},{"@type":"ListItem","position":2,"name":"Huilenses invitados a observar las aves"}]},{"@type":"WebSite","@id":"https:\/\/luchonoticias.com\/editor\/#website","url":"https:\/\/luchonoticias.com\/editor\/","name":"","description":"","publisher":{"@id":"https:\/\/luchonoticias.com\/editor\/#\/schema\/person\/7a7fd911f58561fd056dbac7b55af9cd"},"potentialAction":[{"@type":"SearchAction","target":{"@type":"EntryPoint","urlTemplate":"https:\/\/luchonoticias.com\/editor\/?s={search_term_string}"},"query-input":{"@type":"PropertyValueSpecification","valueRequired":true,"valueName":"search_term_string"}}],"inLanguage":"es"},{"@type":["Person","Organization"],"@id":"https:\/\/luchonoticias.com\/editor\/#\/schema\/person\/7a7fd911f58561fd056dbac7b55af9cd","name":"admin","image":{"@type":"ImageObject","inLanguage":"es","@id":"https:\/\/luchonoticias.com\/editor\/#\/schema\/person\/image\/","url":"https:\/\/luchonoticias.com\/editor\/wp-content\/uploads\/2024\/02\/cropped-cropped-logolu.webp","contentUrl":"https:\/\/luchonoticias.com\/editor\/wp-content\/uploads\/2024\/02\/cropped-cropped-logolu.webp","width":382,"height":170,"caption":"admin"},"logo":{"@id":"https:\/\/luchonoticias.com\/editor\/#\/schema\/person\/image\/"},"sameAs":["https:\/\/www.facebook.com\/luchonoticiasneiva"]},{"@type":"Person","@id":"https:\/\/luchonoticias.com\/editor\/#\/schema\/person\/29217990ddf6f14e35912b2866d591fb","name":"Editor General","image":{"@type":"ImageObject","inLanguage":"es","@id":"https:\/\/luchonoticias.com\/editor\/#\/schema\/person\/image\/","url":"https:\/\/luchonoticias.com\/editor\/wp-content\/uploads\/2024\/02\/cropped-cropped-logolu-150x150.webp","contentUrl":"https:\/\/luchonoticias.com\/editor\/wp-content\/uploads\/2024\/02\/cropped-cropped-logolu-150x150.webp","caption":"Editor General"},"sameAs":["https:\/\/luchonoticias.com\/"],"url":"https:\/\/luchonoticias.com\/editor\/author\/editor-general\/"}]}},"_links":{"self":[{"href":"https:\/\/luchonoticias.com\/editor\/wp-json\/wp\/v2\/posts\/72825","targetHints":{"allow":["GET"]}}],"collection":[{"href":"https:\/\/luchonoticias.com\/editor\/wp-json\/wp\/v2\/posts"}],"about":[{"href":"https:\/\/luchonoticias.com\/editor\/wp-json\/wp\/v2\/types\/post"}],"author":[{"embeddable":true,"href":"https:\/\/luchonoticias.com\/editor\/wp-json\/wp\/v2\/users\/2"}],"replies":[{"embeddable":true,"href":"https:\/\/luchonoticias.com\/editor\/wp-json\/wp\/v2\/comments?post=72825"}],"version-history":[{"count":0,"href":"https:\/\/luchonoticias.com\/editor\/wp-json\/wp\/v2\/posts\/72825\/revisions"}],"wp:featuredmedia":[{"embeddable":true,"href":"https:\/\/luchonoticias.com\/editor\/wp-json\/wp\/v2\/media\/72826"}],"wp:attachment":[{"href":"https:\/\/luchonoticias.com\/editor\/wp-json\/wp\/v2\/media?parent=72825"}],"wp:term":[{"taxonomy":"category","embeddable":true,"href":"https:\/\/luchonoticias.com\/editor\/wp-json\/wp\/v2\/categories?post=72825"},{"taxonomy":"post_tag","embeddable":true,"href":"https:\/\/luchonoticias.com\/editor\/wp-json\/wp\/v2\/tags?post=72825"}],"curies":[{"name":"wp","href":"https:\/\/api.w.org\/{rel}","templated":true}]}}