{"id":72834,"date":"2024-05-08T05:33:03","date_gmt":"2024-05-08T10:33:03","guid":{"rendered":"https:\/\/luchonoticias.com\/?p=72834"},"modified":"2024-05-08T05:33:03","modified_gmt":"2024-05-08T10:33:03","slug":"procuraduria-destituye-e-inhabilita-al-superintendente-de-subsidio-familiar","status":"publish","type":"post","link":"https:\/\/luchonoticias.com\/editor\/procuraduria-destituye-e-inhabilita-al-superintendente-de-subsidio-familiar\/","title":{"rendered":"Procuradur\u00eda destituye e inhabilita al Superintendente de Subsidio Familiar"},"content":{"rendered":"<div>La Procuradur\u00eda General de la Naci\u00f3n sancion\u00f3 con\u00a0<strong>destituci\u00f3n e inhabilidad general de 12 a\u00f1os al Superintendente de Subsidio Familiar, Luis Guillermo P\u00e9rez Casas<\/strong>, por solicitar a las cajas vigiladas un aporte en dinero para la poblaci\u00f3n de Buenaventura, Valle del Cauca.<\/div>\n<div><\/div>\n<div>El \u00f3rgano de control tambi\u00e9n lo hall\u00f3 responsable, por las modificaciones realizadas a la lista de elegibles para los cargos de director administrativo y agentes interventores de las cajas de compensaci\u00f3n.<\/div>\n<div><\/div>\n<div>En fallo de primera instancia, el Ministerio P\u00fablico estableci\u00f3 que\u00a0<strong>P\u00e9rez\u00a0 solicit\u00f3\u00a0 dinero a cajas\u00a0 de compensaci\u00f3n vigiladas<\/strong>\u00a0e indic\u00f3\u00a0que al realizar esa petici\u00f3n de dinero ejerci\u00f3 las potestades de su cargo para una finalidad distinta a las establecidas en la ley, adem\u00e1s que\u00a0<strong>esa petici\u00f3n resulta inaceptable pues se hizo sobre entidades respecto de las cuales tiene a su cargo<\/strong>\u00a0la inspecci\u00f3n, vigilancia y control, \u201c<em>apart\u00e1ndose as\u00ed de los fines misionales de la Superintendencia de Subsidio Familiar, y por esa v\u00eda, de los mandatos a \u00e9l exigibles<\/em>\u201d.<\/div>\n<div><\/div>\n<div>P\u00e9rez Casas modific\u00f3, sin justificaci\u00f3n constitucional, legal o reglamentaria, la lista de elegibles mediante la variaci\u00f3n de los requisitos inicialmente exigidos, con lo que\u00a0<strong>fueron incluidas personas que no participaron en la convocatoria realizada en mayo de 2022 o que no cumpl\u00edan los requisitos m\u00ednimos para integrarla.\u00a0\u00a0<\/strong><\/div>\n<div><\/div>\n<div>Para el Ministerio P\u00fablico, el superintendente desconoci\u00f3 los principios de igualdad, legalidad y moralidad, pues disminuy\u00f3 los requisitos exigidos en la convocatoria original, con la finalidad de<strong>\u00a0incluir nuevos aspirantes en la lista de elegibles<\/strong>, que era definitiva, obligatoria e inmodificable, \u201c<em>con lo que cercen\u00f3 los derechos de quienes hac\u00edan parte de la lista de elegibles<\/em>\u201d.<\/div>\n<div><\/div>\n<div>Por esos hechos, la Procuradur\u00eda lo sancion\u00f3 por dos cargos disciplinarios, calificados como faltas grav\u00edsimas cometidas a t\u00edtulo de dolo.\u200b\u200b<\/div>\n","protected":false},"excerpt":{"rendered":"<p>La Procuradur\u00eda General de la Naci\u00f3n sancion\u00f3 con\u00a0destituci\u00f3n e inhabilidad general de 12 a\u00f1os al Superintendente de Subsidio Familiar, Luis Guillermo P\u00e9rez Casas, por solicitar a las cajas vigiladas un aporte en dinero para la poblaci\u00f3n de Buenaventura, Valle del Cauca. El \u00f3rgano de control tambi\u00e9n lo hall\u00f3 responsable, por las modificaciones realizadas a la [&hellip;]<\/p>\n","protected":false},"author":2,"featured_media":72835,"comment_status":"closed","ping_status":"open","sticky":false,"template":"","format":"standard","meta":{"footnotes":""},"categories":[28],"tags":[],"class_list":["post-72834","post","type-post","status-publish","format-standard","has-post-thumbnail","hentry","category-actualidad"],"yoast_head":"<!-- This site is optimized with the Yoast SEO plugin v26.6 - https:\/\/yoast.com\/wordpress\/plugins\/seo\/ -->\n<title>Procuradur\u00eda destituye e inhabilita al Superintendente de Subsidio Familiar -<\/title>\n<meta name=\"robots\" content=\"index, follow, max-snippet:-1, max-image-preview:large, max-video-preview:-1\" \/>\n<link rel=\"canonical\" href=\"https:\/\/luchonoticias.com\/editor\/procuraduria-destituye-e-inhabilita-al-superintendente-de-subsidio-familiar\/\" \/>\n<meta property=\"og:locale\" content=\"es_ES\" \/>\n<meta property=\"og:type\" content=\"article\" \/>\n<meta property=\"og:title\" content=\"Procuradur\u00eda destituye e inhabilita al Superintendente de Subsidio Familiar -\" \/>\n<meta property=\"og:url\" content=\"https:\/\/luchonoticias.com\/editor\/procuraduria-destituye-e-inhabilita-al-superintendente-de-subsidio-familiar\/\" \/>\n<meta property=\"article:publisher\" content=\"https:\/\/www.facebook.com\/luchonoticiasneiva\" \/>\n<meta property=\"article:published_time\" content=\"2024-05-08T10:33:03+00:00\" \/>\n<meta property=\"og:image\" content=\"https:\/\/luchonoticias.com\/editor\/wp-content\/uploads\/2024\/05\/luis-guillermo-perez.jpg\" \/>\n\t<meta property=\"og:image:width\" content=\"700\" \/>\n\t<meta property=\"og:image:height\" content=\"400\" \/>\n\t<meta property=\"og:image:type\" content=\"image\/jpeg\" \/>\n<meta name=\"author\" content=\"Editor General\" \/>\n<meta name=\"twitter:card\" content=\"summary_large_image\" \/>\n<meta name=\"twitter:label1\" content=\"Escrito por\" \/>\n\t<meta name=\"twitter:data1\" content=\"Editor General\" \/>\n\t<meta name=\"twitter:label2\" content=\"Tiempo de lectura\" \/>\n\t<meta name=\"twitter:data2\" content=\"2 minutos\" \/>\n<script type=\"application\/ld+json\" class=\"yoast-schema-graph\">{\"@context\":\"https:\/\/schema.org\",\"@graph\":[{\"@type\":\"Article\",\"@id\":\"https:\/\/luchonoticias.com\/editor\/procuraduria-destituye-e-inhabilita-al-superintendente-de-subsidio-familiar\/#article\",\"isPartOf\":{\"@id\":\"https:\/\/luchonoticias.com\/editor\/procuraduria-destituye-e-inhabilita-al-superintendente-de-subsidio-familiar\/\"},\"author\":{\"name\":\"Editor General\",\"@id\":\"https:\/\/luchonoticias.com\/editor\/#\/schema\/person\/29217990ddf6f14e35912b2866d591fb\"},\"headline\":\"Procuradur\u00eda destituye e inhabilita al Superintendente de Subsidio Familiar\",\"datePublished\":\"2024-05-08T10:33:03+00:00\",\"mainEntityOfPage\":{\"@id\":\"https:\/\/luchonoticias.com\/editor\/procuraduria-destituye-e-inhabilita-al-superintendente-de-subsidio-familiar\/\"},\"wordCount\":320,\"publisher\":{\"@id\":\"https:\/\/luchonoticias.com\/editor\/#\/schema\/person\/7a7fd911f58561fd056dbac7b55af9cd\"},\"image\":{\"@id\":\"https:\/\/luchonoticias.com\/editor\/procuraduria-destituye-e-inhabilita-al-superintendente-de-subsidio-familiar\/#primaryimage\"},\"thumbnailUrl\":\"https:\/\/luchonoticias.com\/editor\/wp-content\/uploads\/2024\/05\/luis-guillermo-perez.jpg\",\"articleSection\":[\"Actualidad\"],\"inLanguage\":\"es\"},{\"@type\":\"WebPage\",\"@id\":\"https:\/\/luchonoticias.com\/editor\/procuraduria-destituye-e-inhabilita-al-superintendente-de-subsidio-familiar\/\",\"url\":\"https:\/\/luchonoticias.com\/editor\/procuraduria-destituye-e-inhabilita-al-superintendente-de-subsidio-familiar\/\",\"name\":\"Procuradur\u00eda destituye e inhabilita al Superintendente de Subsidio Familiar -\",\"isPartOf\":{\"@id\":\"https:\/\/luchonoticias.com\/editor\/#website\"},\"primaryImageOfPage\":{\"@id\":\"https:\/\/luchonoticias.com\/editor\/procuraduria-destituye-e-inhabilita-al-superintendente-de-subsidio-familiar\/#primaryimage\"},\"image\":{\"@id\":\"https:\/\/luchonoticias.com\/editor\/procuraduria-destituye-e-inhabilita-al-superintendente-de-subsidio-familiar\/#primaryimage\"},\"thumbnailUrl\":\"https:\/\/luchonoticias.com\/editor\/wp-content\/uploads\/2024\/05\/luis-guillermo-perez.jpg\",\"datePublished\":\"2024-05-08T10:33:03+00:00\",\"breadcrumb\":{\"@id\":\"https:\/\/luchonoticias.com\/editor\/procuraduria-destituye-e-inhabilita-al-superintendente-de-subsidio-familiar\/#breadcrumb\"},\"inLanguage\":\"es\",\"potentialAction\":[{\"@type\":\"ReadAction\",\"target\":[\"https:\/\/luchonoticias.com\/editor\/procuraduria-destituye-e-inhabilita-al-superintendente-de-subsidio-familiar\/\"]}]},{\"@type\":\"ImageObject\",\"inLanguage\":\"es\",\"@id\":\"https:\/\/luchonoticias.com\/editor\/procuraduria-destituye-e-inhabilita-al-superintendente-de-subsidio-familiar\/#primaryimage\",\"url\":\"https:\/\/luchonoticias.com\/editor\/wp-content\/uploads\/2024\/05\/luis-guillermo-perez.jpg\",\"contentUrl\":\"https:\/\/luchonoticias.com\/editor\/wp-content\/uploads\/2024\/05\/luis-guillermo-perez.jpg\",\"width\":700,\"height\":400},{\"@type\":\"BreadcrumbList\",\"@id\":\"https:\/\/luchonoticias.com\/editor\/procuraduria-destituye-e-inhabilita-al-superintendente-de-subsidio-familiar\/#breadcrumb\",\"itemListElement\":[{\"@type\":\"ListItem\",\"position\":1,\"name\":\"Portada\",\"item\":\"https:\/\/luchonoticias.com\/editor\/\"},{\"@type\":\"ListItem\",\"position\":2,\"name\":\"Procuradur\u00eda destituye e inhabilita al Superintendente de Subsidio Familiar\"}]},{\"@type\":\"WebSite\",\"@id\":\"https:\/\/luchonoticias.com\/editor\/#website\",\"url\":\"https:\/\/luchonoticias.com\/editor\/\",\"name\":\"\",\"description\":\"\",\"publisher\":{\"@id\":\"https:\/\/luchonoticias.com\/editor\/#\/schema\/person\/7a7fd911f58561fd056dbac7b55af9cd\"},\"potentialAction\":[{\"@type\":\"SearchAction\",\"target\":{\"@type\":\"EntryPoint\",\"urlTemplate\":\"https:\/\/luchonoticias.com\/editor\/?s={search_term_string}\"},\"query-input\":{\"@type\":\"PropertyValueSpecification\",\"valueRequired\":true,\"valueName\":\"search_term_string\"}}],\"inLanguage\":\"es\"},{\"@type\":[\"Person\",\"Organization\"],\"@id\":\"https:\/\/luchonoticias.com\/editor\/#\/schema\/person\/7a7fd911f58561fd056dbac7b55af9cd\",\"name\":\"admin\",\"image\":{\"@type\":\"ImageObject\",\"inLanguage\":\"es\",\"@id\":\"https:\/\/luchonoticias.com\/editor\/#\/schema\/person\/image\/\",\"url\":\"https:\/\/luchonoticias.com\/editor\/wp-content\/uploads\/2024\/02\/cropped-cropped-logolu.webp\",\"contentUrl\":\"https:\/\/luchonoticias.com\/editor\/wp-content\/uploads\/2024\/02\/cropped-cropped-logolu.webp\",\"width\":382,\"height\":170,\"caption\":\"admin\"},\"logo\":{\"@id\":\"https:\/\/luchonoticias.com\/editor\/#\/schema\/person\/image\/\"},\"sameAs\":[\"https:\/\/www.facebook.com\/luchonoticiasneiva\"]},{\"@type\":\"Person\",\"@id\":\"https:\/\/luchonoticias.com\/editor\/#\/schema\/person\/29217990ddf6f14e35912b2866d591fb\",\"name\":\"Editor General\",\"image\":{\"@type\":\"ImageObject\",\"inLanguage\":\"es\",\"@id\":\"https:\/\/luchonoticias.com\/editor\/#\/schema\/person\/image\/\",\"url\":\"https:\/\/luchonoticias.com\/editor\/wp-content\/uploads\/2024\/02\/cropped-cropped-logolu-150x150.webp\",\"contentUrl\":\"https:\/\/luchonoticias.com\/editor\/wp-content\/uploads\/2024\/02\/cropped-cropped-logolu-150x150.webp\",\"caption\":\"Editor General\"},\"sameAs\":[\"https:\/\/luchonoticias.com\/\"],\"url\":\"https:\/\/luchonoticias.com\/editor\/author\/editor-general\/\"}]}<\/script>\n<!-- \/ Yoast SEO plugin. -->","yoast_head_json":{"title":"Procuradur\u00eda destituye e inhabilita al Superintendente de Subsidio Familiar -","robots":{"index":"index","follow":"follow","max-snippet":"max-snippet:-1","max-image-preview":"max-image-preview:large","max-video-preview":"max-video-preview:-1"},"canonical":"https:\/\/luchonoticias.com\/editor\/procuraduria-destituye-e-inhabilita-al-superintendente-de-subsidio-familiar\/","og_locale":"es_ES","og_type":"article","og_title":"Procuradur\u00eda destituye e inhabilita al Superintendente de Subsidio Familiar -","og_url":"https:\/\/luchonoticias.com\/editor\/procuraduria-destituye-e-inhabilita-al-superintendente-de-subsidio-familiar\/","article_publisher":"https:\/\/www.facebook.com\/luchonoticiasneiva","article_published_time":"2024-05-08T10:33:03+00:00","og_image":[{"width":700,"height":400,"url":"https:\/\/luchonoticias.com\/editor\/wp-content\/uploads\/2024\/05\/luis-guillermo-perez.jpg","type":"image\/jpeg"}],"author":"Editor General","twitter_card":"summary_large_image","twitter_misc":{"Escrito por":"Editor General","Tiempo de lectura":"2 minutos"},"schema":{"@context":"https:\/\/schema.org","@graph":[{"@type":"Article","@id":"https:\/\/luchonoticias.com\/editor\/procuraduria-destituye-e-inhabilita-al-superintendente-de-subsidio-familiar\/#article","isPartOf":{"@id":"https:\/\/luchonoticias.com\/editor\/procuraduria-destituye-e-inhabilita-al-superintendente-de-subsidio-familiar\/"},"author":{"name":"Editor General","@id":"https:\/\/luchonoticias.com\/editor\/#\/schema\/person\/29217990ddf6f14e35912b2866d591fb"},"headline":"Procuradur\u00eda destituye e inhabilita al Superintendente de Subsidio Familiar","datePublished":"2024-05-08T10:33:03+00:00","mainEntityOfPage":{"@id":"https:\/\/luchonoticias.com\/editor\/procuraduria-destituye-e-inhabilita-al-superintendente-de-subsidio-familiar\/"},"wordCount":320,"publisher":{"@id":"https:\/\/luchonoticias.com\/editor\/#\/schema\/person\/7a7fd911f58561fd056dbac7b55af9cd"},"image":{"@id":"https:\/\/luchonoticias.com\/editor\/procuraduria-destituye-e-inhabilita-al-superintendente-de-subsidio-familiar\/#primaryimage"},"thumbnailUrl":"https:\/\/luchonoticias.com\/editor\/wp-content\/uploads\/2024\/05\/luis-guillermo-perez.jpg","articleSection":["Actualidad"],"inLanguage":"es"},{"@type":"WebPage","@id":"https:\/\/luchonoticias.com\/editor\/procuraduria-destituye-e-inhabilita-al-superintendente-de-subsidio-familiar\/","url":"https:\/\/luchonoticias.com\/editor\/procuraduria-destituye-e-inhabilita-al-superintendente-de-subsidio-familiar\/","name":"Procuradur\u00eda destituye e inhabilita al Superintendente de Subsidio Familiar -","isPartOf":{"@id":"https:\/\/luchonoticias.com\/editor\/#website"},"primaryImageOfPage":{"@id":"https:\/\/luchonoticias.com\/editor\/procuraduria-destituye-e-inhabilita-al-superintendente-de-subsidio-familiar\/#primaryimage"},"image":{"@id":"https:\/\/luchonoticias.com\/editor\/procuraduria-destituye-e-inhabilita-al-superintendente-de-subsidio-familiar\/#primaryimage"},"thumbnailUrl":"https:\/\/luchonoticias.com\/editor\/wp-content\/uploads\/2024\/05\/luis-guillermo-perez.jpg","datePublished":"2024-05-08T10:33:03+00:00","breadcrumb":{"@id":"https:\/\/luchonoticias.com\/editor\/procuraduria-destituye-e-inhabilita-al-superintendente-de-subsidio-familiar\/#breadcrumb"},"inLanguage":"es","potentialAction":[{"@type":"ReadAction","target":["https:\/\/luchonoticias.com\/editor\/procuraduria-destituye-e-inhabilita-al-superintendente-de-subsidio-familiar\/"]}]},{"@type":"ImageObject","inLanguage":"es","@id":"https:\/\/luchonoticias.com\/editor\/procuraduria-destituye-e-inhabilita-al-superintendente-de-subsidio-familiar\/#primaryimage","url":"https:\/\/luchonoticias.com\/editor\/wp-content\/uploads\/2024\/05\/luis-guillermo-perez.jpg","contentUrl":"https:\/\/luchonoticias.com\/editor\/wp-content\/uploads\/2024\/05\/luis-guillermo-perez.jpg","width":700,"height":400},{"@type":"BreadcrumbList","@id":"https:\/\/luchonoticias.com\/editor\/procuraduria-destituye-e-inhabilita-al-superintendente-de-subsidio-familiar\/#breadcrumb","itemListElement":[{"@type":"ListItem","position":1,"name":"Portada","item":"https:\/\/luchonoticias.com\/editor\/"},{"@type":"ListItem","position":2,"name":"Procuradur\u00eda destituye e inhabilita al Superintendente de Subsidio Familiar"}]},{"@type":"WebSite","@id":"https:\/\/luchonoticias.com\/editor\/#website","url":"https:\/\/luchonoticias.com\/editor\/","name":"","description":"","publisher":{"@id":"https:\/\/luchonoticias.com\/editor\/#\/schema\/person\/7a7fd911f58561fd056dbac7b55af9cd"},"potentialAction":[{"@type":"SearchAction","target":{"@type":"EntryPoint","urlTemplate":"https:\/\/luchonoticias.com\/editor\/?s={search_term_string}"},"query-input":{"@type":"PropertyValueSpecification","valueRequired":true,"valueName":"search_term_string"}}],"inLanguage":"es"},{"@type":["Person","Organization"],"@id":"https:\/\/luchonoticias.com\/editor\/#\/schema\/person\/7a7fd911f58561fd056dbac7b55af9cd","name":"admin","image":{"@type":"ImageObject","inLanguage":"es","@id":"https:\/\/luchonoticias.com\/editor\/#\/schema\/person\/image\/","url":"https:\/\/luchonoticias.com\/editor\/wp-content\/uploads\/2024\/02\/cropped-cropped-logolu.webp","contentUrl":"https:\/\/luchonoticias.com\/editor\/wp-content\/uploads\/2024\/02\/cropped-cropped-logolu.webp","width":382,"height":170,"caption":"admin"},"logo":{"@id":"https:\/\/luchonoticias.com\/editor\/#\/schema\/person\/image\/"},"sameAs":["https:\/\/www.facebook.com\/luchonoticiasneiva"]},{"@type":"Person","@id":"https:\/\/luchonoticias.com\/editor\/#\/schema\/person\/29217990ddf6f14e35912b2866d591fb","name":"Editor General","image":{"@type":"ImageObject","inLanguage":"es","@id":"https:\/\/luchonoticias.com\/editor\/#\/schema\/person\/image\/","url":"https:\/\/luchonoticias.com\/editor\/wp-content\/uploads\/2024\/02\/cropped-cropped-logolu-150x150.webp","contentUrl":"https:\/\/luchonoticias.com\/editor\/wp-content\/uploads\/2024\/02\/cropped-cropped-logolu-150x150.webp","caption":"Editor General"},"sameAs":["https:\/\/luchonoticias.com\/"],"url":"https:\/\/luchonoticias.com\/editor\/author\/editor-general\/"}]}},"_links":{"self":[{"href":"https:\/\/luchonoticias.com\/editor\/wp-json\/wp\/v2\/posts\/72834","targetHints":{"allow":["GET"]}}],"collection":[{"href":"https:\/\/luchonoticias.com\/editor\/wp-json\/wp\/v2\/posts"}],"about":[{"href":"https:\/\/luchonoticias.com\/editor\/wp-json\/wp\/v2\/types\/post"}],"author":[{"embeddable":true,"href":"https:\/\/luchonoticias.com\/editor\/wp-json\/wp\/v2\/users\/2"}],"replies":[{"embeddable":true,"href":"https:\/\/luchonoticias.com\/editor\/wp-json\/wp\/v2\/comments?post=72834"}],"version-history":[{"count":0,"href":"https:\/\/luchonoticias.com\/editor\/wp-json\/wp\/v2\/posts\/72834\/revisions"}],"wp:featuredmedia":[{"embeddable":true,"href":"https:\/\/luchonoticias.com\/editor\/wp-json\/wp\/v2\/media\/72835"}],"wp:attachment":[{"href":"https:\/\/luchonoticias.com\/editor\/wp-json\/wp\/v2\/media?parent=72834"}],"wp:term":[{"taxonomy":"category","embeddable":true,"href":"https:\/\/luchonoticias.com\/editor\/wp-json\/wp\/v2\/categories?post=72834"},{"taxonomy":"post_tag","embeddable":true,"href":"https:\/\/luchonoticias.com\/editor\/wp-json\/wp\/v2\/tags?post=72834"}],"curies":[{"name":"wp","href":"https:\/\/api.w.org\/{rel}","templated":true}]}}