{"id":72837,"date":"2024-05-08T05:35:44","date_gmt":"2024-05-08T10:35:44","guid":{"rendered":"https:\/\/luchonoticias.com\/?p=72837"},"modified":"2024-05-08T05:35:44","modified_gmt":"2024-05-08T10:35:44","slug":"senado-prioriza-proyectos-en-este-mes","status":"publish","type":"post","link":"https:\/\/luchonoticias.com\/editor\/senado-prioriza-proyectos-en-este-mes\/","title":{"rendered":"Senado prioriza proyectos en este mes"},"content":{"rendered":"<p>La Comisi\u00f3n Segunda Constitucional del Senado tiene como prioridad, en el desarrollo de su agenda legislativa, la discusi\u00f3n y aprobaci\u00f3n en primer debate de proyectos de ley que tengan como objetivo beneficiar a los colombianos.<\/p>\n<p>La c\u00e9lula legislativa, por ejemplo, tiene programado abordar la iniciativa que busca incentivar los derechos y deberes de quienes presten el servicio militar obligatorio<\/p>\n<p>Tambi\u00e9n se discutir\u00e1 el proyecto que aprueba el Acuerdo Marco de Cooperaci\u00f3n entre el Gobierno Nacional y el Gobierno de la Rep\u00fablica de Turqu\u00eda, suscrito en Bogot\u00e1 el 10 de febrero de 2015, cuya autor\u00eda es del ministro de Relaciones Exteriores con ponencia del senador<strong>\u00a0Lidio Garc\u00eda Turbay<\/strong>, del\u00a0<strong>Partido Liberal.<\/strong><\/p>\n<p>Otra de las iniciativas busca autorizar al Banco de la Rep\u00fablica para que emita \u00a0y disponga \u00a0la elaboraci\u00f3n de una moneda met\u00e1lica de circulaci\u00f3n nacional y con fines conmemorativos en honor a los veteranos de la Fuerza P\u00fablica. La ponencia es del senador<strong>\u00a0Iv\u00e1n Le\u00f3nidas Name V\u00e1squez<\/strong>, del\u00a0<strong>Partido Alianza Verde.<\/strong><\/p>\n<p>De igual manera se busca rendir un homenaje a los habitantes del municipio de Surat\u00e1, departamento de Santander, por su aporte her\u00f3ico a la libertad y a la democracia de los colombianos. La senadora<strong>\u00a0Gloria In\u00e9s Fl\u00f3rez Schneider,\u00a0<\/strong>del\u00a0<strong>Partido Pacto Hist\u00f3rico<\/strong>, ser\u00e1 la ponente de la iniciativa.<\/p>\n<p>Finalmente se discutir\u00e1 el proyecto que busca eliminar el requisito de exigir la libreta militar para acceder al campo laboral, junto con el proyecto que fija \u00a0los lineamientos del r\u00e9gimen de carrera de los soldados profesionales e infantes de marina profesionales. Los Autores son los senadores\u00a0<strong>Jos\u00e9 Vicente Carre\u00f1o Castro\u00a0<\/strong>del\u00a0<strong>Partido Centro Democr\u00e1tico\u00a0<\/strong>y<strong>\u00a0Alejandro Chac\u00f3n\u00a0<\/strong>del\u00a0<strong>Partido Liberal,\u00a0<\/strong>respectivamente.<\/p>\n","protected":false},"excerpt":{"rendered":"<p>La Comisi\u00f3n Segunda Constitucional del Senado tiene como prioridad, en el desarrollo de su agenda legislativa, la discusi\u00f3n y aprobaci\u00f3n en primer debate de proyectos de ley que tengan como objetivo beneficiar a los colombianos. La c\u00e9lula legislativa, por ejemplo, tiene programado abordar la iniciativa que busca incentivar los derechos y deberes de quienes presten [&hellip;]<\/p>\n","protected":false},"author":2,"featured_media":72838,"comment_status":"closed","ping_status":"open","sticky":false,"template":"","format":"standard","meta":{"footnotes":""},"categories":[28],"tags":[],"class_list":["post-72837","post","type-post","status-publish","format-standard","has-post-thumbnail","hentry","category-actualidad"],"yoast_head":"<!-- This site is optimized with the Yoast SEO plugin v26.6 - https:\/\/yoast.com\/wordpress\/plugins\/seo\/ -->\n<title>Senado prioriza proyectos en este mes -<\/title>\n<meta name=\"robots\" content=\"index, follow, max-snippet:-1, max-image-preview:large, max-video-preview:-1\" \/>\n<link rel=\"canonical\" href=\"https:\/\/luchonoticias.com\/editor\/senado-prioriza-proyectos-en-este-mes\/\" \/>\n<meta property=\"og:locale\" content=\"es_ES\" \/>\n<meta property=\"og:type\" content=\"article\" \/>\n<meta property=\"og:title\" content=\"Senado prioriza proyectos en este mes -\" \/>\n<meta property=\"og:url\" content=\"https:\/\/luchonoticias.com\/editor\/senado-prioriza-proyectos-en-este-mes\/\" \/>\n<meta property=\"article:publisher\" content=\"https:\/\/www.facebook.com\/luchonoticiasneiva\" \/>\n<meta property=\"article:published_time\" content=\"2024-05-08T10:35:44+00:00\" \/>\n<meta property=\"og:image\" content=\"https:\/\/luchonoticias.com\/editor\/wp-content\/uploads\/2024\/05\/senado-1.jpg\" \/>\n\t<meta property=\"og:image:width\" content=\"700\" \/>\n\t<meta property=\"og:image:height\" content=\"400\" \/>\n\t<meta property=\"og:image:type\" content=\"image\/jpeg\" \/>\n<meta name=\"author\" content=\"Editor General\" \/>\n<meta name=\"twitter:card\" content=\"summary_large_image\" \/>\n<meta name=\"twitter:label1\" content=\"Escrito por\" \/>\n\t<meta name=\"twitter:data1\" content=\"Editor General\" \/>\n\t<meta name=\"twitter:label2\" content=\"Tiempo de lectura\" \/>\n\t<meta name=\"twitter:data2\" content=\"1 minuto\" \/>\n<script type=\"application\/ld+json\" class=\"yoast-schema-graph\">{\"@context\":\"https:\/\/schema.org\",\"@graph\":[{\"@type\":\"Article\",\"@id\":\"https:\/\/luchonoticias.com\/editor\/senado-prioriza-proyectos-en-este-mes\/#article\",\"isPartOf\":{\"@id\":\"https:\/\/luchonoticias.com\/editor\/senado-prioriza-proyectos-en-este-mes\/\"},\"author\":{\"name\":\"Editor General\",\"@id\":\"https:\/\/luchonoticias.com\/editor\/#\/schema\/person\/29217990ddf6f14e35912b2866d591fb\"},\"headline\":\"Senado prioriza proyectos en este mes\",\"datePublished\":\"2024-05-08T10:35:44+00:00\",\"mainEntityOfPage\":{\"@id\":\"https:\/\/luchonoticias.com\/editor\/senado-prioriza-proyectos-en-este-mes\/\"},\"wordCount\":300,\"publisher\":{\"@id\":\"https:\/\/luchonoticias.com\/editor\/#\/schema\/person\/7a7fd911f58561fd056dbac7b55af9cd\"},\"image\":{\"@id\":\"https:\/\/luchonoticias.com\/editor\/senado-prioriza-proyectos-en-este-mes\/#primaryimage\"},\"thumbnailUrl\":\"https:\/\/luchonoticias.com\/editor\/wp-content\/uploads\/2024\/05\/senado-1.jpg\",\"articleSection\":[\"Actualidad\"],\"inLanguage\":\"es\"},{\"@type\":\"WebPage\",\"@id\":\"https:\/\/luchonoticias.com\/editor\/senado-prioriza-proyectos-en-este-mes\/\",\"url\":\"https:\/\/luchonoticias.com\/editor\/senado-prioriza-proyectos-en-este-mes\/\",\"name\":\"Senado prioriza proyectos en este mes -\",\"isPartOf\":{\"@id\":\"https:\/\/luchonoticias.com\/editor\/#website\"},\"primaryImageOfPage\":{\"@id\":\"https:\/\/luchonoticias.com\/editor\/senado-prioriza-proyectos-en-este-mes\/#primaryimage\"},\"image\":{\"@id\":\"https:\/\/luchonoticias.com\/editor\/senado-prioriza-proyectos-en-este-mes\/#primaryimage\"},\"thumbnailUrl\":\"https:\/\/luchonoticias.com\/editor\/wp-content\/uploads\/2024\/05\/senado-1.jpg\",\"datePublished\":\"2024-05-08T10:35:44+00:00\",\"breadcrumb\":{\"@id\":\"https:\/\/luchonoticias.com\/editor\/senado-prioriza-proyectos-en-este-mes\/#breadcrumb\"},\"inLanguage\":\"es\",\"potentialAction\":[{\"@type\":\"ReadAction\",\"target\":[\"https:\/\/luchonoticias.com\/editor\/senado-prioriza-proyectos-en-este-mes\/\"]}]},{\"@type\":\"ImageObject\",\"inLanguage\":\"es\",\"@id\":\"https:\/\/luchonoticias.com\/editor\/senado-prioriza-proyectos-en-este-mes\/#primaryimage\",\"url\":\"https:\/\/luchonoticias.com\/editor\/wp-content\/uploads\/2024\/05\/senado-1.jpg\",\"contentUrl\":\"https:\/\/luchonoticias.com\/editor\/wp-content\/uploads\/2024\/05\/senado-1.jpg\",\"width\":700,\"height\":400},{\"@type\":\"BreadcrumbList\",\"@id\":\"https:\/\/luchonoticias.com\/editor\/senado-prioriza-proyectos-en-este-mes\/#breadcrumb\",\"itemListElement\":[{\"@type\":\"ListItem\",\"position\":1,\"name\":\"Portada\",\"item\":\"https:\/\/luchonoticias.com\/editor\/\"},{\"@type\":\"ListItem\",\"position\":2,\"name\":\"Senado prioriza proyectos en este mes\"}]},{\"@type\":\"WebSite\",\"@id\":\"https:\/\/luchonoticias.com\/editor\/#website\",\"url\":\"https:\/\/luchonoticias.com\/editor\/\",\"name\":\"\",\"description\":\"\",\"publisher\":{\"@id\":\"https:\/\/luchonoticias.com\/editor\/#\/schema\/person\/7a7fd911f58561fd056dbac7b55af9cd\"},\"potentialAction\":[{\"@type\":\"SearchAction\",\"target\":{\"@type\":\"EntryPoint\",\"urlTemplate\":\"https:\/\/luchonoticias.com\/editor\/?s={search_term_string}\"},\"query-input\":{\"@type\":\"PropertyValueSpecification\",\"valueRequired\":true,\"valueName\":\"search_term_string\"}}],\"inLanguage\":\"es\"},{\"@type\":[\"Person\",\"Organization\"],\"@id\":\"https:\/\/luchonoticias.com\/editor\/#\/schema\/person\/7a7fd911f58561fd056dbac7b55af9cd\",\"name\":\"admin\",\"image\":{\"@type\":\"ImageObject\",\"inLanguage\":\"es\",\"@id\":\"https:\/\/luchonoticias.com\/editor\/#\/schema\/person\/image\/\",\"url\":\"https:\/\/luchonoticias.com\/editor\/wp-content\/uploads\/2024\/02\/cropped-cropped-logolu.webp\",\"contentUrl\":\"https:\/\/luchonoticias.com\/editor\/wp-content\/uploads\/2024\/02\/cropped-cropped-logolu.webp\",\"width\":382,\"height\":170,\"caption\":\"admin\"},\"logo\":{\"@id\":\"https:\/\/luchonoticias.com\/editor\/#\/schema\/person\/image\/\"},\"sameAs\":[\"https:\/\/www.facebook.com\/luchonoticiasneiva\"]},{\"@type\":\"Person\",\"@id\":\"https:\/\/luchonoticias.com\/editor\/#\/schema\/person\/29217990ddf6f14e35912b2866d591fb\",\"name\":\"Editor General\",\"image\":{\"@type\":\"ImageObject\",\"inLanguage\":\"es\",\"@id\":\"https:\/\/luchonoticias.com\/editor\/#\/schema\/person\/image\/\",\"url\":\"https:\/\/luchonoticias.com\/editor\/wp-content\/uploads\/2024\/02\/cropped-cropped-logolu-150x150.webp\",\"contentUrl\":\"https:\/\/luchonoticias.com\/editor\/wp-content\/uploads\/2024\/02\/cropped-cropped-logolu-150x150.webp\",\"caption\":\"Editor General\"},\"sameAs\":[\"https:\/\/luchonoticias.com\/\"],\"url\":\"https:\/\/luchonoticias.com\/editor\/author\/editor-general\/\"}]}<\/script>\n<!-- \/ Yoast SEO plugin. -->","yoast_head_json":{"title":"Senado prioriza proyectos en este mes -","robots":{"index":"index","follow":"follow","max-snippet":"max-snippet:-1","max-image-preview":"max-image-preview:large","max-video-preview":"max-video-preview:-1"},"canonical":"https:\/\/luchonoticias.com\/editor\/senado-prioriza-proyectos-en-este-mes\/","og_locale":"es_ES","og_type":"article","og_title":"Senado prioriza proyectos en este mes -","og_url":"https:\/\/luchonoticias.com\/editor\/senado-prioriza-proyectos-en-este-mes\/","article_publisher":"https:\/\/www.facebook.com\/luchonoticiasneiva","article_published_time":"2024-05-08T10:35:44+00:00","og_image":[{"width":700,"height":400,"url":"https:\/\/luchonoticias.com\/editor\/wp-content\/uploads\/2024\/05\/senado-1.jpg","type":"image\/jpeg"}],"author":"Editor General","twitter_card":"summary_large_image","twitter_misc":{"Escrito por":"Editor General","Tiempo de lectura":"1 minuto"},"schema":{"@context":"https:\/\/schema.org","@graph":[{"@type":"Article","@id":"https:\/\/luchonoticias.com\/editor\/senado-prioriza-proyectos-en-este-mes\/#article","isPartOf":{"@id":"https:\/\/luchonoticias.com\/editor\/senado-prioriza-proyectos-en-este-mes\/"},"author":{"name":"Editor General","@id":"https:\/\/luchonoticias.com\/editor\/#\/schema\/person\/29217990ddf6f14e35912b2866d591fb"},"headline":"Senado prioriza proyectos en este mes","datePublished":"2024-05-08T10:35:44+00:00","mainEntityOfPage":{"@id":"https:\/\/luchonoticias.com\/editor\/senado-prioriza-proyectos-en-este-mes\/"},"wordCount":300,"publisher":{"@id":"https:\/\/luchonoticias.com\/editor\/#\/schema\/person\/7a7fd911f58561fd056dbac7b55af9cd"},"image":{"@id":"https:\/\/luchonoticias.com\/editor\/senado-prioriza-proyectos-en-este-mes\/#primaryimage"},"thumbnailUrl":"https:\/\/luchonoticias.com\/editor\/wp-content\/uploads\/2024\/05\/senado-1.jpg","articleSection":["Actualidad"],"inLanguage":"es"},{"@type":"WebPage","@id":"https:\/\/luchonoticias.com\/editor\/senado-prioriza-proyectos-en-este-mes\/","url":"https:\/\/luchonoticias.com\/editor\/senado-prioriza-proyectos-en-este-mes\/","name":"Senado prioriza proyectos en este mes -","isPartOf":{"@id":"https:\/\/luchonoticias.com\/editor\/#website"},"primaryImageOfPage":{"@id":"https:\/\/luchonoticias.com\/editor\/senado-prioriza-proyectos-en-este-mes\/#primaryimage"},"image":{"@id":"https:\/\/luchonoticias.com\/editor\/senado-prioriza-proyectos-en-este-mes\/#primaryimage"},"thumbnailUrl":"https:\/\/luchonoticias.com\/editor\/wp-content\/uploads\/2024\/05\/senado-1.jpg","datePublished":"2024-05-08T10:35:44+00:00","breadcrumb":{"@id":"https:\/\/luchonoticias.com\/editor\/senado-prioriza-proyectos-en-este-mes\/#breadcrumb"},"inLanguage":"es","potentialAction":[{"@type":"ReadAction","target":["https:\/\/luchonoticias.com\/editor\/senado-prioriza-proyectos-en-este-mes\/"]}]},{"@type":"ImageObject","inLanguage":"es","@id":"https:\/\/luchonoticias.com\/editor\/senado-prioriza-proyectos-en-este-mes\/#primaryimage","url":"https:\/\/luchonoticias.com\/editor\/wp-content\/uploads\/2024\/05\/senado-1.jpg","contentUrl":"https:\/\/luchonoticias.com\/editor\/wp-content\/uploads\/2024\/05\/senado-1.jpg","width":700,"height":400},{"@type":"BreadcrumbList","@id":"https:\/\/luchonoticias.com\/editor\/senado-prioriza-proyectos-en-este-mes\/#breadcrumb","itemListElement":[{"@type":"ListItem","position":1,"name":"Portada","item":"https:\/\/luchonoticias.com\/editor\/"},{"@type":"ListItem","position":2,"name":"Senado prioriza proyectos en este mes"}]},{"@type":"WebSite","@id":"https:\/\/luchonoticias.com\/editor\/#website","url":"https:\/\/luchonoticias.com\/editor\/","name":"","description":"","publisher":{"@id":"https:\/\/luchonoticias.com\/editor\/#\/schema\/person\/7a7fd911f58561fd056dbac7b55af9cd"},"potentialAction":[{"@type":"SearchAction","target":{"@type":"EntryPoint","urlTemplate":"https:\/\/luchonoticias.com\/editor\/?s={search_term_string}"},"query-input":{"@type":"PropertyValueSpecification","valueRequired":true,"valueName":"search_term_string"}}],"inLanguage":"es"},{"@type":["Person","Organization"],"@id":"https:\/\/luchonoticias.com\/editor\/#\/schema\/person\/7a7fd911f58561fd056dbac7b55af9cd","name":"admin","image":{"@type":"ImageObject","inLanguage":"es","@id":"https:\/\/luchonoticias.com\/editor\/#\/schema\/person\/image\/","url":"https:\/\/luchonoticias.com\/editor\/wp-content\/uploads\/2024\/02\/cropped-cropped-logolu.webp","contentUrl":"https:\/\/luchonoticias.com\/editor\/wp-content\/uploads\/2024\/02\/cropped-cropped-logolu.webp","width":382,"height":170,"caption":"admin"},"logo":{"@id":"https:\/\/luchonoticias.com\/editor\/#\/schema\/person\/image\/"},"sameAs":["https:\/\/www.facebook.com\/luchonoticiasneiva"]},{"@type":"Person","@id":"https:\/\/luchonoticias.com\/editor\/#\/schema\/person\/29217990ddf6f14e35912b2866d591fb","name":"Editor General","image":{"@type":"ImageObject","inLanguage":"es","@id":"https:\/\/luchonoticias.com\/editor\/#\/schema\/person\/image\/","url":"https:\/\/luchonoticias.com\/editor\/wp-content\/uploads\/2024\/02\/cropped-cropped-logolu-150x150.webp","contentUrl":"https:\/\/luchonoticias.com\/editor\/wp-content\/uploads\/2024\/02\/cropped-cropped-logolu-150x150.webp","caption":"Editor General"},"sameAs":["https:\/\/luchonoticias.com\/"],"url":"https:\/\/luchonoticias.com\/editor\/author\/editor-general\/"}]}},"_links":{"self":[{"href":"https:\/\/luchonoticias.com\/editor\/wp-json\/wp\/v2\/posts\/72837","targetHints":{"allow":["GET"]}}],"collection":[{"href":"https:\/\/luchonoticias.com\/editor\/wp-json\/wp\/v2\/posts"}],"about":[{"href":"https:\/\/luchonoticias.com\/editor\/wp-json\/wp\/v2\/types\/post"}],"author":[{"embeddable":true,"href":"https:\/\/luchonoticias.com\/editor\/wp-json\/wp\/v2\/users\/2"}],"replies":[{"embeddable":true,"href":"https:\/\/luchonoticias.com\/editor\/wp-json\/wp\/v2\/comments?post=72837"}],"version-history":[{"count":0,"href":"https:\/\/luchonoticias.com\/editor\/wp-json\/wp\/v2\/posts\/72837\/revisions"}],"wp:featuredmedia":[{"embeddable":true,"href":"https:\/\/luchonoticias.com\/editor\/wp-json\/wp\/v2\/media\/72838"}],"wp:attachment":[{"href":"https:\/\/luchonoticias.com\/editor\/wp-json\/wp\/v2\/media?parent=72837"}],"wp:term":[{"taxonomy":"category","embeddable":true,"href":"https:\/\/luchonoticias.com\/editor\/wp-json\/wp\/v2\/categories?post=72837"},{"taxonomy":"post_tag","embeddable":true,"href":"https:\/\/luchonoticias.com\/editor\/wp-json\/wp\/v2\/tags?post=72837"}],"curies":[{"name":"wp","href":"https:\/\/api.w.org\/{rel}","templated":true}]}}