{"id":72840,"date":"2024-05-08T08:29:47","date_gmt":"2024-05-08T13:29:47","guid":{"rendered":"https:\/\/luchonoticias.com\/?p=72840"},"modified":"2024-05-08T08:29:47","modified_gmt":"2024-05-08T13:29:47","slug":"copa-departamental-de-futbol-playa-tuvo-su-segunda-fecha","status":"publish","type":"post","link":"https:\/\/luchonoticias.com\/editor\/copa-departamental-de-futbol-playa-tuvo-su-segunda-fecha\/","title":{"rendered":"Copa Departamental de f\u00fatbol playa tuvo su segunda fecha"},"content":{"rendered":"<p>El pasado fin de semana la cancha del complejo deportivo Sport House fue escenario de la segunda fecha de la Copa Departamental de f\u00fatbol playa, jornada que dej\u00f3 86 goles anotados.<\/p>\n<p>Ya en lo que respecta a la jornada, el grupo A protagoniza un cabeza a cabeza entre Urban Style y Quality que llevan dos partidos ganados; por los lados del grupo B el l\u00edder en solitario es Perfumer\u00eda Sasa que gole\u00f3 y mantiene su invicto.<\/p>\n<p>A continuaci\u00f3n los resultados de la jornada:<\/p>\n<p>Urban Style 10:8 Nuevas Generaciones<\/p>\n<p>Kappa 9:7 Uni\u00f3n Opita<\/p>\n<p>Quality 8:6 Carlago<\/p>\n<p>Perfumer\u00eda Sasa 9:0 Depor<\/p>\n<p>Utrahuilca 7:6 Comercializadora Opita<\/p>\n<p>Aston Huila 10:6 Leones Huila<\/p>\n<p>FOTO: F\u00fatbol en Acci\u00f3n<\/p>\n","protected":false},"excerpt":{"rendered":"<p>El pasado fin de semana la cancha del complejo deportivo Sport House fue escenario de la segunda fecha de la Copa Departamental de f\u00fatbol playa, jornada que dej\u00f3 86 goles anotados. Ya en lo que respecta a la jornada, el grupo A protagoniza un cabeza a cabeza entre Urban Style y Quality que llevan dos [&hellip;]<\/p>\n","protected":false},"author":2,"featured_media":72841,"comment_status":"closed","ping_status":"open","sticky":false,"template":"","format":"standard","meta":{"footnotes":""},"categories":[34],"tags":[],"class_list":["post-72840","post","type-post","status-publish","format-standard","has-post-thumbnail","hentry","category-deportes"],"yoast_head":"<!-- This site is optimized with the Yoast SEO plugin v26.6 - https:\/\/yoast.com\/wordpress\/plugins\/seo\/ -->\n<title>Copa Departamental de f\u00fatbol playa tuvo su segunda fecha -<\/title>\n<meta name=\"robots\" content=\"index, follow, max-snippet:-1, max-image-preview:large, max-video-preview:-1\" \/>\n<link rel=\"canonical\" href=\"https:\/\/luchonoticias.com\/editor\/copa-departamental-de-futbol-playa-tuvo-su-segunda-fecha\/\" \/>\n<meta property=\"og:locale\" content=\"es_ES\" \/>\n<meta property=\"og:type\" content=\"article\" \/>\n<meta property=\"og:title\" content=\"Copa Departamental de f\u00fatbol playa tuvo su segunda fecha -\" \/>\n<meta property=\"og:url\" content=\"https:\/\/luchonoticias.com\/editor\/copa-departamental-de-futbol-playa-tuvo-su-segunda-fecha\/\" \/>\n<meta property=\"article:publisher\" content=\"https:\/\/www.facebook.com\/luchonoticiasneiva\" \/>\n<meta property=\"article:published_time\" content=\"2024-05-08T13:29:47+00:00\" \/>\n<meta property=\"og:image\" content=\"https:\/\/luchonoticias.com\/editor\/wp-content\/uploads\/2024\/05\/438164042_970778478389061_7718181374991401450_n.jpg\" \/>\n\t<meta property=\"og:image:width\" content=\"2048\" \/>\n\t<meta property=\"og:image:height\" content=\"1536\" \/>\n\t<meta property=\"og:image:type\" content=\"image\/jpeg\" \/>\n<meta name=\"author\" content=\"Editor General\" \/>\n<meta name=\"twitter:card\" content=\"summary_large_image\" \/>\n<meta name=\"twitter:label1\" content=\"Escrito por\" \/>\n\t<meta name=\"twitter:data1\" content=\"Editor General\" \/>\n\t<meta name=\"twitter:label2\" content=\"Tiempo de lectura\" \/>\n\t<meta name=\"twitter:data2\" content=\"1 minuto\" \/>\n<script type=\"application\/ld+json\" class=\"yoast-schema-graph\">{\"@context\":\"https:\/\/schema.org\",\"@graph\":[{\"@type\":\"Article\",\"@id\":\"https:\/\/luchonoticias.com\/editor\/copa-departamental-de-futbol-playa-tuvo-su-segunda-fecha\/#article\",\"isPartOf\":{\"@id\":\"https:\/\/luchonoticias.com\/editor\/copa-departamental-de-futbol-playa-tuvo-su-segunda-fecha\/\"},\"author\":{\"name\":\"Editor General\",\"@id\":\"https:\/\/luchonoticias.com\/editor\/#\/schema\/person\/29217990ddf6f14e35912b2866d591fb\"},\"headline\":\"Copa Departamental de f\u00fatbol playa tuvo su segunda fecha\",\"datePublished\":\"2024-05-08T13:29:47+00:00\",\"mainEntityOfPage\":{\"@id\":\"https:\/\/luchonoticias.com\/editor\/copa-departamental-de-futbol-playa-tuvo-su-segunda-fecha\/\"},\"wordCount\":123,\"publisher\":{\"@id\":\"https:\/\/luchonoticias.com\/editor\/#\/schema\/person\/7a7fd911f58561fd056dbac7b55af9cd\"},\"image\":{\"@id\":\"https:\/\/luchonoticias.com\/editor\/copa-departamental-de-futbol-playa-tuvo-su-segunda-fecha\/#primaryimage\"},\"thumbnailUrl\":\"https:\/\/luchonoticias.com\/editor\/wp-content\/uploads\/2024\/05\/438164042_970778478389061_7718181374991401450_n.jpg\",\"articleSection\":[\"Deportes\"],\"inLanguage\":\"es\"},{\"@type\":\"WebPage\",\"@id\":\"https:\/\/luchonoticias.com\/editor\/copa-departamental-de-futbol-playa-tuvo-su-segunda-fecha\/\",\"url\":\"https:\/\/luchonoticias.com\/editor\/copa-departamental-de-futbol-playa-tuvo-su-segunda-fecha\/\",\"name\":\"Copa Departamental de f\u00fatbol playa tuvo su segunda fecha -\",\"isPartOf\":{\"@id\":\"https:\/\/luchonoticias.com\/editor\/#website\"},\"primaryImageOfPage\":{\"@id\":\"https:\/\/luchonoticias.com\/editor\/copa-departamental-de-futbol-playa-tuvo-su-segunda-fecha\/#primaryimage\"},\"image\":{\"@id\":\"https:\/\/luchonoticias.com\/editor\/copa-departamental-de-futbol-playa-tuvo-su-segunda-fecha\/#primaryimage\"},\"thumbnailUrl\":\"https:\/\/luchonoticias.com\/editor\/wp-content\/uploads\/2024\/05\/438164042_970778478389061_7718181374991401450_n.jpg\",\"datePublished\":\"2024-05-08T13:29:47+00:00\",\"breadcrumb\":{\"@id\":\"https:\/\/luchonoticias.com\/editor\/copa-departamental-de-futbol-playa-tuvo-su-segunda-fecha\/#breadcrumb\"},\"inLanguage\":\"es\",\"potentialAction\":[{\"@type\":\"ReadAction\",\"target\":[\"https:\/\/luchonoticias.com\/editor\/copa-departamental-de-futbol-playa-tuvo-su-segunda-fecha\/\"]}]},{\"@type\":\"ImageObject\",\"inLanguage\":\"es\",\"@id\":\"https:\/\/luchonoticias.com\/editor\/copa-departamental-de-futbol-playa-tuvo-su-segunda-fecha\/#primaryimage\",\"url\":\"https:\/\/luchonoticias.com\/editor\/wp-content\/uploads\/2024\/05\/438164042_970778478389061_7718181374991401450_n.jpg\",\"contentUrl\":\"https:\/\/luchonoticias.com\/editor\/wp-content\/uploads\/2024\/05\/438164042_970778478389061_7718181374991401450_n.jpg\",\"width\":2048,\"height\":1536},{\"@type\":\"BreadcrumbList\",\"@id\":\"https:\/\/luchonoticias.com\/editor\/copa-departamental-de-futbol-playa-tuvo-su-segunda-fecha\/#breadcrumb\",\"itemListElement\":[{\"@type\":\"ListItem\",\"position\":1,\"name\":\"Portada\",\"item\":\"https:\/\/luchonoticias.com\/editor\/\"},{\"@type\":\"ListItem\",\"position\":2,\"name\":\"Copa Departamental de f\u00fatbol playa tuvo su segunda fecha\"}]},{\"@type\":\"WebSite\",\"@id\":\"https:\/\/luchonoticias.com\/editor\/#website\",\"url\":\"https:\/\/luchonoticias.com\/editor\/\",\"name\":\"\",\"description\":\"\",\"publisher\":{\"@id\":\"https:\/\/luchonoticias.com\/editor\/#\/schema\/person\/7a7fd911f58561fd056dbac7b55af9cd\"},\"potentialAction\":[{\"@type\":\"SearchAction\",\"target\":{\"@type\":\"EntryPoint\",\"urlTemplate\":\"https:\/\/luchonoticias.com\/editor\/?s={search_term_string}\"},\"query-input\":{\"@type\":\"PropertyValueSpecification\",\"valueRequired\":true,\"valueName\":\"search_term_string\"}}],\"inLanguage\":\"es\"},{\"@type\":[\"Person\",\"Organization\"],\"@id\":\"https:\/\/luchonoticias.com\/editor\/#\/schema\/person\/7a7fd911f58561fd056dbac7b55af9cd\",\"name\":\"admin\",\"image\":{\"@type\":\"ImageObject\",\"inLanguage\":\"es\",\"@id\":\"https:\/\/luchonoticias.com\/editor\/#\/schema\/person\/image\/\",\"url\":\"https:\/\/luchonoticias.com\/editor\/wp-content\/uploads\/2024\/02\/cropped-cropped-logolu.webp\",\"contentUrl\":\"https:\/\/luchonoticias.com\/editor\/wp-content\/uploads\/2024\/02\/cropped-cropped-logolu.webp\",\"width\":382,\"height\":170,\"caption\":\"admin\"},\"logo\":{\"@id\":\"https:\/\/luchonoticias.com\/editor\/#\/schema\/person\/image\/\"},\"sameAs\":[\"https:\/\/www.facebook.com\/luchonoticiasneiva\"]},{\"@type\":\"Person\",\"@id\":\"https:\/\/luchonoticias.com\/editor\/#\/schema\/person\/29217990ddf6f14e35912b2866d591fb\",\"name\":\"Editor General\",\"image\":{\"@type\":\"ImageObject\",\"inLanguage\":\"es\",\"@id\":\"https:\/\/luchonoticias.com\/editor\/#\/schema\/person\/image\/\",\"url\":\"https:\/\/luchonoticias.com\/editor\/wp-content\/uploads\/2024\/02\/cropped-cropped-logolu-150x150.webp\",\"contentUrl\":\"https:\/\/luchonoticias.com\/editor\/wp-content\/uploads\/2024\/02\/cropped-cropped-logolu-150x150.webp\",\"caption\":\"Editor General\"},\"sameAs\":[\"https:\/\/luchonoticias.com\/\"],\"url\":\"https:\/\/luchonoticias.com\/editor\/author\/editor-general\/\"}]}<\/script>\n<!-- \/ Yoast SEO plugin. -->","yoast_head_json":{"title":"Copa Departamental de f\u00fatbol playa tuvo su segunda fecha -","robots":{"index":"index","follow":"follow","max-snippet":"max-snippet:-1","max-image-preview":"max-image-preview:large","max-video-preview":"max-video-preview:-1"},"canonical":"https:\/\/luchonoticias.com\/editor\/copa-departamental-de-futbol-playa-tuvo-su-segunda-fecha\/","og_locale":"es_ES","og_type":"article","og_title":"Copa Departamental de f\u00fatbol playa tuvo su segunda fecha -","og_url":"https:\/\/luchonoticias.com\/editor\/copa-departamental-de-futbol-playa-tuvo-su-segunda-fecha\/","article_publisher":"https:\/\/www.facebook.com\/luchonoticiasneiva","article_published_time":"2024-05-08T13:29:47+00:00","og_image":[{"width":2048,"height":1536,"url":"https:\/\/luchonoticias.com\/editor\/wp-content\/uploads\/2024\/05\/438164042_970778478389061_7718181374991401450_n.jpg","type":"image\/jpeg"}],"author":"Editor General","twitter_card":"summary_large_image","twitter_misc":{"Escrito por":"Editor General","Tiempo de lectura":"1 minuto"},"schema":{"@context":"https:\/\/schema.org","@graph":[{"@type":"Article","@id":"https:\/\/luchonoticias.com\/editor\/copa-departamental-de-futbol-playa-tuvo-su-segunda-fecha\/#article","isPartOf":{"@id":"https:\/\/luchonoticias.com\/editor\/copa-departamental-de-futbol-playa-tuvo-su-segunda-fecha\/"},"author":{"name":"Editor General","@id":"https:\/\/luchonoticias.com\/editor\/#\/schema\/person\/29217990ddf6f14e35912b2866d591fb"},"headline":"Copa Departamental de f\u00fatbol playa tuvo su segunda fecha","datePublished":"2024-05-08T13:29:47+00:00","mainEntityOfPage":{"@id":"https:\/\/luchonoticias.com\/editor\/copa-departamental-de-futbol-playa-tuvo-su-segunda-fecha\/"},"wordCount":123,"publisher":{"@id":"https:\/\/luchonoticias.com\/editor\/#\/schema\/person\/7a7fd911f58561fd056dbac7b55af9cd"},"image":{"@id":"https:\/\/luchonoticias.com\/editor\/copa-departamental-de-futbol-playa-tuvo-su-segunda-fecha\/#primaryimage"},"thumbnailUrl":"https:\/\/luchonoticias.com\/editor\/wp-content\/uploads\/2024\/05\/438164042_970778478389061_7718181374991401450_n.jpg","articleSection":["Deportes"],"inLanguage":"es"},{"@type":"WebPage","@id":"https:\/\/luchonoticias.com\/editor\/copa-departamental-de-futbol-playa-tuvo-su-segunda-fecha\/","url":"https:\/\/luchonoticias.com\/editor\/copa-departamental-de-futbol-playa-tuvo-su-segunda-fecha\/","name":"Copa Departamental de f\u00fatbol playa tuvo su segunda fecha -","isPartOf":{"@id":"https:\/\/luchonoticias.com\/editor\/#website"},"primaryImageOfPage":{"@id":"https:\/\/luchonoticias.com\/editor\/copa-departamental-de-futbol-playa-tuvo-su-segunda-fecha\/#primaryimage"},"image":{"@id":"https:\/\/luchonoticias.com\/editor\/copa-departamental-de-futbol-playa-tuvo-su-segunda-fecha\/#primaryimage"},"thumbnailUrl":"https:\/\/luchonoticias.com\/editor\/wp-content\/uploads\/2024\/05\/438164042_970778478389061_7718181374991401450_n.jpg","datePublished":"2024-05-08T13:29:47+00:00","breadcrumb":{"@id":"https:\/\/luchonoticias.com\/editor\/copa-departamental-de-futbol-playa-tuvo-su-segunda-fecha\/#breadcrumb"},"inLanguage":"es","potentialAction":[{"@type":"ReadAction","target":["https:\/\/luchonoticias.com\/editor\/copa-departamental-de-futbol-playa-tuvo-su-segunda-fecha\/"]}]},{"@type":"ImageObject","inLanguage":"es","@id":"https:\/\/luchonoticias.com\/editor\/copa-departamental-de-futbol-playa-tuvo-su-segunda-fecha\/#primaryimage","url":"https:\/\/luchonoticias.com\/editor\/wp-content\/uploads\/2024\/05\/438164042_970778478389061_7718181374991401450_n.jpg","contentUrl":"https:\/\/luchonoticias.com\/editor\/wp-content\/uploads\/2024\/05\/438164042_970778478389061_7718181374991401450_n.jpg","width":2048,"height":1536},{"@type":"BreadcrumbList","@id":"https:\/\/luchonoticias.com\/editor\/copa-departamental-de-futbol-playa-tuvo-su-segunda-fecha\/#breadcrumb","itemListElement":[{"@type":"ListItem","position":1,"name":"Portada","item":"https:\/\/luchonoticias.com\/editor\/"},{"@type":"ListItem","position":2,"name":"Copa Departamental de f\u00fatbol playa tuvo su segunda fecha"}]},{"@type":"WebSite","@id":"https:\/\/luchonoticias.com\/editor\/#website","url":"https:\/\/luchonoticias.com\/editor\/","name":"","description":"","publisher":{"@id":"https:\/\/luchonoticias.com\/editor\/#\/schema\/person\/7a7fd911f58561fd056dbac7b55af9cd"},"potentialAction":[{"@type":"SearchAction","target":{"@type":"EntryPoint","urlTemplate":"https:\/\/luchonoticias.com\/editor\/?s={search_term_string}"},"query-input":{"@type":"PropertyValueSpecification","valueRequired":true,"valueName":"search_term_string"}}],"inLanguage":"es"},{"@type":["Person","Organization"],"@id":"https:\/\/luchonoticias.com\/editor\/#\/schema\/person\/7a7fd911f58561fd056dbac7b55af9cd","name":"admin","image":{"@type":"ImageObject","inLanguage":"es","@id":"https:\/\/luchonoticias.com\/editor\/#\/schema\/person\/image\/","url":"https:\/\/luchonoticias.com\/editor\/wp-content\/uploads\/2024\/02\/cropped-cropped-logolu.webp","contentUrl":"https:\/\/luchonoticias.com\/editor\/wp-content\/uploads\/2024\/02\/cropped-cropped-logolu.webp","width":382,"height":170,"caption":"admin"},"logo":{"@id":"https:\/\/luchonoticias.com\/editor\/#\/schema\/person\/image\/"},"sameAs":["https:\/\/www.facebook.com\/luchonoticiasneiva"]},{"@type":"Person","@id":"https:\/\/luchonoticias.com\/editor\/#\/schema\/person\/29217990ddf6f14e35912b2866d591fb","name":"Editor General","image":{"@type":"ImageObject","inLanguage":"es","@id":"https:\/\/luchonoticias.com\/editor\/#\/schema\/person\/image\/","url":"https:\/\/luchonoticias.com\/editor\/wp-content\/uploads\/2024\/02\/cropped-cropped-logolu-150x150.webp","contentUrl":"https:\/\/luchonoticias.com\/editor\/wp-content\/uploads\/2024\/02\/cropped-cropped-logolu-150x150.webp","caption":"Editor General"},"sameAs":["https:\/\/luchonoticias.com\/"],"url":"https:\/\/luchonoticias.com\/editor\/author\/editor-general\/"}]}},"_links":{"self":[{"href":"https:\/\/luchonoticias.com\/editor\/wp-json\/wp\/v2\/posts\/72840","targetHints":{"allow":["GET"]}}],"collection":[{"href":"https:\/\/luchonoticias.com\/editor\/wp-json\/wp\/v2\/posts"}],"about":[{"href":"https:\/\/luchonoticias.com\/editor\/wp-json\/wp\/v2\/types\/post"}],"author":[{"embeddable":true,"href":"https:\/\/luchonoticias.com\/editor\/wp-json\/wp\/v2\/users\/2"}],"replies":[{"embeddable":true,"href":"https:\/\/luchonoticias.com\/editor\/wp-json\/wp\/v2\/comments?post=72840"}],"version-history":[{"count":0,"href":"https:\/\/luchonoticias.com\/editor\/wp-json\/wp\/v2\/posts\/72840\/revisions"}],"wp:featuredmedia":[{"embeddable":true,"href":"https:\/\/luchonoticias.com\/editor\/wp-json\/wp\/v2\/media\/72841"}],"wp:attachment":[{"href":"https:\/\/luchonoticias.com\/editor\/wp-json\/wp\/v2\/media?parent=72840"}],"wp:term":[{"taxonomy":"category","embeddable":true,"href":"https:\/\/luchonoticias.com\/editor\/wp-json\/wp\/v2\/categories?post=72840"},{"taxonomy":"post_tag","embeddable":true,"href":"https:\/\/luchonoticias.com\/editor\/wp-json\/wp\/v2\/tags?post=72840"}],"curies":[{"name":"wp","href":"https:\/\/api.w.org\/{rel}","templated":true}]}}