{"id":72843,"date":"2024-05-08T08:41:02","date_gmt":"2024-05-08T13:41:02","guid":{"rendered":"https:\/\/luchonoticias.com\/?p=72843"},"modified":"2024-05-08T08:41:02","modified_gmt":"2024-05-08T13:41:02","slug":"ex-miembros-de-la-ocad-paz-en-la-mira-de-la-procuraduria","status":"publish","type":"post","link":"https:\/\/luchonoticias.com\/editor\/ex-miembros-de-la-ocad-paz-en-la-mira-de-la-procuraduria\/","title":{"rendered":"Ex miembros de la OCAD paz, en la mira de la Procuradur\u00eda"},"content":{"rendered":"<div>La Procuradur\u00eda General de la Naci\u00f3n abri\u00f3 investigaci\u00f3n contra el ex alto consejero presidencial para la Consolidaci\u00f3n y Estabilizaci\u00f3n, (2019 \u2013 2021), Emilio Jos\u00e9 Archila Pe\u00f1alosa, el exgobernador de Arauca ,Jos\u00e9 Facundo Castillo Cisneros, y exalcalde de La Paz, Cesar, Mart\u00edn Guillermo Zuleta Mieles, todos\u00a0 miembros del \u00d3rgano Colegiado de Decisi\u00f3n, OCAD Paz, por\u00a0<strong>presuntas irregularidades en un proyecto de pavimentaci\u00f3n de v\u00edas en Miranda, Cauca, financiado con recursos de Regal\u00edas por $7.152 millones.<\/strong><\/div>\n<div><strong>\u00a0<\/strong><\/div>\n<div>\n<div>De acuerdo con la denuncia recibida por la Procuradur\u00eda, el\u00a0<strong>OCAD Paz habr\u00eda designado como ejecutor del proyecto al Fondo Mixto<\/strong>\u00a0<strong>para la Promoci\u00f3n del Deporte<\/strong>, el Desarrollo Social y la Gesti\u00f3n Social,\u00a0<strong>sin que al parecer contara con la experiencia<\/strong>, capacidad administrativa y t\u00e9cnica para ejecutar proyectos de infraestructura vial, adem\u00e1s de presentar un baj\u00edsimo \u00edndice de gesti\u00f3n de proyectos de regal\u00edas, de solo 18%, factores que hac\u00edan inviable su designaci\u00f3n.<\/div>\n<\/div>\n<div>Entre las pruebas solicitadas por el Ministerio P\u00fablico a la administraci\u00f3n municipal de Miranda Cauca est\u00e1n: el estudio previo realizado al Fondo Mixto para la Promoci\u00f3n del Deporte, el Desarrollo Social y la Gesti\u00f3n Social para proponerlo como ejecutor del proyecto y una certificaci\u00f3n sobre las razones t\u00e9cnicas y de experiencia con las que este fue presentado ante el Ocad Paz.<\/div>\n<div><\/div>\n<div>Tambi\u00e9n a la direcci\u00f3n del Fondo Mixto se le solicit\u00f3 certificar las calidades t\u00e9cnicas con las que contaba al momento de asumir la ejecuci\u00f3n de la obra, allegar las hojas de vida del personal (ingenieros civiles y de v\u00edas, arquitectos, ge\u00f3logos y otros profesionales) dispuesto para cumplir con los t\u00e9rminos del contrato y los estados financieros de las vigencias 2019 a 2021, entre otras.<\/div>\n<div><\/div>\n<div>La Procuradur\u00eda General de la Naci\u00f3n trabaja desde su misionalidad disciplinaria para garantizar el manejo transparente de los recursos del Sistema General de Regal\u00edas por parte de los servidores p\u00fablicos.<\/div>\n","protected":false},"excerpt":{"rendered":"<p>La Procuradur\u00eda General de la Naci\u00f3n abri\u00f3 investigaci\u00f3n contra el ex alto consejero presidencial para la Consolidaci\u00f3n y Estabilizaci\u00f3n, (2019 \u2013 2021), Emilio Jos\u00e9 Archila Pe\u00f1alosa, el exgobernador de Arauca ,Jos\u00e9 Facundo Castillo Cisneros, y exalcalde de La Paz, Cesar, Mart\u00edn Guillermo Zuleta Mieles, todos\u00a0 miembros del \u00d3rgano Colegiado de Decisi\u00f3n, OCAD Paz, por\u00a0presuntas irregularidades [&hellip;]<\/p>\n","protected":false},"author":2,"featured_media":72844,"comment_status":"closed","ping_status":"open","sticky":false,"template":"","format":"standard","meta":{"footnotes":""},"categories":[28],"tags":[],"class_list":["post-72843","post","type-post","status-publish","format-standard","has-post-thumbnail","hentry","category-actualidad"],"yoast_head":"<!-- This site is optimized with the Yoast SEO plugin v26.6 - https:\/\/yoast.com\/wordpress\/plugins\/seo\/ -->\n<title>Ex miembros de la OCAD paz, en la mira de la Procuradur\u00eda -<\/title>\n<meta name=\"robots\" content=\"index, follow, max-snippet:-1, max-image-preview:large, max-video-preview:-1\" \/>\n<link rel=\"canonical\" href=\"https:\/\/luchonoticias.com\/editor\/ex-miembros-de-la-ocad-paz-en-la-mira-de-la-procuraduria\/\" \/>\n<meta property=\"og:locale\" content=\"es_ES\" \/>\n<meta property=\"og:type\" content=\"article\" \/>\n<meta property=\"og:title\" content=\"Ex miembros de la OCAD paz, en la mira de la Procuradur\u00eda -\" \/>\n<meta property=\"og:url\" content=\"https:\/\/luchonoticias.com\/editor\/ex-miembros-de-la-ocad-paz-en-la-mira-de-la-procuraduria\/\" \/>\n<meta property=\"article:publisher\" content=\"https:\/\/www.facebook.com\/luchonoticiasneiva\" \/>\n<meta property=\"article:published_time\" content=\"2024-05-08T13:41:02+00:00\" \/>\n<meta property=\"og:image\" content=\"https:\/\/luchonoticias.com\/editor\/wp-content\/uploads\/2024\/05\/procuradurias.jpg\" \/>\n\t<meta property=\"og:image:width\" content=\"700\" \/>\n\t<meta property=\"og:image:height\" content=\"400\" \/>\n\t<meta property=\"og:image:type\" content=\"image\/jpeg\" \/>\n<meta name=\"author\" content=\"Editor General\" \/>\n<meta name=\"twitter:card\" content=\"summary_large_image\" \/>\n<meta name=\"twitter:label1\" content=\"Escrito por\" \/>\n\t<meta name=\"twitter:data1\" content=\"Editor General\" \/>\n\t<meta name=\"twitter:label2\" content=\"Tiempo de lectura\" \/>\n\t<meta name=\"twitter:data2\" content=\"2 minutos\" \/>\n<script type=\"application\/ld+json\" class=\"yoast-schema-graph\">{\"@context\":\"https:\/\/schema.org\",\"@graph\":[{\"@type\":\"Article\",\"@id\":\"https:\/\/luchonoticias.com\/editor\/ex-miembros-de-la-ocad-paz-en-la-mira-de-la-procuraduria\/#article\",\"isPartOf\":{\"@id\":\"https:\/\/luchonoticias.com\/editor\/ex-miembros-de-la-ocad-paz-en-la-mira-de-la-procuraduria\/\"},\"author\":{\"name\":\"Editor General\",\"@id\":\"https:\/\/luchonoticias.com\/editor\/#\/schema\/person\/29217990ddf6f14e35912b2866d591fb\"},\"headline\":\"Ex miembros de la OCAD paz, en la mira de la Procuradur\u00eda\",\"datePublished\":\"2024-05-08T13:41:02+00:00\",\"mainEntityOfPage\":{\"@id\":\"https:\/\/luchonoticias.com\/editor\/ex-miembros-de-la-ocad-paz-en-la-mira-de-la-procuraduria\/\"},\"wordCount\":347,\"publisher\":{\"@id\":\"https:\/\/luchonoticias.com\/editor\/#\/schema\/person\/7a7fd911f58561fd056dbac7b55af9cd\"},\"image\":{\"@id\":\"https:\/\/luchonoticias.com\/editor\/ex-miembros-de-la-ocad-paz-en-la-mira-de-la-procuraduria\/#primaryimage\"},\"thumbnailUrl\":\"https:\/\/luchonoticias.com\/editor\/wp-content\/uploads\/2024\/05\/procuradurias.jpg\",\"articleSection\":[\"Actualidad\"],\"inLanguage\":\"es\"},{\"@type\":\"WebPage\",\"@id\":\"https:\/\/luchonoticias.com\/editor\/ex-miembros-de-la-ocad-paz-en-la-mira-de-la-procuraduria\/\",\"url\":\"https:\/\/luchonoticias.com\/editor\/ex-miembros-de-la-ocad-paz-en-la-mira-de-la-procuraduria\/\",\"name\":\"Ex miembros de la OCAD paz, en la mira de la Procuradur\u00eda -\",\"isPartOf\":{\"@id\":\"https:\/\/luchonoticias.com\/editor\/#website\"},\"primaryImageOfPage\":{\"@id\":\"https:\/\/luchonoticias.com\/editor\/ex-miembros-de-la-ocad-paz-en-la-mira-de-la-procuraduria\/#primaryimage\"},\"image\":{\"@id\":\"https:\/\/luchonoticias.com\/editor\/ex-miembros-de-la-ocad-paz-en-la-mira-de-la-procuraduria\/#primaryimage\"},\"thumbnailUrl\":\"https:\/\/luchonoticias.com\/editor\/wp-content\/uploads\/2024\/05\/procuradurias.jpg\",\"datePublished\":\"2024-05-08T13:41:02+00:00\",\"breadcrumb\":{\"@id\":\"https:\/\/luchonoticias.com\/editor\/ex-miembros-de-la-ocad-paz-en-la-mira-de-la-procuraduria\/#breadcrumb\"},\"inLanguage\":\"es\",\"potentialAction\":[{\"@type\":\"ReadAction\",\"target\":[\"https:\/\/luchonoticias.com\/editor\/ex-miembros-de-la-ocad-paz-en-la-mira-de-la-procuraduria\/\"]}]},{\"@type\":\"ImageObject\",\"inLanguage\":\"es\",\"@id\":\"https:\/\/luchonoticias.com\/editor\/ex-miembros-de-la-ocad-paz-en-la-mira-de-la-procuraduria\/#primaryimage\",\"url\":\"https:\/\/luchonoticias.com\/editor\/wp-content\/uploads\/2024\/05\/procuradurias.jpg\",\"contentUrl\":\"https:\/\/luchonoticias.com\/editor\/wp-content\/uploads\/2024\/05\/procuradurias.jpg\",\"width\":700,\"height\":400},{\"@type\":\"BreadcrumbList\",\"@id\":\"https:\/\/luchonoticias.com\/editor\/ex-miembros-de-la-ocad-paz-en-la-mira-de-la-procuraduria\/#breadcrumb\",\"itemListElement\":[{\"@type\":\"ListItem\",\"position\":1,\"name\":\"Portada\",\"item\":\"https:\/\/luchonoticias.com\/editor\/\"},{\"@type\":\"ListItem\",\"position\":2,\"name\":\"Ex miembros de la OCAD paz, en la mira de la Procuradur\u00eda\"}]},{\"@type\":\"WebSite\",\"@id\":\"https:\/\/luchonoticias.com\/editor\/#website\",\"url\":\"https:\/\/luchonoticias.com\/editor\/\",\"name\":\"\",\"description\":\"\",\"publisher\":{\"@id\":\"https:\/\/luchonoticias.com\/editor\/#\/schema\/person\/7a7fd911f58561fd056dbac7b55af9cd\"},\"potentialAction\":[{\"@type\":\"SearchAction\",\"target\":{\"@type\":\"EntryPoint\",\"urlTemplate\":\"https:\/\/luchonoticias.com\/editor\/?s={search_term_string}\"},\"query-input\":{\"@type\":\"PropertyValueSpecification\",\"valueRequired\":true,\"valueName\":\"search_term_string\"}}],\"inLanguage\":\"es\"},{\"@type\":[\"Person\",\"Organization\"],\"@id\":\"https:\/\/luchonoticias.com\/editor\/#\/schema\/person\/7a7fd911f58561fd056dbac7b55af9cd\",\"name\":\"admin\",\"image\":{\"@type\":\"ImageObject\",\"inLanguage\":\"es\",\"@id\":\"https:\/\/luchonoticias.com\/editor\/#\/schema\/person\/image\/\",\"url\":\"https:\/\/luchonoticias.com\/editor\/wp-content\/uploads\/2024\/02\/cropped-cropped-logolu.webp\",\"contentUrl\":\"https:\/\/luchonoticias.com\/editor\/wp-content\/uploads\/2024\/02\/cropped-cropped-logolu.webp\",\"width\":382,\"height\":170,\"caption\":\"admin\"},\"logo\":{\"@id\":\"https:\/\/luchonoticias.com\/editor\/#\/schema\/person\/image\/\"},\"sameAs\":[\"https:\/\/www.facebook.com\/luchonoticiasneiva\"]},{\"@type\":\"Person\",\"@id\":\"https:\/\/luchonoticias.com\/editor\/#\/schema\/person\/29217990ddf6f14e35912b2866d591fb\",\"name\":\"Editor General\",\"image\":{\"@type\":\"ImageObject\",\"inLanguage\":\"es\",\"@id\":\"https:\/\/luchonoticias.com\/editor\/#\/schema\/person\/image\/\",\"url\":\"https:\/\/luchonoticias.com\/editor\/wp-content\/uploads\/2024\/02\/cropped-cropped-logolu-150x150.webp\",\"contentUrl\":\"https:\/\/luchonoticias.com\/editor\/wp-content\/uploads\/2024\/02\/cropped-cropped-logolu-150x150.webp\",\"caption\":\"Editor General\"},\"sameAs\":[\"https:\/\/luchonoticias.com\/\"],\"url\":\"https:\/\/luchonoticias.com\/editor\/author\/editor-general\/\"}]}<\/script>\n<!-- \/ Yoast SEO plugin. -->","yoast_head_json":{"title":"Ex miembros de la OCAD paz, en la mira de la Procuradur\u00eda -","robots":{"index":"index","follow":"follow","max-snippet":"max-snippet:-1","max-image-preview":"max-image-preview:large","max-video-preview":"max-video-preview:-1"},"canonical":"https:\/\/luchonoticias.com\/editor\/ex-miembros-de-la-ocad-paz-en-la-mira-de-la-procuraduria\/","og_locale":"es_ES","og_type":"article","og_title":"Ex miembros de la OCAD paz, en la mira de la Procuradur\u00eda -","og_url":"https:\/\/luchonoticias.com\/editor\/ex-miembros-de-la-ocad-paz-en-la-mira-de-la-procuraduria\/","article_publisher":"https:\/\/www.facebook.com\/luchonoticiasneiva","article_published_time":"2024-05-08T13:41:02+00:00","og_image":[{"width":700,"height":400,"url":"https:\/\/luchonoticias.com\/editor\/wp-content\/uploads\/2024\/05\/procuradurias.jpg","type":"image\/jpeg"}],"author":"Editor General","twitter_card":"summary_large_image","twitter_misc":{"Escrito por":"Editor General","Tiempo de lectura":"2 minutos"},"schema":{"@context":"https:\/\/schema.org","@graph":[{"@type":"Article","@id":"https:\/\/luchonoticias.com\/editor\/ex-miembros-de-la-ocad-paz-en-la-mira-de-la-procuraduria\/#article","isPartOf":{"@id":"https:\/\/luchonoticias.com\/editor\/ex-miembros-de-la-ocad-paz-en-la-mira-de-la-procuraduria\/"},"author":{"name":"Editor General","@id":"https:\/\/luchonoticias.com\/editor\/#\/schema\/person\/29217990ddf6f14e35912b2866d591fb"},"headline":"Ex miembros de la OCAD paz, en la mira de la Procuradur\u00eda","datePublished":"2024-05-08T13:41:02+00:00","mainEntityOfPage":{"@id":"https:\/\/luchonoticias.com\/editor\/ex-miembros-de-la-ocad-paz-en-la-mira-de-la-procuraduria\/"},"wordCount":347,"publisher":{"@id":"https:\/\/luchonoticias.com\/editor\/#\/schema\/person\/7a7fd911f58561fd056dbac7b55af9cd"},"image":{"@id":"https:\/\/luchonoticias.com\/editor\/ex-miembros-de-la-ocad-paz-en-la-mira-de-la-procuraduria\/#primaryimage"},"thumbnailUrl":"https:\/\/luchonoticias.com\/editor\/wp-content\/uploads\/2024\/05\/procuradurias.jpg","articleSection":["Actualidad"],"inLanguage":"es"},{"@type":"WebPage","@id":"https:\/\/luchonoticias.com\/editor\/ex-miembros-de-la-ocad-paz-en-la-mira-de-la-procuraduria\/","url":"https:\/\/luchonoticias.com\/editor\/ex-miembros-de-la-ocad-paz-en-la-mira-de-la-procuraduria\/","name":"Ex miembros de la OCAD paz, en la mira de la Procuradur\u00eda -","isPartOf":{"@id":"https:\/\/luchonoticias.com\/editor\/#website"},"primaryImageOfPage":{"@id":"https:\/\/luchonoticias.com\/editor\/ex-miembros-de-la-ocad-paz-en-la-mira-de-la-procuraduria\/#primaryimage"},"image":{"@id":"https:\/\/luchonoticias.com\/editor\/ex-miembros-de-la-ocad-paz-en-la-mira-de-la-procuraduria\/#primaryimage"},"thumbnailUrl":"https:\/\/luchonoticias.com\/editor\/wp-content\/uploads\/2024\/05\/procuradurias.jpg","datePublished":"2024-05-08T13:41:02+00:00","breadcrumb":{"@id":"https:\/\/luchonoticias.com\/editor\/ex-miembros-de-la-ocad-paz-en-la-mira-de-la-procuraduria\/#breadcrumb"},"inLanguage":"es","potentialAction":[{"@type":"ReadAction","target":["https:\/\/luchonoticias.com\/editor\/ex-miembros-de-la-ocad-paz-en-la-mira-de-la-procuraduria\/"]}]},{"@type":"ImageObject","inLanguage":"es","@id":"https:\/\/luchonoticias.com\/editor\/ex-miembros-de-la-ocad-paz-en-la-mira-de-la-procuraduria\/#primaryimage","url":"https:\/\/luchonoticias.com\/editor\/wp-content\/uploads\/2024\/05\/procuradurias.jpg","contentUrl":"https:\/\/luchonoticias.com\/editor\/wp-content\/uploads\/2024\/05\/procuradurias.jpg","width":700,"height":400},{"@type":"BreadcrumbList","@id":"https:\/\/luchonoticias.com\/editor\/ex-miembros-de-la-ocad-paz-en-la-mira-de-la-procuraduria\/#breadcrumb","itemListElement":[{"@type":"ListItem","position":1,"name":"Portada","item":"https:\/\/luchonoticias.com\/editor\/"},{"@type":"ListItem","position":2,"name":"Ex miembros de la OCAD paz, en la mira de la Procuradur\u00eda"}]},{"@type":"WebSite","@id":"https:\/\/luchonoticias.com\/editor\/#website","url":"https:\/\/luchonoticias.com\/editor\/","name":"","description":"","publisher":{"@id":"https:\/\/luchonoticias.com\/editor\/#\/schema\/person\/7a7fd911f58561fd056dbac7b55af9cd"},"potentialAction":[{"@type":"SearchAction","target":{"@type":"EntryPoint","urlTemplate":"https:\/\/luchonoticias.com\/editor\/?s={search_term_string}"},"query-input":{"@type":"PropertyValueSpecification","valueRequired":true,"valueName":"search_term_string"}}],"inLanguage":"es"},{"@type":["Person","Organization"],"@id":"https:\/\/luchonoticias.com\/editor\/#\/schema\/person\/7a7fd911f58561fd056dbac7b55af9cd","name":"admin","image":{"@type":"ImageObject","inLanguage":"es","@id":"https:\/\/luchonoticias.com\/editor\/#\/schema\/person\/image\/","url":"https:\/\/luchonoticias.com\/editor\/wp-content\/uploads\/2024\/02\/cropped-cropped-logolu.webp","contentUrl":"https:\/\/luchonoticias.com\/editor\/wp-content\/uploads\/2024\/02\/cropped-cropped-logolu.webp","width":382,"height":170,"caption":"admin"},"logo":{"@id":"https:\/\/luchonoticias.com\/editor\/#\/schema\/person\/image\/"},"sameAs":["https:\/\/www.facebook.com\/luchonoticiasneiva"]},{"@type":"Person","@id":"https:\/\/luchonoticias.com\/editor\/#\/schema\/person\/29217990ddf6f14e35912b2866d591fb","name":"Editor General","image":{"@type":"ImageObject","inLanguage":"es","@id":"https:\/\/luchonoticias.com\/editor\/#\/schema\/person\/image\/","url":"https:\/\/luchonoticias.com\/editor\/wp-content\/uploads\/2024\/02\/cropped-cropped-logolu-150x150.webp","contentUrl":"https:\/\/luchonoticias.com\/editor\/wp-content\/uploads\/2024\/02\/cropped-cropped-logolu-150x150.webp","caption":"Editor General"},"sameAs":["https:\/\/luchonoticias.com\/"],"url":"https:\/\/luchonoticias.com\/editor\/author\/editor-general\/"}]}},"_links":{"self":[{"href":"https:\/\/luchonoticias.com\/editor\/wp-json\/wp\/v2\/posts\/72843","targetHints":{"allow":["GET"]}}],"collection":[{"href":"https:\/\/luchonoticias.com\/editor\/wp-json\/wp\/v2\/posts"}],"about":[{"href":"https:\/\/luchonoticias.com\/editor\/wp-json\/wp\/v2\/types\/post"}],"author":[{"embeddable":true,"href":"https:\/\/luchonoticias.com\/editor\/wp-json\/wp\/v2\/users\/2"}],"replies":[{"embeddable":true,"href":"https:\/\/luchonoticias.com\/editor\/wp-json\/wp\/v2\/comments?post=72843"}],"version-history":[{"count":0,"href":"https:\/\/luchonoticias.com\/editor\/wp-json\/wp\/v2\/posts\/72843\/revisions"}],"wp:featuredmedia":[{"embeddable":true,"href":"https:\/\/luchonoticias.com\/editor\/wp-json\/wp\/v2\/media\/72844"}],"wp:attachment":[{"href":"https:\/\/luchonoticias.com\/editor\/wp-json\/wp\/v2\/media?parent=72843"}],"wp:term":[{"taxonomy":"category","embeddable":true,"href":"https:\/\/luchonoticias.com\/editor\/wp-json\/wp\/v2\/categories?post=72843"},{"taxonomy":"post_tag","embeddable":true,"href":"https:\/\/luchonoticias.com\/editor\/wp-json\/wp\/v2\/tags?post=72843"}],"curies":[{"name":"wp","href":"https:\/\/api.w.org\/{rel}","templated":true}]}}