{"id":72875,"date":"2024-05-09T05:34:31","date_gmt":"2024-05-09T10:34:31","guid":{"rendered":"https:\/\/luchonoticias.com\/?p=72875"},"modified":"2024-05-09T05:34:31","modified_gmt":"2024-05-09T10:34:31","slug":"fuerte-del-senado-a-la-alimentacion-escolar-en-colombia","status":"publish","type":"post","link":"https:\/\/luchonoticias.com\/editor\/fuerte-del-senado-a-la-alimentacion-escolar-en-colombia\/","title":{"rendered":"Fuerte del Senado a la alimentaci\u00f3n escolar en Colombia"},"content":{"rendered":"<p>La plenaria del Senado de este mi\u00e9rcoles dio aval el proyecto de ley que da nuevas directrices para la mejora de los procesos de selecci\u00f3n y operaci\u00f3n del Programa de Alimentaci\u00f3n Escolar, PAE, \u00a0garantizando que a los ni\u00f1os y ni\u00f1as de edad escolar se les otorgue su raci\u00f3n alimentaria desde el primer d\u00eda del a\u00f1o escolar hasta la finalizaci\u00f3n del periodo acad\u00e9mico.<\/p>\n<p>En tal sentido y por amplia mayor\u00eda, se aprob\u00f3 este proyecto de autorpia del senador del Partido de la U, Antonio Jos\u00e9 Correa, en el cual adem\u00e1s se dispone una nueva organizaci\u00f3n de los recursos para la contrataci\u00f3n y el sostenimiento de las vigencias del PAE, recursos que estar\u00e1n en una bolsa com\u00fan garantizando, alimentaci\u00f3n permanente de estudiantes en las escuelas y colegios de todo el territorio colombiano.<\/p>\n<p>Correa resalt\u00f3 adem\u00e1s que la ley tambi\u00e9n crea un banco de oferentes que pueden ser p\u00fablicos o privados, de igual manera se da v\u00eda libre a la creaci\u00f3n de una interventor\u00eda para la revisi\u00f3n de la contrataci\u00f3n en manos de las universidades, consecuentemente notifica a los entes regionales a que cada a\u00f1o desarrollen planes de financiamiento territorial para la ejecuci\u00f3n del pan de alimentaci\u00f3n escolar.<\/p>\n<p>Consecuente con la aprobaci\u00f3n del plan nacional de desarrollo, en regiones y municipios se comprar\u00e1n los alimentos producidos en la zona dando oportunidades econ\u00f3micas a los proveedores y campesinos quienes podr\u00e1n ofrecer su producci\u00f3n hasta en un 80% de la necesidad alimentaria en los correspondientes escuelas y colegios.<\/p>\n<p>Se incluy\u00f3 en esta ley, tambi\u00e9n un cap\u00edtulo importante en cuanto proveer de agua potable a los comedores escolares y evitar la contaminaci\u00f3n e intoxicaciones por alimentos mal preparados con aguas no tratadas, causantes enfermedades y patolog\u00edas en los ni\u00f1os, responsabilidad que recae en el ministerio de la vivienda y en el ministerio de la igualdad.<\/p>\n<p>La iniciativa pasa ahora su tr\u00e1mite respectivo a la C\u00e1mara de Representantes.<\/p>\n","protected":false},"excerpt":{"rendered":"<p>La plenaria del Senado de este mi\u00e9rcoles dio aval el proyecto de ley que da nuevas directrices para la mejora de los procesos de selecci\u00f3n y operaci\u00f3n del Programa de Alimentaci\u00f3n Escolar, PAE, \u00a0garantizando que a los ni\u00f1os y ni\u00f1as de edad escolar se les otorgue su raci\u00f3n alimentaria desde el primer d\u00eda del a\u00f1o [&hellip;]<\/p>\n","protected":false},"author":2,"featured_media":72876,"comment_status":"closed","ping_status":"open","sticky":false,"template":"","format":"standard","meta":{"footnotes":""},"categories":[28],"tags":[],"class_list":["post-72875","post","type-post","status-publish","format-standard","has-post-thumbnail","hentry","category-actualidad"],"yoast_head":"<!-- This site is optimized with the Yoast SEO plugin v26.6 - https:\/\/yoast.com\/wordpress\/plugins\/seo\/ -->\n<title>Fuerte del Senado a la alimentaci\u00f3n escolar en Colombia -<\/title>\n<meta name=\"robots\" content=\"index, follow, max-snippet:-1, max-image-preview:large, max-video-preview:-1\" \/>\n<link rel=\"canonical\" href=\"https:\/\/luchonoticias.com\/editor\/fuerte-del-senado-a-la-alimentacion-escolar-en-colombia\/\" \/>\n<meta property=\"og:locale\" content=\"es_ES\" \/>\n<meta property=\"og:type\" content=\"article\" \/>\n<meta property=\"og:title\" content=\"Fuerte del Senado a la alimentaci\u00f3n escolar en Colombia -\" \/>\n<meta property=\"og:url\" content=\"https:\/\/luchonoticias.com\/editor\/fuerte-del-senado-a-la-alimentacion-escolar-en-colombia\/\" \/>\n<meta property=\"article:publisher\" content=\"https:\/\/www.facebook.com\/luchonoticiasneiva\" \/>\n<meta property=\"article:published_time\" content=\"2024-05-09T10:34:31+00:00\" \/>\n<meta property=\"og:image\" content=\"https:\/\/luchonoticias.com\/editor\/wp-content\/uploads\/2024\/05\/senado-2.jpg\" \/>\n\t<meta property=\"og:image:width\" content=\"700\" \/>\n\t<meta property=\"og:image:height\" content=\"400\" \/>\n\t<meta property=\"og:image:type\" content=\"image\/jpeg\" \/>\n<meta name=\"author\" content=\"Editor General\" \/>\n<meta name=\"twitter:card\" content=\"summary_large_image\" \/>\n<meta name=\"twitter:label1\" content=\"Escrito por\" \/>\n\t<meta name=\"twitter:data1\" content=\"Editor General\" \/>\n\t<meta name=\"twitter:label2\" content=\"Tiempo de lectura\" \/>\n\t<meta name=\"twitter:data2\" content=\"2 minutos\" \/>\n<script type=\"application\/ld+json\" class=\"yoast-schema-graph\">{\"@context\":\"https:\/\/schema.org\",\"@graph\":[{\"@type\":\"Article\",\"@id\":\"https:\/\/luchonoticias.com\/editor\/fuerte-del-senado-a-la-alimentacion-escolar-en-colombia\/#article\",\"isPartOf\":{\"@id\":\"https:\/\/luchonoticias.com\/editor\/fuerte-del-senado-a-la-alimentacion-escolar-en-colombia\/\"},\"author\":{\"name\":\"Editor General\",\"@id\":\"https:\/\/luchonoticias.com\/editor\/#\/schema\/person\/29217990ddf6f14e35912b2866d591fb\"},\"headline\":\"Fuerte del Senado a la alimentaci\u00f3n escolar en Colombia\",\"datePublished\":\"2024-05-09T10:34:31+00:00\",\"mainEntityOfPage\":{\"@id\":\"https:\/\/luchonoticias.com\/editor\/fuerte-del-senado-a-la-alimentacion-escolar-en-colombia\/\"},\"wordCount\":361,\"publisher\":{\"@id\":\"https:\/\/luchonoticias.com\/editor\/#\/schema\/person\/7a7fd911f58561fd056dbac7b55af9cd\"},\"image\":{\"@id\":\"https:\/\/luchonoticias.com\/editor\/fuerte-del-senado-a-la-alimentacion-escolar-en-colombia\/#primaryimage\"},\"thumbnailUrl\":\"https:\/\/luchonoticias.com\/editor\/wp-content\/uploads\/2024\/05\/senado-2.jpg\",\"articleSection\":[\"Actualidad\"],\"inLanguage\":\"es\"},{\"@type\":\"WebPage\",\"@id\":\"https:\/\/luchonoticias.com\/editor\/fuerte-del-senado-a-la-alimentacion-escolar-en-colombia\/\",\"url\":\"https:\/\/luchonoticias.com\/editor\/fuerte-del-senado-a-la-alimentacion-escolar-en-colombia\/\",\"name\":\"Fuerte del Senado a la alimentaci\u00f3n escolar en Colombia -\",\"isPartOf\":{\"@id\":\"https:\/\/luchonoticias.com\/editor\/#website\"},\"primaryImageOfPage\":{\"@id\":\"https:\/\/luchonoticias.com\/editor\/fuerte-del-senado-a-la-alimentacion-escolar-en-colombia\/#primaryimage\"},\"image\":{\"@id\":\"https:\/\/luchonoticias.com\/editor\/fuerte-del-senado-a-la-alimentacion-escolar-en-colombia\/#primaryimage\"},\"thumbnailUrl\":\"https:\/\/luchonoticias.com\/editor\/wp-content\/uploads\/2024\/05\/senado-2.jpg\",\"datePublished\":\"2024-05-09T10:34:31+00:00\",\"breadcrumb\":{\"@id\":\"https:\/\/luchonoticias.com\/editor\/fuerte-del-senado-a-la-alimentacion-escolar-en-colombia\/#breadcrumb\"},\"inLanguage\":\"es\",\"potentialAction\":[{\"@type\":\"ReadAction\",\"target\":[\"https:\/\/luchonoticias.com\/editor\/fuerte-del-senado-a-la-alimentacion-escolar-en-colombia\/\"]}]},{\"@type\":\"ImageObject\",\"inLanguage\":\"es\",\"@id\":\"https:\/\/luchonoticias.com\/editor\/fuerte-del-senado-a-la-alimentacion-escolar-en-colombia\/#primaryimage\",\"url\":\"https:\/\/luchonoticias.com\/editor\/wp-content\/uploads\/2024\/05\/senado-2.jpg\",\"contentUrl\":\"https:\/\/luchonoticias.com\/editor\/wp-content\/uploads\/2024\/05\/senado-2.jpg\",\"width\":700,\"height\":400},{\"@type\":\"BreadcrumbList\",\"@id\":\"https:\/\/luchonoticias.com\/editor\/fuerte-del-senado-a-la-alimentacion-escolar-en-colombia\/#breadcrumb\",\"itemListElement\":[{\"@type\":\"ListItem\",\"position\":1,\"name\":\"Portada\",\"item\":\"https:\/\/luchonoticias.com\/editor\/\"},{\"@type\":\"ListItem\",\"position\":2,\"name\":\"Fuerte del Senado a la alimentaci\u00f3n escolar en Colombia\"}]},{\"@type\":\"WebSite\",\"@id\":\"https:\/\/luchonoticias.com\/editor\/#website\",\"url\":\"https:\/\/luchonoticias.com\/editor\/\",\"name\":\"\",\"description\":\"\",\"publisher\":{\"@id\":\"https:\/\/luchonoticias.com\/editor\/#\/schema\/person\/7a7fd911f58561fd056dbac7b55af9cd\"},\"potentialAction\":[{\"@type\":\"SearchAction\",\"target\":{\"@type\":\"EntryPoint\",\"urlTemplate\":\"https:\/\/luchonoticias.com\/editor\/?s={search_term_string}\"},\"query-input\":{\"@type\":\"PropertyValueSpecification\",\"valueRequired\":true,\"valueName\":\"search_term_string\"}}],\"inLanguage\":\"es\"},{\"@type\":[\"Person\",\"Organization\"],\"@id\":\"https:\/\/luchonoticias.com\/editor\/#\/schema\/person\/7a7fd911f58561fd056dbac7b55af9cd\",\"name\":\"admin\",\"image\":{\"@type\":\"ImageObject\",\"inLanguage\":\"es\",\"@id\":\"https:\/\/luchonoticias.com\/editor\/#\/schema\/person\/image\/\",\"url\":\"https:\/\/luchonoticias.com\/editor\/wp-content\/uploads\/2024\/02\/cropped-cropped-logolu.webp\",\"contentUrl\":\"https:\/\/luchonoticias.com\/editor\/wp-content\/uploads\/2024\/02\/cropped-cropped-logolu.webp\",\"width\":382,\"height\":170,\"caption\":\"admin\"},\"logo\":{\"@id\":\"https:\/\/luchonoticias.com\/editor\/#\/schema\/person\/image\/\"},\"sameAs\":[\"https:\/\/www.facebook.com\/luchonoticiasneiva\"]},{\"@type\":\"Person\",\"@id\":\"https:\/\/luchonoticias.com\/editor\/#\/schema\/person\/29217990ddf6f14e35912b2866d591fb\",\"name\":\"Editor General\",\"image\":{\"@type\":\"ImageObject\",\"inLanguage\":\"es\",\"@id\":\"https:\/\/luchonoticias.com\/editor\/#\/schema\/person\/image\/\",\"url\":\"https:\/\/luchonoticias.com\/editor\/wp-content\/uploads\/2024\/02\/cropped-cropped-logolu-150x150.webp\",\"contentUrl\":\"https:\/\/luchonoticias.com\/editor\/wp-content\/uploads\/2024\/02\/cropped-cropped-logolu-150x150.webp\",\"caption\":\"Editor General\"},\"sameAs\":[\"https:\/\/luchonoticias.com\/\"],\"url\":\"https:\/\/luchonoticias.com\/editor\/author\/editor-general\/\"}]}<\/script>\n<!-- \/ Yoast SEO plugin. -->","yoast_head_json":{"title":"Fuerte del Senado a la alimentaci\u00f3n escolar en Colombia -","robots":{"index":"index","follow":"follow","max-snippet":"max-snippet:-1","max-image-preview":"max-image-preview:large","max-video-preview":"max-video-preview:-1"},"canonical":"https:\/\/luchonoticias.com\/editor\/fuerte-del-senado-a-la-alimentacion-escolar-en-colombia\/","og_locale":"es_ES","og_type":"article","og_title":"Fuerte del Senado a la alimentaci\u00f3n escolar en Colombia -","og_url":"https:\/\/luchonoticias.com\/editor\/fuerte-del-senado-a-la-alimentacion-escolar-en-colombia\/","article_publisher":"https:\/\/www.facebook.com\/luchonoticiasneiva","article_published_time":"2024-05-09T10:34:31+00:00","og_image":[{"width":700,"height":400,"url":"https:\/\/luchonoticias.com\/editor\/wp-content\/uploads\/2024\/05\/senado-2.jpg","type":"image\/jpeg"}],"author":"Editor General","twitter_card":"summary_large_image","twitter_misc":{"Escrito por":"Editor General","Tiempo de lectura":"2 minutos"},"schema":{"@context":"https:\/\/schema.org","@graph":[{"@type":"Article","@id":"https:\/\/luchonoticias.com\/editor\/fuerte-del-senado-a-la-alimentacion-escolar-en-colombia\/#article","isPartOf":{"@id":"https:\/\/luchonoticias.com\/editor\/fuerte-del-senado-a-la-alimentacion-escolar-en-colombia\/"},"author":{"name":"Editor General","@id":"https:\/\/luchonoticias.com\/editor\/#\/schema\/person\/29217990ddf6f14e35912b2866d591fb"},"headline":"Fuerte del Senado a la alimentaci\u00f3n escolar en Colombia","datePublished":"2024-05-09T10:34:31+00:00","mainEntityOfPage":{"@id":"https:\/\/luchonoticias.com\/editor\/fuerte-del-senado-a-la-alimentacion-escolar-en-colombia\/"},"wordCount":361,"publisher":{"@id":"https:\/\/luchonoticias.com\/editor\/#\/schema\/person\/7a7fd911f58561fd056dbac7b55af9cd"},"image":{"@id":"https:\/\/luchonoticias.com\/editor\/fuerte-del-senado-a-la-alimentacion-escolar-en-colombia\/#primaryimage"},"thumbnailUrl":"https:\/\/luchonoticias.com\/editor\/wp-content\/uploads\/2024\/05\/senado-2.jpg","articleSection":["Actualidad"],"inLanguage":"es"},{"@type":"WebPage","@id":"https:\/\/luchonoticias.com\/editor\/fuerte-del-senado-a-la-alimentacion-escolar-en-colombia\/","url":"https:\/\/luchonoticias.com\/editor\/fuerte-del-senado-a-la-alimentacion-escolar-en-colombia\/","name":"Fuerte del Senado a la alimentaci\u00f3n escolar en Colombia -","isPartOf":{"@id":"https:\/\/luchonoticias.com\/editor\/#website"},"primaryImageOfPage":{"@id":"https:\/\/luchonoticias.com\/editor\/fuerte-del-senado-a-la-alimentacion-escolar-en-colombia\/#primaryimage"},"image":{"@id":"https:\/\/luchonoticias.com\/editor\/fuerte-del-senado-a-la-alimentacion-escolar-en-colombia\/#primaryimage"},"thumbnailUrl":"https:\/\/luchonoticias.com\/editor\/wp-content\/uploads\/2024\/05\/senado-2.jpg","datePublished":"2024-05-09T10:34:31+00:00","breadcrumb":{"@id":"https:\/\/luchonoticias.com\/editor\/fuerte-del-senado-a-la-alimentacion-escolar-en-colombia\/#breadcrumb"},"inLanguage":"es","potentialAction":[{"@type":"ReadAction","target":["https:\/\/luchonoticias.com\/editor\/fuerte-del-senado-a-la-alimentacion-escolar-en-colombia\/"]}]},{"@type":"ImageObject","inLanguage":"es","@id":"https:\/\/luchonoticias.com\/editor\/fuerte-del-senado-a-la-alimentacion-escolar-en-colombia\/#primaryimage","url":"https:\/\/luchonoticias.com\/editor\/wp-content\/uploads\/2024\/05\/senado-2.jpg","contentUrl":"https:\/\/luchonoticias.com\/editor\/wp-content\/uploads\/2024\/05\/senado-2.jpg","width":700,"height":400},{"@type":"BreadcrumbList","@id":"https:\/\/luchonoticias.com\/editor\/fuerte-del-senado-a-la-alimentacion-escolar-en-colombia\/#breadcrumb","itemListElement":[{"@type":"ListItem","position":1,"name":"Portada","item":"https:\/\/luchonoticias.com\/editor\/"},{"@type":"ListItem","position":2,"name":"Fuerte del Senado a la alimentaci\u00f3n escolar en Colombia"}]},{"@type":"WebSite","@id":"https:\/\/luchonoticias.com\/editor\/#website","url":"https:\/\/luchonoticias.com\/editor\/","name":"","description":"","publisher":{"@id":"https:\/\/luchonoticias.com\/editor\/#\/schema\/person\/7a7fd911f58561fd056dbac7b55af9cd"},"potentialAction":[{"@type":"SearchAction","target":{"@type":"EntryPoint","urlTemplate":"https:\/\/luchonoticias.com\/editor\/?s={search_term_string}"},"query-input":{"@type":"PropertyValueSpecification","valueRequired":true,"valueName":"search_term_string"}}],"inLanguage":"es"},{"@type":["Person","Organization"],"@id":"https:\/\/luchonoticias.com\/editor\/#\/schema\/person\/7a7fd911f58561fd056dbac7b55af9cd","name":"admin","image":{"@type":"ImageObject","inLanguage":"es","@id":"https:\/\/luchonoticias.com\/editor\/#\/schema\/person\/image\/","url":"https:\/\/luchonoticias.com\/editor\/wp-content\/uploads\/2024\/02\/cropped-cropped-logolu.webp","contentUrl":"https:\/\/luchonoticias.com\/editor\/wp-content\/uploads\/2024\/02\/cropped-cropped-logolu.webp","width":382,"height":170,"caption":"admin"},"logo":{"@id":"https:\/\/luchonoticias.com\/editor\/#\/schema\/person\/image\/"},"sameAs":["https:\/\/www.facebook.com\/luchonoticiasneiva"]},{"@type":"Person","@id":"https:\/\/luchonoticias.com\/editor\/#\/schema\/person\/29217990ddf6f14e35912b2866d591fb","name":"Editor General","image":{"@type":"ImageObject","inLanguage":"es","@id":"https:\/\/luchonoticias.com\/editor\/#\/schema\/person\/image\/","url":"https:\/\/luchonoticias.com\/editor\/wp-content\/uploads\/2024\/02\/cropped-cropped-logolu-150x150.webp","contentUrl":"https:\/\/luchonoticias.com\/editor\/wp-content\/uploads\/2024\/02\/cropped-cropped-logolu-150x150.webp","caption":"Editor General"},"sameAs":["https:\/\/luchonoticias.com\/"],"url":"https:\/\/luchonoticias.com\/editor\/author\/editor-general\/"}]}},"_links":{"self":[{"href":"https:\/\/luchonoticias.com\/editor\/wp-json\/wp\/v2\/posts\/72875","targetHints":{"allow":["GET"]}}],"collection":[{"href":"https:\/\/luchonoticias.com\/editor\/wp-json\/wp\/v2\/posts"}],"about":[{"href":"https:\/\/luchonoticias.com\/editor\/wp-json\/wp\/v2\/types\/post"}],"author":[{"embeddable":true,"href":"https:\/\/luchonoticias.com\/editor\/wp-json\/wp\/v2\/users\/2"}],"replies":[{"embeddable":true,"href":"https:\/\/luchonoticias.com\/editor\/wp-json\/wp\/v2\/comments?post=72875"}],"version-history":[{"count":0,"href":"https:\/\/luchonoticias.com\/editor\/wp-json\/wp\/v2\/posts\/72875\/revisions"}],"wp:featuredmedia":[{"embeddable":true,"href":"https:\/\/luchonoticias.com\/editor\/wp-json\/wp\/v2\/media\/72876"}],"wp:attachment":[{"href":"https:\/\/luchonoticias.com\/editor\/wp-json\/wp\/v2\/media?parent=72875"}],"wp:term":[{"taxonomy":"category","embeddable":true,"href":"https:\/\/luchonoticias.com\/editor\/wp-json\/wp\/v2\/categories?post=72875"},{"taxonomy":"post_tag","embeddable":true,"href":"https:\/\/luchonoticias.com\/editor\/wp-json\/wp\/v2\/tags?post=72875"}],"curies":[{"name":"wp","href":"https:\/\/api.w.org\/{rel}","templated":true}]}}