{"id":72879,"date":"2024-05-09T05:38:08","date_gmt":"2024-05-09T10:38:08","guid":{"rendered":"https:\/\/luchonoticias.com\/?p=72879"},"modified":"2024-05-09T05:38:08","modified_gmt":"2024-05-09T10:38:08","slug":"estudiantes-huilenses-fortalecen-sus-competencias-digitales","status":"publish","type":"post","link":"https:\/\/luchonoticias.com\/editor\/estudiantes-huilenses-fortalecen-sus-competencias-digitales\/","title":{"rendered":"Estudiantes huilenses fortalecen sus competencias digitales"},"content":{"rendered":"<p>Luego de reciente convocatoria que hiciera la Secretar\u00eda de Educaci\u00f3n Departamental a las 176 instituciones educativas de los 35 municipios no certificados a cargo de la Gobernaci\u00f3n del Huila, y a 50 establecimientos educativos privados, el Huila ha iniciado con la implementaci\u00f3n del programa Senatec.<\/p>\n<p>Seg\u00fan inform\u00f3 la jefe de calidad educativa de la Secretar\u00eda de Educaci\u00f3n del Huila, Martha Patricia Obreg\u00f3n, ya han sido articuladas 14 Instituciones Educativas del departamento, con 502 registros en Sofia Plus, y 9 de estas Instituciones Educativas del Huila ya iniciaron su formaci\u00f3n.<\/p>\n<p>\u201cEsta nueva modalidad de articulaci\u00f3n para el Departamento del Huila, fortalece el proceso ya en desarrollo que venimos avanzando en el Sena con m\u00e1s de 3.000 estudiantes vinculados en este a\u00f1o 2024, en m\u00e1s de 162 programas en 33 municipios del territorio\u201d, dijo Martha Obreg\u00f3n.<\/p>\n<p>\u201cEstos procesos de Senatec que est\u00e1n enfocados en el desarrollo de competencias digitales para nuestros ni\u00f1os y ni\u00f1as que se encuentran en la educaci\u00f3n media y que transitar\u00e1n a la educaci\u00f3n tecnol\u00f3gica y a la educaci\u00f3n superior, permiten avanzar en el fortalecimiento de las oportunidades laborales para ellas y ellos, y fortalecen sus competencias pertinentes de acuerdo a la vocaci\u00f3n del territorio\u201d, complement\u00f3 la funcionaria.<\/p>\n<p>La l\u00edder del \u00e1rea de calidad educativa del Gobierno Huila Grande, tambi\u00e9n dijo que el programa Senatec, que por primera vez se implementa en todo el pa\u00eds, tiene el reto de vincular a m\u00e1s instituciones educativas para el a\u00f1o entrante, y que, si bien es una nueva oportunidad de formaci\u00f3n, son aprendizajes que, a trav\u00e9s de plataformas especiales, transforma a estudiantes de los grados 10 y 11, en ciudadanos competitivos frente a las exigencias del mundo digital de hoy.<\/p>\n<p><strong>Programas t\u00e9cnicos<\/strong><\/p>\n<p>La oferta educativa t\u00e9cnica que ofrece Senatec para el Huila es:<\/p>\n<p>\u2022 T\u00e9cnico en Programaci\u00f3n para Anal\u00edtica de Datos<\/p>\n<p>\u2022 T\u00e9cnico en Programaci\u00f3n de Aplicaciones y Servicios para la Nube<\/p>\n<p>\u2022 T\u00e9cnico en Programaci\u00f3n de Aplicaciones para Dispositivos M\u00f3viles<\/p>\n<p>\u2022 T\u00e9cnico en Sistemas<\/p>\n<p>\u2022 T\u00e9cnico en Control de la Seguridad Digital<\/p>\n<p>\u2022 T\u00e9cnico en Programaci\u00f3n de Software<\/p>\n<p>\u2022 T\u00e9cnico en Mantenimiento de Equipos de C\u00f3mputo<\/p>\n<p>\u2022 T\u00e9cnico en Integraci\u00f3n de Contenidos Digitales Telecomunicaciones<\/p>\n<p>\u2022 T\u00e9cnico en Implementaci\u00f3n y Mantenimiento de Sistemas de Internet de las Cosas<\/p>\n","protected":false},"excerpt":{"rendered":"<p>Luego de reciente convocatoria que hiciera la Secretar\u00eda de Educaci\u00f3n Departamental a las 176 instituciones educativas de los 35 municipios no certificados a cargo de la Gobernaci\u00f3n del Huila, y a 50 establecimientos educativos privados, el Huila ha iniciado con la implementaci\u00f3n del programa Senatec. Seg\u00fan inform\u00f3 la jefe de calidad educativa de la Secretar\u00eda [&hellip;]<\/p>\n","protected":false},"author":2,"featured_media":72880,"comment_status":"closed","ping_status":"open","sticky":false,"template":"","format":"standard","meta":{"footnotes":""},"categories":[33],"tags":[],"class_list":["post-72879","post","type-post","status-publish","format-standard","has-post-thumbnail","hentry","category-huila"],"yoast_head":"<!-- This site is optimized with the Yoast SEO plugin v26.6 - https:\/\/yoast.com\/wordpress\/plugins\/seo\/ -->\n<title>Estudiantes huilenses fortalecen sus competencias digitales -<\/title>\n<meta name=\"robots\" content=\"index, follow, max-snippet:-1, max-image-preview:large, max-video-preview:-1\" \/>\n<link rel=\"canonical\" href=\"https:\/\/luchonoticias.com\/editor\/estudiantes-huilenses-fortalecen-sus-competencias-digitales\/\" \/>\n<meta property=\"og:locale\" content=\"es_ES\" \/>\n<meta property=\"og:type\" content=\"article\" \/>\n<meta property=\"og:title\" content=\"Estudiantes huilenses fortalecen sus competencias digitales -\" \/>\n<meta property=\"og:url\" content=\"https:\/\/luchonoticias.com\/editor\/estudiantes-huilenses-fortalecen-sus-competencias-digitales\/\" \/>\n<meta property=\"article:publisher\" content=\"https:\/\/www.facebook.com\/luchonoticiasneiva\" \/>\n<meta property=\"article:published_time\" content=\"2024-05-09T10:38:08+00:00\" \/>\n<meta property=\"og:image\" content=\"https:\/\/luchonoticias.com\/editor\/wp-content\/uploads\/2024\/05\/SENA-COMPETENCIAS.jpg\" \/>\n\t<meta property=\"og:image:width\" content=\"700\" \/>\n\t<meta property=\"og:image:height\" content=\"400\" \/>\n\t<meta property=\"og:image:type\" content=\"image\/jpeg\" \/>\n<meta name=\"author\" content=\"Editor General\" \/>\n<meta name=\"twitter:card\" content=\"summary_large_image\" \/>\n<meta name=\"twitter:label1\" content=\"Escrito por\" \/>\n\t<meta name=\"twitter:data1\" content=\"Editor General\" \/>\n\t<meta name=\"twitter:label2\" content=\"Tiempo de lectura\" \/>\n\t<meta name=\"twitter:data2\" content=\"2 minutos\" \/>\n<script type=\"application\/ld+json\" class=\"yoast-schema-graph\">{\"@context\":\"https:\/\/schema.org\",\"@graph\":[{\"@type\":\"Article\",\"@id\":\"https:\/\/luchonoticias.com\/editor\/estudiantes-huilenses-fortalecen-sus-competencias-digitales\/#article\",\"isPartOf\":{\"@id\":\"https:\/\/luchonoticias.com\/editor\/estudiantes-huilenses-fortalecen-sus-competencias-digitales\/\"},\"author\":{\"name\":\"Editor General\",\"@id\":\"https:\/\/luchonoticias.com\/editor\/#\/schema\/person\/29217990ddf6f14e35912b2866d591fb\"},\"headline\":\"Estudiantes huilenses fortalecen sus competencias digitales\",\"datePublished\":\"2024-05-09T10:38:08+00:00\",\"mainEntityOfPage\":{\"@id\":\"https:\/\/luchonoticias.com\/editor\/estudiantes-huilenses-fortalecen-sus-competencias-digitales\/\"},\"wordCount\":401,\"publisher\":{\"@id\":\"https:\/\/luchonoticias.com\/editor\/#\/schema\/person\/7a7fd911f58561fd056dbac7b55af9cd\"},\"image\":{\"@id\":\"https:\/\/luchonoticias.com\/editor\/estudiantes-huilenses-fortalecen-sus-competencias-digitales\/#primaryimage\"},\"thumbnailUrl\":\"https:\/\/luchonoticias.com\/editor\/wp-content\/uploads\/2024\/05\/SENA-COMPETENCIAS.jpg\",\"articleSection\":[\"Huila\"],\"inLanguage\":\"es\"},{\"@type\":\"WebPage\",\"@id\":\"https:\/\/luchonoticias.com\/editor\/estudiantes-huilenses-fortalecen-sus-competencias-digitales\/\",\"url\":\"https:\/\/luchonoticias.com\/editor\/estudiantes-huilenses-fortalecen-sus-competencias-digitales\/\",\"name\":\"Estudiantes huilenses fortalecen sus competencias digitales -\",\"isPartOf\":{\"@id\":\"https:\/\/luchonoticias.com\/editor\/#website\"},\"primaryImageOfPage\":{\"@id\":\"https:\/\/luchonoticias.com\/editor\/estudiantes-huilenses-fortalecen-sus-competencias-digitales\/#primaryimage\"},\"image\":{\"@id\":\"https:\/\/luchonoticias.com\/editor\/estudiantes-huilenses-fortalecen-sus-competencias-digitales\/#primaryimage\"},\"thumbnailUrl\":\"https:\/\/luchonoticias.com\/editor\/wp-content\/uploads\/2024\/05\/SENA-COMPETENCIAS.jpg\",\"datePublished\":\"2024-05-09T10:38:08+00:00\",\"breadcrumb\":{\"@id\":\"https:\/\/luchonoticias.com\/editor\/estudiantes-huilenses-fortalecen-sus-competencias-digitales\/#breadcrumb\"},\"inLanguage\":\"es\",\"potentialAction\":[{\"@type\":\"ReadAction\",\"target\":[\"https:\/\/luchonoticias.com\/editor\/estudiantes-huilenses-fortalecen-sus-competencias-digitales\/\"]}]},{\"@type\":\"ImageObject\",\"inLanguage\":\"es\",\"@id\":\"https:\/\/luchonoticias.com\/editor\/estudiantes-huilenses-fortalecen-sus-competencias-digitales\/#primaryimage\",\"url\":\"https:\/\/luchonoticias.com\/editor\/wp-content\/uploads\/2024\/05\/SENA-COMPETENCIAS.jpg\",\"contentUrl\":\"https:\/\/luchonoticias.com\/editor\/wp-content\/uploads\/2024\/05\/SENA-COMPETENCIAS.jpg\",\"width\":700,\"height\":400},{\"@type\":\"BreadcrumbList\",\"@id\":\"https:\/\/luchonoticias.com\/editor\/estudiantes-huilenses-fortalecen-sus-competencias-digitales\/#breadcrumb\",\"itemListElement\":[{\"@type\":\"ListItem\",\"position\":1,\"name\":\"Portada\",\"item\":\"https:\/\/luchonoticias.com\/editor\/\"},{\"@type\":\"ListItem\",\"position\":2,\"name\":\"Estudiantes huilenses fortalecen sus competencias digitales\"}]},{\"@type\":\"WebSite\",\"@id\":\"https:\/\/luchonoticias.com\/editor\/#website\",\"url\":\"https:\/\/luchonoticias.com\/editor\/\",\"name\":\"\",\"description\":\"\",\"publisher\":{\"@id\":\"https:\/\/luchonoticias.com\/editor\/#\/schema\/person\/7a7fd911f58561fd056dbac7b55af9cd\"},\"potentialAction\":[{\"@type\":\"SearchAction\",\"target\":{\"@type\":\"EntryPoint\",\"urlTemplate\":\"https:\/\/luchonoticias.com\/editor\/?s={search_term_string}\"},\"query-input\":{\"@type\":\"PropertyValueSpecification\",\"valueRequired\":true,\"valueName\":\"search_term_string\"}}],\"inLanguage\":\"es\"},{\"@type\":[\"Person\",\"Organization\"],\"@id\":\"https:\/\/luchonoticias.com\/editor\/#\/schema\/person\/7a7fd911f58561fd056dbac7b55af9cd\",\"name\":\"admin\",\"image\":{\"@type\":\"ImageObject\",\"inLanguage\":\"es\",\"@id\":\"https:\/\/luchonoticias.com\/editor\/#\/schema\/person\/image\/\",\"url\":\"https:\/\/luchonoticias.com\/editor\/wp-content\/uploads\/2024\/02\/cropped-cropped-logolu.webp\",\"contentUrl\":\"https:\/\/luchonoticias.com\/editor\/wp-content\/uploads\/2024\/02\/cropped-cropped-logolu.webp\",\"width\":382,\"height\":170,\"caption\":\"admin\"},\"logo\":{\"@id\":\"https:\/\/luchonoticias.com\/editor\/#\/schema\/person\/image\/\"},\"sameAs\":[\"https:\/\/www.facebook.com\/luchonoticiasneiva\"]},{\"@type\":\"Person\",\"@id\":\"https:\/\/luchonoticias.com\/editor\/#\/schema\/person\/29217990ddf6f14e35912b2866d591fb\",\"name\":\"Editor General\",\"image\":{\"@type\":\"ImageObject\",\"inLanguage\":\"es\",\"@id\":\"https:\/\/luchonoticias.com\/editor\/#\/schema\/person\/image\/\",\"url\":\"https:\/\/luchonoticias.com\/editor\/wp-content\/uploads\/2024\/02\/cropped-cropped-logolu-150x150.webp\",\"contentUrl\":\"https:\/\/luchonoticias.com\/editor\/wp-content\/uploads\/2024\/02\/cropped-cropped-logolu-150x150.webp\",\"caption\":\"Editor General\"},\"sameAs\":[\"https:\/\/luchonoticias.com\/\"],\"url\":\"https:\/\/luchonoticias.com\/editor\/author\/editor-general\/\"}]}<\/script>\n<!-- \/ Yoast SEO plugin. -->","yoast_head_json":{"title":"Estudiantes huilenses fortalecen sus competencias digitales -","robots":{"index":"index","follow":"follow","max-snippet":"max-snippet:-1","max-image-preview":"max-image-preview:large","max-video-preview":"max-video-preview:-1"},"canonical":"https:\/\/luchonoticias.com\/editor\/estudiantes-huilenses-fortalecen-sus-competencias-digitales\/","og_locale":"es_ES","og_type":"article","og_title":"Estudiantes huilenses fortalecen sus competencias digitales -","og_url":"https:\/\/luchonoticias.com\/editor\/estudiantes-huilenses-fortalecen-sus-competencias-digitales\/","article_publisher":"https:\/\/www.facebook.com\/luchonoticiasneiva","article_published_time":"2024-05-09T10:38:08+00:00","og_image":[{"width":700,"height":400,"url":"https:\/\/luchonoticias.com\/editor\/wp-content\/uploads\/2024\/05\/SENA-COMPETENCIAS.jpg","type":"image\/jpeg"}],"author":"Editor General","twitter_card":"summary_large_image","twitter_misc":{"Escrito por":"Editor General","Tiempo de lectura":"2 minutos"},"schema":{"@context":"https:\/\/schema.org","@graph":[{"@type":"Article","@id":"https:\/\/luchonoticias.com\/editor\/estudiantes-huilenses-fortalecen-sus-competencias-digitales\/#article","isPartOf":{"@id":"https:\/\/luchonoticias.com\/editor\/estudiantes-huilenses-fortalecen-sus-competencias-digitales\/"},"author":{"name":"Editor General","@id":"https:\/\/luchonoticias.com\/editor\/#\/schema\/person\/29217990ddf6f14e35912b2866d591fb"},"headline":"Estudiantes huilenses fortalecen sus competencias digitales","datePublished":"2024-05-09T10:38:08+00:00","mainEntityOfPage":{"@id":"https:\/\/luchonoticias.com\/editor\/estudiantes-huilenses-fortalecen-sus-competencias-digitales\/"},"wordCount":401,"publisher":{"@id":"https:\/\/luchonoticias.com\/editor\/#\/schema\/person\/7a7fd911f58561fd056dbac7b55af9cd"},"image":{"@id":"https:\/\/luchonoticias.com\/editor\/estudiantes-huilenses-fortalecen-sus-competencias-digitales\/#primaryimage"},"thumbnailUrl":"https:\/\/luchonoticias.com\/editor\/wp-content\/uploads\/2024\/05\/SENA-COMPETENCIAS.jpg","articleSection":["Huila"],"inLanguage":"es"},{"@type":"WebPage","@id":"https:\/\/luchonoticias.com\/editor\/estudiantes-huilenses-fortalecen-sus-competencias-digitales\/","url":"https:\/\/luchonoticias.com\/editor\/estudiantes-huilenses-fortalecen-sus-competencias-digitales\/","name":"Estudiantes huilenses fortalecen sus competencias digitales -","isPartOf":{"@id":"https:\/\/luchonoticias.com\/editor\/#website"},"primaryImageOfPage":{"@id":"https:\/\/luchonoticias.com\/editor\/estudiantes-huilenses-fortalecen-sus-competencias-digitales\/#primaryimage"},"image":{"@id":"https:\/\/luchonoticias.com\/editor\/estudiantes-huilenses-fortalecen-sus-competencias-digitales\/#primaryimage"},"thumbnailUrl":"https:\/\/luchonoticias.com\/editor\/wp-content\/uploads\/2024\/05\/SENA-COMPETENCIAS.jpg","datePublished":"2024-05-09T10:38:08+00:00","breadcrumb":{"@id":"https:\/\/luchonoticias.com\/editor\/estudiantes-huilenses-fortalecen-sus-competencias-digitales\/#breadcrumb"},"inLanguage":"es","potentialAction":[{"@type":"ReadAction","target":["https:\/\/luchonoticias.com\/editor\/estudiantes-huilenses-fortalecen-sus-competencias-digitales\/"]}]},{"@type":"ImageObject","inLanguage":"es","@id":"https:\/\/luchonoticias.com\/editor\/estudiantes-huilenses-fortalecen-sus-competencias-digitales\/#primaryimage","url":"https:\/\/luchonoticias.com\/editor\/wp-content\/uploads\/2024\/05\/SENA-COMPETENCIAS.jpg","contentUrl":"https:\/\/luchonoticias.com\/editor\/wp-content\/uploads\/2024\/05\/SENA-COMPETENCIAS.jpg","width":700,"height":400},{"@type":"BreadcrumbList","@id":"https:\/\/luchonoticias.com\/editor\/estudiantes-huilenses-fortalecen-sus-competencias-digitales\/#breadcrumb","itemListElement":[{"@type":"ListItem","position":1,"name":"Portada","item":"https:\/\/luchonoticias.com\/editor\/"},{"@type":"ListItem","position":2,"name":"Estudiantes huilenses fortalecen sus competencias digitales"}]},{"@type":"WebSite","@id":"https:\/\/luchonoticias.com\/editor\/#website","url":"https:\/\/luchonoticias.com\/editor\/","name":"","description":"","publisher":{"@id":"https:\/\/luchonoticias.com\/editor\/#\/schema\/person\/7a7fd911f58561fd056dbac7b55af9cd"},"potentialAction":[{"@type":"SearchAction","target":{"@type":"EntryPoint","urlTemplate":"https:\/\/luchonoticias.com\/editor\/?s={search_term_string}"},"query-input":{"@type":"PropertyValueSpecification","valueRequired":true,"valueName":"search_term_string"}}],"inLanguage":"es"},{"@type":["Person","Organization"],"@id":"https:\/\/luchonoticias.com\/editor\/#\/schema\/person\/7a7fd911f58561fd056dbac7b55af9cd","name":"admin","image":{"@type":"ImageObject","inLanguage":"es","@id":"https:\/\/luchonoticias.com\/editor\/#\/schema\/person\/image\/","url":"https:\/\/luchonoticias.com\/editor\/wp-content\/uploads\/2024\/02\/cropped-cropped-logolu.webp","contentUrl":"https:\/\/luchonoticias.com\/editor\/wp-content\/uploads\/2024\/02\/cropped-cropped-logolu.webp","width":382,"height":170,"caption":"admin"},"logo":{"@id":"https:\/\/luchonoticias.com\/editor\/#\/schema\/person\/image\/"},"sameAs":["https:\/\/www.facebook.com\/luchonoticiasneiva"]},{"@type":"Person","@id":"https:\/\/luchonoticias.com\/editor\/#\/schema\/person\/29217990ddf6f14e35912b2866d591fb","name":"Editor General","image":{"@type":"ImageObject","inLanguage":"es","@id":"https:\/\/luchonoticias.com\/editor\/#\/schema\/person\/image\/","url":"https:\/\/luchonoticias.com\/editor\/wp-content\/uploads\/2024\/02\/cropped-cropped-logolu-150x150.webp","contentUrl":"https:\/\/luchonoticias.com\/editor\/wp-content\/uploads\/2024\/02\/cropped-cropped-logolu-150x150.webp","caption":"Editor General"},"sameAs":["https:\/\/luchonoticias.com\/"],"url":"https:\/\/luchonoticias.com\/editor\/author\/editor-general\/"}]}},"_links":{"self":[{"href":"https:\/\/luchonoticias.com\/editor\/wp-json\/wp\/v2\/posts\/72879","targetHints":{"allow":["GET"]}}],"collection":[{"href":"https:\/\/luchonoticias.com\/editor\/wp-json\/wp\/v2\/posts"}],"about":[{"href":"https:\/\/luchonoticias.com\/editor\/wp-json\/wp\/v2\/types\/post"}],"author":[{"embeddable":true,"href":"https:\/\/luchonoticias.com\/editor\/wp-json\/wp\/v2\/users\/2"}],"replies":[{"embeddable":true,"href":"https:\/\/luchonoticias.com\/editor\/wp-json\/wp\/v2\/comments?post=72879"}],"version-history":[{"count":0,"href":"https:\/\/luchonoticias.com\/editor\/wp-json\/wp\/v2\/posts\/72879\/revisions"}],"wp:featuredmedia":[{"embeddable":true,"href":"https:\/\/luchonoticias.com\/editor\/wp-json\/wp\/v2\/media\/72880"}],"wp:attachment":[{"href":"https:\/\/luchonoticias.com\/editor\/wp-json\/wp\/v2\/media?parent=72879"}],"wp:term":[{"taxonomy":"category","embeddable":true,"href":"https:\/\/luchonoticias.com\/editor\/wp-json\/wp\/v2\/categories?post=72879"},{"taxonomy":"post_tag","embeddable":true,"href":"https:\/\/luchonoticias.com\/editor\/wp-json\/wp\/v2\/tags?post=72879"}],"curies":[{"name":"wp","href":"https:\/\/api.w.org\/{rel}","templated":true}]}}