{"id":72882,"date":"2024-05-09T05:41:00","date_gmt":"2024-05-09T10:41:00","guid":{"rendered":"https:\/\/luchonoticias.com\/?p=72882"},"modified":"2024-05-09T05:41:00","modified_gmt":"2024-05-09T10:41:00","slug":"en-marcha-proceso-para-la-regulacion-de-la-inteligencia-artificial","status":"publish","type":"post","link":"https:\/\/luchonoticias.com\/editor\/en-marcha-proceso-para-la-regulacion-de-la-inteligencia-artificial\/","title":{"rendered":"En marcha proceso para la regulaci\u00f3n de la inteligencia artificial"},"content":{"rendered":"<p>La Comisi\u00f3n Primera de Senado aprob\u00f3 en primer debate, con 16 votos a favor, el Proyecto de Ley No. 225 de 2024 \u201cPor medio de la cual se modifica y establece un agravante al art\u00edculo 296 de la Ley 599 de 2000, C\u00f3digo Penal Colombiano\u201d.<\/p>\n<p>Este proyecto busca que el delito de falsedad personal, para la modalidad de suplantaci\u00f3n, sea tenido en cuenta cuando se usa la IA, y de acuerdo con el ponente, el senador\u00a0<strong>Jota Pe Hern\u00e1ndez<\/strong>, se busca proteger con ese agravante, que se quiere incluir en el art\u00edculo 296, la integridad personal comprendida en la esfera f\u00edsica, moral y \u00e9tica de la persona y \u201cque el bien jur\u00eddico de la fe p\u00fablica, no se vea afectado\u201d.<\/p>\n<p>\u201cLa Comisi\u00f3n Europea ya ha aprobado la b\u00fasqueda de una inteligencia artificial que sea segura y \u00e9tica, con una normatividad que hace un an\u00e1lisis de la protecci\u00f3n de derechos fundamentales del mal uso de la IA. Un reto importante tiene el Congreso de la Rep\u00fablica de poder tener unas herramientas que puedan facilitar a la sociedad colombiana el uso debido de las aplicaciones, en este caso la IA, que es sin lugar a dudas es uno de los motores en este siglo\u201d, afirm\u00f3 el senador\u00a0<strong>Juan Carlos Garc\u00eda<\/strong>, del\u00a0<strong>Partido Conservador.<\/strong><\/p>\n<p>Por su parte el senador\u00a0<strong>Alfredo Deluque<\/strong>, del\u00a0<strong>Partido de la U<\/strong>, agreg\u00f3 que \u201clo mejor que nos puede pasar es que la inteligencia artificial llegue, que se establezca, pero hacerlo con responsabilidad. No podemos frenar la tecnolog\u00eda, por eso apoyar\u00e9 esta iniciativa\u201d.<\/p>\n<p>Entre tanto la senadora\u00a0<strong>Paloma Valencia<\/strong>, del\u00a0<strong>Partido<\/strong>\u00a0<strong>Centro Democr\u00e1tico<\/strong>, indic\u00f3 que este es un proyecto importante por lo que sugiri\u00f3 que \u201cvaldr\u00eda la pena que para la ponencia pensemos cu\u00e1les ser\u00edan los usos l\u00edcitos de la IA, que no vayamos a volver todo delito en una reacci\u00f3n que puede ser mucho m\u00e1s amplia de lo que queremos\u201d.<\/p>\n","protected":false},"excerpt":{"rendered":"<p>La Comisi\u00f3n Primera de Senado aprob\u00f3 en primer debate, con 16 votos a favor, el Proyecto de Ley No. 225 de 2024 \u201cPor medio de la cual se modifica y establece un agravante al art\u00edculo 296 de la Ley 599 de 2000, C\u00f3digo Penal Colombiano\u201d. Este proyecto busca que el delito de falsedad personal, para [&hellip;]<\/p>\n","protected":false},"author":2,"featured_media":72883,"comment_status":"closed","ping_status":"open","sticky":false,"template":"","format":"standard","meta":{"footnotes":""},"categories":[28],"tags":[],"class_list":["post-72882","post","type-post","status-publish","format-standard","has-post-thumbnail","hentry","category-actualidad"],"yoast_head":"<!-- This site is optimized with the Yoast SEO plugin v26.6 - https:\/\/yoast.com\/wordpress\/plugins\/seo\/ -->\n<title>En marcha proceso para la regulaci\u00f3n de la inteligencia artificial -<\/title>\n<meta name=\"robots\" content=\"index, follow, max-snippet:-1, max-image-preview:large, max-video-preview:-1\" \/>\n<link rel=\"canonical\" href=\"https:\/\/luchonoticias.com\/editor\/en-marcha-proceso-para-la-regulacion-de-la-inteligencia-artificial\/\" \/>\n<meta property=\"og:locale\" content=\"es_ES\" \/>\n<meta property=\"og:type\" content=\"article\" \/>\n<meta property=\"og:title\" content=\"En marcha proceso para la regulaci\u00f3n de la inteligencia artificial -\" \/>\n<meta property=\"og:url\" content=\"https:\/\/luchonoticias.com\/editor\/en-marcha-proceso-para-la-regulacion-de-la-inteligencia-artificial\/\" \/>\n<meta property=\"article:publisher\" content=\"https:\/\/www.facebook.com\/luchonoticiasneiva\" \/>\n<meta property=\"article:published_time\" content=\"2024-05-09T10:41:00+00:00\" \/>\n<meta property=\"og:image\" content=\"https:\/\/luchonoticias.com\/editor\/wp-content\/uploads\/2024\/05\/senado-IA.jpg\" \/>\n\t<meta property=\"og:image:width\" content=\"700\" \/>\n\t<meta property=\"og:image:height\" content=\"400\" \/>\n\t<meta property=\"og:image:type\" content=\"image\/jpeg\" \/>\n<meta name=\"author\" content=\"Editor General\" \/>\n<meta name=\"twitter:card\" content=\"summary_large_image\" \/>\n<meta name=\"twitter:label1\" content=\"Escrito por\" \/>\n\t<meta name=\"twitter:data1\" content=\"Editor General\" \/>\n\t<meta name=\"twitter:label2\" content=\"Tiempo de lectura\" \/>\n\t<meta name=\"twitter:data2\" content=\"2 minutos\" \/>\n<script type=\"application\/ld+json\" class=\"yoast-schema-graph\">{\"@context\":\"https:\/\/schema.org\",\"@graph\":[{\"@type\":\"Article\",\"@id\":\"https:\/\/luchonoticias.com\/editor\/en-marcha-proceso-para-la-regulacion-de-la-inteligencia-artificial\/#article\",\"isPartOf\":{\"@id\":\"https:\/\/luchonoticias.com\/editor\/en-marcha-proceso-para-la-regulacion-de-la-inteligencia-artificial\/\"},\"author\":{\"name\":\"Editor General\",\"@id\":\"https:\/\/luchonoticias.com\/editor\/#\/schema\/person\/29217990ddf6f14e35912b2866d591fb\"},\"headline\":\"En marcha proceso para la regulaci\u00f3n de la inteligencia artificial\",\"datePublished\":\"2024-05-09T10:41:00+00:00\",\"mainEntityOfPage\":{\"@id\":\"https:\/\/luchonoticias.com\/editor\/en-marcha-proceso-para-la-regulacion-de-la-inteligencia-artificial\/\"},\"wordCount\":339,\"publisher\":{\"@id\":\"https:\/\/luchonoticias.com\/editor\/#\/schema\/person\/7a7fd911f58561fd056dbac7b55af9cd\"},\"image\":{\"@id\":\"https:\/\/luchonoticias.com\/editor\/en-marcha-proceso-para-la-regulacion-de-la-inteligencia-artificial\/#primaryimage\"},\"thumbnailUrl\":\"https:\/\/luchonoticias.com\/editor\/wp-content\/uploads\/2024\/05\/senado-IA.jpg\",\"articleSection\":[\"Actualidad\"],\"inLanguage\":\"es\"},{\"@type\":\"WebPage\",\"@id\":\"https:\/\/luchonoticias.com\/editor\/en-marcha-proceso-para-la-regulacion-de-la-inteligencia-artificial\/\",\"url\":\"https:\/\/luchonoticias.com\/editor\/en-marcha-proceso-para-la-regulacion-de-la-inteligencia-artificial\/\",\"name\":\"En marcha proceso para la regulaci\u00f3n de la inteligencia artificial -\",\"isPartOf\":{\"@id\":\"https:\/\/luchonoticias.com\/editor\/#website\"},\"primaryImageOfPage\":{\"@id\":\"https:\/\/luchonoticias.com\/editor\/en-marcha-proceso-para-la-regulacion-de-la-inteligencia-artificial\/#primaryimage\"},\"image\":{\"@id\":\"https:\/\/luchonoticias.com\/editor\/en-marcha-proceso-para-la-regulacion-de-la-inteligencia-artificial\/#primaryimage\"},\"thumbnailUrl\":\"https:\/\/luchonoticias.com\/editor\/wp-content\/uploads\/2024\/05\/senado-IA.jpg\",\"datePublished\":\"2024-05-09T10:41:00+00:00\",\"breadcrumb\":{\"@id\":\"https:\/\/luchonoticias.com\/editor\/en-marcha-proceso-para-la-regulacion-de-la-inteligencia-artificial\/#breadcrumb\"},\"inLanguage\":\"es\",\"potentialAction\":[{\"@type\":\"ReadAction\",\"target\":[\"https:\/\/luchonoticias.com\/editor\/en-marcha-proceso-para-la-regulacion-de-la-inteligencia-artificial\/\"]}]},{\"@type\":\"ImageObject\",\"inLanguage\":\"es\",\"@id\":\"https:\/\/luchonoticias.com\/editor\/en-marcha-proceso-para-la-regulacion-de-la-inteligencia-artificial\/#primaryimage\",\"url\":\"https:\/\/luchonoticias.com\/editor\/wp-content\/uploads\/2024\/05\/senado-IA.jpg\",\"contentUrl\":\"https:\/\/luchonoticias.com\/editor\/wp-content\/uploads\/2024\/05\/senado-IA.jpg\",\"width\":700,\"height\":400},{\"@type\":\"BreadcrumbList\",\"@id\":\"https:\/\/luchonoticias.com\/editor\/en-marcha-proceso-para-la-regulacion-de-la-inteligencia-artificial\/#breadcrumb\",\"itemListElement\":[{\"@type\":\"ListItem\",\"position\":1,\"name\":\"Portada\",\"item\":\"https:\/\/luchonoticias.com\/editor\/\"},{\"@type\":\"ListItem\",\"position\":2,\"name\":\"En marcha proceso para la regulaci\u00f3n de la inteligencia artificial\"}]},{\"@type\":\"WebSite\",\"@id\":\"https:\/\/luchonoticias.com\/editor\/#website\",\"url\":\"https:\/\/luchonoticias.com\/editor\/\",\"name\":\"\",\"description\":\"\",\"publisher\":{\"@id\":\"https:\/\/luchonoticias.com\/editor\/#\/schema\/person\/7a7fd911f58561fd056dbac7b55af9cd\"},\"potentialAction\":[{\"@type\":\"SearchAction\",\"target\":{\"@type\":\"EntryPoint\",\"urlTemplate\":\"https:\/\/luchonoticias.com\/editor\/?s={search_term_string}\"},\"query-input\":{\"@type\":\"PropertyValueSpecification\",\"valueRequired\":true,\"valueName\":\"search_term_string\"}}],\"inLanguage\":\"es\"},{\"@type\":[\"Person\",\"Organization\"],\"@id\":\"https:\/\/luchonoticias.com\/editor\/#\/schema\/person\/7a7fd911f58561fd056dbac7b55af9cd\",\"name\":\"admin\",\"image\":{\"@type\":\"ImageObject\",\"inLanguage\":\"es\",\"@id\":\"https:\/\/luchonoticias.com\/editor\/#\/schema\/person\/image\/\",\"url\":\"https:\/\/luchonoticias.com\/editor\/wp-content\/uploads\/2024\/02\/cropped-cropped-logolu.webp\",\"contentUrl\":\"https:\/\/luchonoticias.com\/editor\/wp-content\/uploads\/2024\/02\/cropped-cropped-logolu.webp\",\"width\":382,\"height\":170,\"caption\":\"admin\"},\"logo\":{\"@id\":\"https:\/\/luchonoticias.com\/editor\/#\/schema\/person\/image\/\"},\"sameAs\":[\"https:\/\/www.facebook.com\/luchonoticiasneiva\"]},{\"@type\":\"Person\",\"@id\":\"https:\/\/luchonoticias.com\/editor\/#\/schema\/person\/29217990ddf6f14e35912b2866d591fb\",\"name\":\"Editor General\",\"image\":{\"@type\":\"ImageObject\",\"inLanguage\":\"es\",\"@id\":\"https:\/\/luchonoticias.com\/editor\/#\/schema\/person\/image\/\",\"url\":\"https:\/\/luchonoticias.com\/editor\/wp-content\/uploads\/2024\/02\/cropped-cropped-logolu-150x150.webp\",\"contentUrl\":\"https:\/\/luchonoticias.com\/editor\/wp-content\/uploads\/2024\/02\/cropped-cropped-logolu-150x150.webp\",\"caption\":\"Editor General\"},\"sameAs\":[\"https:\/\/luchonoticias.com\/\"],\"url\":\"https:\/\/luchonoticias.com\/editor\/author\/editor-general\/\"}]}<\/script>\n<!-- \/ Yoast SEO plugin. -->","yoast_head_json":{"title":"En marcha proceso para la regulaci\u00f3n de la inteligencia artificial -","robots":{"index":"index","follow":"follow","max-snippet":"max-snippet:-1","max-image-preview":"max-image-preview:large","max-video-preview":"max-video-preview:-1"},"canonical":"https:\/\/luchonoticias.com\/editor\/en-marcha-proceso-para-la-regulacion-de-la-inteligencia-artificial\/","og_locale":"es_ES","og_type":"article","og_title":"En marcha proceso para la regulaci\u00f3n de la inteligencia artificial -","og_url":"https:\/\/luchonoticias.com\/editor\/en-marcha-proceso-para-la-regulacion-de-la-inteligencia-artificial\/","article_publisher":"https:\/\/www.facebook.com\/luchonoticiasneiva","article_published_time":"2024-05-09T10:41:00+00:00","og_image":[{"width":700,"height":400,"url":"https:\/\/luchonoticias.com\/editor\/wp-content\/uploads\/2024\/05\/senado-IA.jpg","type":"image\/jpeg"}],"author":"Editor General","twitter_card":"summary_large_image","twitter_misc":{"Escrito por":"Editor General","Tiempo de lectura":"2 minutos"},"schema":{"@context":"https:\/\/schema.org","@graph":[{"@type":"Article","@id":"https:\/\/luchonoticias.com\/editor\/en-marcha-proceso-para-la-regulacion-de-la-inteligencia-artificial\/#article","isPartOf":{"@id":"https:\/\/luchonoticias.com\/editor\/en-marcha-proceso-para-la-regulacion-de-la-inteligencia-artificial\/"},"author":{"name":"Editor General","@id":"https:\/\/luchonoticias.com\/editor\/#\/schema\/person\/29217990ddf6f14e35912b2866d591fb"},"headline":"En marcha proceso para la regulaci\u00f3n de la inteligencia artificial","datePublished":"2024-05-09T10:41:00+00:00","mainEntityOfPage":{"@id":"https:\/\/luchonoticias.com\/editor\/en-marcha-proceso-para-la-regulacion-de-la-inteligencia-artificial\/"},"wordCount":339,"publisher":{"@id":"https:\/\/luchonoticias.com\/editor\/#\/schema\/person\/7a7fd911f58561fd056dbac7b55af9cd"},"image":{"@id":"https:\/\/luchonoticias.com\/editor\/en-marcha-proceso-para-la-regulacion-de-la-inteligencia-artificial\/#primaryimage"},"thumbnailUrl":"https:\/\/luchonoticias.com\/editor\/wp-content\/uploads\/2024\/05\/senado-IA.jpg","articleSection":["Actualidad"],"inLanguage":"es"},{"@type":"WebPage","@id":"https:\/\/luchonoticias.com\/editor\/en-marcha-proceso-para-la-regulacion-de-la-inteligencia-artificial\/","url":"https:\/\/luchonoticias.com\/editor\/en-marcha-proceso-para-la-regulacion-de-la-inteligencia-artificial\/","name":"En marcha proceso para la regulaci\u00f3n de la inteligencia artificial -","isPartOf":{"@id":"https:\/\/luchonoticias.com\/editor\/#website"},"primaryImageOfPage":{"@id":"https:\/\/luchonoticias.com\/editor\/en-marcha-proceso-para-la-regulacion-de-la-inteligencia-artificial\/#primaryimage"},"image":{"@id":"https:\/\/luchonoticias.com\/editor\/en-marcha-proceso-para-la-regulacion-de-la-inteligencia-artificial\/#primaryimage"},"thumbnailUrl":"https:\/\/luchonoticias.com\/editor\/wp-content\/uploads\/2024\/05\/senado-IA.jpg","datePublished":"2024-05-09T10:41:00+00:00","breadcrumb":{"@id":"https:\/\/luchonoticias.com\/editor\/en-marcha-proceso-para-la-regulacion-de-la-inteligencia-artificial\/#breadcrumb"},"inLanguage":"es","potentialAction":[{"@type":"ReadAction","target":["https:\/\/luchonoticias.com\/editor\/en-marcha-proceso-para-la-regulacion-de-la-inteligencia-artificial\/"]}]},{"@type":"ImageObject","inLanguage":"es","@id":"https:\/\/luchonoticias.com\/editor\/en-marcha-proceso-para-la-regulacion-de-la-inteligencia-artificial\/#primaryimage","url":"https:\/\/luchonoticias.com\/editor\/wp-content\/uploads\/2024\/05\/senado-IA.jpg","contentUrl":"https:\/\/luchonoticias.com\/editor\/wp-content\/uploads\/2024\/05\/senado-IA.jpg","width":700,"height":400},{"@type":"BreadcrumbList","@id":"https:\/\/luchonoticias.com\/editor\/en-marcha-proceso-para-la-regulacion-de-la-inteligencia-artificial\/#breadcrumb","itemListElement":[{"@type":"ListItem","position":1,"name":"Portada","item":"https:\/\/luchonoticias.com\/editor\/"},{"@type":"ListItem","position":2,"name":"En marcha proceso para la regulaci\u00f3n de la inteligencia artificial"}]},{"@type":"WebSite","@id":"https:\/\/luchonoticias.com\/editor\/#website","url":"https:\/\/luchonoticias.com\/editor\/","name":"","description":"","publisher":{"@id":"https:\/\/luchonoticias.com\/editor\/#\/schema\/person\/7a7fd911f58561fd056dbac7b55af9cd"},"potentialAction":[{"@type":"SearchAction","target":{"@type":"EntryPoint","urlTemplate":"https:\/\/luchonoticias.com\/editor\/?s={search_term_string}"},"query-input":{"@type":"PropertyValueSpecification","valueRequired":true,"valueName":"search_term_string"}}],"inLanguage":"es"},{"@type":["Person","Organization"],"@id":"https:\/\/luchonoticias.com\/editor\/#\/schema\/person\/7a7fd911f58561fd056dbac7b55af9cd","name":"admin","image":{"@type":"ImageObject","inLanguage":"es","@id":"https:\/\/luchonoticias.com\/editor\/#\/schema\/person\/image\/","url":"https:\/\/luchonoticias.com\/editor\/wp-content\/uploads\/2024\/02\/cropped-cropped-logolu.webp","contentUrl":"https:\/\/luchonoticias.com\/editor\/wp-content\/uploads\/2024\/02\/cropped-cropped-logolu.webp","width":382,"height":170,"caption":"admin"},"logo":{"@id":"https:\/\/luchonoticias.com\/editor\/#\/schema\/person\/image\/"},"sameAs":["https:\/\/www.facebook.com\/luchonoticiasneiva"]},{"@type":"Person","@id":"https:\/\/luchonoticias.com\/editor\/#\/schema\/person\/29217990ddf6f14e35912b2866d591fb","name":"Editor General","image":{"@type":"ImageObject","inLanguage":"es","@id":"https:\/\/luchonoticias.com\/editor\/#\/schema\/person\/image\/","url":"https:\/\/luchonoticias.com\/editor\/wp-content\/uploads\/2024\/02\/cropped-cropped-logolu-150x150.webp","contentUrl":"https:\/\/luchonoticias.com\/editor\/wp-content\/uploads\/2024\/02\/cropped-cropped-logolu-150x150.webp","caption":"Editor General"},"sameAs":["https:\/\/luchonoticias.com\/"],"url":"https:\/\/luchonoticias.com\/editor\/author\/editor-general\/"}]}},"_links":{"self":[{"href":"https:\/\/luchonoticias.com\/editor\/wp-json\/wp\/v2\/posts\/72882","targetHints":{"allow":["GET"]}}],"collection":[{"href":"https:\/\/luchonoticias.com\/editor\/wp-json\/wp\/v2\/posts"}],"about":[{"href":"https:\/\/luchonoticias.com\/editor\/wp-json\/wp\/v2\/types\/post"}],"author":[{"embeddable":true,"href":"https:\/\/luchonoticias.com\/editor\/wp-json\/wp\/v2\/users\/2"}],"replies":[{"embeddable":true,"href":"https:\/\/luchonoticias.com\/editor\/wp-json\/wp\/v2\/comments?post=72882"}],"version-history":[{"count":0,"href":"https:\/\/luchonoticias.com\/editor\/wp-json\/wp\/v2\/posts\/72882\/revisions"}],"wp:featuredmedia":[{"embeddable":true,"href":"https:\/\/luchonoticias.com\/editor\/wp-json\/wp\/v2\/media\/72883"}],"wp:attachment":[{"href":"https:\/\/luchonoticias.com\/editor\/wp-json\/wp\/v2\/media?parent=72882"}],"wp:term":[{"taxonomy":"category","embeddable":true,"href":"https:\/\/luchonoticias.com\/editor\/wp-json\/wp\/v2\/categories?post=72882"},{"taxonomy":"post_tag","embeddable":true,"href":"https:\/\/luchonoticias.com\/editor\/wp-json\/wp\/v2\/tags?post=72882"}],"curies":[{"name":"wp","href":"https:\/\/api.w.org\/{rel}","templated":true}]}}