{"id":72885,"date":"2024-05-09T05:45:34","date_gmt":"2024-05-09T10:45:34","guid":{"rendered":"https:\/\/luchonoticias.com\/?p=72885"},"modified":"2024-05-09T05:45:34","modified_gmt":"2024-05-09T10:45:34","slug":"lapidarias-palabras-del-presidente-hacia-cartagena","status":"publish","type":"post","link":"https:\/\/luchonoticias.com\/editor\/lapidarias-palabras-del-presidente-hacia-cartagena\/","title":{"rendered":"Lapidarias palabras del Presidente hacia Cartagena"},"content":{"rendered":"<div>\u201cUn gran pacto\u201d en torno al reordenamiento del territorio entre los gobiernos Nacional y local y con la comunidad, propuso el presidente Gustavo Petro durante su intervenci\u00f3n en la jornada \u2018Gobierno con los Barrios Populares\u2019, que se realiz\u00f3 este mi\u00e9rcoles en el barrio El Poz\u00f3n de Cartagena.<\/div>\n<div><\/div>\n<div>El jefe de Estado dijo en su intervenci\u00f3n que \u201cCartagena es una de las cinco ciudades del mundo que puede desaparecer, literalmente, por la crisis clim\u00e1tica. Por eso se requiere actuar con urgencia\u201d.<\/div>\n<div><\/div>\n<div>El mandatario recogi\u00f3 las palabras de Luis P\u00e9rez Jim\u00e9nez, uno de los voceros de la comunidad, que se refiri\u00f3 al \u201cpatr\u00f3n del agua\u201d. El presidente agreg\u00f3 que eso es similar al patr\u00f3n de CO2 del que hablan los cient\u00edficos: \u201cEntre m\u00e1s CO2 arroje el capitalismo del agua, m\u00e1s de hunde Cartagena. No estoy hablando carreta, ustedes ya lo saben, no es sino mirar el mar, sentirlo, para saber que ya est\u00e1 pasando\u201d, dijo.<\/div>\n<div><\/div>\n<div>La primera alarma, agreg\u00f3, se evidencia en el Hospital Naval de Cartagena, donde los pilares han comenzado a afectarse por cuenta de la subida de la marea.<\/div>\n<div><\/div>\n<div>\u201cEso se llama el nivel fre\u00e1tico, que se produce no solo en la playa sino debajo de esta tierra, y va tumbando la varilla, el acero, el cemento, y el edificio comienza a moverse\u201d, explic\u00f3.<\/div>\n<div><\/div>\n<div>El Presidente record\u00f3 que hace algunos a\u00f1os se dise\u00f1\u00f3 un plan para adaptar la ciudad de Cartagena a la crisis clim\u00e1tica, seg\u00fan el cual el barrio Boston iba a ser el primero en reubicarse, alrededor de 20 mil familias, pero hoy no ha sido reubicada ninguna.<\/div>\n<div><\/div>\n<div>\u201cHay que pensar r\u00e1pidamente c\u00f3mo adaptamos la ciudad de Cartagena a la crisis clim\u00e1tica estando como est\u00e1, rodeada de agua. Esta es una de las cinco ciudades del mundo con mayor vulnerabilidad a la crisis clim\u00e1tica\u201d, asegur\u00f3 y dijo que el pacto que propone debe hacerse en torno al Plan de Ordenamiento Territorial: \u201cO Cartagena es para el gran capital del hotelero, o es para la poblaci\u00f3n\u201d.<\/div>\n","protected":false},"excerpt":{"rendered":"<p>\u201cUn gran pacto\u201d en torno al reordenamiento del territorio entre los gobiernos Nacional y local y con la comunidad, propuso el presidente Gustavo Petro durante su intervenci\u00f3n en la jornada \u2018Gobierno con los Barrios Populares\u2019, que se realiz\u00f3 este mi\u00e9rcoles en el barrio El Poz\u00f3n de Cartagena. El jefe de Estado dijo en su intervenci\u00f3n [&hellip;]<\/p>\n","protected":false},"author":2,"featured_media":72886,"comment_status":"closed","ping_status":"open","sticky":false,"template":"","format":"standard","meta":{"footnotes":""},"categories":[28],"tags":[],"class_list":["post-72885","post","type-post","status-publish","format-standard","has-post-thumbnail","hentry","category-actualidad"],"yoast_head":"<!-- This site is optimized with the Yoast SEO plugin v26.6 - https:\/\/yoast.com\/wordpress\/plugins\/seo\/ -->\n<title>Lapidarias palabras del Presidente hacia Cartagena -<\/title>\n<meta name=\"robots\" content=\"index, follow, max-snippet:-1, max-image-preview:large, max-video-preview:-1\" \/>\n<link rel=\"canonical\" href=\"https:\/\/luchonoticias.com\/editor\/lapidarias-palabras-del-presidente-hacia-cartagena\/\" \/>\n<meta property=\"og:locale\" content=\"es_ES\" \/>\n<meta property=\"og:type\" content=\"article\" \/>\n<meta property=\"og:title\" content=\"Lapidarias palabras del Presidente hacia Cartagena -\" \/>\n<meta property=\"og:url\" content=\"https:\/\/luchonoticias.com\/editor\/lapidarias-palabras-del-presidente-hacia-cartagena\/\" \/>\n<meta property=\"article:publisher\" content=\"https:\/\/www.facebook.com\/luchonoticiasneiva\" \/>\n<meta property=\"article:published_time\" content=\"2024-05-09T10:45:34+00:00\" \/>\n<meta property=\"og:image\" content=\"https:\/\/luchonoticias.com\/editor\/wp-content\/uploads\/2024\/05\/petro-en-cartagena.jpg\" \/>\n\t<meta property=\"og:image:width\" content=\"700\" \/>\n\t<meta property=\"og:image:height\" content=\"400\" \/>\n\t<meta property=\"og:image:type\" content=\"image\/jpeg\" \/>\n<meta name=\"author\" content=\"Editor General\" \/>\n<meta name=\"twitter:card\" content=\"summary_large_image\" \/>\n<meta name=\"twitter:label1\" content=\"Escrito por\" \/>\n\t<meta name=\"twitter:data1\" content=\"Editor General\" \/>\n\t<meta name=\"twitter:label2\" content=\"Tiempo de lectura\" \/>\n\t<meta name=\"twitter:data2\" content=\"2 minutos\" \/>\n<script type=\"application\/ld+json\" class=\"yoast-schema-graph\">{\"@context\":\"https:\/\/schema.org\",\"@graph\":[{\"@type\":\"Article\",\"@id\":\"https:\/\/luchonoticias.com\/editor\/lapidarias-palabras-del-presidente-hacia-cartagena\/#article\",\"isPartOf\":{\"@id\":\"https:\/\/luchonoticias.com\/editor\/lapidarias-palabras-del-presidente-hacia-cartagena\/\"},\"author\":{\"name\":\"Editor General\",\"@id\":\"https:\/\/luchonoticias.com\/editor\/#\/schema\/person\/29217990ddf6f14e35912b2866d591fb\"},\"headline\":\"Lapidarias palabras del Presidente hacia Cartagena\",\"datePublished\":\"2024-05-09T10:45:34+00:00\",\"mainEntityOfPage\":{\"@id\":\"https:\/\/luchonoticias.com\/editor\/lapidarias-palabras-del-presidente-hacia-cartagena\/\"},\"wordCount\":354,\"publisher\":{\"@id\":\"https:\/\/luchonoticias.com\/editor\/#\/schema\/person\/7a7fd911f58561fd056dbac7b55af9cd\"},\"image\":{\"@id\":\"https:\/\/luchonoticias.com\/editor\/lapidarias-palabras-del-presidente-hacia-cartagena\/#primaryimage\"},\"thumbnailUrl\":\"https:\/\/luchonoticias.com\/editor\/wp-content\/uploads\/2024\/05\/petro-en-cartagena.jpg\",\"articleSection\":[\"Actualidad\"],\"inLanguage\":\"es\"},{\"@type\":\"WebPage\",\"@id\":\"https:\/\/luchonoticias.com\/editor\/lapidarias-palabras-del-presidente-hacia-cartagena\/\",\"url\":\"https:\/\/luchonoticias.com\/editor\/lapidarias-palabras-del-presidente-hacia-cartagena\/\",\"name\":\"Lapidarias palabras del Presidente hacia Cartagena -\",\"isPartOf\":{\"@id\":\"https:\/\/luchonoticias.com\/editor\/#website\"},\"primaryImageOfPage\":{\"@id\":\"https:\/\/luchonoticias.com\/editor\/lapidarias-palabras-del-presidente-hacia-cartagena\/#primaryimage\"},\"image\":{\"@id\":\"https:\/\/luchonoticias.com\/editor\/lapidarias-palabras-del-presidente-hacia-cartagena\/#primaryimage\"},\"thumbnailUrl\":\"https:\/\/luchonoticias.com\/editor\/wp-content\/uploads\/2024\/05\/petro-en-cartagena.jpg\",\"datePublished\":\"2024-05-09T10:45:34+00:00\",\"breadcrumb\":{\"@id\":\"https:\/\/luchonoticias.com\/editor\/lapidarias-palabras-del-presidente-hacia-cartagena\/#breadcrumb\"},\"inLanguage\":\"es\",\"potentialAction\":[{\"@type\":\"ReadAction\",\"target\":[\"https:\/\/luchonoticias.com\/editor\/lapidarias-palabras-del-presidente-hacia-cartagena\/\"]}]},{\"@type\":\"ImageObject\",\"inLanguage\":\"es\",\"@id\":\"https:\/\/luchonoticias.com\/editor\/lapidarias-palabras-del-presidente-hacia-cartagena\/#primaryimage\",\"url\":\"https:\/\/luchonoticias.com\/editor\/wp-content\/uploads\/2024\/05\/petro-en-cartagena.jpg\",\"contentUrl\":\"https:\/\/luchonoticias.com\/editor\/wp-content\/uploads\/2024\/05\/petro-en-cartagena.jpg\",\"width\":700,\"height\":400},{\"@type\":\"BreadcrumbList\",\"@id\":\"https:\/\/luchonoticias.com\/editor\/lapidarias-palabras-del-presidente-hacia-cartagena\/#breadcrumb\",\"itemListElement\":[{\"@type\":\"ListItem\",\"position\":1,\"name\":\"Portada\",\"item\":\"https:\/\/luchonoticias.com\/editor\/\"},{\"@type\":\"ListItem\",\"position\":2,\"name\":\"Lapidarias palabras del Presidente hacia Cartagena\"}]},{\"@type\":\"WebSite\",\"@id\":\"https:\/\/luchonoticias.com\/editor\/#website\",\"url\":\"https:\/\/luchonoticias.com\/editor\/\",\"name\":\"\",\"description\":\"\",\"publisher\":{\"@id\":\"https:\/\/luchonoticias.com\/editor\/#\/schema\/person\/7a7fd911f58561fd056dbac7b55af9cd\"},\"potentialAction\":[{\"@type\":\"SearchAction\",\"target\":{\"@type\":\"EntryPoint\",\"urlTemplate\":\"https:\/\/luchonoticias.com\/editor\/?s={search_term_string}\"},\"query-input\":{\"@type\":\"PropertyValueSpecification\",\"valueRequired\":true,\"valueName\":\"search_term_string\"}}],\"inLanguage\":\"es\"},{\"@type\":[\"Person\",\"Organization\"],\"@id\":\"https:\/\/luchonoticias.com\/editor\/#\/schema\/person\/7a7fd911f58561fd056dbac7b55af9cd\",\"name\":\"admin\",\"image\":{\"@type\":\"ImageObject\",\"inLanguage\":\"es\",\"@id\":\"https:\/\/luchonoticias.com\/editor\/#\/schema\/person\/image\/\",\"url\":\"https:\/\/luchonoticias.com\/editor\/wp-content\/uploads\/2024\/02\/cropped-cropped-logolu.webp\",\"contentUrl\":\"https:\/\/luchonoticias.com\/editor\/wp-content\/uploads\/2024\/02\/cropped-cropped-logolu.webp\",\"width\":382,\"height\":170,\"caption\":\"admin\"},\"logo\":{\"@id\":\"https:\/\/luchonoticias.com\/editor\/#\/schema\/person\/image\/\"},\"sameAs\":[\"https:\/\/www.facebook.com\/luchonoticiasneiva\"]},{\"@type\":\"Person\",\"@id\":\"https:\/\/luchonoticias.com\/editor\/#\/schema\/person\/29217990ddf6f14e35912b2866d591fb\",\"name\":\"Editor General\",\"image\":{\"@type\":\"ImageObject\",\"inLanguage\":\"es\",\"@id\":\"https:\/\/luchonoticias.com\/editor\/#\/schema\/person\/image\/\",\"url\":\"https:\/\/luchonoticias.com\/editor\/wp-content\/uploads\/2024\/02\/cropped-cropped-logolu-150x150.webp\",\"contentUrl\":\"https:\/\/luchonoticias.com\/editor\/wp-content\/uploads\/2024\/02\/cropped-cropped-logolu-150x150.webp\",\"caption\":\"Editor General\"},\"sameAs\":[\"https:\/\/luchonoticias.com\/\"],\"url\":\"https:\/\/luchonoticias.com\/editor\/author\/editor-general\/\"}]}<\/script>\n<!-- \/ Yoast SEO plugin. -->","yoast_head_json":{"title":"Lapidarias palabras del Presidente hacia Cartagena -","robots":{"index":"index","follow":"follow","max-snippet":"max-snippet:-1","max-image-preview":"max-image-preview:large","max-video-preview":"max-video-preview:-1"},"canonical":"https:\/\/luchonoticias.com\/editor\/lapidarias-palabras-del-presidente-hacia-cartagena\/","og_locale":"es_ES","og_type":"article","og_title":"Lapidarias palabras del Presidente hacia Cartagena -","og_url":"https:\/\/luchonoticias.com\/editor\/lapidarias-palabras-del-presidente-hacia-cartagena\/","article_publisher":"https:\/\/www.facebook.com\/luchonoticiasneiva","article_published_time":"2024-05-09T10:45:34+00:00","og_image":[{"width":700,"height":400,"url":"https:\/\/luchonoticias.com\/editor\/wp-content\/uploads\/2024\/05\/petro-en-cartagena.jpg","type":"image\/jpeg"}],"author":"Editor General","twitter_card":"summary_large_image","twitter_misc":{"Escrito por":"Editor General","Tiempo de lectura":"2 minutos"},"schema":{"@context":"https:\/\/schema.org","@graph":[{"@type":"Article","@id":"https:\/\/luchonoticias.com\/editor\/lapidarias-palabras-del-presidente-hacia-cartagena\/#article","isPartOf":{"@id":"https:\/\/luchonoticias.com\/editor\/lapidarias-palabras-del-presidente-hacia-cartagena\/"},"author":{"name":"Editor General","@id":"https:\/\/luchonoticias.com\/editor\/#\/schema\/person\/29217990ddf6f14e35912b2866d591fb"},"headline":"Lapidarias palabras del Presidente hacia Cartagena","datePublished":"2024-05-09T10:45:34+00:00","mainEntityOfPage":{"@id":"https:\/\/luchonoticias.com\/editor\/lapidarias-palabras-del-presidente-hacia-cartagena\/"},"wordCount":354,"publisher":{"@id":"https:\/\/luchonoticias.com\/editor\/#\/schema\/person\/7a7fd911f58561fd056dbac7b55af9cd"},"image":{"@id":"https:\/\/luchonoticias.com\/editor\/lapidarias-palabras-del-presidente-hacia-cartagena\/#primaryimage"},"thumbnailUrl":"https:\/\/luchonoticias.com\/editor\/wp-content\/uploads\/2024\/05\/petro-en-cartagena.jpg","articleSection":["Actualidad"],"inLanguage":"es"},{"@type":"WebPage","@id":"https:\/\/luchonoticias.com\/editor\/lapidarias-palabras-del-presidente-hacia-cartagena\/","url":"https:\/\/luchonoticias.com\/editor\/lapidarias-palabras-del-presidente-hacia-cartagena\/","name":"Lapidarias palabras del Presidente hacia Cartagena -","isPartOf":{"@id":"https:\/\/luchonoticias.com\/editor\/#website"},"primaryImageOfPage":{"@id":"https:\/\/luchonoticias.com\/editor\/lapidarias-palabras-del-presidente-hacia-cartagena\/#primaryimage"},"image":{"@id":"https:\/\/luchonoticias.com\/editor\/lapidarias-palabras-del-presidente-hacia-cartagena\/#primaryimage"},"thumbnailUrl":"https:\/\/luchonoticias.com\/editor\/wp-content\/uploads\/2024\/05\/petro-en-cartagena.jpg","datePublished":"2024-05-09T10:45:34+00:00","breadcrumb":{"@id":"https:\/\/luchonoticias.com\/editor\/lapidarias-palabras-del-presidente-hacia-cartagena\/#breadcrumb"},"inLanguage":"es","potentialAction":[{"@type":"ReadAction","target":["https:\/\/luchonoticias.com\/editor\/lapidarias-palabras-del-presidente-hacia-cartagena\/"]}]},{"@type":"ImageObject","inLanguage":"es","@id":"https:\/\/luchonoticias.com\/editor\/lapidarias-palabras-del-presidente-hacia-cartagena\/#primaryimage","url":"https:\/\/luchonoticias.com\/editor\/wp-content\/uploads\/2024\/05\/petro-en-cartagena.jpg","contentUrl":"https:\/\/luchonoticias.com\/editor\/wp-content\/uploads\/2024\/05\/petro-en-cartagena.jpg","width":700,"height":400},{"@type":"BreadcrumbList","@id":"https:\/\/luchonoticias.com\/editor\/lapidarias-palabras-del-presidente-hacia-cartagena\/#breadcrumb","itemListElement":[{"@type":"ListItem","position":1,"name":"Portada","item":"https:\/\/luchonoticias.com\/editor\/"},{"@type":"ListItem","position":2,"name":"Lapidarias palabras del Presidente hacia Cartagena"}]},{"@type":"WebSite","@id":"https:\/\/luchonoticias.com\/editor\/#website","url":"https:\/\/luchonoticias.com\/editor\/","name":"","description":"","publisher":{"@id":"https:\/\/luchonoticias.com\/editor\/#\/schema\/person\/7a7fd911f58561fd056dbac7b55af9cd"},"potentialAction":[{"@type":"SearchAction","target":{"@type":"EntryPoint","urlTemplate":"https:\/\/luchonoticias.com\/editor\/?s={search_term_string}"},"query-input":{"@type":"PropertyValueSpecification","valueRequired":true,"valueName":"search_term_string"}}],"inLanguage":"es"},{"@type":["Person","Organization"],"@id":"https:\/\/luchonoticias.com\/editor\/#\/schema\/person\/7a7fd911f58561fd056dbac7b55af9cd","name":"admin","image":{"@type":"ImageObject","inLanguage":"es","@id":"https:\/\/luchonoticias.com\/editor\/#\/schema\/person\/image\/","url":"https:\/\/luchonoticias.com\/editor\/wp-content\/uploads\/2024\/02\/cropped-cropped-logolu.webp","contentUrl":"https:\/\/luchonoticias.com\/editor\/wp-content\/uploads\/2024\/02\/cropped-cropped-logolu.webp","width":382,"height":170,"caption":"admin"},"logo":{"@id":"https:\/\/luchonoticias.com\/editor\/#\/schema\/person\/image\/"},"sameAs":["https:\/\/www.facebook.com\/luchonoticiasneiva"]},{"@type":"Person","@id":"https:\/\/luchonoticias.com\/editor\/#\/schema\/person\/29217990ddf6f14e35912b2866d591fb","name":"Editor General","image":{"@type":"ImageObject","inLanguage":"es","@id":"https:\/\/luchonoticias.com\/editor\/#\/schema\/person\/image\/","url":"https:\/\/luchonoticias.com\/editor\/wp-content\/uploads\/2024\/02\/cropped-cropped-logolu-150x150.webp","contentUrl":"https:\/\/luchonoticias.com\/editor\/wp-content\/uploads\/2024\/02\/cropped-cropped-logolu-150x150.webp","caption":"Editor General"},"sameAs":["https:\/\/luchonoticias.com\/"],"url":"https:\/\/luchonoticias.com\/editor\/author\/editor-general\/"}]}},"_links":{"self":[{"href":"https:\/\/luchonoticias.com\/editor\/wp-json\/wp\/v2\/posts\/72885","targetHints":{"allow":["GET"]}}],"collection":[{"href":"https:\/\/luchonoticias.com\/editor\/wp-json\/wp\/v2\/posts"}],"about":[{"href":"https:\/\/luchonoticias.com\/editor\/wp-json\/wp\/v2\/types\/post"}],"author":[{"embeddable":true,"href":"https:\/\/luchonoticias.com\/editor\/wp-json\/wp\/v2\/users\/2"}],"replies":[{"embeddable":true,"href":"https:\/\/luchonoticias.com\/editor\/wp-json\/wp\/v2\/comments?post=72885"}],"version-history":[{"count":0,"href":"https:\/\/luchonoticias.com\/editor\/wp-json\/wp\/v2\/posts\/72885\/revisions"}],"wp:featuredmedia":[{"embeddable":true,"href":"https:\/\/luchonoticias.com\/editor\/wp-json\/wp\/v2\/media\/72886"}],"wp:attachment":[{"href":"https:\/\/luchonoticias.com\/editor\/wp-json\/wp\/v2\/media?parent=72885"}],"wp:term":[{"taxonomy":"category","embeddable":true,"href":"https:\/\/luchonoticias.com\/editor\/wp-json\/wp\/v2\/categories?post=72885"},{"taxonomy":"post_tag","embeddable":true,"href":"https:\/\/luchonoticias.com\/editor\/wp-json\/wp\/v2\/tags?post=72885"}],"curies":[{"name":"wp","href":"https:\/\/api.w.org\/{rel}","templated":true}]}}