{"id":72888,"date":"2024-05-09T05:48:45","date_gmt":"2024-05-09T10:48:45","guid":{"rendered":"https:\/\/luchonoticias.com\/?p=72888"},"modified":"2024-05-09T05:48:45","modified_gmt":"2024-05-09T10:48:45","slug":"usco-entrego-bandera-a-deportistas-que-intervendran-en-zonal-ascundaf","status":"publish","type":"post","link":"https:\/\/luchonoticias.com\/editor\/usco-entrego-bandera-a-deportistas-que-intervendran-en-zonal-ascundaf\/","title":{"rendered":"Usco entreg\u00f3 bandera a deportistas que intervendr\u00e1n en zonal Ascundaf"},"content":{"rendered":"<p>La Universidad Surcolombiana se ha caracterizado por su destacada presencia en los juegos ASCUNDAF, la gran fiesta deportiva a la que asisten m\u00e1s de 40 universidades p\u00fablicas y privadas del pa\u00eds. Es por eso, que en esta oportunidad la delegaci\u00f3n de la USCO contar\u00e1 con la presencia de m\u00e1s de 200 deportistas que participar\u00e1n del zonal regional que se jugar\u00e1 en Huila y Tolima y que entregar\u00e1 cupos a la competencia nacional que se desarrollar\u00e1 en septiembre en Pereira.<\/p>\n<p>\u201cEntregamos a nuestros deportistas la bandera que van a tener en estos juegos que se van a desarrollar paralelamente tanto en el municipio de Espinal, la cuidad de Ibagu\u00e9 y aqu\u00ed en nuestra instituci\u00f3n. Esperamos obtener los mejores resultados\u201d indic\u00f3 Jos\u00e9 Eur\u00edpides Sanabria, Director Bienestar Universitario (E).<\/p>\n<p>Por su parte, Luz Marina L\u00f3pez Pinz\u00f3n, Coordinadora de Deportes de la USCO afirm\u00f3: \u201cTodos los coordinadores de la Universidad del Tolima, la Universidad Surcolombiana, y de la Universidad Instituto T\u00e9cnico del Espinal , estamos trabajando de manera simult\u00e1nea. La del Tolima tiene 5 disciplinas, en el Espinal 6 y nosotros ac\u00e1 en Neiva tenemos 6 disciplinas\u201d.<\/p>\n<p>Este gran evento deportivo dar\u00e1 inicio desde el 09 de mayo e ir\u00e1 hasta el pr\u00f3ximo 13 del mismo mes en el zonal regional Centro, donde participar\u00e1n 9 departamentos, tales como, Choc\u00f3, Caldas, Risaralda, Quind\u00edo, Tolima, Cundinamarca, Caquet\u00e1, Putumayo y Huila, sin embargo, la fase final ir\u00e1 hasta el 18 de mayo.<\/p>\n<p>Estas ser\u00e1n 6 las disciplinas que se jugar\u00e1n en Neiva:<br \/>\n\u2022 Rugby: Cancha de Futbol Usco- 10-13 de mayo<br \/>\n\u2022 Baloncesto Femenino: Coliseo Cesar Eduardo Medina- 09-13 mayo<br \/>\n\u2022 Levantamiento de pesas: Hall Bienestar Universitario- 09-12 mayo<br \/>\n\u2022 Disco volador: Cancha sint\u00e9tica de C\u00e1ndido- 10-13 mayo<br \/>\n\u2022 Voleibol Arena: Cancha Voleibol Arena Usco 09-12 mayo de 2024<br \/>\n\u2022 Taekwondo: Gimnasio USCO- 09-12 mayo<\/p>\n<p>Adem\u00e1s de ellos, la USCO participar\u00e1 en disciplinas como f\u00fatbol, f\u00fatbol sala, baloncesto masculino, atletismo y voleibol piso.<br \/>\nLos estudiantes manifestaron sentirse motivados con este gran torneo. Por un lado, Mar\u00eda Jos\u00e9 vega, perteneciente al equipo de Baloncesto dice: \u201cSiento muchos nervios porque vamos a jugar aqu\u00ed en casa, pero con toda la actitud, con toda la confianza que, como equipo, hemos trabajado de lunes a lunes de la mano con nuestro entrenador y s\u00e9 que cada una de mis compa\u00f1eras vamos a dejarlo todo en la cancha\u201d.<\/p>\n<p>As\u00ed mismo, Kevin Neuta, perteneciente al equipo de F\u00fatbol dio a conocer que su motivaci\u00f3n es llegar a los juegos nacionales \u201cLas expectativas est\u00e1n muy altas ya que llevamos un grupo conformado durante muchos a\u00f1os y el objetivo este a\u00f1o clasificar a los juegos nacionales. Este a\u00f1o contamos con integrantes de las diferentes sedes tanto de Garz\u00f3n como de Pitalito que nos aportan su talento\u201d.<\/p>\n<p>Es importante mencionar que este regional es el clasificatorio a los juegos nacionales que dar\u00e1 lugar para el mes de septiembre.<\/p>\n","protected":false},"excerpt":{"rendered":"<p>La Universidad Surcolombiana se ha caracterizado por su destacada presencia en los juegos ASCUNDAF, la gran fiesta deportiva a la que asisten m\u00e1s de 40 universidades p\u00fablicas y privadas del pa\u00eds. Es por eso, que en esta oportunidad la delegaci\u00f3n de la USCO contar\u00e1 con la presencia de m\u00e1s de 200 deportistas que participar\u00e1n del [&hellip;]<\/p>\n","protected":false},"author":2,"featured_media":72889,"comment_status":"closed","ping_status":"open","sticky":false,"template":"","format":"standard","meta":{"footnotes":""},"categories":[34],"tags":[],"class_list":["post-72888","post","type-post","status-publish","format-standard","has-post-thumbnail","hentry","category-deportes"],"yoast_head":"<!-- This site is optimized with the Yoast SEO plugin v26.6 - https:\/\/yoast.com\/wordpress\/plugins\/seo\/ -->\n<title>Usco entreg\u00f3 bandera a deportistas que intervendr\u00e1n en zonal Ascundaf -<\/title>\n<meta name=\"robots\" content=\"index, follow, max-snippet:-1, max-image-preview:large, max-video-preview:-1\" \/>\n<link rel=\"canonical\" href=\"https:\/\/luchonoticias.com\/editor\/usco-entrego-bandera-a-deportistas-que-intervendran-en-zonal-ascundaf\/\" \/>\n<meta property=\"og:locale\" content=\"es_ES\" \/>\n<meta property=\"og:type\" content=\"article\" \/>\n<meta property=\"og:title\" content=\"Usco entreg\u00f3 bandera a deportistas que intervendr\u00e1n en zonal Ascundaf -\" \/>\n<meta property=\"og:url\" content=\"https:\/\/luchonoticias.com\/editor\/usco-entrego-bandera-a-deportistas-que-intervendran-en-zonal-ascundaf\/\" \/>\n<meta property=\"article:publisher\" content=\"https:\/\/www.facebook.com\/luchonoticiasneiva\" \/>\n<meta property=\"article:published_time\" content=\"2024-05-09T10:48:45+00:00\" \/>\n<meta property=\"og:image\" content=\"https:\/\/luchonoticias.com\/editor\/wp-content\/uploads\/2024\/05\/usco-ascundaf.jpg\" \/>\n\t<meta property=\"og:image:width\" content=\"700\" \/>\n\t<meta property=\"og:image:height\" content=\"400\" \/>\n\t<meta property=\"og:image:type\" content=\"image\/jpeg\" \/>\n<meta name=\"author\" content=\"Editor General\" \/>\n<meta name=\"twitter:card\" content=\"summary_large_image\" \/>\n<meta name=\"twitter:label1\" content=\"Escrito por\" \/>\n\t<meta name=\"twitter:data1\" content=\"Editor General\" \/>\n\t<meta name=\"twitter:label2\" content=\"Tiempo de lectura\" \/>\n\t<meta name=\"twitter:data2\" content=\"2 minutos\" \/>\n<script type=\"application\/ld+json\" class=\"yoast-schema-graph\">{\"@context\":\"https:\/\/schema.org\",\"@graph\":[{\"@type\":\"Article\",\"@id\":\"https:\/\/luchonoticias.com\/editor\/usco-entrego-bandera-a-deportistas-que-intervendran-en-zonal-ascundaf\/#article\",\"isPartOf\":{\"@id\":\"https:\/\/luchonoticias.com\/editor\/usco-entrego-bandera-a-deportistas-que-intervendran-en-zonal-ascundaf\/\"},\"author\":{\"name\":\"Editor General\",\"@id\":\"https:\/\/luchonoticias.com\/editor\/#\/schema\/person\/29217990ddf6f14e35912b2866d591fb\"},\"headline\":\"Usco entreg\u00f3 bandera a deportistas que intervendr\u00e1n en zonal Ascundaf\",\"datePublished\":\"2024-05-09T10:48:45+00:00\",\"mainEntityOfPage\":{\"@id\":\"https:\/\/luchonoticias.com\/editor\/usco-entrego-bandera-a-deportistas-que-intervendran-en-zonal-ascundaf\/\"},\"wordCount\":496,\"publisher\":{\"@id\":\"https:\/\/luchonoticias.com\/editor\/#\/schema\/person\/7a7fd911f58561fd056dbac7b55af9cd\"},\"image\":{\"@id\":\"https:\/\/luchonoticias.com\/editor\/usco-entrego-bandera-a-deportistas-que-intervendran-en-zonal-ascundaf\/#primaryimage\"},\"thumbnailUrl\":\"https:\/\/luchonoticias.com\/editor\/wp-content\/uploads\/2024\/05\/usco-ascundaf.jpg\",\"articleSection\":[\"Deportes\"],\"inLanguage\":\"es\"},{\"@type\":\"WebPage\",\"@id\":\"https:\/\/luchonoticias.com\/editor\/usco-entrego-bandera-a-deportistas-que-intervendran-en-zonal-ascundaf\/\",\"url\":\"https:\/\/luchonoticias.com\/editor\/usco-entrego-bandera-a-deportistas-que-intervendran-en-zonal-ascundaf\/\",\"name\":\"Usco entreg\u00f3 bandera a deportistas que intervendr\u00e1n en zonal Ascundaf -\",\"isPartOf\":{\"@id\":\"https:\/\/luchonoticias.com\/editor\/#website\"},\"primaryImageOfPage\":{\"@id\":\"https:\/\/luchonoticias.com\/editor\/usco-entrego-bandera-a-deportistas-que-intervendran-en-zonal-ascundaf\/#primaryimage\"},\"image\":{\"@id\":\"https:\/\/luchonoticias.com\/editor\/usco-entrego-bandera-a-deportistas-que-intervendran-en-zonal-ascundaf\/#primaryimage\"},\"thumbnailUrl\":\"https:\/\/luchonoticias.com\/editor\/wp-content\/uploads\/2024\/05\/usco-ascundaf.jpg\",\"datePublished\":\"2024-05-09T10:48:45+00:00\",\"breadcrumb\":{\"@id\":\"https:\/\/luchonoticias.com\/editor\/usco-entrego-bandera-a-deportistas-que-intervendran-en-zonal-ascundaf\/#breadcrumb\"},\"inLanguage\":\"es\",\"potentialAction\":[{\"@type\":\"ReadAction\",\"target\":[\"https:\/\/luchonoticias.com\/editor\/usco-entrego-bandera-a-deportistas-que-intervendran-en-zonal-ascundaf\/\"]}]},{\"@type\":\"ImageObject\",\"inLanguage\":\"es\",\"@id\":\"https:\/\/luchonoticias.com\/editor\/usco-entrego-bandera-a-deportistas-que-intervendran-en-zonal-ascundaf\/#primaryimage\",\"url\":\"https:\/\/luchonoticias.com\/editor\/wp-content\/uploads\/2024\/05\/usco-ascundaf.jpg\",\"contentUrl\":\"https:\/\/luchonoticias.com\/editor\/wp-content\/uploads\/2024\/05\/usco-ascundaf.jpg\",\"width\":700,\"height\":400},{\"@type\":\"BreadcrumbList\",\"@id\":\"https:\/\/luchonoticias.com\/editor\/usco-entrego-bandera-a-deportistas-que-intervendran-en-zonal-ascundaf\/#breadcrumb\",\"itemListElement\":[{\"@type\":\"ListItem\",\"position\":1,\"name\":\"Portada\",\"item\":\"https:\/\/luchonoticias.com\/editor\/\"},{\"@type\":\"ListItem\",\"position\":2,\"name\":\"Usco entreg\u00f3 bandera a deportistas que intervendr\u00e1n en zonal Ascundaf\"}]},{\"@type\":\"WebSite\",\"@id\":\"https:\/\/luchonoticias.com\/editor\/#website\",\"url\":\"https:\/\/luchonoticias.com\/editor\/\",\"name\":\"\",\"description\":\"\",\"publisher\":{\"@id\":\"https:\/\/luchonoticias.com\/editor\/#\/schema\/person\/7a7fd911f58561fd056dbac7b55af9cd\"},\"potentialAction\":[{\"@type\":\"SearchAction\",\"target\":{\"@type\":\"EntryPoint\",\"urlTemplate\":\"https:\/\/luchonoticias.com\/editor\/?s={search_term_string}\"},\"query-input\":{\"@type\":\"PropertyValueSpecification\",\"valueRequired\":true,\"valueName\":\"search_term_string\"}}],\"inLanguage\":\"es\"},{\"@type\":[\"Person\",\"Organization\"],\"@id\":\"https:\/\/luchonoticias.com\/editor\/#\/schema\/person\/7a7fd911f58561fd056dbac7b55af9cd\",\"name\":\"admin\",\"image\":{\"@type\":\"ImageObject\",\"inLanguage\":\"es\",\"@id\":\"https:\/\/luchonoticias.com\/editor\/#\/schema\/person\/image\/\",\"url\":\"https:\/\/luchonoticias.com\/editor\/wp-content\/uploads\/2024\/02\/cropped-cropped-logolu.webp\",\"contentUrl\":\"https:\/\/luchonoticias.com\/editor\/wp-content\/uploads\/2024\/02\/cropped-cropped-logolu.webp\",\"width\":382,\"height\":170,\"caption\":\"admin\"},\"logo\":{\"@id\":\"https:\/\/luchonoticias.com\/editor\/#\/schema\/person\/image\/\"},\"sameAs\":[\"https:\/\/www.facebook.com\/luchonoticiasneiva\"]},{\"@type\":\"Person\",\"@id\":\"https:\/\/luchonoticias.com\/editor\/#\/schema\/person\/29217990ddf6f14e35912b2866d591fb\",\"name\":\"Editor General\",\"image\":{\"@type\":\"ImageObject\",\"inLanguage\":\"es\",\"@id\":\"https:\/\/luchonoticias.com\/editor\/#\/schema\/person\/image\/\",\"url\":\"https:\/\/luchonoticias.com\/editor\/wp-content\/uploads\/2024\/02\/cropped-cropped-logolu-150x150.webp\",\"contentUrl\":\"https:\/\/luchonoticias.com\/editor\/wp-content\/uploads\/2024\/02\/cropped-cropped-logolu-150x150.webp\",\"caption\":\"Editor General\"},\"sameAs\":[\"https:\/\/luchonoticias.com\/\"],\"url\":\"https:\/\/luchonoticias.com\/editor\/author\/editor-general\/\"}]}<\/script>\n<!-- \/ Yoast SEO plugin. -->","yoast_head_json":{"title":"Usco entreg\u00f3 bandera a deportistas que intervendr\u00e1n en zonal Ascundaf -","robots":{"index":"index","follow":"follow","max-snippet":"max-snippet:-1","max-image-preview":"max-image-preview:large","max-video-preview":"max-video-preview:-1"},"canonical":"https:\/\/luchonoticias.com\/editor\/usco-entrego-bandera-a-deportistas-que-intervendran-en-zonal-ascundaf\/","og_locale":"es_ES","og_type":"article","og_title":"Usco entreg\u00f3 bandera a deportistas que intervendr\u00e1n en zonal Ascundaf -","og_url":"https:\/\/luchonoticias.com\/editor\/usco-entrego-bandera-a-deportistas-que-intervendran-en-zonal-ascundaf\/","article_publisher":"https:\/\/www.facebook.com\/luchonoticiasneiva","article_published_time":"2024-05-09T10:48:45+00:00","og_image":[{"width":700,"height":400,"url":"https:\/\/luchonoticias.com\/editor\/wp-content\/uploads\/2024\/05\/usco-ascundaf.jpg","type":"image\/jpeg"}],"author":"Editor General","twitter_card":"summary_large_image","twitter_misc":{"Escrito por":"Editor General","Tiempo de lectura":"2 minutos"},"schema":{"@context":"https:\/\/schema.org","@graph":[{"@type":"Article","@id":"https:\/\/luchonoticias.com\/editor\/usco-entrego-bandera-a-deportistas-que-intervendran-en-zonal-ascundaf\/#article","isPartOf":{"@id":"https:\/\/luchonoticias.com\/editor\/usco-entrego-bandera-a-deportistas-que-intervendran-en-zonal-ascundaf\/"},"author":{"name":"Editor General","@id":"https:\/\/luchonoticias.com\/editor\/#\/schema\/person\/29217990ddf6f14e35912b2866d591fb"},"headline":"Usco entreg\u00f3 bandera a deportistas que intervendr\u00e1n en zonal Ascundaf","datePublished":"2024-05-09T10:48:45+00:00","mainEntityOfPage":{"@id":"https:\/\/luchonoticias.com\/editor\/usco-entrego-bandera-a-deportistas-que-intervendran-en-zonal-ascundaf\/"},"wordCount":496,"publisher":{"@id":"https:\/\/luchonoticias.com\/editor\/#\/schema\/person\/7a7fd911f58561fd056dbac7b55af9cd"},"image":{"@id":"https:\/\/luchonoticias.com\/editor\/usco-entrego-bandera-a-deportistas-que-intervendran-en-zonal-ascundaf\/#primaryimage"},"thumbnailUrl":"https:\/\/luchonoticias.com\/editor\/wp-content\/uploads\/2024\/05\/usco-ascundaf.jpg","articleSection":["Deportes"],"inLanguage":"es"},{"@type":"WebPage","@id":"https:\/\/luchonoticias.com\/editor\/usco-entrego-bandera-a-deportistas-que-intervendran-en-zonal-ascundaf\/","url":"https:\/\/luchonoticias.com\/editor\/usco-entrego-bandera-a-deportistas-que-intervendran-en-zonal-ascundaf\/","name":"Usco entreg\u00f3 bandera a deportistas que intervendr\u00e1n en zonal Ascundaf -","isPartOf":{"@id":"https:\/\/luchonoticias.com\/editor\/#website"},"primaryImageOfPage":{"@id":"https:\/\/luchonoticias.com\/editor\/usco-entrego-bandera-a-deportistas-que-intervendran-en-zonal-ascundaf\/#primaryimage"},"image":{"@id":"https:\/\/luchonoticias.com\/editor\/usco-entrego-bandera-a-deportistas-que-intervendran-en-zonal-ascundaf\/#primaryimage"},"thumbnailUrl":"https:\/\/luchonoticias.com\/editor\/wp-content\/uploads\/2024\/05\/usco-ascundaf.jpg","datePublished":"2024-05-09T10:48:45+00:00","breadcrumb":{"@id":"https:\/\/luchonoticias.com\/editor\/usco-entrego-bandera-a-deportistas-que-intervendran-en-zonal-ascundaf\/#breadcrumb"},"inLanguage":"es","potentialAction":[{"@type":"ReadAction","target":["https:\/\/luchonoticias.com\/editor\/usco-entrego-bandera-a-deportistas-que-intervendran-en-zonal-ascundaf\/"]}]},{"@type":"ImageObject","inLanguage":"es","@id":"https:\/\/luchonoticias.com\/editor\/usco-entrego-bandera-a-deportistas-que-intervendran-en-zonal-ascundaf\/#primaryimage","url":"https:\/\/luchonoticias.com\/editor\/wp-content\/uploads\/2024\/05\/usco-ascundaf.jpg","contentUrl":"https:\/\/luchonoticias.com\/editor\/wp-content\/uploads\/2024\/05\/usco-ascundaf.jpg","width":700,"height":400},{"@type":"BreadcrumbList","@id":"https:\/\/luchonoticias.com\/editor\/usco-entrego-bandera-a-deportistas-que-intervendran-en-zonal-ascundaf\/#breadcrumb","itemListElement":[{"@type":"ListItem","position":1,"name":"Portada","item":"https:\/\/luchonoticias.com\/editor\/"},{"@type":"ListItem","position":2,"name":"Usco entreg\u00f3 bandera a deportistas que intervendr\u00e1n en zonal Ascundaf"}]},{"@type":"WebSite","@id":"https:\/\/luchonoticias.com\/editor\/#website","url":"https:\/\/luchonoticias.com\/editor\/","name":"","description":"","publisher":{"@id":"https:\/\/luchonoticias.com\/editor\/#\/schema\/person\/7a7fd911f58561fd056dbac7b55af9cd"},"potentialAction":[{"@type":"SearchAction","target":{"@type":"EntryPoint","urlTemplate":"https:\/\/luchonoticias.com\/editor\/?s={search_term_string}"},"query-input":{"@type":"PropertyValueSpecification","valueRequired":true,"valueName":"search_term_string"}}],"inLanguage":"es"},{"@type":["Person","Organization"],"@id":"https:\/\/luchonoticias.com\/editor\/#\/schema\/person\/7a7fd911f58561fd056dbac7b55af9cd","name":"admin","image":{"@type":"ImageObject","inLanguage":"es","@id":"https:\/\/luchonoticias.com\/editor\/#\/schema\/person\/image\/","url":"https:\/\/luchonoticias.com\/editor\/wp-content\/uploads\/2024\/02\/cropped-cropped-logolu.webp","contentUrl":"https:\/\/luchonoticias.com\/editor\/wp-content\/uploads\/2024\/02\/cropped-cropped-logolu.webp","width":382,"height":170,"caption":"admin"},"logo":{"@id":"https:\/\/luchonoticias.com\/editor\/#\/schema\/person\/image\/"},"sameAs":["https:\/\/www.facebook.com\/luchonoticiasneiva"]},{"@type":"Person","@id":"https:\/\/luchonoticias.com\/editor\/#\/schema\/person\/29217990ddf6f14e35912b2866d591fb","name":"Editor General","image":{"@type":"ImageObject","inLanguage":"es","@id":"https:\/\/luchonoticias.com\/editor\/#\/schema\/person\/image\/","url":"https:\/\/luchonoticias.com\/editor\/wp-content\/uploads\/2024\/02\/cropped-cropped-logolu-150x150.webp","contentUrl":"https:\/\/luchonoticias.com\/editor\/wp-content\/uploads\/2024\/02\/cropped-cropped-logolu-150x150.webp","caption":"Editor General"},"sameAs":["https:\/\/luchonoticias.com\/"],"url":"https:\/\/luchonoticias.com\/editor\/author\/editor-general\/"}]}},"_links":{"self":[{"href":"https:\/\/luchonoticias.com\/editor\/wp-json\/wp\/v2\/posts\/72888","targetHints":{"allow":["GET"]}}],"collection":[{"href":"https:\/\/luchonoticias.com\/editor\/wp-json\/wp\/v2\/posts"}],"about":[{"href":"https:\/\/luchonoticias.com\/editor\/wp-json\/wp\/v2\/types\/post"}],"author":[{"embeddable":true,"href":"https:\/\/luchonoticias.com\/editor\/wp-json\/wp\/v2\/users\/2"}],"replies":[{"embeddable":true,"href":"https:\/\/luchonoticias.com\/editor\/wp-json\/wp\/v2\/comments?post=72888"}],"version-history":[{"count":0,"href":"https:\/\/luchonoticias.com\/editor\/wp-json\/wp\/v2\/posts\/72888\/revisions"}],"wp:featuredmedia":[{"embeddable":true,"href":"https:\/\/luchonoticias.com\/editor\/wp-json\/wp\/v2\/media\/72889"}],"wp:attachment":[{"href":"https:\/\/luchonoticias.com\/editor\/wp-json\/wp\/v2\/media?parent=72888"}],"wp:term":[{"taxonomy":"category","embeddable":true,"href":"https:\/\/luchonoticias.com\/editor\/wp-json\/wp\/v2\/categories?post=72888"},{"taxonomy":"post_tag","embeddable":true,"href":"https:\/\/luchonoticias.com\/editor\/wp-json\/wp\/v2\/tags?post=72888"}],"curies":[{"name":"wp","href":"https:\/\/api.w.org\/{rel}","templated":true}]}}