{"id":72891,"date":"2024-05-09T09:51:41","date_gmt":"2024-05-09T14:51:41","guid":{"rendered":"https:\/\/luchonoticias.com\/?p=72891"},"modified":"2024-05-09T09:51:41","modified_gmt":"2024-05-09T14:51:41","slug":"corte-constitucional-declara-inviable-el-ministerio-de-equidad-pero","status":"publish","type":"post","link":"https:\/\/luchonoticias.com\/editor\/corte-constitucional-declara-inviable-el-ministerio-de-equidad-pero\/","title":{"rendered":"Corte Constitucional declara inviable el Ministerio de Equidad pero&#8230;"},"content":{"rendered":"<p>el alto tribunal declar\u00f3 inexequible la Ley 2281 de 2023, por medio de la cual se dio creaci\u00f3n al\u00a0Ministerio de la Igualdad,\u00a0encabezado por la vicepresidenta de la Rep\u00fablica,\u00a0F<b>rancia M\u00e1rquez, porque el Congreso incurri\u00f3 en un \u201cVicio de procedimiento insubsanable\u201d.<\/b><\/p>\n<p>Es decir, no se realiz\u00f3 el debido an\u00e1lisis del impacto fiscal de la creaci\u00f3n de la cartera, conforme a las exigencias previstas en el art\u00edculo\u00a0<b>7\u00ba de la Ley 819 de 2003, el cual dicta las normas org\u00e1nicas en materia de presupuesto, responsabilidad y transparencia.<\/b><\/p>\n<p>El alto tribunal se\u00f1ala que la\u00a0<b>omisi\u00f3n viol\u00f3 el art\u00edculo 151 de la Constituci\u00f3n, seg\u00fan el cual el cumplimiento de los requisitos para la aprobaci\u00f3n de las leyes ordinarias previstos en las leyes org\u00e1nicas, tales como la Ley 819 de 2003,<\/b>\u00a0constituyen un par\u00e1metro de constitucionalidad y validez. Por esta raz\u00f3n, la Sala Plena declar\u00f3 la inexequibilidad de la Ley 2281 de 2023.<\/p>\n<p>Con todo, la Sala Plena decidi\u00f3 diferir los efectos de la declaratoria de inexequibilidad. La Corte encontr\u00f3 que declarar la\u00a0i<b>nconstitucionalidad con efectos inmediatos implicar\u00eda la eliminaci\u00f3n del sector administrativo de Igualdad y Equidad y, naturalmente, del ministerio que lo encabeza.<\/b><\/p>\n<p>En criterio de la Sala Plena, esto causar\u00eda una desarticulaci\u00f3n institucional que afectar\u00eda la implementaci\u00f3n de la pol\u00edtica p\u00fablica que ha sido dise\u00f1ada por el legislador y el ejecutivo para garantizar los derechos de sujetos de especial protecci\u00f3n constitucional, tales como las madres cabeza de familia y las personas en situaci\u00f3n de discapacidad.\u00a0<b>Lo anterior, podr\u00eda, a su vez, comprometer la vigencia del principio de igualdad y, en concreto, el mandato previsto en el art\u00edculo 13.3 de la Carta Pol\u00edtica.<\/b><\/p>\n<p><strong>Una salvedad\u00a0<\/strong><\/p>\n<p>En tales t\u00e9rminos, con el objeto de conciliar los intereses y principios constitucionales en tensi\u00f3n y salvaguardar el principio de igualdad,\u00a0<b>la Sala Plena resolvi\u00f3 diferir los efectos de esta decisi\u00f3n por el t\u00e9rmino de dos (2) legislaturas.<\/b><\/p>\n<p>En criterio de la Sala, este t\u00e9rmino prudencial reducir\u00eda los riesgos de la inconstitucionalidad inmediata advertidos, debido a que permitir\u00eda (i) que el Legislador, por iniciativa legislativa del Gobierno Nacional, si as\u00ed lo considera, apruebe la creaci\u00f3n del Ministerio de Igualdad y Equidad en cumplimiento de las exigencias y requisitos de aprobaci\u00f3n de las\u00a0<b>leyes previstos en la Constituci\u00f3n y la Ley 819 de 2003; o (ii) en su defecto, el Gobierno Nacional cuente con un tiempo suficiente para reasignar las funciones que fueron otorgadas al Ministerio de Igualdad y Equidad y lleve a cabo las modificaciones<\/b>\u00a0en la administraci\u00f3n p\u00fablica nacional que correspondan para evitar afectaciones a los derechos de los sujetos de especial protecci\u00f3n constitucional que son beneficiarios de la pol\u00edtica p\u00fablica que actualmente dirige el Ministerio de Igualdad y Equidad.<\/p>\n<p>Esto lo que quiere decir es que\u00a0en esos dos a\u00f1os (20 de julio de 2024 a 20 de junio de 2025 -20 de julio de 2025 a 20 de junio de 2026) tramitan una ley, el Ministerio podr\u00eda seguir existiendo, pero solo con una nueva ley que no tenga vicios de procedimiento.<\/p>\n<p>&nbsp;<\/p>\n<p>Con informaci\u00f3n y foto de Caracol Radio<\/p>\n","protected":false},"excerpt":{"rendered":"<p>el alto tribunal declar\u00f3 inexequible la Ley 2281 de 2023, por medio de la cual se dio creaci\u00f3n al\u00a0Ministerio de la Igualdad,\u00a0encabezado por la vicepresidenta de la Rep\u00fablica,\u00a0Francia M\u00e1rquez, porque el Congreso incurri\u00f3 en un \u201cVicio de procedimiento insubsanable\u201d. Es decir, no se realiz\u00f3 el debido an\u00e1lisis del impacto fiscal de la creaci\u00f3n de la [&hellip;]<\/p>\n","protected":false},"author":2,"featured_media":72892,"comment_status":"closed","ping_status":"open","sticky":false,"template":"","format":"standard","meta":{"footnotes":""},"categories":[28],"tags":[],"class_list":["post-72891","post","type-post","status-publish","format-standard","has-post-thumbnail","hentry","category-actualidad"],"yoast_head":"<!-- This site is optimized with the Yoast SEO plugin v26.6 - https:\/\/yoast.com\/wordpress\/plugins\/seo\/ -->\n<title>Corte Constitucional declara inviable el Ministerio de Equidad pero... -<\/title>\n<meta name=\"robots\" content=\"index, follow, max-snippet:-1, max-image-preview:large, max-video-preview:-1\" \/>\n<link rel=\"canonical\" href=\"https:\/\/luchonoticias.com\/editor\/corte-constitucional-declara-inviable-el-ministerio-de-equidad-pero\/\" \/>\n<meta property=\"og:locale\" content=\"es_ES\" \/>\n<meta property=\"og:type\" content=\"article\" \/>\n<meta property=\"og:title\" content=\"Corte Constitucional declara inviable el Ministerio de Equidad pero... -\" \/>\n<meta property=\"og:url\" content=\"https:\/\/luchonoticias.com\/editor\/corte-constitucional-declara-inviable-el-ministerio-de-equidad-pero\/\" \/>\n<meta property=\"article:publisher\" content=\"https:\/\/www.facebook.com\/luchonoticiasneiva\" \/>\n<meta property=\"article:published_time\" content=\"2024-05-09T14:51:41+00:00\" \/>\n<meta property=\"og:image\" content=\"https:\/\/luchonoticias.com\/editor\/wp-content\/uploads\/2024\/05\/ministerio-igualdad.jpg\" \/>\n\t<meta property=\"og:image:width\" content=\"700\" \/>\n\t<meta property=\"og:image:height\" content=\"400\" \/>\n\t<meta property=\"og:image:type\" content=\"image\/jpeg\" \/>\n<meta name=\"author\" content=\"Editor General\" \/>\n<meta name=\"twitter:card\" content=\"summary_large_image\" \/>\n<meta name=\"twitter:label1\" content=\"Escrito por\" \/>\n\t<meta name=\"twitter:data1\" content=\"Editor General\" \/>\n\t<meta name=\"twitter:label2\" content=\"Tiempo de lectura\" \/>\n\t<meta name=\"twitter:data2\" content=\"3 minutos\" \/>\n<script type=\"application\/ld+json\" class=\"yoast-schema-graph\">{\"@context\":\"https:\/\/schema.org\",\"@graph\":[{\"@type\":\"Article\",\"@id\":\"https:\/\/luchonoticias.com\/editor\/corte-constitucional-declara-inviable-el-ministerio-de-equidad-pero\/#article\",\"isPartOf\":{\"@id\":\"https:\/\/luchonoticias.com\/editor\/corte-constitucional-declara-inviable-el-ministerio-de-equidad-pero\/\"},\"author\":{\"name\":\"Editor General\",\"@id\":\"https:\/\/luchonoticias.com\/editor\/#\/schema\/person\/29217990ddf6f14e35912b2866d591fb\"},\"headline\":\"Corte Constitucional declara inviable el Ministerio de Equidad pero&#8230;\",\"datePublished\":\"2024-05-09T14:51:41+00:00\",\"mainEntityOfPage\":{\"@id\":\"https:\/\/luchonoticias.com\/editor\/corte-constitucional-declara-inviable-el-ministerio-de-equidad-pero\/\"},\"wordCount\":541,\"publisher\":{\"@id\":\"https:\/\/luchonoticias.com\/editor\/#\/schema\/person\/7a7fd911f58561fd056dbac7b55af9cd\"},\"image\":{\"@id\":\"https:\/\/luchonoticias.com\/editor\/corte-constitucional-declara-inviable-el-ministerio-de-equidad-pero\/#primaryimage\"},\"thumbnailUrl\":\"https:\/\/luchonoticias.com\/editor\/wp-content\/uploads\/2024\/05\/ministerio-igualdad.jpg\",\"articleSection\":[\"Actualidad\"],\"inLanguage\":\"es\"},{\"@type\":\"WebPage\",\"@id\":\"https:\/\/luchonoticias.com\/editor\/corte-constitucional-declara-inviable-el-ministerio-de-equidad-pero\/\",\"url\":\"https:\/\/luchonoticias.com\/editor\/corte-constitucional-declara-inviable-el-ministerio-de-equidad-pero\/\",\"name\":\"Corte Constitucional declara inviable el Ministerio de Equidad pero... -\",\"isPartOf\":{\"@id\":\"https:\/\/luchonoticias.com\/editor\/#website\"},\"primaryImageOfPage\":{\"@id\":\"https:\/\/luchonoticias.com\/editor\/corte-constitucional-declara-inviable-el-ministerio-de-equidad-pero\/#primaryimage\"},\"image\":{\"@id\":\"https:\/\/luchonoticias.com\/editor\/corte-constitucional-declara-inviable-el-ministerio-de-equidad-pero\/#primaryimage\"},\"thumbnailUrl\":\"https:\/\/luchonoticias.com\/editor\/wp-content\/uploads\/2024\/05\/ministerio-igualdad.jpg\",\"datePublished\":\"2024-05-09T14:51:41+00:00\",\"breadcrumb\":{\"@id\":\"https:\/\/luchonoticias.com\/editor\/corte-constitucional-declara-inviable-el-ministerio-de-equidad-pero\/#breadcrumb\"},\"inLanguage\":\"es\",\"potentialAction\":[{\"@type\":\"ReadAction\",\"target\":[\"https:\/\/luchonoticias.com\/editor\/corte-constitucional-declara-inviable-el-ministerio-de-equidad-pero\/\"]}]},{\"@type\":\"ImageObject\",\"inLanguage\":\"es\",\"@id\":\"https:\/\/luchonoticias.com\/editor\/corte-constitucional-declara-inviable-el-ministerio-de-equidad-pero\/#primaryimage\",\"url\":\"https:\/\/luchonoticias.com\/editor\/wp-content\/uploads\/2024\/05\/ministerio-igualdad.jpg\",\"contentUrl\":\"https:\/\/luchonoticias.com\/editor\/wp-content\/uploads\/2024\/05\/ministerio-igualdad.jpg\",\"width\":700,\"height\":400},{\"@type\":\"BreadcrumbList\",\"@id\":\"https:\/\/luchonoticias.com\/editor\/corte-constitucional-declara-inviable-el-ministerio-de-equidad-pero\/#breadcrumb\",\"itemListElement\":[{\"@type\":\"ListItem\",\"position\":1,\"name\":\"Portada\",\"item\":\"https:\/\/luchonoticias.com\/editor\/\"},{\"@type\":\"ListItem\",\"position\":2,\"name\":\"Corte Constitucional declara inviable el Ministerio de Equidad pero&#8230;\"}]},{\"@type\":\"WebSite\",\"@id\":\"https:\/\/luchonoticias.com\/editor\/#website\",\"url\":\"https:\/\/luchonoticias.com\/editor\/\",\"name\":\"\",\"description\":\"\",\"publisher\":{\"@id\":\"https:\/\/luchonoticias.com\/editor\/#\/schema\/person\/7a7fd911f58561fd056dbac7b55af9cd\"},\"potentialAction\":[{\"@type\":\"SearchAction\",\"target\":{\"@type\":\"EntryPoint\",\"urlTemplate\":\"https:\/\/luchonoticias.com\/editor\/?s={search_term_string}\"},\"query-input\":{\"@type\":\"PropertyValueSpecification\",\"valueRequired\":true,\"valueName\":\"search_term_string\"}}],\"inLanguage\":\"es\"},{\"@type\":[\"Person\",\"Organization\"],\"@id\":\"https:\/\/luchonoticias.com\/editor\/#\/schema\/person\/7a7fd911f58561fd056dbac7b55af9cd\",\"name\":\"admin\",\"image\":{\"@type\":\"ImageObject\",\"inLanguage\":\"es\",\"@id\":\"https:\/\/luchonoticias.com\/editor\/#\/schema\/person\/image\/\",\"url\":\"https:\/\/luchonoticias.com\/editor\/wp-content\/uploads\/2024\/02\/cropped-cropped-logolu.webp\",\"contentUrl\":\"https:\/\/luchonoticias.com\/editor\/wp-content\/uploads\/2024\/02\/cropped-cropped-logolu.webp\",\"width\":382,\"height\":170,\"caption\":\"admin\"},\"logo\":{\"@id\":\"https:\/\/luchonoticias.com\/editor\/#\/schema\/person\/image\/\"},\"sameAs\":[\"https:\/\/www.facebook.com\/luchonoticiasneiva\"]},{\"@type\":\"Person\",\"@id\":\"https:\/\/luchonoticias.com\/editor\/#\/schema\/person\/29217990ddf6f14e35912b2866d591fb\",\"name\":\"Editor General\",\"image\":{\"@type\":\"ImageObject\",\"inLanguage\":\"es\",\"@id\":\"https:\/\/luchonoticias.com\/editor\/#\/schema\/person\/image\/\",\"url\":\"https:\/\/luchonoticias.com\/editor\/wp-content\/uploads\/2024\/02\/cropped-cropped-logolu-150x150.webp\",\"contentUrl\":\"https:\/\/luchonoticias.com\/editor\/wp-content\/uploads\/2024\/02\/cropped-cropped-logolu-150x150.webp\",\"caption\":\"Editor General\"},\"sameAs\":[\"https:\/\/luchonoticias.com\/\"],\"url\":\"https:\/\/luchonoticias.com\/editor\/author\/editor-general\/\"}]}<\/script>\n<!-- \/ Yoast SEO plugin. -->","yoast_head_json":{"title":"Corte Constitucional declara inviable el Ministerio de Equidad pero... -","robots":{"index":"index","follow":"follow","max-snippet":"max-snippet:-1","max-image-preview":"max-image-preview:large","max-video-preview":"max-video-preview:-1"},"canonical":"https:\/\/luchonoticias.com\/editor\/corte-constitucional-declara-inviable-el-ministerio-de-equidad-pero\/","og_locale":"es_ES","og_type":"article","og_title":"Corte Constitucional declara inviable el Ministerio de Equidad pero... -","og_url":"https:\/\/luchonoticias.com\/editor\/corte-constitucional-declara-inviable-el-ministerio-de-equidad-pero\/","article_publisher":"https:\/\/www.facebook.com\/luchonoticiasneiva","article_published_time":"2024-05-09T14:51:41+00:00","og_image":[{"width":700,"height":400,"url":"https:\/\/luchonoticias.com\/editor\/wp-content\/uploads\/2024\/05\/ministerio-igualdad.jpg","type":"image\/jpeg"}],"author":"Editor General","twitter_card":"summary_large_image","twitter_misc":{"Escrito por":"Editor General","Tiempo de lectura":"3 minutos"},"schema":{"@context":"https:\/\/schema.org","@graph":[{"@type":"Article","@id":"https:\/\/luchonoticias.com\/editor\/corte-constitucional-declara-inviable-el-ministerio-de-equidad-pero\/#article","isPartOf":{"@id":"https:\/\/luchonoticias.com\/editor\/corte-constitucional-declara-inviable-el-ministerio-de-equidad-pero\/"},"author":{"name":"Editor General","@id":"https:\/\/luchonoticias.com\/editor\/#\/schema\/person\/29217990ddf6f14e35912b2866d591fb"},"headline":"Corte Constitucional declara inviable el Ministerio de Equidad pero&#8230;","datePublished":"2024-05-09T14:51:41+00:00","mainEntityOfPage":{"@id":"https:\/\/luchonoticias.com\/editor\/corte-constitucional-declara-inviable-el-ministerio-de-equidad-pero\/"},"wordCount":541,"publisher":{"@id":"https:\/\/luchonoticias.com\/editor\/#\/schema\/person\/7a7fd911f58561fd056dbac7b55af9cd"},"image":{"@id":"https:\/\/luchonoticias.com\/editor\/corte-constitucional-declara-inviable-el-ministerio-de-equidad-pero\/#primaryimage"},"thumbnailUrl":"https:\/\/luchonoticias.com\/editor\/wp-content\/uploads\/2024\/05\/ministerio-igualdad.jpg","articleSection":["Actualidad"],"inLanguage":"es"},{"@type":"WebPage","@id":"https:\/\/luchonoticias.com\/editor\/corte-constitucional-declara-inviable-el-ministerio-de-equidad-pero\/","url":"https:\/\/luchonoticias.com\/editor\/corte-constitucional-declara-inviable-el-ministerio-de-equidad-pero\/","name":"Corte Constitucional declara inviable el Ministerio de Equidad pero... -","isPartOf":{"@id":"https:\/\/luchonoticias.com\/editor\/#website"},"primaryImageOfPage":{"@id":"https:\/\/luchonoticias.com\/editor\/corte-constitucional-declara-inviable-el-ministerio-de-equidad-pero\/#primaryimage"},"image":{"@id":"https:\/\/luchonoticias.com\/editor\/corte-constitucional-declara-inviable-el-ministerio-de-equidad-pero\/#primaryimage"},"thumbnailUrl":"https:\/\/luchonoticias.com\/editor\/wp-content\/uploads\/2024\/05\/ministerio-igualdad.jpg","datePublished":"2024-05-09T14:51:41+00:00","breadcrumb":{"@id":"https:\/\/luchonoticias.com\/editor\/corte-constitucional-declara-inviable-el-ministerio-de-equidad-pero\/#breadcrumb"},"inLanguage":"es","potentialAction":[{"@type":"ReadAction","target":["https:\/\/luchonoticias.com\/editor\/corte-constitucional-declara-inviable-el-ministerio-de-equidad-pero\/"]}]},{"@type":"ImageObject","inLanguage":"es","@id":"https:\/\/luchonoticias.com\/editor\/corte-constitucional-declara-inviable-el-ministerio-de-equidad-pero\/#primaryimage","url":"https:\/\/luchonoticias.com\/editor\/wp-content\/uploads\/2024\/05\/ministerio-igualdad.jpg","contentUrl":"https:\/\/luchonoticias.com\/editor\/wp-content\/uploads\/2024\/05\/ministerio-igualdad.jpg","width":700,"height":400},{"@type":"BreadcrumbList","@id":"https:\/\/luchonoticias.com\/editor\/corte-constitucional-declara-inviable-el-ministerio-de-equidad-pero\/#breadcrumb","itemListElement":[{"@type":"ListItem","position":1,"name":"Portada","item":"https:\/\/luchonoticias.com\/editor\/"},{"@type":"ListItem","position":2,"name":"Corte Constitucional declara inviable el Ministerio de Equidad pero&#8230;"}]},{"@type":"WebSite","@id":"https:\/\/luchonoticias.com\/editor\/#website","url":"https:\/\/luchonoticias.com\/editor\/","name":"","description":"","publisher":{"@id":"https:\/\/luchonoticias.com\/editor\/#\/schema\/person\/7a7fd911f58561fd056dbac7b55af9cd"},"potentialAction":[{"@type":"SearchAction","target":{"@type":"EntryPoint","urlTemplate":"https:\/\/luchonoticias.com\/editor\/?s={search_term_string}"},"query-input":{"@type":"PropertyValueSpecification","valueRequired":true,"valueName":"search_term_string"}}],"inLanguage":"es"},{"@type":["Person","Organization"],"@id":"https:\/\/luchonoticias.com\/editor\/#\/schema\/person\/7a7fd911f58561fd056dbac7b55af9cd","name":"admin","image":{"@type":"ImageObject","inLanguage":"es","@id":"https:\/\/luchonoticias.com\/editor\/#\/schema\/person\/image\/","url":"https:\/\/luchonoticias.com\/editor\/wp-content\/uploads\/2024\/02\/cropped-cropped-logolu.webp","contentUrl":"https:\/\/luchonoticias.com\/editor\/wp-content\/uploads\/2024\/02\/cropped-cropped-logolu.webp","width":382,"height":170,"caption":"admin"},"logo":{"@id":"https:\/\/luchonoticias.com\/editor\/#\/schema\/person\/image\/"},"sameAs":["https:\/\/www.facebook.com\/luchonoticiasneiva"]},{"@type":"Person","@id":"https:\/\/luchonoticias.com\/editor\/#\/schema\/person\/29217990ddf6f14e35912b2866d591fb","name":"Editor General","image":{"@type":"ImageObject","inLanguage":"es","@id":"https:\/\/luchonoticias.com\/editor\/#\/schema\/person\/image\/","url":"https:\/\/luchonoticias.com\/editor\/wp-content\/uploads\/2024\/02\/cropped-cropped-logolu-150x150.webp","contentUrl":"https:\/\/luchonoticias.com\/editor\/wp-content\/uploads\/2024\/02\/cropped-cropped-logolu-150x150.webp","caption":"Editor General"},"sameAs":["https:\/\/luchonoticias.com\/"],"url":"https:\/\/luchonoticias.com\/editor\/author\/editor-general\/"}]}},"_links":{"self":[{"href":"https:\/\/luchonoticias.com\/editor\/wp-json\/wp\/v2\/posts\/72891","targetHints":{"allow":["GET"]}}],"collection":[{"href":"https:\/\/luchonoticias.com\/editor\/wp-json\/wp\/v2\/posts"}],"about":[{"href":"https:\/\/luchonoticias.com\/editor\/wp-json\/wp\/v2\/types\/post"}],"author":[{"embeddable":true,"href":"https:\/\/luchonoticias.com\/editor\/wp-json\/wp\/v2\/users\/2"}],"replies":[{"embeddable":true,"href":"https:\/\/luchonoticias.com\/editor\/wp-json\/wp\/v2\/comments?post=72891"}],"version-history":[{"count":0,"href":"https:\/\/luchonoticias.com\/editor\/wp-json\/wp\/v2\/posts\/72891\/revisions"}],"wp:featuredmedia":[{"embeddable":true,"href":"https:\/\/luchonoticias.com\/editor\/wp-json\/wp\/v2\/media\/72892"}],"wp:attachment":[{"href":"https:\/\/luchonoticias.com\/editor\/wp-json\/wp\/v2\/media?parent=72891"}],"wp:term":[{"taxonomy":"category","embeddable":true,"href":"https:\/\/luchonoticias.com\/editor\/wp-json\/wp\/v2\/categories?post=72891"},{"taxonomy":"post_tag","embeddable":true,"href":"https:\/\/luchonoticias.com\/editor\/wp-json\/wp\/v2\/tags?post=72891"}],"curies":[{"name":"wp","href":"https:\/\/api.w.org\/{rel}","templated":true}]}}