{"id":72894,"date":"2024-05-09T09:58:49","date_gmt":"2024-05-09T14:58:49","guid":{"rendered":"https:\/\/luchonoticias.com\/?p=72894"},"modified":"2024-05-09T09:58:49","modified_gmt":"2024-05-09T14:58:49","slug":"neiva-y-su-cuota-en-el-encuentro-departamental-de-turismo","status":"publish","type":"post","link":"https:\/\/luchonoticias.com\/editor\/neiva-y-su-cuota-en-el-encuentro-departamental-de-turismo\/","title":{"rendered":"Neiva y su cuota en el Encuentro Departamental de Turismo"},"content":{"rendered":"<p>Neiva particip\u00f3 en el 1er Encuentro Regional de Turismo, que se llev\u00f3 a cabo en el centro empresarial Huila E de la C\u00e1mara de Comercio del Huila, donde asistieron m\u00e1s de 500 personas.<\/p>\n<p>La Secretar\u00eda de Competitividad y el Programa de Turismo, participaron en este primer encuentro, promocionando y fortaleciendo la oferta tur\u00edstica del Municipio.<\/p>\n<p>\u201cMuy contento el d\u00eda de hoy, celebrando el 1er Encuentro Regional de Turismo, 22 empresarios de Neiva participaron en este evento\u201d, sostuvo el secretario del competitividad, Edwin Valencia.<\/p>\n<p>En el marco de este encuentro, el Grupo de Protecci\u00f3n de Turismo de la Polic\u00eda Nacional hizo un compromiso de brindar acompa\u00f1amiento permanente en el aeropuerto Benito Salas as\u00ed como a los operadores tur\u00edsticos y apoyar la recuperaci\u00f3n de los monumentos y sitios tur\u00edsticos de la capital del Huila.<\/p>\n<p><img loading=\"lazy\" decoding=\"async\" class=\"alignnone wp-image-72895\" src=\"https:\/\/luchonoticias.com\/wp-content\/uploads\/2024\/05\/WhatsApp-Image-2024-05-09-2-300x200.jpeg\" alt=\"\" width=\"700\" height=\"467\" srcset=\"https:\/\/luchonoticias.com\/editor\/wp-content\/uploads\/2024\/05\/WhatsApp-Image-2024-05-09-2-300x200.jpeg 300w, https:\/\/luchonoticias.com\/editor\/wp-content\/uploads\/2024\/05\/WhatsApp-Image-2024-05-09-2-1024x683.jpeg 1024w, https:\/\/luchonoticias.com\/editor\/wp-content\/uploads\/2024\/05\/WhatsApp-Image-2024-05-09-2-768x512.jpeg 768w, https:\/\/luchonoticias.com\/editor\/wp-content\/uploads\/2024\/05\/WhatsApp-Image-2024-05-09-2-1536x1024.jpeg 1536w, https:\/\/luchonoticias.com\/editor\/wp-content\/uploads\/2024\/05\/WhatsApp-Image-2024-05-09-2-2048x1366.jpeg 2048w\" sizes=\"auto, (max-width: 700px) 100vw, 700px\" \/><\/p>\n<p>\u201cMuchas gracias a la Polic\u00eda Nacional tambi\u00e9n por este apoyo y lo que van a hacer en turismo, no solamente en las fiestas sino en el resto del a\u00f1o, tambi\u00e9n en esa recuperaci\u00f3n de nuestros monumentos de nuestra ciudad\u201d, manifest\u00f3 el jefe de la cartera de Competitividad.<\/p>\n<p>Al finalizar el evento, la C\u00e1mara de Comercio del Huila report\u00f3 un ingreso de 500 personas, las cuales participaron en las diferentes actividades y conferencias relacionadas a temas como promoci\u00f3n tur\u00edstica internacional, innovaci\u00f3n y emprendimiento tur\u00edstico y gesti\u00f3n de destino y turismo comunitario.<\/p>\n<p><img loading=\"lazy\" decoding=\"async\" class=\"alignnone wp-image-72897\" src=\"https:\/\/luchonoticias.com\/wp-content\/uploads\/2024\/05\/WhatsApp-Image-2024-05-09-at-09.26.35-300x189.jpeg\" alt=\"\" width=\"700\" height=\"441\" srcset=\"https:\/\/luchonoticias.com\/editor\/wp-content\/uploads\/2024\/05\/WhatsApp-Image-2024-05-09-at-09.26.35-300x189.jpeg 300w, https:\/\/luchonoticias.com\/editor\/wp-content\/uploads\/2024\/05\/WhatsApp-Image-2024-05-09-at-09.26.35-1024x645.jpeg 1024w, https:\/\/luchonoticias.com\/editor\/wp-content\/uploads\/2024\/05\/WhatsApp-Image-2024-05-09-at-09.26.35-768x484.jpeg 768w, https:\/\/luchonoticias.com\/editor\/wp-content\/uploads\/2024\/05\/WhatsApp-Image-2024-05-09-at-09.26.35-1536x967.jpeg 1536w, https:\/\/luchonoticias.com\/editor\/wp-content\/uploads\/2024\/05\/WhatsApp-Image-2024-05-09-at-09.26.35-2048x1290.jpeg 2048w\" sizes=\"auto, (max-width: 700px) 100vw, 700px\" \/><\/p>\n<p>\u201cEs muy importante porque necesitamos tambi\u00e9n articular con el departamento sobre la oferta tur\u00edstica. Bien lo mencion\u00e1bamos las entidades, este trabajado mancomunado desde Neiva, recibiendo los turistas para que podamos entre todos participar y que inclemente el n\u00famero de turistas, atendi\u00e9ndolos con la mejor calidad y la mejor disposici\u00f3n\u201d, expres\u00f3 el secretario.<\/p>\n","protected":false},"excerpt":{"rendered":"<p>Neiva particip\u00f3 en el 1er Encuentro Regional de Turismo, que se llev\u00f3 a cabo en el centro empresarial Huila E de la C\u00e1mara de Comercio del Huila, donde asistieron m\u00e1s de 500 personas. La Secretar\u00eda de Competitividad y el Programa de Turismo, participaron en este primer encuentro, promocionando y fortaleciendo la oferta tur\u00edstica del Municipio. [&hellip;]<\/p>\n","protected":false},"author":2,"featured_media":72896,"comment_status":"closed","ping_status":"open","sticky":false,"template":"","format":"standard","meta":{"footnotes":""},"categories":[31],"tags":[],"class_list":["post-72894","post","type-post","status-publish","format-standard","has-post-thumbnail","hentry","category-local"],"yoast_head":"<!-- This site is optimized with the Yoast SEO plugin v26.6 - https:\/\/yoast.com\/wordpress\/plugins\/seo\/ -->\n<title>Neiva y su cuota en el Encuentro Departamental de Turismo -<\/title>\n<meta name=\"robots\" content=\"index, follow, max-snippet:-1, max-image-preview:large, max-video-preview:-1\" \/>\n<link rel=\"canonical\" href=\"https:\/\/luchonoticias.com\/editor\/neiva-y-su-cuota-en-el-encuentro-departamental-de-turismo\/\" \/>\n<meta property=\"og:locale\" content=\"es_ES\" \/>\n<meta property=\"og:type\" content=\"article\" \/>\n<meta property=\"og:title\" content=\"Neiva y su cuota en el Encuentro Departamental de Turismo -\" \/>\n<meta property=\"og:url\" content=\"https:\/\/luchonoticias.com\/editor\/neiva-y-su-cuota-en-el-encuentro-departamental-de-turismo\/\" \/>\n<meta property=\"article:publisher\" content=\"https:\/\/www.facebook.com\/luchonoticiasneiva\" \/>\n<meta property=\"article:published_time\" content=\"2024-05-09T14:58:49+00:00\" \/>\n<meta property=\"og:image\" content=\"https:\/\/luchonoticias.com\/editor\/wp-content\/uploads\/2024\/05\/feria-turismo.jpg\" \/>\n\t<meta property=\"og:image:width\" content=\"700\" \/>\n\t<meta property=\"og:image:height\" content=\"400\" \/>\n\t<meta property=\"og:image:type\" content=\"image\/jpeg\" \/>\n<meta name=\"author\" content=\"Editor General\" \/>\n<meta name=\"twitter:card\" content=\"summary_large_image\" \/>\n<meta name=\"twitter:label1\" content=\"Escrito por\" \/>\n\t<meta name=\"twitter:data1\" content=\"Editor General\" \/>\n\t<meta name=\"twitter:label2\" content=\"Tiempo de lectura\" \/>\n\t<meta name=\"twitter:data2\" content=\"1 minuto\" \/>\n<script type=\"application\/ld+json\" class=\"yoast-schema-graph\">{\"@context\":\"https:\/\/schema.org\",\"@graph\":[{\"@type\":\"Article\",\"@id\":\"https:\/\/luchonoticias.com\/editor\/neiva-y-su-cuota-en-el-encuentro-departamental-de-turismo\/#article\",\"isPartOf\":{\"@id\":\"https:\/\/luchonoticias.com\/editor\/neiva-y-su-cuota-en-el-encuentro-departamental-de-turismo\/\"},\"author\":{\"name\":\"Editor General\",\"@id\":\"https:\/\/luchonoticias.com\/editor\/#\/schema\/person\/29217990ddf6f14e35912b2866d591fb\"},\"headline\":\"Neiva y su cuota en el Encuentro Departamental de Turismo\",\"datePublished\":\"2024-05-09T14:58:49+00:00\",\"mainEntityOfPage\":{\"@id\":\"https:\/\/luchonoticias.com\/editor\/neiva-y-su-cuota-en-el-encuentro-departamental-de-turismo\/\"},\"wordCount\":309,\"publisher\":{\"@id\":\"https:\/\/luchonoticias.com\/editor\/#\/schema\/person\/7a7fd911f58561fd056dbac7b55af9cd\"},\"image\":{\"@id\":\"https:\/\/luchonoticias.com\/editor\/neiva-y-su-cuota-en-el-encuentro-departamental-de-turismo\/#primaryimage\"},\"thumbnailUrl\":\"https:\/\/luchonoticias.com\/editor\/wp-content\/uploads\/2024\/05\/feria-turismo.jpg\",\"articleSection\":[\"Local\"],\"inLanguage\":\"es\"},{\"@type\":\"WebPage\",\"@id\":\"https:\/\/luchonoticias.com\/editor\/neiva-y-su-cuota-en-el-encuentro-departamental-de-turismo\/\",\"url\":\"https:\/\/luchonoticias.com\/editor\/neiva-y-su-cuota-en-el-encuentro-departamental-de-turismo\/\",\"name\":\"Neiva y su cuota en el Encuentro Departamental de Turismo -\",\"isPartOf\":{\"@id\":\"https:\/\/luchonoticias.com\/editor\/#website\"},\"primaryImageOfPage\":{\"@id\":\"https:\/\/luchonoticias.com\/editor\/neiva-y-su-cuota-en-el-encuentro-departamental-de-turismo\/#primaryimage\"},\"image\":{\"@id\":\"https:\/\/luchonoticias.com\/editor\/neiva-y-su-cuota-en-el-encuentro-departamental-de-turismo\/#primaryimage\"},\"thumbnailUrl\":\"https:\/\/luchonoticias.com\/editor\/wp-content\/uploads\/2024\/05\/feria-turismo.jpg\",\"datePublished\":\"2024-05-09T14:58:49+00:00\",\"breadcrumb\":{\"@id\":\"https:\/\/luchonoticias.com\/editor\/neiva-y-su-cuota-en-el-encuentro-departamental-de-turismo\/#breadcrumb\"},\"inLanguage\":\"es\",\"potentialAction\":[{\"@type\":\"ReadAction\",\"target\":[\"https:\/\/luchonoticias.com\/editor\/neiva-y-su-cuota-en-el-encuentro-departamental-de-turismo\/\"]}]},{\"@type\":\"ImageObject\",\"inLanguage\":\"es\",\"@id\":\"https:\/\/luchonoticias.com\/editor\/neiva-y-su-cuota-en-el-encuentro-departamental-de-turismo\/#primaryimage\",\"url\":\"https:\/\/luchonoticias.com\/editor\/wp-content\/uploads\/2024\/05\/feria-turismo.jpg\",\"contentUrl\":\"https:\/\/luchonoticias.com\/editor\/wp-content\/uploads\/2024\/05\/feria-turismo.jpg\",\"width\":700,\"height\":400},{\"@type\":\"BreadcrumbList\",\"@id\":\"https:\/\/luchonoticias.com\/editor\/neiva-y-su-cuota-en-el-encuentro-departamental-de-turismo\/#breadcrumb\",\"itemListElement\":[{\"@type\":\"ListItem\",\"position\":1,\"name\":\"Portada\",\"item\":\"https:\/\/luchonoticias.com\/editor\/\"},{\"@type\":\"ListItem\",\"position\":2,\"name\":\"Neiva y su cuota en el Encuentro Departamental de Turismo\"}]},{\"@type\":\"WebSite\",\"@id\":\"https:\/\/luchonoticias.com\/editor\/#website\",\"url\":\"https:\/\/luchonoticias.com\/editor\/\",\"name\":\"\",\"description\":\"\",\"publisher\":{\"@id\":\"https:\/\/luchonoticias.com\/editor\/#\/schema\/person\/7a7fd911f58561fd056dbac7b55af9cd\"},\"potentialAction\":[{\"@type\":\"SearchAction\",\"target\":{\"@type\":\"EntryPoint\",\"urlTemplate\":\"https:\/\/luchonoticias.com\/editor\/?s={search_term_string}\"},\"query-input\":{\"@type\":\"PropertyValueSpecification\",\"valueRequired\":true,\"valueName\":\"search_term_string\"}}],\"inLanguage\":\"es\"},{\"@type\":[\"Person\",\"Organization\"],\"@id\":\"https:\/\/luchonoticias.com\/editor\/#\/schema\/person\/7a7fd911f58561fd056dbac7b55af9cd\",\"name\":\"admin\",\"image\":{\"@type\":\"ImageObject\",\"inLanguage\":\"es\",\"@id\":\"https:\/\/luchonoticias.com\/editor\/#\/schema\/person\/image\/\",\"url\":\"https:\/\/luchonoticias.com\/editor\/wp-content\/uploads\/2024\/02\/cropped-cropped-logolu.webp\",\"contentUrl\":\"https:\/\/luchonoticias.com\/editor\/wp-content\/uploads\/2024\/02\/cropped-cropped-logolu.webp\",\"width\":382,\"height\":170,\"caption\":\"admin\"},\"logo\":{\"@id\":\"https:\/\/luchonoticias.com\/editor\/#\/schema\/person\/image\/\"},\"sameAs\":[\"https:\/\/www.facebook.com\/luchonoticiasneiva\"]},{\"@type\":\"Person\",\"@id\":\"https:\/\/luchonoticias.com\/editor\/#\/schema\/person\/29217990ddf6f14e35912b2866d591fb\",\"name\":\"Editor General\",\"image\":{\"@type\":\"ImageObject\",\"inLanguage\":\"es\",\"@id\":\"https:\/\/luchonoticias.com\/editor\/#\/schema\/person\/image\/\",\"url\":\"https:\/\/luchonoticias.com\/editor\/wp-content\/uploads\/2024\/02\/cropped-cropped-logolu-150x150.webp\",\"contentUrl\":\"https:\/\/luchonoticias.com\/editor\/wp-content\/uploads\/2024\/02\/cropped-cropped-logolu-150x150.webp\",\"caption\":\"Editor General\"},\"sameAs\":[\"https:\/\/luchonoticias.com\/\"],\"url\":\"https:\/\/luchonoticias.com\/editor\/author\/editor-general\/\"}]}<\/script>\n<!-- \/ Yoast SEO plugin. -->","yoast_head_json":{"title":"Neiva y su cuota en el Encuentro Departamental de Turismo -","robots":{"index":"index","follow":"follow","max-snippet":"max-snippet:-1","max-image-preview":"max-image-preview:large","max-video-preview":"max-video-preview:-1"},"canonical":"https:\/\/luchonoticias.com\/editor\/neiva-y-su-cuota-en-el-encuentro-departamental-de-turismo\/","og_locale":"es_ES","og_type":"article","og_title":"Neiva y su cuota en el Encuentro Departamental de Turismo -","og_url":"https:\/\/luchonoticias.com\/editor\/neiva-y-su-cuota-en-el-encuentro-departamental-de-turismo\/","article_publisher":"https:\/\/www.facebook.com\/luchonoticiasneiva","article_published_time":"2024-05-09T14:58:49+00:00","og_image":[{"width":700,"height":400,"url":"https:\/\/luchonoticias.com\/editor\/wp-content\/uploads\/2024\/05\/feria-turismo.jpg","type":"image\/jpeg"}],"author":"Editor General","twitter_card":"summary_large_image","twitter_misc":{"Escrito por":"Editor General","Tiempo de lectura":"1 minuto"},"schema":{"@context":"https:\/\/schema.org","@graph":[{"@type":"Article","@id":"https:\/\/luchonoticias.com\/editor\/neiva-y-su-cuota-en-el-encuentro-departamental-de-turismo\/#article","isPartOf":{"@id":"https:\/\/luchonoticias.com\/editor\/neiva-y-su-cuota-en-el-encuentro-departamental-de-turismo\/"},"author":{"name":"Editor General","@id":"https:\/\/luchonoticias.com\/editor\/#\/schema\/person\/29217990ddf6f14e35912b2866d591fb"},"headline":"Neiva y su cuota en el Encuentro Departamental de Turismo","datePublished":"2024-05-09T14:58:49+00:00","mainEntityOfPage":{"@id":"https:\/\/luchonoticias.com\/editor\/neiva-y-su-cuota-en-el-encuentro-departamental-de-turismo\/"},"wordCount":309,"publisher":{"@id":"https:\/\/luchonoticias.com\/editor\/#\/schema\/person\/7a7fd911f58561fd056dbac7b55af9cd"},"image":{"@id":"https:\/\/luchonoticias.com\/editor\/neiva-y-su-cuota-en-el-encuentro-departamental-de-turismo\/#primaryimage"},"thumbnailUrl":"https:\/\/luchonoticias.com\/editor\/wp-content\/uploads\/2024\/05\/feria-turismo.jpg","articleSection":["Local"],"inLanguage":"es"},{"@type":"WebPage","@id":"https:\/\/luchonoticias.com\/editor\/neiva-y-su-cuota-en-el-encuentro-departamental-de-turismo\/","url":"https:\/\/luchonoticias.com\/editor\/neiva-y-su-cuota-en-el-encuentro-departamental-de-turismo\/","name":"Neiva y su cuota en el Encuentro Departamental de Turismo -","isPartOf":{"@id":"https:\/\/luchonoticias.com\/editor\/#website"},"primaryImageOfPage":{"@id":"https:\/\/luchonoticias.com\/editor\/neiva-y-su-cuota-en-el-encuentro-departamental-de-turismo\/#primaryimage"},"image":{"@id":"https:\/\/luchonoticias.com\/editor\/neiva-y-su-cuota-en-el-encuentro-departamental-de-turismo\/#primaryimage"},"thumbnailUrl":"https:\/\/luchonoticias.com\/editor\/wp-content\/uploads\/2024\/05\/feria-turismo.jpg","datePublished":"2024-05-09T14:58:49+00:00","breadcrumb":{"@id":"https:\/\/luchonoticias.com\/editor\/neiva-y-su-cuota-en-el-encuentro-departamental-de-turismo\/#breadcrumb"},"inLanguage":"es","potentialAction":[{"@type":"ReadAction","target":["https:\/\/luchonoticias.com\/editor\/neiva-y-su-cuota-en-el-encuentro-departamental-de-turismo\/"]}]},{"@type":"ImageObject","inLanguage":"es","@id":"https:\/\/luchonoticias.com\/editor\/neiva-y-su-cuota-en-el-encuentro-departamental-de-turismo\/#primaryimage","url":"https:\/\/luchonoticias.com\/editor\/wp-content\/uploads\/2024\/05\/feria-turismo.jpg","contentUrl":"https:\/\/luchonoticias.com\/editor\/wp-content\/uploads\/2024\/05\/feria-turismo.jpg","width":700,"height":400},{"@type":"BreadcrumbList","@id":"https:\/\/luchonoticias.com\/editor\/neiva-y-su-cuota-en-el-encuentro-departamental-de-turismo\/#breadcrumb","itemListElement":[{"@type":"ListItem","position":1,"name":"Portada","item":"https:\/\/luchonoticias.com\/editor\/"},{"@type":"ListItem","position":2,"name":"Neiva y su cuota en el Encuentro Departamental de Turismo"}]},{"@type":"WebSite","@id":"https:\/\/luchonoticias.com\/editor\/#website","url":"https:\/\/luchonoticias.com\/editor\/","name":"","description":"","publisher":{"@id":"https:\/\/luchonoticias.com\/editor\/#\/schema\/person\/7a7fd911f58561fd056dbac7b55af9cd"},"potentialAction":[{"@type":"SearchAction","target":{"@type":"EntryPoint","urlTemplate":"https:\/\/luchonoticias.com\/editor\/?s={search_term_string}"},"query-input":{"@type":"PropertyValueSpecification","valueRequired":true,"valueName":"search_term_string"}}],"inLanguage":"es"},{"@type":["Person","Organization"],"@id":"https:\/\/luchonoticias.com\/editor\/#\/schema\/person\/7a7fd911f58561fd056dbac7b55af9cd","name":"admin","image":{"@type":"ImageObject","inLanguage":"es","@id":"https:\/\/luchonoticias.com\/editor\/#\/schema\/person\/image\/","url":"https:\/\/luchonoticias.com\/editor\/wp-content\/uploads\/2024\/02\/cropped-cropped-logolu.webp","contentUrl":"https:\/\/luchonoticias.com\/editor\/wp-content\/uploads\/2024\/02\/cropped-cropped-logolu.webp","width":382,"height":170,"caption":"admin"},"logo":{"@id":"https:\/\/luchonoticias.com\/editor\/#\/schema\/person\/image\/"},"sameAs":["https:\/\/www.facebook.com\/luchonoticiasneiva"]},{"@type":"Person","@id":"https:\/\/luchonoticias.com\/editor\/#\/schema\/person\/29217990ddf6f14e35912b2866d591fb","name":"Editor General","image":{"@type":"ImageObject","inLanguage":"es","@id":"https:\/\/luchonoticias.com\/editor\/#\/schema\/person\/image\/","url":"https:\/\/luchonoticias.com\/editor\/wp-content\/uploads\/2024\/02\/cropped-cropped-logolu-150x150.webp","contentUrl":"https:\/\/luchonoticias.com\/editor\/wp-content\/uploads\/2024\/02\/cropped-cropped-logolu-150x150.webp","caption":"Editor General"},"sameAs":["https:\/\/luchonoticias.com\/"],"url":"https:\/\/luchonoticias.com\/editor\/author\/editor-general\/"}]}},"_links":{"self":[{"href":"https:\/\/luchonoticias.com\/editor\/wp-json\/wp\/v2\/posts\/72894","targetHints":{"allow":["GET"]}}],"collection":[{"href":"https:\/\/luchonoticias.com\/editor\/wp-json\/wp\/v2\/posts"}],"about":[{"href":"https:\/\/luchonoticias.com\/editor\/wp-json\/wp\/v2\/types\/post"}],"author":[{"embeddable":true,"href":"https:\/\/luchonoticias.com\/editor\/wp-json\/wp\/v2\/users\/2"}],"replies":[{"embeddable":true,"href":"https:\/\/luchonoticias.com\/editor\/wp-json\/wp\/v2\/comments?post=72894"}],"version-history":[{"count":0,"href":"https:\/\/luchonoticias.com\/editor\/wp-json\/wp\/v2\/posts\/72894\/revisions"}],"wp:featuredmedia":[{"embeddable":true,"href":"https:\/\/luchonoticias.com\/editor\/wp-json\/wp\/v2\/media\/72896"}],"wp:attachment":[{"href":"https:\/\/luchonoticias.com\/editor\/wp-json\/wp\/v2\/media?parent=72894"}],"wp:term":[{"taxonomy":"category","embeddable":true,"href":"https:\/\/luchonoticias.com\/editor\/wp-json\/wp\/v2\/categories?post=72894"},{"taxonomy":"post_tag","embeddable":true,"href":"https:\/\/luchonoticias.com\/editor\/wp-json\/wp\/v2\/tags?post=72894"}],"curies":[{"name":"wp","href":"https:\/\/api.w.org\/{rel}","templated":true}]}}