{"id":72903,"date":"2024-05-09T13:42:35","date_gmt":"2024-05-09T18:42:35","guid":{"rendered":"https:\/\/luchonoticias.com\/?p=72903"},"modified":"2024-05-09T13:42:35","modified_gmt":"2024-05-09T18:42:35","slug":"asi-va-el-proceso-de-formalizacion-de-predios-rurales-en-el-huila","status":"publish","type":"post","link":"https:\/\/luchonoticias.com\/editor\/asi-va-el-proceso-de-formalizacion-de-predios-rurales-en-el-huila\/","title":{"rendered":"As\u00ed va el proceso de formalizaci\u00f3n de predios rurales en el Huila"},"content":{"rendered":"<p>Luego de dos debates en la Asamblea Departamental del Huila, uno en comisi\u00f3n, y otro en plenaria, pasaron a sanci\u00f3n del gobernador Rodrigo Villalba Mosquera los proyectos de ordenanza 03 y 04, que servir\u00e1n como instrumento para avanzar en la titulaci\u00f3n de predios rurales en el departamento, lo que les permitir\u00e1 a los beneficiados acceder a toda la oferta institucional del sector p\u00fablico y privado, tanto a nivel departamental como nacional.<\/p>\n<p>Para el secretario de agricultura y miner\u00eda del Huila, ingeniero Carlos Alberto Cu\u00e9llar Medina, con este tipo de iniciativas promovidas desde la Gobernaci\u00f3n, lo que se busca es combatir la alta informalidad en la tenencia de la tierra, una de las metas propuestas por el gobernador Rodrigo Villalba Mosquera, en el marco de la implementaci\u00f3n del Plan de Ordenamiento Productivo y Social de la Propiedad Rural.<\/p>\n<p>En ese sentido indic\u00f3 que estas ordenanzas una vez sean sancionadas por el mandatario de los huilenses, permitir\u00e1n trabajar desde dos frentes en materia de formalizaci\u00f3n, entendiendo que uno de los grandes problemas que afronta el pa\u00eds, y el Huila, son la alta informalidad en la tenencia de la tierra.<\/p>\n<p>\u201cLa Asamblea Departamental nos ha aprobado dos proyectos de ordenanza, uno apunt\u00e1ndole espec\u00edficamente a los programas gubernamentales que tienen que ver con la reforma agraria, ya el director de la Agencia Nacional de Tierras en una reuni\u00f3n que tuvimos en d\u00edas pasados ha anunciado un reinicio de reforma agraria en el pa\u00eds y particularmente en el departamento, donde la Gobernaci\u00f3n del Huila va a ser un actor importante en esa alianza para que volvamos a tener reforma agraria despu\u00e9s de muchos a\u00f1os en nuestro territorio, y la segunda ordenanza tiene que ver con la legalizaci\u00f3n de otro tipo de t\u00edtulos, como sucesiones sin liquidar, pues muchas veces las personas tienen su escritura sin registro y cuando se acercan a la las oficinas de instrumentos p\u00fablicos para adelantar alg\u00fan tr\u00e1mite, esto les implica unos costos muy elevados. Hoy gracias a esta ordenanza va a generarse un tipo de amnist\u00eda, un no pago de esos gastos de registro al departamento para ese tipo de casos\u201d.<\/p>\n<p><img loading=\"lazy\" decoding=\"async\" class=\"alignnone wp-image-72905\" src=\"https:\/\/luchonoticias.com\/wp-content\/uploads\/2024\/05\/WhatsApp-Image-2024-05-09-at-11.49.34-1-300x177.jpeg\" alt=\"\" width=\"700\" height=\"413\" srcset=\"https:\/\/luchonoticias.com\/editor\/wp-content\/uploads\/2024\/05\/WhatsApp-Image-2024-05-09-at-11.49.34-1-300x177.jpeg 300w, https:\/\/luchonoticias.com\/editor\/wp-content\/uploads\/2024\/05\/WhatsApp-Image-2024-05-09-at-11.49.34-1-1024x604.jpeg 1024w, https:\/\/luchonoticias.com\/editor\/wp-content\/uploads\/2024\/05\/WhatsApp-Image-2024-05-09-at-11.49.34-1-768x453.jpeg 768w, https:\/\/luchonoticias.com\/editor\/wp-content\/uploads\/2024\/05\/WhatsApp-Image-2024-05-09-at-11.49.34-1.jpeg 1280w\" sizes=\"auto, (max-width: 700px) 100vw, 700px\" \/><\/p>\n<p><strong>Las ventajas de ser un propietario formalizado<\/strong><\/p>\n<p>Por su parte el diputado de la Asamblea Departamental del Huila, Sergio Andr\u00e9s Trujillo, destac\u00f3 las ventajas que traer\u00e1n estas dos ordenanzas, ahorr\u00e1ndole recursos econ\u00f3micos a los campesinos, y permiti\u00e9ndoles acceder a toda la oferta institucional.<\/p>\n<p>\u201cUn balance positivo que podemos traerle al campesinado del departamento del Huila con un alivio al bolsillo, con la exenci\u00f3n en el pago de impuestos para tr\u00e1mites que se lleven a cabo a trav\u00e9s de la gobernaci\u00f3n, y a trav\u00e9s de la Agencia Nacional de Tierras con sede en el departamento. Esto nos va a permitir formalizar gran cantidad de tierra para que el campesino acceda a esa oferta institucional del gobierno nacional, gobierno departamental, y el sector privado como tal; es una gran noticia que estaba pidiendo a gritos el sector rural y que por unanimidad se vot\u00f3 positivo en la duma departamental\u201d.<\/p>\n<p>Finalmente, el diputado, destac\u00f3 el apoyo del equipo t\u00e9cnico de la Secretar\u00eda de Agricultura y Miner\u00eda, y la Secretar\u00eda de Hacienda Departamental, que permitieron que estos proyectos de ordenanza quedaran bien estructurados, y fueran aprobados por todos los diputados de la Duma Departamental.<\/p>\n<p><strong>Los proyectos<\/strong><\/p>\n<p>El primer proyecto de ordenanza \u201cpor la cual se establece una exenci\u00f3n en el pago del impuesto de registro departamental a los beneficiarios determinados dentro de la implementaci\u00f3n de la estrategia territorial para la gesti\u00f3n de la regularizaci\u00f3n de la propiedad rural para el departamento del Huila\u201d, dispone determinar la exenci\u00f3n del cien por ciento (100%) del pago del Impuesto de Registro y dem\u00e1s grav\u00e1menes, que generen los t\u00edtulos de propiedad que se encuentren en sentencias judiciales, actos, contratos, escrituras p\u00fablicas, resoluciones de adjudicaci\u00f3n y dem\u00e1s actos o negocios jur\u00eddicos.<\/p>\n<p>La exenci\u00f3n aqu\u00ed establecida, cobija las acciones a realizar para la Implementaci\u00f3n de la Estrategia Territorial para la Gesti\u00f3n de la Regularizaci\u00f3n de la Propiedad Rural del Departamento del Huila, en cuanto a la titularidad predial de bienes inmuebles rurales ubicados en la jurisdicci\u00f3n del Departamento del Huila, de conformidad con lo expuesto en la Ley 160 de 1994, modificada por el Decreto 902 de 2017, la Ley 1261 de 2012 por la cual se establece un proceso verbal especial para otorgar t\u00edtulos de propiedad al poseedor material de bienes inmuebles urbanos y rurales de peque\u00f1a entidad econ\u00f3mica, sanear la falsa tradici\u00f3n y se dictan otras disposiciones y que sean adelantados seg\u00fan el caso, bien sea por parte de las notar\u00edas y sus respectivas escrituras p\u00fablicas, por los Juzgados competentes en aquellos casos que requieran de los procesos de pertenencias, de y sus respectivas.<\/p>\n<p>El segundo proyecto de ordenanza: \u201cPor medio del cual se autoriza la exenci\u00f3n del Impuesto de Registro Departamental para los beneficiarios de los Programas de la Agencia Nacional de Tierras\u201d<\/p>\n<p>Permitir\u00e1 otorgar la exenci\u00f3n del (100%) del impuesto de registro y dem\u00e1s grav\u00e1menes que generen los t\u00edtulos de propiedad que reposen en escrituras p\u00fablicas y actos administrativos expedidos por la Agencia Nacional de Tierras, adscrita al Ministerio de Agricultura y Desarrollo Rural, a trav\u00e9s de los cuales se otorgue la titulaci\u00f3n de la propiedad rural a los beneficiarios de los diferentes programas que adelanta la Agencia Nacional de Tierras garantizando la materializaci\u00f3n de los derechos a los sujetos de Ordenamiento Social de la Propiedad Rural.<\/p>\n<p>Una vez sancionadas por el gobernador del Huila Rodrigo Villalba Mosquera, las ordenanzas antes mencionadas tendr\u00e1n vigencia hasta el 31 de diciembre de 2027.<\/p>\n","protected":false},"excerpt":{"rendered":"<p>Luego de dos debates en la Asamblea Departamental del Huila, uno en comisi\u00f3n, y otro en plenaria, pasaron a sanci\u00f3n del gobernador Rodrigo Villalba Mosquera los proyectos de ordenanza 03 y 04, que servir\u00e1n como instrumento para avanzar en la titulaci\u00f3n de predios rurales en el departamento, lo que les permitir\u00e1 a los beneficiados acceder [&hellip;]<\/p>\n","protected":false},"author":2,"featured_media":72904,"comment_status":"closed","ping_status":"open","sticky":false,"template":"","format":"standard","meta":{"footnotes":""},"categories":[33],"tags":[],"class_list":["post-72903","post","type-post","status-publish","format-standard","has-post-thumbnail","hentry","category-huila"],"yoast_head":"<!-- This site is optimized with the Yoast SEO plugin v26.6 - https:\/\/yoast.com\/wordpress\/plugins\/seo\/ -->\n<title>As\u00ed va el proceso de formalizaci\u00f3n de predios rurales en el Huila -<\/title>\n<meta name=\"robots\" content=\"index, follow, max-snippet:-1, max-image-preview:large, max-video-preview:-1\" \/>\n<link rel=\"canonical\" href=\"https:\/\/luchonoticias.com\/editor\/asi-va-el-proceso-de-formalizacion-de-predios-rurales-en-el-huila\/\" \/>\n<meta property=\"og:locale\" content=\"es_ES\" \/>\n<meta property=\"og:type\" content=\"article\" \/>\n<meta property=\"og:title\" content=\"As\u00ed va el proceso de formalizaci\u00f3n de predios rurales en el Huila -\" \/>\n<meta property=\"og:url\" content=\"https:\/\/luchonoticias.com\/editor\/asi-va-el-proceso-de-formalizacion-de-predios-rurales-en-el-huila\/\" \/>\n<meta property=\"article:publisher\" content=\"https:\/\/www.facebook.com\/luchonoticiasneiva\" \/>\n<meta property=\"article:published_time\" content=\"2024-05-09T18:42:35+00:00\" \/>\n<meta property=\"og:image\" content=\"https:\/\/luchonoticias.com\/editor\/wp-content\/uploads\/2024\/05\/predio-rural.jpg\" \/>\n\t<meta property=\"og:image:width\" content=\"700\" \/>\n\t<meta property=\"og:image:height\" content=\"400\" \/>\n\t<meta property=\"og:image:type\" content=\"image\/jpeg\" \/>\n<meta name=\"author\" content=\"Editor General\" \/>\n<meta name=\"twitter:card\" content=\"summary_large_image\" \/>\n<meta name=\"twitter:label1\" content=\"Escrito por\" \/>\n\t<meta name=\"twitter:data1\" content=\"Editor General\" \/>\n\t<meta name=\"twitter:label2\" content=\"Tiempo de lectura\" \/>\n\t<meta name=\"twitter:data2\" content=\"5 minutos\" \/>\n<script type=\"application\/ld+json\" class=\"yoast-schema-graph\">{\"@context\":\"https:\/\/schema.org\",\"@graph\":[{\"@type\":\"Article\",\"@id\":\"https:\/\/luchonoticias.com\/editor\/asi-va-el-proceso-de-formalizacion-de-predios-rurales-en-el-huila\/#article\",\"isPartOf\":{\"@id\":\"https:\/\/luchonoticias.com\/editor\/asi-va-el-proceso-de-formalizacion-de-predios-rurales-en-el-huila\/\"},\"author\":{\"name\":\"Editor General\",\"@id\":\"https:\/\/luchonoticias.com\/editor\/#\/schema\/person\/29217990ddf6f14e35912b2866d591fb\"},\"headline\":\"As\u00ed va el proceso de formalizaci\u00f3n de predios rurales en el Huila\",\"datePublished\":\"2024-05-09T18:42:35+00:00\",\"mainEntityOfPage\":{\"@id\":\"https:\/\/luchonoticias.com\/editor\/asi-va-el-proceso-de-formalizacion-de-predios-rurales-en-el-huila\/\"},\"wordCount\":990,\"publisher\":{\"@id\":\"https:\/\/luchonoticias.com\/editor\/#\/schema\/person\/7a7fd911f58561fd056dbac7b55af9cd\"},\"image\":{\"@id\":\"https:\/\/luchonoticias.com\/editor\/asi-va-el-proceso-de-formalizacion-de-predios-rurales-en-el-huila\/#primaryimage\"},\"thumbnailUrl\":\"https:\/\/luchonoticias.com\/editor\/wp-content\/uploads\/2024\/05\/predio-rural.jpg\",\"articleSection\":[\"Huila\"],\"inLanguage\":\"es\"},{\"@type\":\"WebPage\",\"@id\":\"https:\/\/luchonoticias.com\/editor\/asi-va-el-proceso-de-formalizacion-de-predios-rurales-en-el-huila\/\",\"url\":\"https:\/\/luchonoticias.com\/editor\/asi-va-el-proceso-de-formalizacion-de-predios-rurales-en-el-huila\/\",\"name\":\"As\u00ed va el proceso de formalizaci\u00f3n de predios rurales en el Huila -\",\"isPartOf\":{\"@id\":\"https:\/\/luchonoticias.com\/editor\/#website\"},\"primaryImageOfPage\":{\"@id\":\"https:\/\/luchonoticias.com\/editor\/asi-va-el-proceso-de-formalizacion-de-predios-rurales-en-el-huila\/#primaryimage\"},\"image\":{\"@id\":\"https:\/\/luchonoticias.com\/editor\/asi-va-el-proceso-de-formalizacion-de-predios-rurales-en-el-huila\/#primaryimage\"},\"thumbnailUrl\":\"https:\/\/luchonoticias.com\/editor\/wp-content\/uploads\/2024\/05\/predio-rural.jpg\",\"datePublished\":\"2024-05-09T18:42:35+00:00\",\"breadcrumb\":{\"@id\":\"https:\/\/luchonoticias.com\/editor\/asi-va-el-proceso-de-formalizacion-de-predios-rurales-en-el-huila\/#breadcrumb\"},\"inLanguage\":\"es\",\"potentialAction\":[{\"@type\":\"ReadAction\",\"target\":[\"https:\/\/luchonoticias.com\/editor\/asi-va-el-proceso-de-formalizacion-de-predios-rurales-en-el-huila\/\"]}]},{\"@type\":\"ImageObject\",\"inLanguage\":\"es\",\"@id\":\"https:\/\/luchonoticias.com\/editor\/asi-va-el-proceso-de-formalizacion-de-predios-rurales-en-el-huila\/#primaryimage\",\"url\":\"https:\/\/luchonoticias.com\/editor\/wp-content\/uploads\/2024\/05\/predio-rural.jpg\",\"contentUrl\":\"https:\/\/luchonoticias.com\/editor\/wp-content\/uploads\/2024\/05\/predio-rural.jpg\",\"width\":700,\"height\":400},{\"@type\":\"BreadcrumbList\",\"@id\":\"https:\/\/luchonoticias.com\/editor\/asi-va-el-proceso-de-formalizacion-de-predios-rurales-en-el-huila\/#breadcrumb\",\"itemListElement\":[{\"@type\":\"ListItem\",\"position\":1,\"name\":\"Portada\",\"item\":\"https:\/\/luchonoticias.com\/editor\/\"},{\"@type\":\"ListItem\",\"position\":2,\"name\":\"As\u00ed va el proceso de formalizaci\u00f3n de predios rurales en el Huila\"}]},{\"@type\":\"WebSite\",\"@id\":\"https:\/\/luchonoticias.com\/editor\/#website\",\"url\":\"https:\/\/luchonoticias.com\/editor\/\",\"name\":\"\",\"description\":\"\",\"publisher\":{\"@id\":\"https:\/\/luchonoticias.com\/editor\/#\/schema\/person\/7a7fd911f58561fd056dbac7b55af9cd\"},\"potentialAction\":[{\"@type\":\"SearchAction\",\"target\":{\"@type\":\"EntryPoint\",\"urlTemplate\":\"https:\/\/luchonoticias.com\/editor\/?s={search_term_string}\"},\"query-input\":{\"@type\":\"PropertyValueSpecification\",\"valueRequired\":true,\"valueName\":\"search_term_string\"}}],\"inLanguage\":\"es\"},{\"@type\":[\"Person\",\"Organization\"],\"@id\":\"https:\/\/luchonoticias.com\/editor\/#\/schema\/person\/7a7fd911f58561fd056dbac7b55af9cd\",\"name\":\"admin\",\"image\":{\"@type\":\"ImageObject\",\"inLanguage\":\"es\",\"@id\":\"https:\/\/luchonoticias.com\/editor\/#\/schema\/person\/image\/\",\"url\":\"https:\/\/luchonoticias.com\/editor\/wp-content\/uploads\/2024\/02\/cropped-cropped-logolu.webp\",\"contentUrl\":\"https:\/\/luchonoticias.com\/editor\/wp-content\/uploads\/2024\/02\/cropped-cropped-logolu.webp\",\"width\":382,\"height\":170,\"caption\":\"admin\"},\"logo\":{\"@id\":\"https:\/\/luchonoticias.com\/editor\/#\/schema\/person\/image\/\"},\"sameAs\":[\"https:\/\/www.facebook.com\/luchonoticiasneiva\"]},{\"@type\":\"Person\",\"@id\":\"https:\/\/luchonoticias.com\/editor\/#\/schema\/person\/29217990ddf6f14e35912b2866d591fb\",\"name\":\"Editor General\",\"image\":{\"@type\":\"ImageObject\",\"inLanguage\":\"es\",\"@id\":\"https:\/\/luchonoticias.com\/editor\/#\/schema\/person\/image\/\",\"url\":\"https:\/\/luchonoticias.com\/editor\/wp-content\/uploads\/2024\/02\/cropped-cropped-logolu-150x150.webp\",\"contentUrl\":\"https:\/\/luchonoticias.com\/editor\/wp-content\/uploads\/2024\/02\/cropped-cropped-logolu-150x150.webp\",\"caption\":\"Editor General\"},\"sameAs\":[\"https:\/\/luchonoticias.com\/\"],\"url\":\"https:\/\/luchonoticias.com\/editor\/author\/editor-general\/\"}]}<\/script>\n<!-- \/ Yoast SEO plugin. -->","yoast_head_json":{"title":"As\u00ed va el proceso de formalizaci\u00f3n de predios rurales en el Huila -","robots":{"index":"index","follow":"follow","max-snippet":"max-snippet:-1","max-image-preview":"max-image-preview:large","max-video-preview":"max-video-preview:-1"},"canonical":"https:\/\/luchonoticias.com\/editor\/asi-va-el-proceso-de-formalizacion-de-predios-rurales-en-el-huila\/","og_locale":"es_ES","og_type":"article","og_title":"As\u00ed va el proceso de formalizaci\u00f3n de predios rurales en el Huila -","og_url":"https:\/\/luchonoticias.com\/editor\/asi-va-el-proceso-de-formalizacion-de-predios-rurales-en-el-huila\/","article_publisher":"https:\/\/www.facebook.com\/luchonoticiasneiva","article_published_time":"2024-05-09T18:42:35+00:00","og_image":[{"width":700,"height":400,"url":"https:\/\/luchonoticias.com\/editor\/wp-content\/uploads\/2024\/05\/predio-rural.jpg","type":"image\/jpeg"}],"author":"Editor General","twitter_card":"summary_large_image","twitter_misc":{"Escrito por":"Editor General","Tiempo de lectura":"5 minutos"},"schema":{"@context":"https:\/\/schema.org","@graph":[{"@type":"Article","@id":"https:\/\/luchonoticias.com\/editor\/asi-va-el-proceso-de-formalizacion-de-predios-rurales-en-el-huila\/#article","isPartOf":{"@id":"https:\/\/luchonoticias.com\/editor\/asi-va-el-proceso-de-formalizacion-de-predios-rurales-en-el-huila\/"},"author":{"name":"Editor General","@id":"https:\/\/luchonoticias.com\/editor\/#\/schema\/person\/29217990ddf6f14e35912b2866d591fb"},"headline":"As\u00ed va el proceso de formalizaci\u00f3n de predios rurales en el Huila","datePublished":"2024-05-09T18:42:35+00:00","mainEntityOfPage":{"@id":"https:\/\/luchonoticias.com\/editor\/asi-va-el-proceso-de-formalizacion-de-predios-rurales-en-el-huila\/"},"wordCount":990,"publisher":{"@id":"https:\/\/luchonoticias.com\/editor\/#\/schema\/person\/7a7fd911f58561fd056dbac7b55af9cd"},"image":{"@id":"https:\/\/luchonoticias.com\/editor\/asi-va-el-proceso-de-formalizacion-de-predios-rurales-en-el-huila\/#primaryimage"},"thumbnailUrl":"https:\/\/luchonoticias.com\/editor\/wp-content\/uploads\/2024\/05\/predio-rural.jpg","articleSection":["Huila"],"inLanguage":"es"},{"@type":"WebPage","@id":"https:\/\/luchonoticias.com\/editor\/asi-va-el-proceso-de-formalizacion-de-predios-rurales-en-el-huila\/","url":"https:\/\/luchonoticias.com\/editor\/asi-va-el-proceso-de-formalizacion-de-predios-rurales-en-el-huila\/","name":"As\u00ed va el proceso de formalizaci\u00f3n de predios rurales en el Huila -","isPartOf":{"@id":"https:\/\/luchonoticias.com\/editor\/#website"},"primaryImageOfPage":{"@id":"https:\/\/luchonoticias.com\/editor\/asi-va-el-proceso-de-formalizacion-de-predios-rurales-en-el-huila\/#primaryimage"},"image":{"@id":"https:\/\/luchonoticias.com\/editor\/asi-va-el-proceso-de-formalizacion-de-predios-rurales-en-el-huila\/#primaryimage"},"thumbnailUrl":"https:\/\/luchonoticias.com\/editor\/wp-content\/uploads\/2024\/05\/predio-rural.jpg","datePublished":"2024-05-09T18:42:35+00:00","breadcrumb":{"@id":"https:\/\/luchonoticias.com\/editor\/asi-va-el-proceso-de-formalizacion-de-predios-rurales-en-el-huila\/#breadcrumb"},"inLanguage":"es","potentialAction":[{"@type":"ReadAction","target":["https:\/\/luchonoticias.com\/editor\/asi-va-el-proceso-de-formalizacion-de-predios-rurales-en-el-huila\/"]}]},{"@type":"ImageObject","inLanguage":"es","@id":"https:\/\/luchonoticias.com\/editor\/asi-va-el-proceso-de-formalizacion-de-predios-rurales-en-el-huila\/#primaryimage","url":"https:\/\/luchonoticias.com\/editor\/wp-content\/uploads\/2024\/05\/predio-rural.jpg","contentUrl":"https:\/\/luchonoticias.com\/editor\/wp-content\/uploads\/2024\/05\/predio-rural.jpg","width":700,"height":400},{"@type":"BreadcrumbList","@id":"https:\/\/luchonoticias.com\/editor\/asi-va-el-proceso-de-formalizacion-de-predios-rurales-en-el-huila\/#breadcrumb","itemListElement":[{"@type":"ListItem","position":1,"name":"Portada","item":"https:\/\/luchonoticias.com\/editor\/"},{"@type":"ListItem","position":2,"name":"As\u00ed va el proceso de formalizaci\u00f3n de predios rurales en el Huila"}]},{"@type":"WebSite","@id":"https:\/\/luchonoticias.com\/editor\/#website","url":"https:\/\/luchonoticias.com\/editor\/","name":"","description":"","publisher":{"@id":"https:\/\/luchonoticias.com\/editor\/#\/schema\/person\/7a7fd911f58561fd056dbac7b55af9cd"},"potentialAction":[{"@type":"SearchAction","target":{"@type":"EntryPoint","urlTemplate":"https:\/\/luchonoticias.com\/editor\/?s={search_term_string}"},"query-input":{"@type":"PropertyValueSpecification","valueRequired":true,"valueName":"search_term_string"}}],"inLanguage":"es"},{"@type":["Person","Organization"],"@id":"https:\/\/luchonoticias.com\/editor\/#\/schema\/person\/7a7fd911f58561fd056dbac7b55af9cd","name":"admin","image":{"@type":"ImageObject","inLanguage":"es","@id":"https:\/\/luchonoticias.com\/editor\/#\/schema\/person\/image\/","url":"https:\/\/luchonoticias.com\/editor\/wp-content\/uploads\/2024\/02\/cropped-cropped-logolu.webp","contentUrl":"https:\/\/luchonoticias.com\/editor\/wp-content\/uploads\/2024\/02\/cropped-cropped-logolu.webp","width":382,"height":170,"caption":"admin"},"logo":{"@id":"https:\/\/luchonoticias.com\/editor\/#\/schema\/person\/image\/"},"sameAs":["https:\/\/www.facebook.com\/luchonoticiasneiva"]},{"@type":"Person","@id":"https:\/\/luchonoticias.com\/editor\/#\/schema\/person\/29217990ddf6f14e35912b2866d591fb","name":"Editor General","image":{"@type":"ImageObject","inLanguage":"es","@id":"https:\/\/luchonoticias.com\/editor\/#\/schema\/person\/image\/","url":"https:\/\/luchonoticias.com\/editor\/wp-content\/uploads\/2024\/02\/cropped-cropped-logolu-150x150.webp","contentUrl":"https:\/\/luchonoticias.com\/editor\/wp-content\/uploads\/2024\/02\/cropped-cropped-logolu-150x150.webp","caption":"Editor General"},"sameAs":["https:\/\/luchonoticias.com\/"],"url":"https:\/\/luchonoticias.com\/editor\/author\/editor-general\/"}]}},"_links":{"self":[{"href":"https:\/\/luchonoticias.com\/editor\/wp-json\/wp\/v2\/posts\/72903","targetHints":{"allow":["GET"]}}],"collection":[{"href":"https:\/\/luchonoticias.com\/editor\/wp-json\/wp\/v2\/posts"}],"about":[{"href":"https:\/\/luchonoticias.com\/editor\/wp-json\/wp\/v2\/types\/post"}],"author":[{"embeddable":true,"href":"https:\/\/luchonoticias.com\/editor\/wp-json\/wp\/v2\/users\/2"}],"replies":[{"embeddable":true,"href":"https:\/\/luchonoticias.com\/editor\/wp-json\/wp\/v2\/comments?post=72903"}],"version-history":[{"count":0,"href":"https:\/\/luchonoticias.com\/editor\/wp-json\/wp\/v2\/posts\/72903\/revisions"}],"wp:featuredmedia":[{"embeddable":true,"href":"https:\/\/luchonoticias.com\/editor\/wp-json\/wp\/v2\/media\/72904"}],"wp:attachment":[{"href":"https:\/\/luchonoticias.com\/editor\/wp-json\/wp\/v2\/media?parent=72903"}],"wp:term":[{"taxonomy":"category","embeddable":true,"href":"https:\/\/luchonoticias.com\/editor\/wp-json\/wp\/v2\/categories?post=72903"},{"taxonomy":"post_tag","embeddable":true,"href":"https:\/\/luchonoticias.com\/editor\/wp-json\/wp\/v2\/tags?post=72903"}],"curies":[{"name":"wp","href":"https:\/\/api.w.org\/{rel}","templated":true}]}}