{"id":72908,"date":"2024-05-09T13:50:19","date_gmt":"2024-05-09T18:50:19","guid":{"rendered":"https:\/\/luchonoticias.com\/?p=72908"},"modified":"2024-05-09T13:50:19","modified_gmt":"2024-05-09T18:50:19","slug":"hay-intereses-politicos-detras-del-planton-de-medicos-de-la-ese-de-neiva-dice-sindicato","status":"publish","type":"post","link":"https:\/\/luchonoticias.com\/editor\/hay-intereses-politicos-detras-del-planton-de-medicos-de-la-ese-de-neiva-dice-sindicato\/","title":{"rendered":"Hay intereses pol\u00edticos detr\u00e1s del plant\u00f3n de m\u00e9dicos de la ESE de Neiva, dice sindicato"},"content":{"rendered":"<p>El gremio que representa los trabajadores del sector salud que prestan sus servicios a la ESE Carmen Emilia Ospina, ASISTIR, se defiende de los se\u00f1alamientos que algunos m\u00e9dicos manifestaron en su contra el pasado mi\u00e9rcoles 7 de mayo, cuando por cuatro horas, dejaron de atender en el servicio de urgencias de las sedes de Canaima y el CAIMI.<\/p>\n<p>De acuerdo a las denuncias hechas en algunos medios de comunicaci\u00f3n, la agremiaci\u00f3n no estaba haciendo el pago oportuno de los honorarios, raz\u00f3n por la cual se vieron obligados a suspender actividades para generar presi\u00f3n. No obstante, a trav\u00e9s de un comunicado, AISITIR, el sindicato de gremio que representa a los trabajadores del sector salud que labora en la ESE Carmen Emilia Ospina, desvirtu\u00f3 estas afirmaciones, se\u00f1alando que nunca ha habido demora en los pagos. \u201cAl respecto es importante precisar que la mora en el pago obedeci\u00f3 a que el d\u00eda primero fue inh\u00e1bil por ser festivo, sumado a los d\u00edas 4 y el 5 tambi\u00e9n inh\u00e1biles 8s\u00e1bado y domingo), por tal raz\u00f3n la n\u00f3mina se cancel\u00f3 hasta el 7 de mayo, cuarto d\u00eda h\u00e1bil del mes\u201d, se\u00f1al\u00f3 Rub\u00e9n Morales, presidente del sindicato.<\/p>\n<p><img loading=\"lazy\" decoding=\"async\" class=\"alignnone wp-image-72910\" src=\"https:\/\/luchonoticias.com\/wp-content\/uploads\/2024\/05\/WhatsApp-Image-2024-05-09-at-13.26.17-300x225.jpeg\" alt=\"\" width=\"700\" height=\"525\" srcset=\"https:\/\/luchonoticias.com\/editor\/wp-content\/uploads\/2024\/05\/WhatsApp-Image-2024-05-09-at-13.26.17-300x225.jpeg 300w, https:\/\/luchonoticias.com\/editor\/wp-content\/uploads\/2024\/05\/WhatsApp-Image-2024-05-09-at-13.26.17-1024x768.jpeg 1024w, https:\/\/luchonoticias.com\/editor\/wp-content\/uploads\/2024\/05\/WhatsApp-Image-2024-05-09-at-13.26.17-768x576.jpeg 768w, https:\/\/luchonoticias.com\/editor\/wp-content\/uploads\/2024\/05\/WhatsApp-Image-2024-05-09-at-13.26.17-1536x1152.jpeg 1536w, https:\/\/luchonoticias.com\/editor\/wp-content\/uploads\/2024\/05\/WhatsApp-Image-2024-05-09-at-13.26.17-90x68.jpeg 90w, https:\/\/luchonoticias.com\/editor\/wp-content\/uploads\/2024\/05\/WhatsApp-Image-2024-05-09-at-13.26.17.jpeg 1600w\" sizes=\"auto, (max-width: 700px) 100vw, 700px\" \/><\/p>\n<p>Agreg\u00f3 en el comunicado, que desde diciembre del a\u00f1o 2021, el personal que representa ASISTIR, presta los servicios a esta entidad, y en todos los 30 meses de servicio, nunca se hab\u00eda manifestado una situaci\u00f3n as\u00ed. Incluso se\u00f1alaron que la protesta realizada el pasado mi\u00e9rcoles, ten\u00eda m\u00e1s tinte pol\u00edtico que sindical, como quiera que quien la lider\u00f3, era Elcy Lorena Mu\u00f1oz, quien al parecer, es hija del ex alcalde de Neiva, Gorky Mu\u00f1oz. \u201cPor todo lo anteriormente expuesto, rechazamos de manera enf\u00e1tica las declaraciones p\u00fablicas difundidas por la m\u00e9dica Elcy Lorena Mu\u00f1oz, hija de un exalcalde de Neiva, quien a trav\u00e9s de la prensa radial, escrita y audiovisual, se\u00f1al\u00f3 que \u201cla situaci\u00f3n de la demora en los pagos no es nueva y que, por esa raz\u00f3n decidieron suspender actividades\u201d, sin considerar que, durante los 30 meses en los que hemos sostenido relaciones comerciales con la ESE Carmen Emilia Ospina, nunca hubo un llamado de atenci\u00f3n, una amonestaci\u00f3n o una suspensi\u00f3n de actividades; lo cual permite intuir que, el plant\u00f3n del d\u00eda 07 de mayo, pudo tener una presunta motivaci\u00f3n pol\u00edtica m\u00e1s que sindical\u201d.<\/p>\n<p><img loading=\"lazy\" decoding=\"async\" class=\"alignnone wp-image-72911\" src=\"https:\/\/luchonoticias.com\/wp-content\/uploads\/2024\/05\/WhatsApp-Image-2024-05-09-at-13.26.17-1-812x1024.jpeg\" alt=\"\" width=\"300\" height=\"378\" srcset=\"https:\/\/luchonoticias.com\/editor\/wp-content\/uploads\/2024\/05\/WhatsApp-Image-2024-05-09-at-13.26.17-1-812x1024.jpeg 812w, https:\/\/luchonoticias.com\/editor\/wp-content\/uploads\/2024\/05\/WhatsApp-Image-2024-05-09-at-13.26.17-1-238x300.jpeg 238w, https:\/\/luchonoticias.com\/editor\/wp-content\/uploads\/2024\/05\/WhatsApp-Image-2024-05-09-at-13.26.17-1-768x969.jpeg 768w, https:\/\/luchonoticias.com\/editor\/wp-content\/uploads\/2024\/05\/WhatsApp-Image-2024-05-09-at-13.26.17-1.jpeg 1170w\" sizes=\"auto, (max-width: 300px) 100vw, 300px\" \/><img loading=\"lazy\" decoding=\"async\" class=\"alignnone wp-image-72912\" src=\"https:\/\/luchonoticias.com\/wp-content\/uploads\/2024\/05\/WhatsApp-Image-2024-05-09-at-13.26.18-238x300.jpeg\" alt=\"\" width=\"300\" height=\"378\" srcset=\"https:\/\/luchonoticias.com\/editor\/wp-content\/uploads\/2024\/05\/WhatsApp-Image-2024-05-09-at-13.26.18-238x300.jpeg 238w, https:\/\/luchonoticias.com\/editor\/wp-content\/uploads\/2024\/05\/WhatsApp-Image-2024-05-09-at-13.26.18-814x1024.jpeg 814w, https:\/\/luchonoticias.com\/editor\/wp-content\/uploads\/2024\/05\/WhatsApp-Image-2024-05-09-at-13.26.18-768x966.jpeg 768w, https:\/\/luchonoticias.com\/editor\/wp-content\/uploads\/2024\/05\/WhatsApp-Image-2024-05-09-at-13.26.18.jpeg 1169w\" sizes=\"auto, (max-width: 300px) 100vw, 300px\" \/><\/p>\n<p>El presidente del sindicato de gremio agreg\u00f3 que en todo el tiempo que se ha prestado el servicio, la atenci\u00f3n por parte del personal ha sido adecuada y oportuna, \u201cen cumplimiento de lo ordenado por el Decreto 3615 de 2005, y nunca se ha generado un retraso atribuible a la agremiaci\u00f3n que, impida o trastorne la prestaci\u00f3n del servicio\u201d. Por esa raz\u00f3n, agreg\u00f3 que ASISTIR se convirti\u00f3 en una agremiaci\u00f3n referente, \u201cpara sus pares en el departamento, y para las empresas sociales del Estado e instituciones prestadoras de salud, que valoran nuestro compromiso de pagar puntualmente a los agremiados\u201d.<\/p>\n<p>Por su parte la ESE Carmen Emilia Ospina, a trav\u00e9s de un comunicado firmado por la gerente encargada Katherine Bonilla, dijo que la suspensi\u00f3n parcial del servicio de urgencias se gener\u00f3 entre las 10 a.m. y las 2 p.m., \u00fanicamente en las sedes de Canaima y el CAIMI.<\/p>\n","protected":false},"excerpt":{"rendered":"<p>El gremio que representa los trabajadores del sector salud que prestan sus servicios a la ESE Carmen Emilia Ospina, ASISTIR, se defiende de los se\u00f1alamientos que algunos m\u00e9dicos manifestaron en su contra el pasado mi\u00e9rcoles 7 de mayo, cuando por cuatro horas, dejaron de atender en el servicio de urgencias de las sedes de Canaima [&hellip;]<\/p>\n","protected":false},"author":2,"featured_media":72909,"comment_status":"closed","ping_status":"open","sticky":false,"template":"","format":"standard","meta":{"footnotes":""},"categories":[31],"tags":[],"class_list":["post-72908","post","type-post","status-publish","format-standard","has-post-thumbnail","hentry","category-local"],"yoast_head":"<!-- This site is optimized with the Yoast SEO plugin v26.6 - https:\/\/yoast.com\/wordpress\/plugins\/seo\/ -->\n<title>Hay intereses pol\u00edticos detr\u00e1s del plant\u00f3n de m\u00e9dicos de la ESE de Neiva, dice sindicato -<\/title>\n<meta name=\"robots\" content=\"index, follow, max-snippet:-1, max-image-preview:large, max-video-preview:-1\" \/>\n<link rel=\"canonical\" href=\"https:\/\/luchonoticias.com\/editor\/hay-intereses-politicos-detras-del-planton-de-medicos-de-la-ese-de-neiva-dice-sindicato\/\" \/>\n<meta property=\"og:locale\" content=\"es_ES\" \/>\n<meta property=\"og:type\" content=\"article\" \/>\n<meta property=\"og:title\" content=\"Hay intereses pol\u00edticos detr\u00e1s del plant\u00f3n de m\u00e9dicos de la ESE de Neiva, dice sindicato -\" \/>\n<meta property=\"og:url\" content=\"https:\/\/luchonoticias.com\/editor\/hay-intereses-politicos-detras-del-planton-de-medicos-de-la-ese-de-neiva-dice-sindicato\/\" \/>\n<meta property=\"article:publisher\" content=\"https:\/\/www.facebook.com\/luchonoticiasneiva\" \/>\n<meta property=\"article:published_time\" content=\"2024-05-09T18:50:19+00:00\" \/>\n<meta property=\"og:image\" content=\"https:\/\/luchonoticias.com\/editor\/wp-content\/uploads\/2024\/05\/sindicato.jpg\" \/>\n\t<meta property=\"og:image:width\" content=\"700\" \/>\n\t<meta property=\"og:image:height\" content=\"400\" \/>\n\t<meta property=\"og:image:type\" content=\"image\/jpeg\" \/>\n<meta name=\"author\" content=\"Editor General\" \/>\n<meta name=\"twitter:card\" content=\"summary_large_image\" \/>\n<meta name=\"twitter:label1\" content=\"Escrito por\" \/>\n\t<meta name=\"twitter:data1\" content=\"Editor General\" \/>\n\t<meta name=\"twitter:label2\" content=\"Tiempo de lectura\" \/>\n\t<meta name=\"twitter:data2\" content=\"3 minutos\" \/>\n<script type=\"application\/ld+json\" class=\"yoast-schema-graph\">{\"@context\":\"https:\/\/schema.org\",\"@graph\":[{\"@type\":\"Article\",\"@id\":\"https:\/\/luchonoticias.com\/editor\/hay-intereses-politicos-detras-del-planton-de-medicos-de-la-ese-de-neiva-dice-sindicato\/#article\",\"isPartOf\":{\"@id\":\"https:\/\/luchonoticias.com\/editor\/hay-intereses-politicos-detras-del-planton-de-medicos-de-la-ese-de-neiva-dice-sindicato\/\"},\"author\":{\"name\":\"Editor General\",\"@id\":\"https:\/\/luchonoticias.com\/editor\/#\/schema\/person\/29217990ddf6f14e35912b2866d591fb\"},\"headline\":\"Hay intereses pol\u00edticos detr\u00e1s del plant\u00f3n de m\u00e9dicos de la ESE de Neiva, dice sindicato\",\"datePublished\":\"2024-05-09T18:50:19+00:00\",\"mainEntityOfPage\":{\"@id\":\"https:\/\/luchonoticias.com\/editor\/hay-intereses-politicos-detras-del-planton-de-medicos-de-la-ese-de-neiva-dice-sindicato\/\"},\"wordCount\":584,\"publisher\":{\"@id\":\"https:\/\/luchonoticias.com\/editor\/#\/schema\/person\/7a7fd911f58561fd056dbac7b55af9cd\"},\"image\":{\"@id\":\"https:\/\/luchonoticias.com\/editor\/hay-intereses-politicos-detras-del-planton-de-medicos-de-la-ese-de-neiva-dice-sindicato\/#primaryimage\"},\"thumbnailUrl\":\"https:\/\/luchonoticias.com\/editor\/wp-content\/uploads\/2024\/05\/sindicato.jpg\",\"articleSection\":[\"Local\"],\"inLanguage\":\"es\"},{\"@type\":\"WebPage\",\"@id\":\"https:\/\/luchonoticias.com\/editor\/hay-intereses-politicos-detras-del-planton-de-medicos-de-la-ese-de-neiva-dice-sindicato\/\",\"url\":\"https:\/\/luchonoticias.com\/editor\/hay-intereses-politicos-detras-del-planton-de-medicos-de-la-ese-de-neiva-dice-sindicato\/\",\"name\":\"Hay intereses pol\u00edticos detr\u00e1s del plant\u00f3n de m\u00e9dicos de la ESE de Neiva, dice sindicato -\",\"isPartOf\":{\"@id\":\"https:\/\/luchonoticias.com\/editor\/#website\"},\"primaryImageOfPage\":{\"@id\":\"https:\/\/luchonoticias.com\/editor\/hay-intereses-politicos-detras-del-planton-de-medicos-de-la-ese-de-neiva-dice-sindicato\/#primaryimage\"},\"image\":{\"@id\":\"https:\/\/luchonoticias.com\/editor\/hay-intereses-politicos-detras-del-planton-de-medicos-de-la-ese-de-neiva-dice-sindicato\/#primaryimage\"},\"thumbnailUrl\":\"https:\/\/luchonoticias.com\/editor\/wp-content\/uploads\/2024\/05\/sindicato.jpg\",\"datePublished\":\"2024-05-09T18:50:19+00:00\",\"breadcrumb\":{\"@id\":\"https:\/\/luchonoticias.com\/editor\/hay-intereses-politicos-detras-del-planton-de-medicos-de-la-ese-de-neiva-dice-sindicato\/#breadcrumb\"},\"inLanguage\":\"es\",\"potentialAction\":[{\"@type\":\"ReadAction\",\"target\":[\"https:\/\/luchonoticias.com\/editor\/hay-intereses-politicos-detras-del-planton-de-medicos-de-la-ese-de-neiva-dice-sindicato\/\"]}]},{\"@type\":\"ImageObject\",\"inLanguage\":\"es\",\"@id\":\"https:\/\/luchonoticias.com\/editor\/hay-intereses-politicos-detras-del-planton-de-medicos-de-la-ese-de-neiva-dice-sindicato\/#primaryimage\",\"url\":\"https:\/\/luchonoticias.com\/editor\/wp-content\/uploads\/2024\/05\/sindicato.jpg\",\"contentUrl\":\"https:\/\/luchonoticias.com\/editor\/wp-content\/uploads\/2024\/05\/sindicato.jpg\",\"width\":700,\"height\":400},{\"@type\":\"BreadcrumbList\",\"@id\":\"https:\/\/luchonoticias.com\/editor\/hay-intereses-politicos-detras-del-planton-de-medicos-de-la-ese-de-neiva-dice-sindicato\/#breadcrumb\",\"itemListElement\":[{\"@type\":\"ListItem\",\"position\":1,\"name\":\"Portada\",\"item\":\"https:\/\/luchonoticias.com\/editor\/\"},{\"@type\":\"ListItem\",\"position\":2,\"name\":\"Hay intereses pol\u00edticos detr\u00e1s del plant\u00f3n de m\u00e9dicos de la ESE de Neiva, dice sindicato\"}]},{\"@type\":\"WebSite\",\"@id\":\"https:\/\/luchonoticias.com\/editor\/#website\",\"url\":\"https:\/\/luchonoticias.com\/editor\/\",\"name\":\"\",\"description\":\"\",\"publisher\":{\"@id\":\"https:\/\/luchonoticias.com\/editor\/#\/schema\/person\/7a7fd911f58561fd056dbac7b55af9cd\"},\"potentialAction\":[{\"@type\":\"SearchAction\",\"target\":{\"@type\":\"EntryPoint\",\"urlTemplate\":\"https:\/\/luchonoticias.com\/editor\/?s={search_term_string}\"},\"query-input\":{\"@type\":\"PropertyValueSpecification\",\"valueRequired\":true,\"valueName\":\"search_term_string\"}}],\"inLanguage\":\"es\"},{\"@type\":[\"Person\",\"Organization\"],\"@id\":\"https:\/\/luchonoticias.com\/editor\/#\/schema\/person\/7a7fd911f58561fd056dbac7b55af9cd\",\"name\":\"admin\",\"image\":{\"@type\":\"ImageObject\",\"inLanguage\":\"es\",\"@id\":\"https:\/\/luchonoticias.com\/editor\/#\/schema\/person\/image\/\",\"url\":\"https:\/\/luchonoticias.com\/editor\/wp-content\/uploads\/2024\/02\/cropped-cropped-logolu.webp\",\"contentUrl\":\"https:\/\/luchonoticias.com\/editor\/wp-content\/uploads\/2024\/02\/cropped-cropped-logolu.webp\",\"width\":382,\"height\":170,\"caption\":\"admin\"},\"logo\":{\"@id\":\"https:\/\/luchonoticias.com\/editor\/#\/schema\/person\/image\/\"},\"sameAs\":[\"https:\/\/www.facebook.com\/luchonoticiasneiva\"]},{\"@type\":\"Person\",\"@id\":\"https:\/\/luchonoticias.com\/editor\/#\/schema\/person\/29217990ddf6f14e35912b2866d591fb\",\"name\":\"Editor General\",\"image\":{\"@type\":\"ImageObject\",\"inLanguage\":\"es\",\"@id\":\"https:\/\/luchonoticias.com\/editor\/#\/schema\/person\/image\/\",\"url\":\"https:\/\/luchonoticias.com\/editor\/wp-content\/uploads\/2024\/02\/cropped-cropped-logolu-150x150.webp\",\"contentUrl\":\"https:\/\/luchonoticias.com\/editor\/wp-content\/uploads\/2024\/02\/cropped-cropped-logolu-150x150.webp\",\"caption\":\"Editor General\"},\"sameAs\":[\"https:\/\/luchonoticias.com\/\"],\"url\":\"https:\/\/luchonoticias.com\/editor\/author\/editor-general\/\"}]}<\/script>\n<!-- \/ Yoast SEO plugin. -->","yoast_head_json":{"title":"Hay intereses pol\u00edticos detr\u00e1s del plant\u00f3n de m\u00e9dicos de la ESE de Neiva, dice sindicato -","robots":{"index":"index","follow":"follow","max-snippet":"max-snippet:-1","max-image-preview":"max-image-preview:large","max-video-preview":"max-video-preview:-1"},"canonical":"https:\/\/luchonoticias.com\/editor\/hay-intereses-politicos-detras-del-planton-de-medicos-de-la-ese-de-neiva-dice-sindicato\/","og_locale":"es_ES","og_type":"article","og_title":"Hay intereses pol\u00edticos detr\u00e1s del plant\u00f3n de m\u00e9dicos de la ESE de Neiva, dice sindicato -","og_url":"https:\/\/luchonoticias.com\/editor\/hay-intereses-politicos-detras-del-planton-de-medicos-de-la-ese-de-neiva-dice-sindicato\/","article_publisher":"https:\/\/www.facebook.com\/luchonoticiasneiva","article_published_time":"2024-05-09T18:50:19+00:00","og_image":[{"width":700,"height":400,"url":"https:\/\/luchonoticias.com\/editor\/wp-content\/uploads\/2024\/05\/sindicato.jpg","type":"image\/jpeg"}],"author":"Editor General","twitter_card":"summary_large_image","twitter_misc":{"Escrito por":"Editor General","Tiempo de lectura":"3 minutos"},"schema":{"@context":"https:\/\/schema.org","@graph":[{"@type":"Article","@id":"https:\/\/luchonoticias.com\/editor\/hay-intereses-politicos-detras-del-planton-de-medicos-de-la-ese-de-neiva-dice-sindicato\/#article","isPartOf":{"@id":"https:\/\/luchonoticias.com\/editor\/hay-intereses-politicos-detras-del-planton-de-medicos-de-la-ese-de-neiva-dice-sindicato\/"},"author":{"name":"Editor General","@id":"https:\/\/luchonoticias.com\/editor\/#\/schema\/person\/29217990ddf6f14e35912b2866d591fb"},"headline":"Hay intereses pol\u00edticos detr\u00e1s del plant\u00f3n de m\u00e9dicos de la ESE de Neiva, dice sindicato","datePublished":"2024-05-09T18:50:19+00:00","mainEntityOfPage":{"@id":"https:\/\/luchonoticias.com\/editor\/hay-intereses-politicos-detras-del-planton-de-medicos-de-la-ese-de-neiva-dice-sindicato\/"},"wordCount":584,"publisher":{"@id":"https:\/\/luchonoticias.com\/editor\/#\/schema\/person\/7a7fd911f58561fd056dbac7b55af9cd"},"image":{"@id":"https:\/\/luchonoticias.com\/editor\/hay-intereses-politicos-detras-del-planton-de-medicos-de-la-ese-de-neiva-dice-sindicato\/#primaryimage"},"thumbnailUrl":"https:\/\/luchonoticias.com\/editor\/wp-content\/uploads\/2024\/05\/sindicato.jpg","articleSection":["Local"],"inLanguage":"es"},{"@type":"WebPage","@id":"https:\/\/luchonoticias.com\/editor\/hay-intereses-politicos-detras-del-planton-de-medicos-de-la-ese-de-neiva-dice-sindicato\/","url":"https:\/\/luchonoticias.com\/editor\/hay-intereses-politicos-detras-del-planton-de-medicos-de-la-ese-de-neiva-dice-sindicato\/","name":"Hay intereses pol\u00edticos detr\u00e1s del plant\u00f3n de m\u00e9dicos de la ESE de Neiva, dice sindicato -","isPartOf":{"@id":"https:\/\/luchonoticias.com\/editor\/#website"},"primaryImageOfPage":{"@id":"https:\/\/luchonoticias.com\/editor\/hay-intereses-politicos-detras-del-planton-de-medicos-de-la-ese-de-neiva-dice-sindicato\/#primaryimage"},"image":{"@id":"https:\/\/luchonoticias.com\/editor\/hay-intereses-politicos-detras-del-planton-de-medicos-de-la-ese-de-neiva-dice-sindicato\/#primaryimage"},"thumbnailUrl":"https:\/\/luchonoticias.com\/editor\/wp-content\/uploads\/2024\/05\/sindicato.jpg","datePublished":"2024-05-09T18:50:19+00:00","breadcrumb":{"@id":"https:\/\/luchonoticias.com\/editor\/hay-intereses-politicos-detras-del-planton-de-medicos-de-la-ese-de-neiva-dice-sindicato\/#breadcrumb"},"inLanguage":"es","potentialAction":[{"@type":"ReadAction","target":["https:\/\/luchonoticias.com\/editor\/hay-intereses-politicos-detras-del-planton-de-medicos-de-la-ese-de-neiva-dice-sindicato\/"]}]},{"@type":"ImageObject","inLanguage":"es","@id":"https:\/\/luchonoticias.com\/editor\/hay-intereses-politicos-detras-del-planton-de-medicos-de-la-ese-de-neiva-dice-sindicato\/#primaryimage","url":"https:\/\/luchonoticias.com\/editor\/wp-content\/uploads\/2024\/05\/sindicato.jpg","contentUrl":"https:\/\/luchonoticias.com\/editor\/wp-content\/uploads\/2024\/05\/sindicato.jpg","width":700,"height":400},{"@type":"BreadcrumbList","@id":"https:\/\/luchonoticias.com\/editor\/hay-intereses-politicos-detras-del-planton-de-medicos-de-la-ese-de-neiva-dice-sindicato\/#breadcrumb","itemListElement":[{"@type":"ListItem","position":1,"name":"Portada","item":"https:\/\/luchonoticias.com\/editor\/"},{"@type":"ListItem","position":2,"name":"Hay intereses pol\u00edticos detr\u00e1s del plant\u00f3n de m\u00e9dicos de la ESE de Neiva, dice sindicato"}]},{"@type":"WebSite","@id":"https:\/\/luchonoticias.com\/editor\/#website","url":"https:\/\/luchonoticias.com\/editor\/","name":"","description":"","publisher":{"@id":"https:\/\/luchonoticias.com\/editor\/#\/schema\/person\/7a7fd911f58561fd056dbac7b55af9cd"},"potentialAction":[{"@type":"SearchAction","target":{"@type":"EntryPoint","urlTemplate":"https:\/\/luchonoticias.com\/editor\/?s={search_term_string}"},"query-input":{"@type":"PropertyValueSpecification","valueRequired":true,"valueName":"search_term_string"}}],"inLanguage":"es"},{"@type":["Person","Organization"],"@id":"https:\/\/luchonoticias.com\/editor\/#\/schema\/person\/7a7fd911f58561fd056dbac7b55af9cd","name":"admin","image":{"@type":"ImageObject","inLanguage":"es","@id":"https:\/\/luchonoticias.com\/editor\/#\/schema\/person\/image\/","url":"https:\/\/luchonoticias.com\/editor\/wp-content\/uploads\/2024\/02\/cropped-cropped-logolu.webp","contentUrl":"https:\/\/luchonoticias.com\/editor\/wp-content\/uploads\/2024\/02\/cropped-cropped-logolu.webp","width":382,"height":170,"caption":"admin"},"logo":{"@id":"https:\/\/luchonoticias.com\/editor\/#\/schema\/person\/image\/"},"sameAs":["https:\/\/www.facebook.com\/luchonoticiasneiva"]},{"@type":"Person","@id":"https:\/\/luchonoticias.com\/editor\/#\/schema\/person\/29217990ddf6f14e35912b2866d591fb","name":"Editor General","image":{"@type":"ImageObject","inLanguage":"es","@id":"https:\/\/luchonoticias.com\/editor\/#\/schema\/person\/image\/","url":"https:\/\/luchonoticias.com\/editor\/wp-content\/uploads\/2024\/02\/cropped-cropped-logolu-150x150.webp","contentUrl":"https:\/\/luchonoticias.com\/editor\/wp-content\/uploads\/2024\/02\/cropped-cropped-logolu-150x150.webp","caption":"Editor General"},"sameAs":["https:\/\/luchonoticias.com\/"],"url":"https:\/\/luchonoticias.com\/editor\/author\/editor-general\/"}]}},"_links":{"self":[{"href":"https:\/\/luchonoticias.com\/editor\/wp-json\/wp\/v2\/posts\/72908","targetHints":{"allow":["GET"]}}],"collection":[{"href":"https:\/\/luchonoticias.com\/editor\/wp-json\/wp\/v2\/posts"}],"about":[{"href":"https:\/\/luchonoticias.com\/editor\/wp-json\/wp\/v2\/types\/post"}],"author":[{"embeddable":true,"href":"https:\/\/luchonoticias.com\/editor\/wp-json\/wp\/v2\/users\/2"}],"replies":[{"embeddable":true,"href":"https:\/\/luchonoticias.com\/editor\/wp-json\/wp\/v2\/comments?post=72908"}],"version-history":[{"count":0,"href":"https:\/\/luchonoticias.com\/editor\/wp-json\/wp\/v2\/posts\/72908\/revisions"}],"wp:featuredmedia":[{"embeddable":true,"href":"https:\/\/luchonoticias.com\/editor\/wp-json\/wp\/v2\/media\/72909"}],"wp:attachment":[{"href":"https:\/\/luchonoticias.com\/editor\/wp-json\/wp\/v2\/media?parent=72908"}],"wp:term":[{"taxonomy":"category","embeddable":true,"href":"https:\/\/luchonoticias.com\/editor\/wp-json\/wp\/v2\/categories?post=72908"},{"taxonomy":"post_tag","embeddable":true,"href":"https:\/\/luchonoticias.com\/editor\/wp-json\/wp\/v2\/tags?post=72908"}],"curies":[{"name":"wp","href":"https:\/\/api.w.org\/{rel}","templated":true}]}}