{"id":72923,"date":"2024-05-10T07:01:12","date_gmt":"2024-05-10T12:01:12","guid":{"rendered":"https:\/\/luchonoticias.com\/?p=72923"},"modified":"2024-05-10T07:01:12","modified_gmt":"2024-05-10T12:01:12","slug":"se-socializa-el-plan-de-desarrollo","status":"publish","type":"post","link":"https:\/\/luchonoticias.com\/editor\/se-socializa-el-plan-de-desarrollo\/","title":{"rendered":"Se socializa el Plan de Desarrollo"},"content":{"rendered":"<p>Diputados de la Comisi\u00f3n Segunda de la Asamblea Departamental, liderado por el asamble\u00edsta Sergio Trujillo, llevaron a cabo el foro, \u201cPlan de Desarrollo Huila Grande, Perspectivas y Proyectos\u201d, que abord\u00f3 el pilar 3 de la hoja de ruta, y que hace referencia a la \u2018Alianza para el Desarrollo Econ\u00f3mico y la Regionalizaci\u00f3n\u2019, y el pilar 5, que rese\u00f1a \u2018Por un Huila Rural m\u00e1s Productivo y Sostenible\u2019.<\/p>\n<p>Los funcionarios de la gobernaci\u00f3n que se encargaron de explicar los alcances de estos pilares del desarrollo Huila Grande, fueron Camilo Lozano, Director del Departamento Administrativo de Planeaci\u00f3n, Jhon Garay Suaza, funcionario de la Secretar\u00eda de Agricultura y Miner\u00eda del Huila, Ricardo Vera, Secretario Desarrollo Econ\u00f3mico Gobernaci\u00f3n del Huila, la Gerente de Infihuila, Adriana Marcela Valencia Cardona y el Secretario de V\u00edas e Infraestructura, Andr\u00e9s Camilo Cabrera Leiva.<\/p>\n<p>El director de Planeaci\u00f3n del Gobierno Departamental, se\u00f1al\u00f3 que este es el instrumento de planificaci\u00f3n m\u00e1s importante de los territorios. \u201cNos permite tener una visi\u00f3n, una ruta prospectiva de los pr\u00f3ximos 4 a\u00f1os, de cu\u00e1les son esas l\u00edneas estrat\u00e9gicas en t\u00e9rminos de pol\u00edticas p\u00fablicas que vamos a desarrollar y hacia donde vamos a dirigir la inversi\u00f3n del Departamento\u201d, explic\u00f3.<\/p>\n<p>Narr\u00f3 el proceso de elaboraci\u00f3n del Plan de Desarrollo Huila Grande, c\u00f3mo fue la fase de alistamiento de informaci\u00f3n a trav\u00e9s de insumos t\u00e9cnicos, la construcci\u00f3n participativa, de norte a sur y de oriente a occidente, con el fin de involucrar a todos los actores y a todos los huilenses que representan los distintos sectores. All\u00ed participaron m\u00e1s de 7.000 personas.<\/p>\n<p>Despu\u00e9s, hubo una revisi\u00f3n ante instancias locales como el Consejo Departamental de Planeaci\u00f3n y la CAM para posteriormente buscar la aprobaci\u00f3n en la Asamblea Departamental que es en el mes de mayo. El proyecto fue radicado ante la Duma el pasado 30 de abril y se har\u00e1n mesas de trabajo con los diputados para convertirlo en Ordenanza, con plazo establecido seg\u00fan normatividad, hasta el 31 de mayo.<\/p>\n<p><img loading=\"lazy\" decoding=\"async\" class=\"alignnone wp-image-72925\" src=\"https:\/\/luchonoticias.com\/wp-content\/uploads\/2024\/05\/IMG_8545-300x200.jpg\" alt=\"\" width=\"700\" height=\"466\" srcset=\"https:\/\/luchonoticias.com\/editor\/wp-content\/uploads\/2024\/05\/IMG_8545-300x200.jpg 300w, https:\/\/luchonoticias.com\/editor\/wp-content\/uploads\/2024\/05\/IMG_8545-1024x683.jpg 1024w, https:\/\/luchonoticias.com\/editor\/wp-content\/uploads\/2024\/05\/IMG_8545-768x512.jpg 768w, https:\/\/luchonoticias.com\/editor\/wp-content\/uploads\/2024\/05\/IMG_8545-1536x1024.jpg 1536w, https:\/\/luchonoticias.com\/editor\/wp-content\/uploads\/2024\/05\/IMG_8545-2048x1365.jpg 2048w, https:\/\/luchonoticias.com\/editor\/wp-content\/uploads\/2024\/05\/IMG_8545-331x219.jpg 331w\" sizes=\"auto, (max-width: 700px) 100vw, 700px\" \/><\/p>\n<p>\u201cSe recibieron cerca de 1.283 iniciativas de huilenses que fueron analizadas y sirvieron para construir nuestro Plan de Desarrollo Departamental. Se construy\u00f3 una visi\u00f3n de lo que queremos con nuestro Departamento: que sea l\u00edder regional, transparente, seguro, por eso uno de los primeros pilares reza, \u2018Alianza por la Seguridad y Buen Gobierno\u2019; un Departamento innovador, moderno, con m\u00e1s y mejores empleos, que proteja el medio ambiente, que no ri\u00f1a entre la sostenibilidad ambiental y la reindustrializaci\u00f3n, un Huila que dignifique el Campo\u201d, sostuvo el funcionario.<\/p>\n<p>Con respecto a las fuentes de financiaci\u00f3n del Plan Departamental de Desarrollo Huila Grande, que vale un poco m\u00e1s de $5.2 billones para los pr\u00f3ximos 4 a\u00f1os, destac\u00f3 que hay un tema de cofinanciaci\u00f3n para jalonar recursos con el Gobierno Nacional, ya que los ingresos del Departamento son escasos para todos los programas y proyectos.<\/p>\n<p><strong>Tres desaf\u00edos en el sector agropecuario<\/strong><\/p>\n<p>Por su parte, Jhon Garay Suaza, funcionario de la Secretar\u00eda de Agricultura y Miner\u00eda del Huila y Coordinador del Plan de Ordenamiento Productivo y Social de la Propiedad Rural del Departamento, habl\u00f3 de las perspectivas y proyecciones del sector rural plasmadas en el Plan de Desarrollo Huila Grande.<\/p>\n<p>&nbsp;<\/p>\n<p><img loading=\"lazy\" decoding=\"async\" class=\"alignnone wp-image-72926\" src=\"https:\/\/luchonoticias.com\/wp-content\/uploads\/2024\/05\/IMG_8542-300x201.jpg\" alt=\"\" width=\"700\" height=\"468\" srcset=\"https:\/\/luchonoticias.com\/editor\/wp-content\/uploads\/2024\/05\/IMG_8542-300x201.jpg 300w, https:\/\/luchonoticias.com\/editor\/wp-content\/uploads\/2024\/05\/IMG_8542-1024x685.jpg 1024w, https:\/\/luchonoticias.com\/editor\/wp-content\/uploads\/2024\/05\/IMG_8542-768x513.jpg 768w, https:\/\/luchonoticias.com\/editor\/wp-content\/uploads\/2024\/05\/IMG_8542-1536x1027.jpg 1536w, https:\/\/luchonoticias.com\/editor\/wp-content\/uploads\/2024\/05\/IMG_8542-2048x1369.jpg 2048w\" sizes=\"auto, (max-width: 700px) 100vw, 700px\" \/><\/p>\n<p>\u201cTres grandes desaf\u00edos en el sector rural agropecuario. Primero, apuntarle a todo el componente ambiental. El Huila hoy cuenta con un 43.5% de \u00edndice territorial de crecimiento verde. Est\u00e1 en t\u00e9rmino medio, inclin\u00e1ndose a bajo, y para ello, nuestro Plan de Desarrollo, en su pilar 4, se propone a crecer como m\u00ednimo al 45%. Aqu\u00ed vamos a poner grandes esfuerzos con la evoluci\u00f3n de la mesa t\u00e9cnica agroclim\u00e1tica, un ejercicio que viene liderando hace m\u00e1s de dos a\u00f1os la Secretar\u00eda de Agricultura, la Usco y el Ideam\u201d, manifest\u00f3.<\/p>\n<p>\u201cSegundo desaf\u00edo, es el ordenamiento productivo y social de la propiedad rural, que es un tema estructural. Cuando hablamos de producci\u00f3n toca hablar de c\u00f3mo debe ser el modelo de desarrollo productivo al 2039, para acoplarnos al POD, Plan de Ordenamiento del Departamento del Huila, un instrumento que despu\u00e9s del Plan de Desarrollo es el m\u00e1s importante y pronto pasar\u00e1 a estudio a la Asamblea. Aqu\u00ed viene todo el sistema productivo teniendo en cuenta la frontera agr\u00edcola que est\u00e1 normada bajo la Resoluci\u00f3n 261 del Ministerio de Agricultura y que delimita las \u00e1reas donde se puede hacer desarrollos productivos, y las \u00e1reas de exclusiones legales\u201d, a\u00f1adi\u00f3.<\/p>\n<p>Finalmente habl\u00f3 de un tercer desaf\u00edo, referente a la agroindustrializaci\u00f3n de la producci\u00f3n agropecuaria. \u201cLa que tenemos es muy peque\u00f1a. En el sector cafetero, la producci\u00f3n son aproximadamente 150.000 toneladas, de las cuales, 8.800, es decir el (6%), tiene un proceso agroindustrial. Pr\u00f3ximamente se van a entregar dos grandes proyectos, uno en el centro del Huila, que es con Coocentral y otro en la zona norte con Cadefihuila, que le apuntan a este desaf\u00edo.<\/p>\n<p>\u201cEstamos asesorando a los municipios para que, en sus planes de ordenamiento territorial, sean vinculados todos estos elementos de planificaci\u00f3n del suelo rural y agropecuario que lo que busca es la eficiencia del uso del suelo rural. D\u00f3nde producir y qu\u00e9 producir. Tenemos desarrollado 22 mapas para la actitud del uso del suelo en 22 alternativas productivas. Ya no vamos a producir intuitivamente. La funci\u00f3n del Estado es ofrecer las herramientas para que los gremios y productores hagan las cosas mejor\u201d, concluy\u00f3 Garay.<\/p>\n<p>&nbsp;<\/p>\n<p><img loading=\"lazy\" decoding=\"async\" class=\"alignnone wp-image-72927\" src=\"https:\/\/luchonoticias.com\/wp-content\/uploads\/2024\/05\/IMG_8548-300x157.jpg\" alt=\"\" width=\"700\" height=\"365\" srcset=\"https:\/\/luchonoticias.com\/editor\/wp-content\/uploads\/2024\/05\/IMG_8548-300x157.jpg 300w, https:\/\/luchonoticias.com\/editor\/wp-content\/uploads\/2024\/05\/IMG_8548-1024x534.jpg 1024w, https:\/\/luchonoticias.com\/editor\/wp-content\/uploads\/2024\/05\/IMG_8548-768x401.jpg 768w, https:\/\/luchonoticias.com\/editor\/wp-content\/uploads\/2024\/05\/IMG_8548-1536x801.jpg 1536w, https:\/\/luchonoticias.com\/editor\/wp-content\/uploads\/2024\/05\/IMG_8548-2048x1069.jpg 2048w\" sizes=\"auto, (max-width: 700px) 100vw, 700px\" \/><\/p>\n<p><strong>Apoyo a mipymes, energ\u00edas renovables y econom\u00eda popular<\/strong><\/p>\n<p>Entre tanto, la Gerente de Infihuila, Adriana Marcela Valencia Cardona, explic\u00f3 a su turno, que, si bien el instituto financiero fue creado para apoyar todos los planes de desarrollo de los distintos municipios y entidades descentralizadas o que tienen econom\u00eda mixta, tambi\u00e9n administra fondos de recursos p\u00fablicos destinados a l\u00edneas sensibles del desarrollo.<\/p>\n<p>\u201cEn este sentido trabajamos de la mano con la Secretar\u00eda de Desarrollo Econ\u00f3mico, de Agricultura, y con la Secretar\u00eda de la Mujer, administrando los recursos de unas l\u00edneas espec\u00edficas que la Asamblea ha aprobado mediante Ordenanza, la de Mujer, Adulto Mayor y comunidad Lgbtiq+, dando cumplimiento a la pol\u00edtica p\u00fablica de emprendimiento e innovaci\u00f3n\u201d, asever\u00f3.<\/p>\n<p>Habl\u00f3 de un foro en octubre, sobre turismo rural, para lo cual, en articulaci\u00f3n con la Secretar\u00eda de Desarrollo Econ\u00f3mico y Competitividad, estar\u00e1 haciendo lanzamiento de la pr\u00f3xima convocatoria que va a permitir al sector turismo participar de cr\u00e9ditos a tasa compensada.<\/p>\n<p>\u201cHace poco como vicepresidenta de junta de Asoinfis, tuvimos la grata noticia que el Banco Interamericano de Desarrollo se unir\u00e1 a trabajar con los institutos financieros para asignar recursos a proyectos que tengan que ver con mipymes, energ\u00edas renovables y econom\u00eda popular. Ah\u00ed tenemos un gran trabajo para fortalecer todo el emprendimiento y la innovaci\u00f3n en el Huila\u201d, expres\u00f3.<\/p>\n<p>Apoyo a distintos tipos de emprendimiento<\/p>\n<p>Por su parte, Ricardo Vera, Secretario Desarrollo Econ\u00f3mico de la Gobernaci\u00f3n del Huila, afirm\u00f3 que el gobierno departamental tiene dos programas establecidos, uno enfocado en la competitividad para el desarrollo econ\u00f3mico y otro enfocado en el turismo como eje del desarrollo.<\/p>\n<p>Asegur\u00f3 que se han registrado tres marcas: Huila un para\u00edso por descubrir, Origen Huila y Tiendas de Promisi\u00f3n, lo que revela un esfuerzo desde hace varios a\u00f1os en otras administraciones por proyectar al territorio como semillero de diversas iniciativas de emprendimiento.<\/p>\n<p>\u201cVamos a desarrollar los pilares de la pol\u00edtica p\u00fablica de Emprendimiento e Innovaci\u00f3n del Huila: la creaci\u00f3n de un entorno favorable a trav\u00e9s de la inteligencia de mercados para nuestros emprendedores, empresarios y desarrollo de la innovaci\u00f3n. La formaci\u00f3n empresarial; la creaci\u00f3n de instrumentos financieros a la medida para nuestros empresarios y emprendedores, el fortalecimiento empresarial a trav\u00e9s del acompa\u00f1amiento y la asociatividad. La gesti\u00f3n de la tecnolog\u00eda y la innovaci\u00f3n para lograr una transformaci\u00f3n digital, y finalmente, el entorno institucional a trav\u00e9s de la competitividad y la internacionalizaci\u00f3n\u201d, manifest\u00f3.<\/p>\n<p>\u201cEl emprendimiento tiene varias fases, la pre incubaci\u00f3n, la incubaci\u00f3n, la puesta en marcha, la aceleraci\u00f3n y el fortalecimiento. Vamos a trabajar primero en las oportunidades de los m\u00e1s necesitados. Y para eso necesitamos como bien lo ha direccionado el se\u00f1or gobernador Rodrigo Villalba Mosquera, la formaci\u00f3n para el trabajo de nuestras mujeres y j\u00f3venes, acompa\u00f1arlos en el desarrollo de modelos de negocio que sean viables en la implementaci\u00f3n en nuestro departamento\u201d, concret\u00f3.<\/p>\n<p>Emprendimiento del turismo, de las apuestas productivas, las comunidades energ\u00e9ticas y energ\u00edas alternativas, la econom\u00eda creativa, emprendimientos asociativos, recibir\u00e1n apoyo de Huila Grande que permita mejorar el \u00edndice de competitividad departamental, el \u00edndice de competitividad tur\u00edstico de las regiones entre otros indicadores econ\u00f3micos.<\/p>\n<p><strong>V\u00edas terciarias y gasificaci\u00f3n<\/strong><\/p>\n<p>Por su parte, Andr\u00e9s Camilo Cabrera Leiva, Secretario de V\u00edas e Infraestructura del Huila, dijo que el gobernador tiene dentro de sus preocupaciones principales, el tema vial en el territorio departamental que permite mejorar la econom\u00eda campesina y rural.<\/p>\n<p>\u201cEl gobierno departamental ha querido enfocarse mucho en el mejoramiento de las v\u00edas terciarias, que son las rurales, las de nuestros campesinos, y aqu\u00ed se est\u00e1n buscando los recursos nacionales para apoyar en la adquisici\u00f3n de maquinaria ya que tenemos 47 equipos para atender m\u00e1s de 10.000 kil\u00f3metros en los distintos municipios\u201d, manifest\u00f3.<\/p>\n<p>Habl\u00f3 de los 6 programas que estructuran su dependencia en el Plan de Desarrollo Departamental: infraestructura de la red vial primaria; infraestructura red vial regional; infraestructura de transporte a\u00e9reo; infraestructura de transporte f\u00e9rreo; acceso al servicio p\u00fablico domiciliaria de gas, y consolidaci\u00f3n productiva del sector de energ\u00eda el\u00e9ctrica.<\/p>\n<p>\u201cEl Huila desde el 2019 asumi\u00f3 v\u00edas de primer, segundo y tercer orden. En esa responsabilidad tenemos un producto que es v\u00eda primaria mejorada, que es una v\u00eda que se encuentra en afirmado y apta para una pavimentaci\u00f3n. Aqu\u00ed tenemos 120.56 km, de l\u00ednea base, y la meta a 2027 es llegar a 140.56 km, es decir 20 kil\u00f3metros\u201d, continu\u00f3 el funcionario.<\/p>\n<p>Sobre V\u00eda primaria rehabilitada, habl\u00f3 de una l\u00ednea base de 144.33 km y una meta a 2027 de 10 km, es decir, 154.33 km. Y de v\u00edas con obras complementarias de seguridad vial, donde la l\u00ednea base es de 45 km, para llegar a una meta de 75 km a 2027.<\/p>\n<p>Con respecto a gasificaci\u00f3n, asegur\u00f3 que se continua con la labor que iniciara el propio gobernador en su primera oportunidad como mandatario, donde fue pionero en estas inversiones. \u201cAqu\u00ed se ha querido plantear una meta de 20.000 nuevos usuarios para un total en el cuatrienio de cerca de 51.161 abonados al servicio de gas domiciliario\u201d, finaliz\u00f3.<\/p>\n","protected":false},"excerpt":{"rendered":"<p>Diputados de la Comisi\u00f3n Segunda de la Asamblea Departamental, liderado por el asamble\u00edsta Sergio Trujillo, llevaron a cabo el foro, \u201cPlan de Desarrollo Huila Grande, Perspectivas y Proyectos\u201d, que abord\u00f3 el pilar 3 de la hoja de ruta, y que hace referencia a la \u2018Alianza para el Desarrollo Econ\u00f3mico y la Regionalizaci\u00f3n\u2019, y el pilar [&hellip;]<\/p>\n","protected":false},"author":2,"featured_media":72924,"comment_status":"closed","ping_status":"open","sticky":false,"template":"","format":"standard","meta":{"footnotes":""},"categories":[33],"tags":[],"class_list":["post-72923","post","type-post","status-publish","format-standard","has-post-thumbnail","hentry","category-huila"],"yoast_head":"<!-- This site is optimized with the Yoast SEO plugin v26.6 - https:\/\/yoast.com\/wordpress\/plugins\/seo\/ -->\n<title>Se socializa el Plan de Desarrollo -<\/title>\n<meta name=\"robots\" content=\"index, follow, max-snippet:-1, max-image-preview:large, max-video-preview:-1\" \/>\n<link rel=\"canonical\" href=\"https:\/\/luchonoticias.com\/editor\/se-socializa-el-plan-de-desarrollo\/\" \/>\n<meta property=\"og:locale\" content=\"es_ES\" \/>\n<meta property=\"og:type\" content=\"article\" \/>\n<meta property=\"og:title\" content=\"Se socializa el Plan de Desarrollo -\" \/>\n<meta property=\"og:url\" content=\"https:\/\/luchonoticias.com\/editor\/se-socializa-el-plan-de-desarrollo\/\" \/>\n<meta property=\"article:publisher\" content=\"https:\/\/www.facebook.com\/luchonoticiasneiva\" \/>\n<meta property=\"article:published_time\" content=\"2024-05-10T12:01:12+00:00\" \/>\n<meta property=\"og:image\" content=\"https:\/\/luchonoticias.com\/editor\/wp-content\/uploads\/2024\/05\/IMG_8558-1024x608.jpg\" \/>\n\t<meta property=\"og:image:width\" content=\"1024\" \/>\n\t<meta property=\"og:image:height\" content=\"608\" \/>\n\t<meta property=\"og:image:type\" content=\"image\/jpeg\" \/>\n<meta name=\"author\" content=\"Editor General\" \/>\n<meta name=\"twitter:card\" content=\"summary_large_image\" \/>\n<meta name=\"twitter:label1\" content=\"Escrito por\" \/>\n\t<meta name=\"twitter:data1\" content=\"Editor General\" \/>\n\t<meta name=\"twitter:label2\" content=\"Tiempo de lectura\" \/>\n\t<meta name=\"twitter:data2\" content=\"9 minutos\" \/>\n<script type=\"application\/ld+json\" class=\"yoast-schema-graph\">{\"@context\":\"https:\/\/schema.org\",\"@graph\":[{\"@type\":\"Article\",\"@id\":\"https:\/\/luchonoticias.com\/editor\/se-socializa-el-plan-de-desarrollo\/#article\",\"isPartOf\":{\"@id\":\"https:\/\/luchonoticias.com\/editor\/se-socializa-el-plan-de-desarrollo\/\"},\"author\":{\"name\":\"Editor General\",\"@id\":\"https:\/\/luchonoticias.com\/editor\/#\/schema\/person\/29217990ddf6f14e35912b2866d591fb\"},\"headline\":\"Se socializa el Plan de Desarrollo\",\"datePublished\":\"2024-05-10T12:01:12+00:00\",\"mainEntityOfPage\":{\"@id\":\"https:\/\/luchonoticias.com\/editor\/se-socializa-el-plan-de-desarrollo\/\"},\"wordCount\":1830,\"publisher\":{\"@id\":\"https:\/\/luchonoticias.com\/editor\/#\/schema\/person\/7a7fd911f58561fd056dbac7b55af9cd\"},\"image\":{\"@id\":\"https:\/\/luchonoticias.com\/editor\/se-socializa-el-plan-de-desarrollo\/#primaryimage\"},\"thumbnailUrl\":\"https:\/\/luchonoticias.com\/editor\/wp-content\/uploads\/2024\/05\/IMG_8558-scaled.jpg\",\"articleSection\":[\"Huila\"],\"inLanguage\":\"es\"},{\"@type\":\"WebPage\",\"@id\":\"https:\/\/luchonoticias.com\/editor\/se-socializa-el-plan-de-desarrollo\/\",\"url\":\"https:\/\/luchonoticias.com\/editor\/se-socializa-el-plan-de-desarrollo\/\",\"name\":\"Se socializa el Plan de Desarrollo -\",\"isPartOf\":{\"@id\":\"https:\/\/luchonoticias.com\/editor\/#website\"},\"primaryImageOfPage\":{\"@id\":\"https:\/\/luchonoticias.com\/editor\/se-socializa-el-plan-de-desarrollo\/#primaryimage\"},\"image\":{\"@id\":\"https:\/\/luchonoticias.com\/editor\/se-socializa-el-plan-de-desarrollo\/#primaryimage\"},\"thumbnailUrl\":\"https:\/\/luchonoticias.com\/editor\/wp-content\/uploads\/2024\/05\/IMG_8558-scaled.jpg\",\"datePublished\":\"2024-05-10T12:01:12+00:00\",\"breadcrumb\":{\"@id\":\"https:\/\/luchonoticias.com\/editor\/se-socializa-el-plan-de-desarrollo\/#breadcrumb\"},\"inLanguage\":\"es\",\"potentialAction\":[{\"@type\":\"ReadAction\",\"target\":[\"https:\/\/luchonoticias.com\/editor\/se-socializa-el-plan-de-desarrollo\/\"]}]},{\"@type\":\"ImageObject\",\"inLanguage\":\"es\",\"@id\":\"https:\/\/luchonoticias.com\/editor\/se-socializa-el-plan-de-desarrollo\/#primaryimage\",\"url\":\"https:\/\/luchonoticias.com\/editor\/wp-content\/uploads\/2024\/05\/IMG_8558-scaled.jpg\",\"contentUrl\":\"https:\/\/luchonoticias.com\/editor\/wp-content\/uploads\/2024\/05\/IMG_8558-scaled.jpg\",\"width\":2560,\"height\":1520},{\"@type\":\"BreadcrumbList\",\"@id\":\"https:\/\/luchonoticias.com\/editor\/se-socializa-el-plan-de-desarrollo\/#breadcrumb\",\"itemListElement\":[{\"@type\":\"ListItem\",\"position\":1,\"name\":\"Portada\",\"item\":\"https:\/\/luchonoticias.com\/editor\/\"},{\"@type\":\"ListItem\",\"position\":2,\"name\":\"Se socializa el Plan de Desarrollo\"}]},{\"@type\":\"WebSite\",\"@id\":\"https:\/\/luchonoticias.com\/editor\/#website\",\"url\":\"https:\/\/luchonoticias.com\/editor\/\",\"name\":\"\",\"description\":\"\",\"publisher\":{\"@id\":\"https:\/\/luchonoticias.com\/editor\/#\/schema\/person\/7a7fd911f58561fd056dbac7b55af9cd\"},\"potentialAction\":[{\"@type\":\"SearchAction\",\"target\":{\"@type\":\"EntryPoint\",\"urlTemplate\":\"https:\/\/luchonoticias.com\/editor\/?s={search_term_string}\"},\"query-input\":{\"@type\":\"PropertyValueSpecification\",\"valueRequired\":true,\"valueName\":\"search_term_string\"}}],\"inLanguage\":\"es\"},{\"@type\":[\"Person\",\"Organization\"],\"@id\":\"https:\/\/luchonoticias.com\/editor\/#\/schema\/person\/7a7fd911f58561fd056dbac7b55af9cd\",\"name\":\"admin\",\"image\":{\"@type\":\"ImageObject\",\"inLanguage\":\"es\",\"@id\":\"https:\/\/luchonoticias.com\/editor\/#\/schema\/person\/image\/\",\"url\":\"https:\/\/luchonoticias.com\/editor\/wp-content\/uploads\/2024\/02\/cropped-cropped-logolu.webp\",\"contentUrl\":\"https:\/\/luchonoticias.com\/editor\/wp-content\/uploads\/2024\/02\/cropped-cropped-logolu.webp\",\"width\":382,\"height\":170,\"caption\":\"admin\"},\"logo\":{\"@id\":\"https:\/\/luchonoticias.com\/editor\/#\/schema\/person\/image\/\"},\"sameAs\":[\"https:\/\/www.facebook.com\/luchonoticiasneiva\"]},{\"@type\":\"Person\",\"@id\":\"https:\/\/luchonoticias.com\/editor\/#\/schema\/person\/29217990ddf6f14e35912b2866d591fb\",\"name\":\"Editor General\",\"image\":{\"@type\":\"ImageObject\",\"inLanguage\":\"es\",\"@id\":\"https:\/\/luchonoticias.com\/editor\/#\/schema\/person\/image\/\",\"url\":\"https:\/\/luchonoticias.com\/editor\/wp-content\/uploads\/2024\/02\/cropped-cropped-logolu-150x150.webp\",\"contentUrl\":\"https:\/\/luchonoticias.com\/editor\/wp-content\/uploads\/2024\/02\/cropped-cropped-logolu-150x150.webp\",\"caption\":\"Editor General\"},\"sameAs\":[\"https:\/\/luchonoticias.com\/\"],\"url\":\"https:\/\/luchonoticias.com\/editor\/author\/editor-general\/\"}]}<\/script>\n<!-- \/ Yoast SEO plugin. -->","yoast_head_json":{"title":"Se socializa el Plan de Desarrollo -","robots":{"index":"index","follow":"follow","max-snippet":"max-snippet:-1","max-image-preview":"max-image-preview:large","max-video-preview":"max-video-preview:-1"},"canonical":"https:\/\/luchonoticias.com\/editor\/se-socializa-el-plan-de-desarrollo\/","og_locale":"es_ES","og_type":"article","og_title":"Se socializa el Plan de Desarrollo -","og_url":"https:\/\/luchonoticias.com\/editor\/se-socializa-el-plan-de-desarrollo\/","article_publisher":"https:\/\/www.facebook.com\/luchonoticiasneiva","article_published_time":"2024-05-10T12:01:12+00:00","og_image":[{"width":1024,"height":608,"url":"https:\/\/luchonoticias.com\/editor\/wp-content\/uploads\/2024\/05\/IMG_8558-1024x608.jpg","type":"image\/jpeg"}],"author":"Editor General","twitter_card":"summary_large_image","twitter_misc":{"Escrito por":"Editor General","Tiempo de lectura":"9 minutos"},"schema":{"@context":"https:\/\/schema.org","@graph":[{"@type":"Article","@id":"https:\/\/luchonoticias.com\/editor\/se-socializa-el-plan-de-desarrollo\/#article","isPartOf":{"@id":"https:\/\/luchonoticias.com\/editor\/se-socializa-el-plan-de-desarrollo\/"},"author":{"name":"Editor General","@id":"https:\/\/luchonoticias.com\/editor\/#\/schema\/person\/29217990ddf6f14e35912b2866d591fb"},"headline":"Se socializa el Plan de Desarrollo","datePublished":"2024-05-10T12:01:12+00:00","mainEntityOfPage":{"@id":"https:\/\/luchonoticias.com\/editor\/se-socializa-el-plan-de-desarrollo\/"},"wordCount":1830,"publisher":{"@id":"https:\/\/luchonoticias.com\/editor\/#\/schema\/person\/7a7fd911f58561fd056dbac7b55af9cd"},"image":{"@id":"https:\/\/luchonoticias.com\/editor\/se-socializa-el-plan-de-desarrollo\/#primaryimage"},"thumbnailUrl":"https:\/\/luchonoticias.com\/editor\/wp-content\/uploads\/2024\/05\/IMG_8558-scaled.jpg","articleSection":["Huila"],"inLanguage":"es"},{"@type":"WebPage","@id":"https:\/\/luchonoticias.com\/editor\/se-socializa-el-plan-de-desarrollo\/","url":"https:\/\/luchonoticias.com\/editor\/se-socializa-el-plan-de-desarrollo\/","name":"Se socializa el Plan de Desarrollo -","isPartOf":{"@id":"https:\/\/luchonoticias.com\/editor\/#website"},"primaryImageOfPage":{"@id":"https:\/\/luchonoticias.com\/editor\/se-socializa-el-plan-de-desarrollo\/#primaryimage"},"image":{"@id":"https:\/\/luchonoticias.com\/editor\/se-socializa-el-plan-de-desarrollo\/#primaryimage"},"thumbnailUrl":"https:\/\/luchonoticias.com\/editor\/wp-content\/uploads\/2024\/05\/IMG_8558-scaled.jpg","datePublished":"2024-05-10T12:01:12+00:00","breadcrumb":{"@id":"https:\/\/luchonoticias.com\/editor\/se-socializa-el-plan-de-desarrollo\/#breadcrumb"},"inLanguage":"es","potentialAction":[{"@type":"ReadAction","target":["https:\/\/luchonoticias.com\/editor\/se-socializa-el-plan-de-desarrollo\/"]}]},{"@type":"ImageObject","inLanguage":"es","@id":"https:\/\/luchonoticias.com\/editor\/se-socializa-el-plan-de-desarrollo\/#primaryimage","url":"https:\/\/luchonoticias.com\/editor\/wp-content\/uploads\/2024\/05\/IMG_8558-scaled.jpg","contentUrl":"https:\/\/luchonoticias.com\/editor\/wp-content\/uploads\/2024\/05\/IMG_8558-scaled.jpg","width":2560,"height":1520},{"@type":"BreadcrumbList","@id":"https:\/\/luchonoticias.com\/editor\/se-socializa-el-plan-de-desarrollo\/#breadcrumb","itemListElement":[{"@type":"ListItem","position":1,"name":"Portada","item":"https:\/\/luchonoticias.com\/editor\/"},{"@type":"ListItem","position":2,"name":"Se socializa el Plan de Desarrollo"}]},{"@type":"WebSite","@id":"https:\/\/luchonoticias.com\/editor\/#website","url":"https:\/\/luchonoticias.com\/editor\/","name":"","description":"","publisher":{"@id":"https:\/\/luchonoticias.com\/editor\/#\/schema\/person\/7a7fd911f58561fd056dbac7b55af9cd"},"potentialAction":[{"@type":"SearchAction","target":{"@type":"EntryPoint","urlTemplate":"https:\/\/luchonoticias.com\/editor\/?s={search_term_string}"},"query-input":{"@type":"PropertyValueSpecification","valueRequired":true,"valueName":"search_term_string"}}],"inLanguage":"es"},{"@type":["Person","Organization"],"@id":"https:\/\/luchonoticias.com\/editor\/#\/schema\/person\/7a7fd911f58561fd056dbac7b55af9cd","name":"admin","image":{"@type":"ImageObject","inLanguage":"es","@id":"https:\/\/luchonoticias.com\/editor\/#\/schema\/person\/image\/","url":"https:\/\/luchonoticias.com\/editor\/wp-content\/uploads\/2024\/02\/cropped-cropped-logolu.webp","contentUrl":"https:\/\/luchonoticias.com\/editor\/wp-content\/uploads\/2024\/02\/cropped-cropped-logolu.webp","width":382,"height":170,"caption":"admin"},"logo":{"@id":"https:\/\/luchonoticias.com\/editor\/#\/schema\/person\/image\/"},"sameAs":["https:\/\/www.facebook.com\/luchonoticiasneiva"]},{"@type":"Person","@id":"https:\/\/luchonoticias.com\/editor\/#\/schema\/person\/29217990ddf6f14e35912b2866d591fb","name":"Editor General","image":{"@type":"ImageObject","inLanguage":"es","@id":"https:\/\/luchonoticias.com\/editor\/#\/schema\/person\/image\/","url":"https:\/\/luchonoticias.com\/editor\/wp-content\/uploads\/2024\/02\/cropped-cropped-logolu-150x150.webp","contentUrl":"https:\/\/luchonoticias.com\/editor\/wp-content\/uploads\/2024\/02\/cropped-cropped-logolu-150x150.webp","caption":"Editor General"},"sameAs":["https:\/\/luchonoticias.com\/"],"url":"https:\/\/luchonoticias.com\/editor\/author\/editor-general\/"}]}},"_links":{"self":[{"href":"https:\/\/luchonoticias.com\/editor\/wp-json\/wp\/v2\/posts\/72923","targetHints":{"allow":["GET"]}}],"collection":[{"href":"https:\/\/luchonoticias.com\/editor\/wp-json\/wp\/v2\/posts"}],"about":[{"href":"https:\/\/luchonoticias.com\/editor\/wp-json\/wp\/v2\/types\/post"}],"author":[{"embeddable":true,"href":"https:\/\/luchonoticias.com\/editor\/wp-json\/wp\/v2\/users\/2"}],"replies":[{"embeddable":true,"href":"https:\/\/luchonoticias.com\/editor\/wp-json\/wp\/v2\/comments?post=72923"}],"version-history":[{"count":0,"href":"https:\/\/luchonoticias.com\/editor\/wp-json\/wp\/v2\/posts\/72923\/revisions"}],"wp:featuredmedia":[{"embeddable":true,"href":"https:\/\/luchonoticias.com\/editor\/wp-json\/wp\/v2\/media\/72924"}],"wp:attachment":[{"href":"https:\/\/luchonoticias.com\/editor\/wp-json\/wp\/v2\/media?parent=72923"}],"wp:term":[{"taxonomy":"category","embeddable":true,"href":"https:\/\/luchonoticias.com\/editor\/wp-json\/wp\/v2\/categories?post=72923"},{"taxonomy":"post_tag","embeddable":true,"href":"https:\/\/luchonoticias.com\/editor\/wp-json\/wp\/v2\/tags?post=72923"}],"curies":[{"name":"wp","href":"https:\/\/api.w.org\/{rel}","templated":true}]}}