{"id":72930,"date":"2024-05-10T07:04:33","date_gmt":"2024-05-10T12:04:33","guid":{"rendered":"https:\/\/luchonoticias.com\/?p=72930"},"modified":"2024-05-10T07:04:33","modified_gmt":"2024-05-10T12:04:33","slug":"presidente-pide-auditoria-para-los-giros-a-clinicas-y-hospitales","status":"publish","type":"post","link":"https:\/\/luchonoticias.com\/editor\/presidente-pide-auditoria-para-los-giros-a-clinicas-y-hospitales\/","title":{"rendered":"Presidente pide auditor\u00eda para los giros a cl\u00ednicas y hospitales"},"content":{"rendered":"<div>Una vigilancia especial a los giros directos que haga la ADRES (Administradora de Recursos del Sistema General de Seguridad Social en Salud) a cl\u00ednicas y hospitales dentro del nuevo modelo de salud que impulsa el Gobierno del Cambio, pidi\u00f3 el presidente Gustavo Petro.<\/div>\n<div><\/div>\n<div>Durante su intervenci\u00f3n en el Gobierno con los Barrios Populares que se desarroll\u00f3 en Manizales, Caldas, el mandatario reiter\u00f3 que los giros directos \u201ccorrigen\u201d el problema que se ha venido presentando con las actuales EPS, que no les pagan a tiempo a cl\u00ednicas y hospitales por los servicios prestados al usuario, a menos que sean entidades de su propiedad.<\/div>\n<div><\/div>\n<div>\u201cEl giro directo lo hace ADRES, ya no pasa por la EPS o a la cl\u00ednica de la EPS, sino que va directo a donde facturaron. Se supone que, en teor\u00eda, es una soluci\u00f3n, no solamente porque ya desde el Gobierno de (Juan Manuel) Santos ven\u00eda implement\u00e1ndose en el r\u00e9gimen subsidiado, sino porque nosotros queremos ampliarlo con las EPS intervenidas por el Gobierno, entre ellas la m\u00e1s grande EPS de Colombia, que es la Nueva EPS. Entonces, giro directo aun en el r\u00e9gimen contributivo, pero si la ADRES no gira a tiempo, tambi\u00e9n quiebra el hospital\u201d, asegur\u00f3 el jefe de Estado.<\/div>\n<div><\/div>\n<div>Acept\u00f3 que, en ese aspecto, hay una cr\u00edtica de la oposici\u00f3n que puede ser v\u00e1lida: \u201cSi la ADRES se demora en girar, pues se hace lo mismo que la EPS que quiebra el hospital p\u00fablico o privado. As\u00ed que yo quiero una vigilancia especial sobre los giros directos, las auditor\u00edas, y que el sistema se haga pr\u00e1cticamente en l\u00ednea\u201d, insisti\u00f3.<\/div>\n","protected":false},"excerpt":{"rendered":"<p>Una vigilancia especial a los giros directos que haga la ADRES (Administradora de Recursos del Sistema General de Seguridad Social en Salud) a cl\u00ednicas y hospitales dentro del nuevo modelo de salud que impulsa el Gobierno del Cambio, pidi\u00f3 el presidente Gustavo Petro. Durante su intervenci\u00f3n en el Gobierno con los Barrios Populares que se [&hellip;]<\/p>\n","protected":false},"author":2,"featured_media":72931,"comment_status":"closed","ping_status":"open","sticky":false,"template":"","format":"standard","meta":{"footnotes":""},"categories":[28],"tags":[],"class_list":["post-72930","post","type-post","status-publish","format-standard","has-post-thumbnail","hentry","category-actualidad"],"yoast_head":"<!-- This site is optimized with the Yoast SEO plugin v26.6 - https:\/\/yoast.com\/wordpress\/plugins\/seo\/ -->\n<title>Presidente pide auditor\u00eda para los giros a cl\u00ednicas y hospitales -<\/title>\n<meta name=\"robots\" content=\"index, follow, max-snippet:-1, max-image-preview:large, max-video-preview:-1\" \/>\n<link rel=\"canonical\" href=\"https:\/\/luchonoticias.com\/editor\/presidente-pide-auditoria-para-los-giros-a-clinicas-y-hospitales\/\" \/>\n<meta property=\"og:locale\" content=\"es_ES\" \/>\n<meta property=\"og:type\" content=\"article\" \/>\n<meta property=\"og:title\" content=\"Presidente pide auditor\u00eda para los giros a cl\u00ednicas y hospitales -\" \/>\n<meta property=\"og:url\" content=\"https:\/\/luchonoticias.com\/editor\/presidente-pide-auditoria-para-los-giros-a-clinicas-y-hospitales\/\" \/>\n<meta property=\"article:publisher\" content=\"https:\/\/www.facebook.com\/luchonoticiasneiva\" \/>\n<meta property=\"article:published_time\" content=\"2024-05-10T12:04:33+00:00\" \/>\n<meta property=\"og:image\" content=\"https:\/\/luchonoticias.com\/editor\/wp-content\/uploads\/2024\/05\/petro-3.jpg\" \/>\n\t<meta property=\"og:image:width\" content=\"700\" \/>\n\t<meta property=\"og:image:height\" content=\"400\" \/>\n\t<meta property=\"og:image:type\" content=\"image\/jpeg\" \/>\n<meta name=\"author\" content=\"Editor General\" \/>\n<meta name=\"twitter:card\" content=\"summary_large_image\" \/>\n<meta name=\"twitter:label1\" content=\"Escrito por\" \/>\n\t<meta name=\"twitter:data1\" content=\"Editor General\" \/>\n\t<meta name=\"twitter:label2\" content=\"Tiempo de lectura\" \/>\n\t<meta name=\"twitter:data2\" content=\"1 minuto\" \/>\n<script type=\"application\/ld+json\" class=\"yoast-schema-graph\">{\"@context\":\"https:\/\/schema.org\",\"@graph\":[{\"@type\":\"Article\",\"@id\":\"https:\/\/luchonoticias.com\/editor\/presidente-pide-auditoria-para-los-giros-a-clinicas-y-hospitales\/#article\",\"isPartOf\":{\"@id\":\"https:\/\/luchonoticias.com\/editor\/presidente-pide-auditoria-para-los-giros-a-clinicas-y-hospitales\/\"},\"author\":{\"name\":\"Editor General\",\"@id\":\"https:\/\/luchonoticias.com\/editor\/#\/schema\/person\/29217990ddf6f14e35912b2866d591fb\"},\"headline\":\"Presidente pide auditor\u00eda para los giros a cl\u00ednicas y hospitales\",\"datePublished\":\"2024-05-10T12:04:33+00:00\",\"mainEntityOfPage\":{\"@id\":\"https:\/\/luchonoticias.com\/editor\/presidente-pide-auditoria-para-los-giros-a-clinicas-y-hospitales\/\"},\"wordCount\":294,\"publisher\":{\"@id\":\"https:\/\/luchonoticias.com\/editor\/#\/schema\/person\/7a7fd911f58561fd056dbac7b55af9cd\"},\"image\":{\"@id\":\"https:\/\/luchonoticias.com\/editor\/presidente-pide-auditoria-para-los-giros-a-clinicas-y-hospitales\/#primaryimage\"},\"thumbnailUrl\":\"https:\/\/luchonoticias.com\/editor\/wp-content\/uploads\/2024\/05\/petro-3.jpg\",\"articleSection\":[\"Actualidad\"],\"inLanguage\":\"es\"},{\"@type\":\"WebPage\",\"@id\":\"https:\/\/luchonoticias.com\/editor\/presidente-pide-auditoria-para-los-giros-a-clinicas-y-hospitales\/\",\"url\":\"https:\/\/luchonoticias.com\/editor\/presidente-pide-auditoria-para-los-giros-a-clinicas-y-hospitales\/\",\"name\":\"Presidente pide auditor\u00eda para los giros a cl\u00ednicas y hospitales -\",\"isPartOf\":{\"@id\":\"https:\/\/luchonoticias.com\/editor\/#website\"},\"primaryImageOfPage\":{\"@id\":\"https:\/\/luchonoticias.com\/editor\/presidente-pide-auditoria-para-los-giros-a-clinicas-y-hospitales\/#primaryimage\"},\"image\":{\"@id\":\"https:\/\/luchonoticias.com\/editor\/presidente-pide-auditoria-para-los-giros-a-clinicas-y-hospitales\/#primaryimage\"},\"thumbnailUrl\":\"https:\/\/luchonoticias.com\/editor\/wp-content\/uploads\/2024\/05\/petro-3.jpg\",\"datePublished\":\"2024-05-10T12:04:33+00:00\",\"breadcrumb\":{\"@id\":\"https:\/\/luchonoticias.com\/editor\/presidente-pide-auditoria-para-los-giros-a-clinicas-y-hospitales\/#breadcrumb\"},\"inLanguage\":\"es\",\"potentialAction\":[{\"@type\":\"ReadAction\",\"target\":[\"https:\/\/luchonoticias.com\/editor\/presidente-pide-auditoria-para-los-giros-a-clinicas-y-hospitales\/\"]}]},{\"@type\":\"ImageObject\",\"inLanguage\":\"es\",\"@id\":\"https:\/\/luchonoticias.com\/editor\/presidente-pide-auditoria-para-los-giros-a-clinicas-y-hospitales\/#primaryimage\",\"url\":\"https:\/\/luchonoticias.com\/editor\/wp-content\/uploads\/2024\/05\/petro-3.jpg\",\"contentUrl\":\"https:\/\/luchonoticias.com\/editor\/wp-content\/uploads\/2024\/05\/petro-3.jpg\",\"width\":700,\"height\":400},{\"@type\":\"BreadcrumbList\",\"@id\":\"https:\/\/luchonoticias.com\/editor\/presidente-pide-auditoria-para-los-giros-a-clinicas-y-hospitales\/#breadcrumb\",\"itemListElement\":[{\"@type\":\"ListItem\",\"position\":1,\"name\":\"Portada\",\"item\":\"https:\/\/luchonoticias.com\/editor\/\"},{\"@type\":\"ListItem\",\"position\":2,\"name\":\"Presidente pide auditor\u00eda para los giros a cl\u00ednicas y hospitales\"}]},{\"@type\":\"WebSite\",\"@id\":\"https:\/\/luchonoticias.com\/editor\/#website\",\"url\":\"https:\/\/luchonoticias.com\/editor\/\",\"name\":\"\",\"description\":\"\",\"publisher\":{\"@id\":\"https:\/\/luchonoticias.com\/editor\/#\/schema\/person\/7a7fd911f58561fd056dbac7b55af9cd\"},\"potentialAction\":[{\"@type\":\"SearchAction\",\"target\":{\"@type\":\"EntryPoint\",\"urlTemplate\":\"https:\/\/luchonoticias.com\/editor\/?s={search_term_string}\"},\"query-input\":{\"@type\":\"PropertyValueSpecification\",\"valueRequired\":true,\"valueName\":\"search_term_string\"}}],\"inLanguage\":\"es\"},{\"@type\":[\"Person\",\"Organization\"],\"@id\":\"https:\/\/luchonoticias.com\/editor\/#\/schema\/person\/7a7fd911f58561fd056dbac7b55af9cd\",\"name\":\"admin\",\"image\":{\"@type\":\"ImageObject\",\"inLanguage\":\"es\",\"@id\":\"https:\/\/luchonoticias.com\/editor\/#\/schema\/person\/image\/\",\"url\":\"https:\/\/luchonoticias.com\/editor\/wp-content\/uploads\/2024\/02\/cropped-cropped-logolu.webp\",\"contentUrl\":\"https:\/\/luchonoticias.com\/editor\/wp-content\/uploads\/2024\/02\/cropped-cropped-logolu.webp\",\"width\":382,\"height\":170,\"caption\":\"admin\"},\"logo\":{\"@id\":\"https:\/\/luchonoticias.com\/editor\/#\/schema\/person\/image\/\"},\"sameAs\":[\"https:\/\/www.facebook.com\/luchonoticiasneiva\"]},{\"@type\":\"Person\",\"@id\":\"https:\/\/luchonoticias.com\/editor\/#\/schema\/person\/29217990ddf6f14e35912b2866d591fb\",\"name\":\"Editor General\",\"image\":{\"@type\":\"ImageObject\",\"inLanguage\":\"es\",\"@id\":\"https:\/\/luchonoticias.com\/editor\/#\/schema\/person\/image\/\",\"url\":\"https:\/\/luchonoticias.com\/editor\/wp-content\/uploads\/2024\/02\/cropped-cropped-logolu-150x150.webp\",\"contentUrl\":\"https:\/\/luchonoticias.com\/editor\/wp-content\/uploads\/2024\/02\/cropped-cropped-logolu-150x150.webp\",\"caption\":\"Editor General\"},\"sameAs\":[\"https:\/\/luchonoticias.com\/\"],\"url\":\"https:\/\/luchonoticias.com\/editor\/author\/editor-general\/\"}]}<\/script>\n<!-- \/ Yoast SEO plugin. -->","yoast_head_json":{"title":"Presidente pide auditor\u00eda para los giros a cl\u00ednicas y hospitales -","robots":{"index":"index","follow":"follow","max-snippet":"max-snippet:-1","max-image-preview":"max-image-preview:large","max-video-preview":"max-video-preview:-1"},"canonical":"https:\/\/luchonoticias.com\/editor\/presidente-pide-auditoria-para-los-giros-a-clinicas-y-hospitales\/","og_locale":"es_ES","og_type":"article","og_title":"Presidente pide auditor\u00eda para los giros a cl\u00ednicas y hospitales -","og_url":"https:\/\/luchonoticias.com\/editor\/presidente-pide-auditoria-para-los-giros-a-clinicas-y-hospitales\/","article_publisher":"https:\/\/www.facebook.com\/luchonoticiasneiva","article_published_time":"2024-05-10T12:04:33+00:00","og_image":[{"width":700,"height":400,"url":"https:\/\/luchonoticias.com\/editor\/wp-content\/uploads\/2024\/05\/petro-3.jpg","type":"image\/jpeg"}],"author":"Editor General","twitter_card":"summary_large_image","twitter_misc":{"Escrito por":"Editor General","Tiempo de lectura":"1 minuto"},"schema":{"@context":"https:\/\/schema.org","@graph":[{"@type":"Article","@id":"https:\/\/luchonoticias.com\/editor\/presidente-pide-auditoria-para-los-giros-a-clinicas-y-hospitales\/#article","isPartOf":{"@id":"https:\/\/luchonoticias.com\/editor\/presidente-pide-auditoria-para-los-giros-a-clinicas-y-hospitales\/"},"author":{"name":"Editor General","@id":"https:\/\/luchonoticias.com\/editor\/#\/schema\/person\/29217990ddf6f14e35912b2866d591fb"},"headline":"Presidente pide auditor\u00eda para los giros a cl\u00ednicas y hospitales","datePublished":"2024-05-10T12:04:33+00:00","mainEntityOfPage":{"@id":"https:\/\/luchonoticias.com\/editor\/presidente-pide-auditoria-para-los-giros-a-clinicas-y-hospitales\/"},"wordCount":294,"publisher":{"@id":"https:\/\/luchonoticias.com\/editor\/#\/schema\/person\/7a7fd911f58561fd056dbac7b55af9cd"},"image":{"@id":"https:\/\/luchonoticias.com\/editor\/presidente-pide-auditoria-para-los-giros-a-clinicas-y-hospitales\/#primaryimage"},"thumbnailUrl":"https:\/\/luchonoticias.com\/editor\/wp-content\/uploads\/2024\/05\/petro-3.jpg","articleSection":["Actualidad"],"inLanguage":"es"},{"@type":"WebPage","@id":"https:\/\/luchonoticias.com\/editor\/presidente-pide-auditoria-para-los-giros-a-clinicas-y-hospitales\/","url":"https:\/\/luchonoticias.com\/editor\/presidente-pide-auditoria-para-los-giros-a-clinicas-y-hospitales\/","name":"Presidente pide auditor\u00eda para los giros a cl\u00ednicas y hospitales -","isPartOf":{"@id":"https:\/\/luchonoticias.com\/editor\/#website"},"primaryImageOfPage":{"@id":"https:\/\/luchonoticias.com\/editor\/presidente-pide-auditoria-para-los-giros-a-clinicas-y-hospitales\/#primaryimage"},"image":{"@id":"https:\/\/luchonoticias.com\/editor\/presidente-pide-auditoria-para-los-giros-a-clinicas-y-hospitales\/#primaryimage"},"thumbnailUrl":"https:\/\/luchonoticias.com\/editor\/wp-content\/uploads\/2024\/05\/petro-3.jpg","datePublished":"2024-05-10T12:04:33+00:00","breadcrumb":{"@id":"https:\/\/luchonoticias.com\/editor\/presidente-pide-auditoria-para-los-giros-a-clinicas-y-hospitales\/#breadcrumb"},"inLanguage":"es","potentialAction":[{"@type":"ReadAction","target":["https:\/\/luchonoticias.com\/editor\/presidente-pide-auditoria-para-los-giros-a-clinicas-y-hospitales\/"]}]},{"@type":"ImageObject","inLanguage":"es","@id":"https:\/\/luchonoticias.com\/editor\/presidente-pide-auditoria-para-los-giros-a-clinicas-y-hospitales\/#primaryimage","url":"https:\/\/luchonoticias.com\/editor\/wp-content\/uploads\/2024\/05\/petro-3.jpg","contentUrl":"https:\/\/luchonoticias.com\/editor\/wp-content\/uploads\/2024\/05\/petro-3.jpg","width":700,"height":400},{"@type":"BreadcrumbList","@id":"https:\/\/luchonoticias.com\/editor\/presidente-pide-auditoria-para-los-giros-a-clinicas-y-hospitales\/#breadcrumb","itemListElement":[{"@type":"ListItem","position":1,"name":"Portada","item":"https:\/\/luchonoticias.com\/editor\/"},{"@type":"ListItem","position":2,"name":"Presidente pide auditor\u00eda para los giros a cl\u00ednicas y hospitales"}]},{"@type":"WebSite","@id":"https:\/\/luchonoticias.com\/editor\/#website","url":"https:\/\/luchonoticias.com\/editor\/","name":"","description":"","publisher":{"@id":"https:\/\/luchonoticias.com\/editor\/#\/schema\/person\/7a7fd911f58561fd056dbac7b55af9cd"},"potentialAction":[{"@type":"SearchAction","target":{"@type":"EntryPoint","urlTemplate":"https:\/\/luchonoticias.com\/editor\/?s={search_term_string}"},"query-input":{"@type":"PropertyValueSpecification","valueRequired":true,"valueName":"search_term_string"}}],"inLanguage":"es"},{"@type":["Person","Organization"],"@id":"https:\/\/luchonoticias.com\/editor\/#\/schema\/person\/7a7fd911f58561fd056dbac7b55af9cd","name":"admin","image":{"@type":"ImageObject","inLanguage":"es","@id":"https:\/\/luchonoticias.com\/editor\/#\/schema\/person\/image\/","url":"https:\/\/luchonoticias.com\/editor\/wp-content\/uploads\/2024\/02\/cropped-cropped-logolu.webp","contentUrl":"https:\/\/luchonoticias.com\/editor\/wp-content\/uploads\/2024\/02\/cropped-cropped-logolu.webp","width":382,"height":170,"caption":"admin"},"logo":{"@id":"https:\/\/luchonoticias.com\/editor\/#\/schema\/person\/image\/"},"sameAs":["https:\/\/www.facebook.com\/luchonoticiasneiva"]},{"@type":"Person","@id":"https:\/\/luchonoticias.com\/editor\/#\/schema\/person\/29217990ddf6f14e35912b2866d591fb","name":"Editor General","image":{"@type":"ImageObject","inLanguage":"es","@id":"https:\/\/luchonoticias.com\/editor\/#\/schema\/person\/image\/","url":"https:\/\/luchonoticias.com\/editor\/wp-content\/uploads\/2024\/02\/cropped-cropped-logolu-150x150.webp","contentUrl":"https:\/\/luchonoticias.com\/editor\/wp-content\/uploads\/2024\/02\/cropped-cropped-logolu-150x150.webp","caption":"Editor General"},"sameAs":["https:\/\/luchonoticias.com\/"],"url":"https:\/\/luchonoticias.com\/editor\/author\/editor-general\/"}]}},"_links":{"self":[{"href":"https:\/\/luchonoticias.com\/editor\/wp-json\/wp\/v2\/posts\/72930","targetHints":{"allow":["GET"]}}],"collection":[{"href":"https:\/\/luchonoticias.com\/editor\/wp-json\/wp\/v2\/posts"}],"about":[{"href":"https:\/\/luchonoticias.com\/editor\/wp-json\/wp\/v2\/types\/post"}],"author":[{"embeddable":true,"href":"https:\/\/luchonoticias.com\/editor\/wp-json\/wp\/v2\/users\/2"}],"replies":[{"embeddable":true,"href":"https:\/\/luchonoticias.com\/editor\/wp-json\/wp\/v2\/comments?post=72930"}],"version-history":[{"count":0,"href":"https:\/\/luchonoticias.com\/editor\/wp-json\/wp\/v2\/posts\/72930\/revisions"}],"wp:featuredmedia":[{"embeddable":true,"href":"https:\/\/luchonoticias.com\/editor\/wp-json\/wp\/v2\/media\/72931"}],"wp:attachment":[{"href":"https:\/\/luchonoticias.com\/editor\/wp-json\/wp\/v2\/media?parent=72930"}],"wp:term":[{"taxonomy":"category","embeddable":true,"href":"https:\/\/luchonoticias.com\/editor\/wp-json\/wp\/v2\/categories?post=72930"},{"taxonomy":"post_tag","embeddable":true,"href":"https:\/\/luchonoticias.com\/editor\/wp-json\/wp\/v2\/tags?post=72930"}],"curies":[{"name":"wp","href":"https:\/\/api.w.org\/{rel}","templated":true}]}}