{"id":72934,"date":"2024-05-10T07:11:31","date_gmt":"2024-05-10T12:11:31","guid":{"rendered":"https:\/\/luchonoticias.com\/?p=72934"},"modified":"2024-05-10T07:11:31","modified_gmt":"2024-05-10T12:11:31","slug":"minagricultura-busca-crear-centros-de-transformacion-del-cafe","status":"publish","type":"post","link":"https:\/\/luchonoticias.com\/editor\/minagricultura-busca-crear-centros-de-transformacion-del-cafe\/","title":{"rendered":"Minagricultura busca crear centros de transformaci\u00f3n del caf\u00e9"},"content":{"rendered":"<p>En reuni\u00f3n cumplida en Pereira\u00a0el presidente Gustavo Petro y la ministra de Agricultura y Desarrollo Rural, Jhenifer Mojica, entregaron un balance sobre el avance de la Reforma Agraria Cafetera y las apuestas que en esa materia vienen para la regi\u00f3n en cabeza de las entidades del sector agro.<\/p>\n<div>Lo primero que explic\u00f3 la ministra fue la apuesta para el fortalecimiento de la infraestructura en lo referente a la transformaci\u00f3n del producto estrella de la regi\u00f3n: el caf\u00e9. \u201cTenemos una propuesta de hacer centros regionales de agroindustrializaci\u00f3n e innovaci\u00f3n. Porque el caf\u00e9 no solamente es fertilizar y renovar las matas. Hay que renovar el pensamiento, las artes, los oficios relacionados con el caf\u00e9; la preparaci\u00f3n de los j\u00f3venes, los ni\u00f1os y las ni\u00f1as, y las mujeres. La gente en Colombia no sabe cu\u00e1l caf\u00e9 tiene, porque aqu\u00ed se monopolizaron las capacidades de laboratorios, de clasificaci\u00f3n, de barismo. Los caficultores han hecho caf\u00e9 dos o tres generaciones y no saben cu\u00e1l caf\u00e9 tienen\u201d, explic\u00f3 la jefe de la cartera.<\/div>\n<div><\/div>\n<div>A\u00f1adi\u00f3 que las asociaciones y cooperativas son fundamentales en la promoci\u00f3n y creaci\u00f3n de estos centros, que buscan dignificar la vida de las familias caficultoras del pa\u00eds. \u201cEl primero ser\u00e1 el Centro de Innovaci\u00f3n y Agroindustrializaci\u00f3n Cooperativo de las asociaciones de cafeteros del norte de Nari\u00f1o, y lo concertamos con alcaldes y gobernador, que est\u00e1n poniendo tambi\u00e9n recursos. La meta en el primer a\u00f1o es lograr al menos 15 m\u00e1s como estas. Son inversiones entre $10 mil y $15 mil millones entre temas de transformaci\u00f3n y producci\u00f3n; e innovaci\u00f3n, ciencia y tecnolog\u00eda, vinculando prioritariamente a mujeres y a j\u00f3venes rurales\u201d, precis\u00f3 Mojica.<\/div>\n<div><\/div>\n<div>En cuanto al tema de financiamiento, la ministra detall\u00f3 que este Gobierno ha invertido $3 billones a favor de 164 mil familias cafeteras de todo el pa\u00eds, que han sido beneficiadas con l\u00edneas de cr\u00e9dito, incentivos, subsidio a la tasa y otros apoyos que han aportado en la construcci\u00f3n de paz desde el campo y mitigado las p\u00e9rdidas de quienes se vieron afectados por eventos clim\u00e1ticos.<\/div>\n<div><\/div>\n","protected":false},"excerpt":{"rendered":"<p>En reuni\u00f3n cumplida en Pereira\u00a0el presidente Gustavo Petro y la ministra de Agricultura y Desarrollo Rural, Jhenifer Mojica, entregaron un balance sobre el avance de la Reforma Agraria Cafetera y las apuestas que en esa materia vienen para la regi\u00f3n en cabeza de las entidades del sector agro. Lo primero que explic\u00f3 la ministra fue [&hellip;]<\/p>\n","protected":false},"author":2,"featured_media":72935,"comment_status":"closed","ping_status":"open","sticky":false,"template":"","format":"standard","meta":{"footnotes":""},"categories":[28],"tags":[],"class_list":["post-72934","post","type-post","status-publish","format-standard","has-post-thumbnail","hentry","category-actualidad"],"yoast_head":"<!-- This site is optimized with the Yoast SEO plugin v26.6 - https:\/\/yoast.com\/wordpress\/plugins\/seo\/ -->\n<title>Minagricultura busca crear centros de transformaci\u00f3n del caf\u00e9 -<\/title>\n<meta name=\"robots\" content=\"index, follow, max-snippet:-1, max-image-preview:large, max-video-preview:-1\" \/>\n<link rel=\"canonical\" href=\"https:\/\/luchonoticias.com\/editor\/minagricultura-busca-crear-centros-de-transformacion-del-cafe\/\" \/>\n<meta property=\"og:locale\" content=\"es_ES\" \/>\n<meta property=\"og:type\" content=\"article\" \/>\n<meta property=\"og:title\" content=\"Minagricultura busca crear centros de transformaci\u00f3n del caf\u00e9 -\" \/>\n<meta property=\"og:url\" content=\"https:\/\/luchonoticias.com\/editor\/minagricultura-busca-crear-centros-de-transformacion-del-cafe\/\" \/>\n<meta property=\"article:publisher\" content=\"https:\/\/www.facebook.com\/luchonoticiasneiva\" \/>\n<meta property=\"article:published_time\" content=\"2024-05-10T12:11:31+00:00\" \/>\n<meta property=\"og:image\" content=\"https:\/\/luchonoticias.com\/editor\/wp-content\/uploads\/2024\/05\/minagricultura-cafe.jpg\" \/>\n\t<meta property=\"og:image:width\" content=\"700\" \/>\n\t<meta property=\"og:image:height\" content=\"400\" \/>\n\t<meta property=\"og:image:type\" content=\"image\/jpeg\" \/>\n<meta name=\"author\" content=\"Editor General\" \/>\n<meta name=\"twitter:card\" content=\"summary_large_image\" \/>\n<meta name=\"twitter:label1\" content=\"Escrito por\" \/>\n\t<meta name=\"twitter:data1\" content=\"Editor General\" \/>\n\t<meta name=\"twitter:label2\" content=\"Tiempo de lectura\" \/>\n\t<meta name=\"twitter:data2\" content=\"2 minutos\" \/>\n<script type=\"application\/ld+json\" class=\"yoast-schema-graph\">{\"@context\":\"https:\/\/schema.org\",\"@graph\":[{\"@type\":\"Article\",\"@id\":\"https:\/\/luchonoticias.com\/editor\/minagricultura-busca-crear-centros-de-transformacion-del-cafe\/#article\",\"isPartOf\":{\"@id\":\"https:\/\/luchonoticias.com\/editor\/minagricultura-busca-crear-centros-de-transformacion-del-cafe\/\"},\"author\":{\"name\":\"Editor General\",\"@id\":\"https:\/\/luchonoticias.com\/editor\/#\/schema\/person\/29217990ddf6f14e35912b2866d591fb\"},\"headline\":\"Minagricultura busca crear centros de transformaci\u00f3n del caf\u00e9\",\"datePublished\":\"2024-05-10T12:11:31+00:00\",\"mainEntityOfPage\":{\"@id\":\"https:\/\/luchonoticias.com\/editor\/minagricultura-busca-crear-centros-de-transformacion-del-cafe\/\"},\"wordCount\":375,\"publisher\":{\"@id\":\"https:\/\/luchonoticias.com\/editor\/#\/schema\/person\/7a7fd911f58561fd056dbac7b55af9cd\"},\"image\":{\"@id\":\"https:\/\/luchonoticias.com\/editor\/minagricultura-busca-crear-centros-de-transformacion-del-cafe\/#primaryimage\"},\"thumbnailUrl\":\"https:\/\/luchonoticias.com\/editor\/wp-content\/uploads\/2024\/05\/minagricultura-cafe.jpg\",\"articleSection\":[\"Actualidad\"],\"inLanguage\":\"es\"},{\"@type\":\"WebPage\",\"@id\":\"https:\/\/luchonoticias.com\/editor\/minagricultura-busca-crear-centros-de-transformacion-del-cafe\/\",\"url\":\"https:\/\/luchonoticias.com\/editor\/minagricultura-busca-crear-centros-de-transformacion-del-cafe\/\",\"name\":\"Minagricultura busca crear centros de transformaci\u00f3n del caf\u00e9 -\",\"isPartOf\":{\"@id\":\"https:\/\/luchonoticias.com\/editor\/#website\"},\"primaryImageOfPage\":{\"@id\":\"https:\/\/luchonoticias.com\/editor\/minagricultura-busca-crear-centros-de-transformacion-del-cafe\/#primaryimage\"},\"image\":{\"@id\":\"https:\/\/luchonoticias.com\/editor\/minagricultura-busca-crear-centros-de-transformacion-del-cafe\/#primaryimage\"},\"thumbnailUrl\":\"https:\/\/luchonoticias.com\/editor\/wp-content\/uploads\/2024\/05\/minagricultura-cafe.jpg\",\"datePublished\":\"2024-05-10T12:11:31+00:00\",\"breadcrumb\":{\"@id\":\"https:\/\/luchonoticias.com\/editor\/minagricultura-busca-crear-centros-de-transformacion-del-cafe\/#breadcrumb\"},\"inLanguage\":\"es\",\"potentialAction\":[{\"@type\":\"ReadAction\",\"target\":[\"https:\/\/luchonoticias.com\/editor\/minagricultura-busca-crear-centros-de-transformacion-del-cafe\/\"]}]},{\"@type\":\"ImageObject\",\"inLanguage\":\"es\",\"@id\":\"https:\/\/luchonoticias.com\/editor\/minagricultura-busca-crear-centros-de-transformacion-del-cafe\/#primaryimage\",\"url\":\"https:\/\/luchonoticias.com\/editor\/wp-content\/uploads\/2024\/05\/minagricultura-cafe.jpg\",\"contentUrl\":\"https:\/\/luchonoticias.com\/editor\/wp-content\/uploads\/2024\/05\/minagricultura-cafe.jpg\",\"width\":700,\"height\":400},{\"@type\":\"BreadcrumbList\",\"@id\":\"https:\/\/luchonoticias.com\/editor\/minagricultura-busca-crear-centros-de-transformacion-del-cafe\/#breadcrumb\",\"itemListElement\":[{\"@type\":\"ListItem\",\"position\":1,\"name\":\"Portada\",\"item\":\"https:\/\/luchonoticias.com\/editor\/\"},{\"@type\":\"ListItem\",\"position\":2,\"name\":\"Minagricultura busca crear centros de transformaci\u00f3n del caf\u00e9\"}]},{\"@type\":\"WebSite\",\"@id\":\"https:\/\/luchonoticias.com\/editor\/#website\",\"url\":\"https:\/\/luchonoticias.com\/editor\/\",\"name\":\"\",\"description\":\"\",\"publisher\":{\"@id\":\"https:\/\/luchonoticias.com\/editor\/#\/schema\/person\/7a7fd911f58561fd056dbac7b55af9cd\"},\"potentialAction\":[{\"@type\":\"SearchAction\",\"target\":{\"@type\":\"EntryPoint\",\"urlTemplate\":\"https:\/\/luchonoticias.com\/editor\/?s={search_term_string}\"},\"query-input\":{\"@type\":\"PropertyValueSpecification\",\"valueRequired\":true,\"valueName\":\"search_term_string\"}}],\"inLanguage\":\"es\"},{\"@type\":[\"Person\",\"Organization\"],\"@id\":\"https:\/\/luchonoticias.com\/editor\/#\/schema\/person\/7a7fd911f58561fd056dbac7b55af9cd\",\"name\":\"admin\",\"image\":{\"@type\":\"ImageObject\",\"inLanguage\":\"es\",\"@id\":\"https:\/\/luchonoticias.com\/editor\/#\/schema\/person\/image\/\",\"url\":\"https:\/\/luchonoticias.com\/editor\/wp-content\/uploads\/2024\/02\/cropped-cropped-logolu.webp\",\"contentUrl\":\"https:\/\/luchonoticias.com\/editor\/wp-content\/uploads\/2024\/02\/cropped-cropped-logolu.webp\",\"width\":382,\"height\":170,\"caption\":\"admin\"},\"logo\":{\"@id\":\"https:\/\/luchonoticias.com\/editor\/#\/schema\/person\/image\/\"},\"sameAs\":[\"https:\/\/www.facebook.com\/luchonoticiasneiva\"]},{\"@type\":\"Person\",\"@id\":\"https:\/\/luchonoticias.com\/editor\/#\/schema\/person\/29217990ddf6f14e35912b2866d591fb\",\"name\":\"Editor General\",\"image\":{\"@type\":\"ImageObject\",\"inLanguage\":\"es\",\"@id\":\"https:\/\/luchonoticias.com\/editor\/#\/schema\/person\/image\/\",\"url\":\"https:\/\/luchonoticias.com\/editor\/wp-content\/uploads\/2024\/02\/cropped-cropped-logolu-150x150.webp\",\"contentUrl\":\"https:\/\/luchonoticias.com\/editor\/wp-content\/uploads\/2024\/02\/cropped-cropped-logolu-150x150.webp\",\"caption\":\"Editor General\"},\"sameAs\":[\"https:\/\/luchonoticias.com\/\"],\"url\":\"https:\/\/luchonoticias.com\/editor\/author\/editor-general\/\"}]}<\/script>\n<!-- \/ Yoast SEO plugin. -->","yoast_head_json":{"title":"Minagricultura busca crear centros de transformaci\u00f3n del caf\u00e9 -","robots":{"index":"index","follow":"follow","max-snippet":"max-snippet:-1","max-image-preview":"max-image-preview:large","max-video-preview":"max-video-preview:-1"},"canonical":"https:\/\/luchonoticias.com\/editor\/minagricultura-busca-crear-centros-de-transformacion-del-cafe\/","og_locale":"es_ES","og_type":"article","og_title":"Minagricultura busca crear centros de transformaci\u00f3n del caf\u00e9 -","og_url":"https:\/\/luchonoticias.com\/editor\/minagricultura-busca-crear-centros-de-transformacion-del-cafe\/","article_publisher":"https:\/\/www.facebook.com\/luchonoticiasneiva","article_published_time":"2024-05-10T12:11:31+00:00","og_image":[{"width":700,"height":400,"url":"https:\/\/luchonoticias.com\/editor\/wp-content\/uploads\/2024\/05\/minagricultura-cafe.jpg","type":"image\/jpeg"}],"author":"Editor General","twitter_card":"summary_large_image","twitter_misc":{"Escrito por":"Editor General","Tiempo de lectura":"2 minutos"},"schema":{"@context":"https:\/\/schema.org","@graph":[{"@type":"Article","@id":"https:\/\/luchonoticias.com\/editor\/minagricultura-busca-crear-centros-de-transformacion-del-cafe\/#article","isPartOf":{"@id":"https:\/\/luchonoticias.com\/editor\/minagricultura-busca-crear-centros-de-transformacion-del-cafe\/"},"author":{"name":"Editor General","@id":"https:\/\/luchonoticias.com\/editor\/#\/schema\/person\/29217990ddf6f14e35912b2866d591fb"},"headline":"Minagricultura busca crear centros de transformaci\u00f3n del caf\u00e9","datePublished":"2024-05-10T12:11:31+00:00","mainEntityOfPage":{"@id":"https:\/\/luchonoticias.com\/editor\/minagricultura-busca-crear-centros-de-transformacion-del-cafe\/"},"wordCount":375,"publisher":{"@id":"https:\/\/luchonoticias.com\/editor\/#\/schema\/person\/7a7fd911f58561fd056dbac7b55af9cd"},"image":{"@id":"https:\/\/luchonoticias.com\/editor\/minagricultura-busca-crear-centros-de-transformacion-del-cafe\/#primaryimage"},"thumbnailUrl":"https:\/\/luchonoticias.com\/editor\/wp-content\/uploads\/2024\/05\/minagricultura-cafe.jpg","articleSection":["Actualidad"],"inLanguage":"es"},{"@type":"WebPage","@id":"https:\/\/luchonoticias.com\/editor\/minagricultura-busca-crear-centros-de-transformacion-del-cafe\/","url":"https:\/\/luchonoticias.com\/editor\/minagricultura-busca-crear-centros-de-transformacion-del-cafe\/","name":"Minagricultura busca crear centros de transformaci\u00f3n del caf\u00e9 -","isPartOf":{"@id":"https:\/\/luchonoticias.com\/editor\/#website"},"primaryImageOfPage":{"@id":"https:\/\/luchonoticias.com\/editor\/minagricultura-busca-crear-centros-de-transformacion-del-cafe\/#primaryimage"},"image":{"@id":"https:\/\/luchonoticias.com\/editor\/minagricultura-busca-crear-centros-de-transformacion-del-cafe\/#primaryimage"},"thumbnailUrl":"https:\/\/luchonoticias.com\/editor\/wp-content\/uploads\/2024\/05\/minagricultura-cafe.jpg","datePublished":"2024-05-10T12:11:31+00:00","breadcrumb":{"@id":"https:\/\/luchonoticias.com\/editor\/minagricultura-busca-crear-centros-de-transformacion-del-cafe\/#breadcrumb"},"inLanguage":"es","potentialAction":[{"@type":"ReadAction","target":["https:\/\/luchonoticias.com\/editor\/minagricultura-busca-crear-centros-de-transformacion-del-cafe\/"]}]},{"@type":"ImageObject","inLanguage":"es","@id":"https:\/\/luchonoticias.com\/editor\/minagricultura-busca-crear-centros-de-transformacion-del-cafe\/#primaryimage","url":"https:\/\/luchonoticias.com\/editor\/wp-content\/uploads\/2024\/05\/minagricultura-cafe.jpg","contentUrl":"https:\/\/luchonoticias.com\/editor\/wp-content\/uploads\/2024\/05\/minagricultura-cafe.jpg","width":700,"height":400},{"@type":"BreadcrumbList","@id":"https:\/\/luchonoticias.com\/editor\/minagricultura-busca-crear-centros-de-transformacion-del-cafe\/#breadcrumb","itemListElement":[{"@type":"ListItem","position":1,"name":"Portada","item":"https:\/\/luchonoticias.com\/editor\/"},{"@type":"ListItem","position":2,"name":"Minagricultura busca crear centros de transformaci\u00f3n del caf\u00e9"}]},{"@type":"WebSite","@id":"https:\/\/luchonoticias.com\/editor\/#website","url":"https:\/\/luchonoticias.com\/editor\/","name":"","description":"","publisher":{"@id":"https:\/\/luchonoticias.com\/editor\/#\/schema\/person\/7a7fd911f58561fd056dbac7b55af9cd"},"potentialAction":[{"@type":"SearchAction","target":{"@type":"EntryPoint","urlTemplate":"https:\/\/luchonoticias.com\/editor\/?s={search_term_string}"},"query-input":{"@type":"PropertyValueSpecification","valueRequired":true,"valueName":"search_term_string"}}],"inLanguage":"es"},{"@type":["Person","Organization"],"@id":"https:\/\/luchonoticias.com\/editor\/#\/schema\/person\/7a7fd911f58561fd056dbac7b55af9cd","name":"admin","image":{"@type":"ImageObject","inLanguage":"es","@id":"https:\/\/luchonoticias.com\/editor\/#\/schema\/person\/image\/","url":"https:\/\/luchonoticias.com\/editor\/wp-content\/uploads\/2024\/02\/cropped-cropped-logolu.webp","contentUrl":"https:\/\/luchonoticias.com\/editor\/wp-content\/uploads\/2024\/02\/cropped-cropped-logolu.webp","width":382,"height":170,"caption":"admin"},"logo":{"@id":"https:\/\/luchonoticias.com\/editor\/#\/schema\/person\/image\/"},"sameAs":["https:\/\/www.facebook.com\/luchonoticiasneiva"]},{"@type":"Person","@id":"https:\/\/luchonoticias.com\/editor\/#\/schema\/person\/29217990ddf6f14e35912b2866d591fb","name":"Editor General","image":{"@type":"ImageObject","inLanguage":"es","@id":"https:\/\/luchonoticias.com\/editor\/#\/schema\/person\/image\/","url":"https:\/\/luchonoticias.com\/editor\/wp-content\/uploads\/2024\/02\/cropped-cropped-logolu-150x150.webp","contentUrl":"https:\/\/luchonoticias.com\/editor\/wp-content\/uploads\/2024\/02\/cropped-cropped-logolu-150x150.webp","caption":"Editor General"},"sameAs":["https:\/\/luchonoticias.com\/"],"url":"https:\/\/luchonoticias.com\/editor\/author\/editor-general\/"}]}},"_links":{"self":[{"href":"https:\/\/luchonoticias.com\/editor\/wp-json\/wp\/v2\/posts\/72934","targetHints":{"allow":["GET"]}}],"collection":[{"href":"https:\/\/luchonoticias.com\/editor\/wp-json\/wp\/v2\/posts"}],"about":[{"href":"https:\/\/luchonoticias.com\/editor\/wp-json\/wp\/v2\/types\/post"}],"author":[{"embeddable":true,"href":"https:\/\/luchonoticias.com\/editor\/wp-json\/wp\/v2\/users\/2"}],"replies":[{"embeddable":true,"href":"https:\/\/luchonoticias.com\/editor\/wp-json\/wp\/v2\/comments?post=72934"}],"version-history":[{"count":0,"href":"https:\/\/luchonoticias.com\/editor\/wp-json\/wp\/v2\/posts\/72934\/revisions"}],"wp:featuredmedia":[{"embeddable":true,"href":"https:\/\/luchonoticias.com\/editor\/wp-json\/wp\/v2\/media\/72935"}],"wp:attachment":[{"href":"https:\/\/luchonoticias.com\/editor\/wp-json\/wp\/v2\/media?parent=72934"}],"wp:term":[{"taxonomy":"category","embeddable":true,"href":"https:\/\/luchonoticias.com\/editor\/wp-json\/wp\/v2\/categories?post=72934"},{"taxonomy":"post_tag","embeddable":true,"href":"https:\/\/luchonoticias.com\/editor\/wp-json\/wp\/v2\/tags?post=72934"}],"curies":[{"name":"wp","href":"https:\/\/api.w.org\/{rel}","templated":true}]}}