{"id":72937,"date":"2024-05-10T07:27:23","date_gmt":"2024-05-10T12:27:23","guid":{"rendered":"https:\/\/luchonoticias.com\/?p=72937"},"modified":"2024-05-10T07:27:23","modified_gmt":"2024-05-10T12:27:23","slug":"uso-de-tecnologia-en-los-colegios-debe-ser-concertado","status":"publish","type":"post","link":"https:\/\/luchonoticias.com\/editor\/uso-de-tecnologia-en-los-colegios-debe-ser-concertado\/","title":{"rendered":"Uso de tecnolog\u00eda en los colegios debe ser concertado"},"content":{"rendered":"<p>Tras los anuncios realizados por una asociaci\u00f3n de colegios no oficiales de suspender y restringir el uso de tel\u00e9fonos celulares en sus instalaciones, el Ministerio de Educaci\u00f3n manifiesta que, en concordancia con la autonom\u00eda que tienen los establecimientos de educaci\u00f3n de car\u00e1cter privado, respeta dicha decisi\u00f3n en el entendido de que el uso permanente de pantallas puede generar efectos negativos en el desarrollo psicosocial y en el aprendizaje de los estudiantes.<\/p>\n<p>As\u00ed lo manifest\u00f3 el viceministro de Educaci\u00f3n Preescolar, B\u00e1sica y Media, \u00d3scar S\u00e1nchez Jaramillo, al mencionar que la tecnolog\u00eda, como todos los grandes avances, puede tener efectos positivos o negativos seg\u00fan c\u00f3mo se maneje; y por ello, Colombia ha venido optando, desde hace a\u00f1os, porque el uso de los celulares, y en general de las pantallas en los colegios y en la sociedad, tengan un uso regulado.<\/p>\n<p>De igual manera, se\u00f1al\u00f3 que antes de hacer extensiva la medida a todos los establecimientos educativos del pa\u00eds, se deben adelantar espacios de di\u00e1logo y concertaci\u00f3n al interior de cada consejo acad\u00e9mico, junto con rectores, docentes, estudiantes e incluso padres de familia para establecer en qu\u00e9 momentos se puede restringir el uso de dispositivos electr\u00f3nicos.<\/p>\n<p>\u00abColombia nos dice normativamente que antes de los 14 a\u00f1os no debemos darle, de manera permanente, un tel\u00e9fono celular a un ni\u00f1o o a una ni\u00f1a. Pero s\u00ed hay muchos maestros que hacen uso creativo de la tecnolog\u00eda y lo importante es que esos docentes tengan la libertad de establecer las normas espec\u00edficas para cada comunidad educativa y colegio\u00bb, expres\u00f3 el viceministro.<\/p>\n<p>Adicionalmente, se\u00f1al\u00f3 que en el pa\u00eds hay casos de escuelas rurales, principalmente luego de la pandemia, en donde el celular es la \u00fanica oportunidad de acceso a la conectividad de internet, y que a trav\u00e9s de estos se desarrollan pr\u00e1cticas pedag\u00f3gicas innovadoras que incluyen, por ejemplo, juegos matem\u00e1ticos, metodolog\u00edas de investigaci\u00f3n o creaci\u00f3n art\u00edstica; de esta forma, el celular es, en muchas ocasiones, una oportunidad. Por ello, es necesario evaluar la particularidad de cada colegio y desde all\u00ed adoptar las medidas que mejor atiendan a las necesidades de ense\u00f1anza y aprendizaje de los estudiantes.<\/p>\n<p>\u00abLos colegios internacionales que ahora han decidido restringir de manera absoluta el uso del celular tienen toda clase de pantallas, herramientas digitales, tabletas, computadores y laboratorios que hacen que no les haga falta tecnolog\u00eda al momento de restringir el uso del celular; ellos tienen esa particularidad que tambi\u00e9n se entiende, pero que no es la del conjunto del pa\u00eds\u00bb, puntualiz\u00f3 el representante de la cartera Educativa.<\/p>\n","protected":false},"excerpt":{"rendered":"<p>Tras los anuncios realizados por una asociaci\u00f3n de colegios no oficiales de suspender y restringir el uso de tel\u00e9fonos celulares en sus instalaciones, el Ministerio de Educaci\u00f3n manifiesta que, en concordancia con la autonom\u00eda que tienen los establecimientos de educaci\u00f3n de car\u00e1cter privado, respeta dicha decisi\u00f3n en el entendido de que el uso permanente de [&hellip;]<\/p>\n","protected":false},"author":2,"featured_media":72938,"comment_status":"closed","ping_status":"open","sticky":false,"template":"","format":"standard","meta":{"footnotes":""},"categories":[28],"tags":[],"class_list":["post-72937","post","type-post","status-publish","format-standard","has-post-thumbnail","hentry","category-actualidad"],"yoast_head":"<!-- This site is optimized with the Yoast SEO plugin v26.6 - https:\/\/yoast.com\/wordpress\/plugins\/seo\/ -->\n<title>Uso de tecnolog\u00eda en los colegios debe ser concertado -<\/title>\n<meta name=\"robots\" content=\"index, follow, max-snippet:-1, max-image-preview:large, max-video-preview:-1\" \/>\n<link rel=\"canonical\" href=\"https:\/\/luchonoticias.com\/editor\/uso-de-tecnologia-en-los-colegios-debe-ser-concertado\/\" \/>\n<meta property=\"og:locale\" content=\"es_ES\" \/>\n<meta property=\"og:type\" content=\"article\" \/>\n<meta property=\"og:title\" content=\"Uso de tecnolog\u00eda en los colegios debe ser concertado -\" \/>\n<meta property=\"og:url\" content=\"https:\/\/luchonoticias.com\/editor\/uso-de-tecnologia-en-los-colegios-debe-ser-concertado\/\" \/>\n<meta property=\"article:publisher\" content=\"https:\/\/www.facebook.com\/luchonoticiasneiva\" \/>\n<meta property=\"article:published_time\" content=\"2024-05-10T12:27:23+00:00\" \/>\n<meta property=\"og:image\" content=\"https:\/\/luchonoticias.com\/editor\/wp-content\/uploads\/2024\/05\/tecnologia-co0legios.jpg\" \/>\n\t<meta property=\"og:image:width\" content=\"700\" \/>\n\t<meta property=\"og:image:height\" content=\"400\" \/>\n\t<meta property=\"og:image:type\" content=\"image\/jpeg\" \/>\n<meta name=\"author\" content=\"Editor General\" \/>\n<meta name=\"twitter:card\" content=\"summary_large_image\" \/>\n<meta name=\"twitter:label1\" content=\"Escrito por\" \/>\n\t<meta name=\"twitter:data1\" content=\"Editor General\" \/>\n\t<meta name=\"twitter:label2\" content=\"Tiempo de lectura\" \/>\n\t<meta name=\"twitter:data2\" content=\"2 minutos\" \/>\n<script type=\"application\/ld+json\" class=\"yoast-schema-graph\">{\"@context\":\"https:\/\/schema.org\",\"@graph\":[{\"@type\":\"Article\",\"@id\":\"https:\/\/luchonoticias.com\/editor\/uso-de-tecnologia-en-los-colegios-debe-ser-concertado\/#article\",\"isPartOf\":{\"@id\":\"https:\/\/luchonoticias.com\/editor\/uso-de-tecnologia-en-los-colegios-debe-ser-concertado\/\"},\"author\":{\"name\":\"Editor General\",\"@id\":\"https:\/\/luchonoticias.com\/editor\/#\/schema\/person\/29217990ddf6f14e35912b2866d591fb\"},\"headline\":\"Uso de tecnolog\u00eda en los colegios debe ser concertado\",\"datePublished\":\"2024-05-10T12:27:23+00:00\",\"mainEntityOfPage\":{\"@id\":\"https:\/\/luchonoticias.com\/editor\/uso-de-tecnologia-en-los-colegios-debe-ser-concertado\/\"},\"wordCount\":464,\"publisher\":{\"@id\":\"https:\/\/luchonoticias.com\/editor\/#\/schema\/person\/7a7fd911f58561fd056dbac7b55af9cd\"},\"image\":{\"@id\":\"https:\/\/luchonoticias.com\/editor\/uso-de-tecnologia-en-los-colegios-debe-ser-concertado\/#primaryimage\"},\"thumbnailUrl\":\"https:\/\/luchonoticias.com\/editor\/wp-content\/uploads\/2024\/05\/tecnologia-co0legios.jpg\",\"articleSection\":[\"Actualidad\"],\"inLanguage\":\"es\"},{\"@type\":\"WebPage\",\"@id\":\"https:\/\/luchonoticias.com\/editor\/uso-de-tecnologia-en-los-colegios-debe-ser-concertado\/\",\"url\":\"https:\/\/luchonoticias.com\/editor\/uso-de-tecnologia-en-los-colegios-debe-ser-concertado\/\",\"name\":\"Uso de tecnolog\u00eda en los colegios debe ser concertado -\",\"isPartOf\":{\"@id\":\"https:\/\/luchonoticias.com\/editor\/#website\"},\"primaryImageOfPage\":{\"@id\":\"https:\/\/luchonoticias.com\/editor\/uso-de-tecnologia-en-los-colegios-debe-ser-concertado\/#primaryimage\"},\"image\":{\"@id\":\"https:\/\/luchonoticias.com\/editor\/uso-de-tecnologia-en-los-colegios-debe-ser-concertado\/#primaryimage\"},\"thumbnailUrl\":\"https:\/\/luchonoticias.com\/editor\/wp-content\/uploads\/2024\/05\/tecnologia-co0legios.jpg\",\"datePublished\":\"2024-05-10T12:27:23+00:00\",\"breadcrumb\":{\"@id\":\"https:\/\/luchonoticias.com\/editor\/uso-de-tecnologia-en-los-colegios-debe-ser-concertado\/#breadcrumb\"},\"inLanguage\":\"es\",\"potentialAction\":[{\"@type\":\"ReadAction\",\"target\":[\"https:\/\/luchonoticias.com\/editor\/uso-de-tecnologia-en-los-colegios-debe-ser-concertado\/\"]}]},{\"@type\":\"ImageObject\",\"inLanguage\":\"es\",\"@id\":\"https:\/\/luchonoticias.com\/editor\/uso-de-tecnologia-en-los-colegios-debe-ser-concertado\/#primaryimage\",\"url\":\"https:\/\/luchonoticias.com\/editor\/wp-content\/uploads\/2024\/05\/tecnologia-co0legios.jpg\",\"contentUrl\":\"https:\/\/luchonoticias.com\/editor\/wp-content\/uploads\/2024\/05\/tecnologia-co0legios.jpg\",\"width\":700,\"height\":400},{\"@type\":\"BreadcrumbList\",\"@id\":\"https:\/\/luchonoticias.com\/editor\/uso-de-tecnologia-en-los-colegios-debe-ser-concertado\/#breadcrumb\",\"itemListElement\":[{\"@type\":\"ListItem\",\"position\":1,\"name\":\"Portada\",\"item\":\"https:\/\/luchonoticias.com\/editor\/\"},{\"@type\":\"ListItem\",\"position\":2,\"name\":\"Uso de tecnolog\u00eda en los colegios debe ser concertado\"}]},{\"@type\":\"WebSite\",\"@id\":\"https:\/\/luchonoticias.com\/editor\/#website\",\"url\":\"https:\/\/luchonoticias.com\/editor\/\",\"name\":\"\",\"description\":\"\",\"publisher\":{\"@id\":\"https:\/\/luchonoticias.com\/editor\/#\/schema\/person\/7a7fd911f58561fd056dbac7b55af9cd\"},\"potentialAction\":[{\"@type\":\"SearchAction\",\"target\":{\"@type\":\"EntryPoint\",\"urlTemplate\":\"https:\/\/luchonoticias.com\/editor\/?s={search_term_string}\"},\"query-input\":{\"@type\":\"PropertyValueSpecification\",\"valueRequired\":true,\"valueName\":\"search_term_string\"}}],\"inLanguage\":\"es\"},{\"@type\":[\"Person\",\"Organization\"],\"@id\":\"https:\/\/luchonoticias.com\/editor\/#\/schema\/person\/7a7fd911f58561fd056dbac7b55af9cd\",\"name\":\"admin\",\"image\":{\"@type\":\"ImageObject\",\"inLanguage\":\"es\",\"@id\":\"https:\/\/luchonoticias.com\/editor\/#\/schema\/person\/image\/\",\"url\":\"https:\/\/luchonoticias.com\/editor\/wp-content\/uploads\/2024\/02\/cropped-cropped-logolu.webp\",\"contentUrl\":\"https:\/\/luchonoticias.com\/editor\/wp-content\/uploads\/2024\/02\/cropped-cropped-logolu.webp\",\"width\":382,\"height\":170,\"caption\":\"admin\"},\"logo\":{\"@id\":\"https:\/\/luchonoticias.com\/editor\/#\/schema\/person\/image\/\"},\"sameAs\":[\"https:\/\/www.facebook.com\/luchonoticiasneiva\"]},{\"@type\":\"Person\",\"@id\":\"https:\/\/luchonoticias.com\/editor\/#\/schema\/person\/29217990ddf6f14e35912b2866d591fb\",\"name\":\"Editor General\",\"image\":{\"@type\":\"ImageObject\",\"inLanguage\":\"es\",\"@id\":\"https:\/\/luchonoticias.com\/editor\/#\/schema\/person\/image\/\",\"url\":\"https:\/\/luchonoticias.com\/editor\/wp-content\/uploads\/2024\/02\/cropped-cropped-logolu-150x150.webp\",\"contentUrl\":\"https:\/\/luchonoticias.com\/editor\/wp-content\/uploads\/2024\/02\/cropped-cropped-logolu-150x150.webp\",\"caption\":\"Editor General\"},\"sameAs\":[\"https:\/\/luchonoticias.com\/\"],\"url\":\"https:\/\/luchonoticias.com\/editor\/author\/editor-general\/\"}]}<\/script>\n<!-- \/ Yoast SEO plugin. -->","yoast_head_json":{"title":"Uso de tecnolog\u00eda en los colegios debe ser concertado -","robots":{"index":"index","follow":"follow","max-snippet":"max-snippet:-1","max-image-preview":"max-image-preview:large","max-video-preview":"max-video-preview:-1"},"canonical":"https:\/\/luchonoticias.com\/editor\/uso-de-tecnologia-en-los-colegios-debe-ser-concertado\/","og_locale":"es_ES","og_type":"article","og_title":"Uso de tecnolog\u00eda en los colegios debe ser concertado -","og_url":"https:\/\/luchonoticias.com\/editor\/uso-de-tecnologia-en-los-colegios-debe-ser-concertado\/","article_publisher":"https:\/\/www.facebook.com\/luchonoticiasneiva","article_published_time":"2024-05-10T12:27:23+00:00","og_image":[{"width":700,"height":400,"url":"https:\/\/luchonoticias.com\/editor\/wp-content\/uploads\/2024\/05\/tecnologia-co0legios.jpg","type":"image\/jpeg"}],"author":"Editor General","twitter_card":"summary_large_image","twitter_misc":{"Escrito por":"Editor General","Tiempo de lectura":"2 minutos"},"schema":{"@context":"https:\/\/schema.org","@graph":[{"@type":"Article","@id":"https:\/\/luchonoticias.com\/editor\/uso-de-tecnologia-en-los-colegios-debe-ser-concertado\/#article","isPartOf":{"@id":"https:\/\/luchonoticias.com\/editor\/uso-de-tecnologia-en-los-colegios-debe-ser-concertado\/"},"author":{"name":"Editor General","@id":"https:\/\/luchonoticias.com\/editor\/#\/schema\/person\/29217990ddf6f14e35912b2866d591fb"},"headline":"Uso de tecnolog\u00eda en los colegios debe ser concertado","datePublished":"2024-05-10T12:27:23+00:00","mainEntityOfPage":{"@id":"https:\/\/luchonoticias.com\/editor\/uso-de-tecnologia-en-los-colegios-debe-ser-concertado\/"},"wordCount":464,"publisher":{"@id":"https:\/\/luchonoticias.com\/editor\/#\/schema\/person\/7a7fd911f58561fd056dbac7b55af9cd"},"image":{"@id":"https:\/\/luchonoticias.com\/editor\/uso-de-tecnologia-en-los-colegios-debe-ser-concertado\/#primaryimage"},"thumbnailUrl":"https:\/\/luchonoticias.com\/editor\/wp-content\/uploads\/2024\/05\/tecnologia-co0legios.jpg","articleSection":["Actualidad"],"inLanguage":"es"},{"@type":"WebPage","@id":"https:\/\/luchonoticias.com\/editor\/uso-de-tecnologia-en-los-colegios-debe-ser-concertado\/","url":"https:\/\/luchonoticias.com\/editor\/uso-de-tecnologia-en-los-colegios-debe-ser-concertado\/","name":"Uso de tecnolog\u00eda en los colegios debe ser concertado -","isPartOf":{"@id":"https:\/\/luchonoticias.com\/editor\/#website"},"primaryImageOfPage":{"@id":"https:\/\/luchonoticias.com\/editor\/uso-de-tecnologia-en-los-colegios-debe-ser-concertado\/#primaryimage"},"image":{"@id":"https:\/\/luchonoticias.com\/editor\/uso-de-tecnologia-en-los-colegios-debe-ser-concertado\/#primaryimage"},"thumbnailUrl":"https:\/\/luchonoticias.com\/editor\/wp-content\/uploads\/2024\/05\/tecnologia-co0legios.jpg","datePublished":"2024-05-10T12:27:23+00:00","breadcrumb":{"@id":"https:\/\/luchonoticias.com\/editor\/uso-de-tecnologia-en-los-colegios-debe-ser-concertado\/#breadcrumb"},"inLanguage":"es","potentialAction":[{"@type":"ReadAction","target":["https:\/\/luchonoticias.com\/editor\/uso-de-tecnologia-en-los-colegios-debe-ser-concertado\/"]}]},{"@type":"ImageObject","inLanguage":"es","@id":"https:\/\/luchonoticias.com\/editor\/uso-de-tecnologia-en-los-colegios-debe-ser-concertado\/#primaryimage","url":"https:\/\/luchonoticias.com\/editor\/wp-content\/uploads\/2024\/05\/tecnologia-co0legios.jpg","contentUrl":"https:\/\/luchonoticias.com\/editor\/wp-content\/uploads\/2024\/05\/tecnologia-co0legios.jpg","width":700,"height":400},{"@type":"BreadcrumbList","@id":"https:\/\/luchonoticias.com\/editor\/uso-de-tecnologia-en-los-colegios-debe-ser-concertado\/#breadcrumb","itemListElement":[{"@type":"ListItem","position":1,"name":"Portada","item":"https:\/\/luchonoticias.com\/editor\/"},{"@type":"ListItem","position":2,"name":"Uso de tecnolog\u00eda en los colegios debe ser concertado"}]},{"@type":"WebSite","@id":"https:\/\/luchonoticias.com\/editor\/#website","url":"https:\/\/luchonoticias.com\/editor\/","name":"","description":"","publisher":{"@id":"https:\/\/luchonoticias.com\/editor\/#\/schema\/person\/7a7fd911f58561fd056dbac7b55af9cd"},"potentialAction":[{"@type":"SearchAction","target":{"@type":"EntryPoint","urlTemplate":"https:\/\/luchonoticias.com\/editor\/?s={search_term_string}"},"query-input":{"@type":"PropertyValueSpecification","valueRequired":true,"valueName":"search_term_string"}}],"inLanguage":"es"},{"@type":["Person","Organization"],"@id":"https:\/\/luchonoticias.com\/editor\/#\/schema\/person\/7a7fd911f58561fd056dbac7b55af9cd","name":"admin","image":{"@type":"ImageObject","inLanguage":"es","@id":"https:\/\/luchonoticias.com\/editor\/#\/schema\/person\/image\/","url":"https:\/\/luchonoticias.com\/editor\/wp-content\/uploads\/2024\/02\/cropped-cropped-logolu.webp","contentUrl":"https:\/\/luchonoticias.com\/editor\/wp-content\/uploads\/2024\/02\/cropped-cropped-logolu.webp","width":382,"height":170,"caption":"admin"},"logo":{"@id":"https:\/\/luchonoticias.com\/editor\/#\/schema\/person\/image\/"},"sameAs":["https:\/\/www.facebook.com\/luchonoticiasneiva"]},{"@type":"Person","@id":"https:\/\/luchonoticias.com\/editor\/#\/schema\/person\/29217990ddf6f14e35912b2866d591fb","name":"Editor General","image":{"@type":"ImageObject","inLanguage":"es","@id":"https:\/\/luchonoticias.com\/editor\/#\/schema\/person\/image\/","url":"https:\/\/luchonoticias.com\/editor\/wp-content\/uploads\/2024\/02\/cropped-cropped-logolu-150x150.webp","contentUrl":"https:\/\/luchonoticias.com\/editor\/wp-content\/uploads\/2024\/02\/cropped-cropped-logolu-150x150.webp","caption":"Editor General"},"sameAs":["https:\/\/luchonoticias.com\/"],"url":"https:\/\/luchonoticias.com\/editor\/author\/editor-general\/"}]}},"_links":{"self":[{"href":"https:\/\/luchonoticias.com\/editor\/wp-json\/wp\/v2\/posts\/72937","targetHints":{"allow":["GET"]}}],"collection":[{"href":"https:\/\/luchonoticias.com\/editor\/wp-json\/wp\/v2\/posts"}],"about":[{"href":"https:\/\/luchonoticias.com\/editor\/wp-json\/wp\/v2\/types\/post"}],"author":[{"embeddable":true,"href":"https:\/\/luchonoticias.com\/editor\/wp-json\/wp\/v2\/users\/2"}],"replies":[{"embeddable":true,"href":"https:\/\/luchonoticias.com\/editor\/wp-json\/wp\/v2\/comments?post=72937"}],"version-history":[{"count":0,"href":"https:\/\/luchonoticias.com\/editor\/wp-json\/wp\/v2\/posts\/72937\/revisions"}],"wp:featuredmedia":[{"embeddable":true,"href":"https:\/\/luchonoticias.com\/editor\/wp-json\/wp\/v2\/media\/72938"}],"wp:attachment":[{"href":"https:\/\/luchonoticias.com\/editor\/wp-json\/wp\/v2\/media?parent=72937"}],"wp:term":[{"taxonomy":"category","embeddable":true,"href":"https:\/\/luchonoticias.com\/editor\/wp-json\/wp\/v2\/categories?post=72937"},{"taxonomy":"post_tag","embeddable":true,"href":"https:\/\/luchonoticias.com\/editor\/wp-json\/wp\/v2\/tags?post=72937"}],"curies":[{"name":"wp","href":"https:\/\/api.w.org\/{rel}","templated":true}]}}