{"id":72947,"date":"2024-05-10T11:41:48","date_gmt":"2024-05-10T16:41:48","guid":{"rendered":"https:\/\/luchonoticias.com\/?p=72947"},"modified":"2024-05-10T11:41:48","modified_gmt":"2024-05-10T16:41:48","slug":"importante-avance-en-acueducto-regional-en-garzon","status":"publish","type":"post","link":"https:\/\/luchonoticias.com\/editor\/importante-avance-en-acueducto-regional-en-garzon\/","title":{"rendered":"Importante avance en acueducto regional en Garz\u00f3n"},"content":{"rendered":"<p>El gerente de Aguas del Huila, Genaro Lozada, se refiri\u00f3 con satisfacci\u00f3n al avance de ejecuci\u00f3n del 50% de las obras que hab\u00edan sido solicitadas por las comunidades rurales de Garz\u00f3n, especialmente las asociadas en el acueducto regional Cagu\u00e1n \u2013 Caguancito.<\/p>\n<p>Se trata de la construcci\u00f3n de la planta de tratamiento de agua potable que optimizar\u00e1 este acueducto regional beneficiando a varias veredas de la capital diocesana del Huila.<\/p>\n<p>\u201cEn este acueducto regional, de Cagu\u00e1n \u2013 Caguancito en el municipio de Garz\u00f3n, estamos avanzando con la construcci\u00f3n de la planta de tratamiento de agua potable. Se trata de una inversi\u00f3n superior a los $1.800 millones, entre obra e interventor\u00eda. Este es un proyecto que fue priorizado por el gobierno anterior y que el gobierno de Rodrigo Villalba le ha dado continuidad, y gracias a ello hoy se tiene un avance de obra del 50%\u201d, afirm\u00f3 el gerente.<\/p>\n<p>\u201cEstamos hablando de beneficiar a m\u00e1s de 5.000 personas en 13 veredas de este acueducto regional. Es muy satisfactorio lograr que, con recursos del Departamento del Huila, se est\u00e9 construyendo esta obra tan importante que, ni m\u00e1s ni menos, tiene el prop\u00f3sito de entregarle agua potable del servicio de acueducto a esta importante poblaci\u00f3n, lo que definitivamente mejora su calidad de vida en toda esta regi\u00f3n del centro del Huila\u201d, a\u00f1adi\u00f3.<\/p>\n<p>Por su parte el Ingeniero Orlando Cediel, Interventor de la Obra, dijo que la misma es consecuencia del trabajo articulado de la comunidad del acueducto Cagu\u00e1n-Caguancito, ya que ellos tienen este sistema desde hace 23 a\u00f1os y era apremiante, optimizar la prestaci\u00f3n de este servicio.<\/p>\n<p>\u201cElevaron el proyecto de estudio y dise\u00f1o de la PTAP, para potabilizar el agua y que las condiciones sanitarias sean mucho mejores para estas m\u00e1s de 1.000 familias que se benefician, y la Gobernaci\u00f3n del Huila, le asign\u00f3 unos recursos bien importantes para construirla. Hoy vemos sus avances\u201d, manifest\u00f3 el ingeniero.<\/p>\n","protected":false},"excerpt":{"rendered":"<p>El gerente de Aguas del Huila, Genaro Lozada, se refiri\u00f3 con satisfacci\u00f3n al avance de ejecuci\u00f3n del 50% de las obras que hab\u00edan sido solicitadas por las comunidades rurales de Garz\u00f3n, especialmente las asociadas en el acueducto regional Cagu\u00e1n \u2013 Caguancito. Se trata de la construcci\u00f3n de la planta de tratamiento de agua potable que [&hellip;]<\/p>\n","protected":false},"author":2,"featured_media":72948,"comment_status":"closed","ping_status":"open","sticky":false,"template":"","format":"standard","meta":{"footnotes":""},"categories":[33],"tags":[],"class_list":["post-72947","post","type-post","status-publish","format-standard","has-post-thumbnail","hentry","category-huila"],"yoast_head":"<!-- This site is optimized with the Yoast SEO plugin v26.6 - https:\/\/yoast.com\/wordpress\/plugins\/seo\/ -->\n<title>Importante avance en acueducto regional en Garz\u00f3n -<\/title>\n<meta name=\"robots\" content=\"index, follow, max-snippet:-1, max-image-preview:large, max-video-preview:-1\" \/>\n<link rel=\"canonical\" href=\"https:\/\/luchonoticias.com\/editor\/importante-avance-en-acueducto-regional-en-garzon\/\" \/>\n<meta property=\"og:locale\" content=\"es_ES\" \/>\n<meta property=\"og:type\" content=\"article\" \/>\n<meta property=\"og:title\" content=\"Importante avance en acueducto regional en Garz\u00f3n -\" \/>\n<meta property=\"og:url\" content=\"https:\/\/luchonoticias.com\/editor\/importante-avance-en-acueducto-regional-en-garzon\/\" \/>\n<meta property=\"article:publisher\" content=\"https:\/\/www.facebook.com\/luchonoticiasneiva\" \/>\n<meta property=\"article:published_time\" content=\"2024-05-10T16:41:48+00:00\" \/>\n<meta property=\"og:image\" content=\"https:\/\/luchonoticias.com\/editor\/wp-content\/uploads\/2024\/05\/acueducto-garzonb.jpg\" \/>\n\t<meta property=\"og:image:width\" content=\"700\" \/>\n\t<meta property=\"og:image:height\" content=\"400\" \/>\n\t<meta property=\"og:image:type\" content=\"image\/jpeg\" \/>\n<meta name=\"author\" content=\"Editor General\" \/>\n<meta name=\"twitter:card\" content=\"summary_large_image\" \/>\n<meta name=\"twitter:label1\" content=\"Escrito por\" \/>\n\t<meta name=\"twitter:data1\" content=\"Editor General\" \/>\n\t<meta name=\"twitter:label2\" content=\"Tiempo de lectura\" \/>\n\t<meta name=\"twitter:data2\" content=\"2 minutos\" \/>\n<script type=\"application\/ld+json\" class=\"yoast-schema-graph\">{\"@context\":\"https:\/\/schema.org\",\"@graph\":[{\"@type\":\"Article\",\"@id\":\"https:\/\/luchonoticias.com\/editor\/importante-avance-en-acueducto-regional-en-garzon\/#article\",\"isPartOf\":{\"@id\":\"https:\/\/luchonoticias.com\/editor\/importante-avance-en-acueducto-regional-en-garzon\/\"},\"author\":{\"name\":\"Editor General\",\"@id\":\"https:\/\/luchonoticias.com\/editor\/#\/schema\/person\/29217990ddf6f14e35912b2866d591fb\"},\"headline\":\"Importante avance en acueducto regional en Garz\u00f3n\",\"datePublished\":\"2024-05-10T16:41:48+00:00\",\"mainEntityOfPage\":{\"@id\":\"https:\/\/luchonoticias.com\/editor\/importante-avance-en-acueducto-regional-en-garzon\/\"},\"wordCount\":336,\"publisher\":{\"@id\":\"https:\/\/luchonoticias.com\/editor\/#\/schema\/person\/7a7fd911f58561fd056dbac7b55af9cd\"},\"image\":{\"@id\":\"https:\/\/luchonoticias.com\/editor\/importante-avance-en-acueducto-regional-en-garzon\/#primaryimage\"},\"thumbnailUrl\":\"https:\/\/luchonoticias.com\/editor\/wp-content\/uploads\/2024\/05\/acueducto-garzonb.jpg\",\"articleSection\":[\"Huila\"],\"inLanguage\":\"es\"},{\"@type\":\"WebPage\",\"@id\":\"https:\/\/luchonoticias.com\/editor\/importante-avance-en-acueducto-regional-en-garzon\/\",\"url\":\"https:\/\/luchonoticias.com\/editor\/importante-avance-en-acueducto-regional-en-garzon\/\",\"name\":\"Importante avance en acueducto regional en Garz\u00f3n -\",\"isPartOf\":{\"@id\":\"https:\/\/luchonoticias.com\/editor\/#website\"},\"primaryImageOfPage\":{\"@id\":\"https:\/\/luchonoticias.com\/editor\/importante-avance-en-acueducto-regional-en-garzon\/#primaryimage\"},\"image\":{\"@id\":\"https:\/\/luchonoticias.com\/editor\/importante-avance-en-acueducto-regional-en-garzon\/#primaryimage\"},\"thumbnailUrl\":\"https:\/\/luchonoticias.com\/editor\/wp-content\/uploads\/2024\/05\/acueducto-garzonb.jpg\",\"datePublished\":\"2024-05-10T16:41:48+00:00\",\"breadcrumb\":{\"@id\":\"https:\/\/luchonoticias.com\/editor\/importante-avance-en-acueducto-regional-en-garzon\/#breadcrumb\"},\"inLanguage\":\"es\",\"potentialAction\":[{\"@type\":\"ReadAction\",\"target\":[\"https:\/\/luchonoticias.com\/editor\/importante-avance-en-acueducto-regional-en-garzon\/\"]}]},{\"@type\":\"ImageObject\",\"inLanguage\":\"es\",\"@id\":\"https:\/\/luchonoticias.com\/editor\/importante-avance-en-acueducto-regional-en-garzon\/#primaryimage\",\"url\":\"https:\/\/luchonoticias.com\/editor\/wp-content\/uploads\/2024\/05\/acueducto-garzonb.jpg\",\"contentUrl\":\"https:\/\/luchonoticias.com\/editor\/wp-content\/uploads\/2024\/05\/acueducto-garzonb.jpg\",\"width\":700,\"height\":400},{\"@type\":\"BreadcrumbList\",\"@id\":\"https:\/\/luchonoticias.com\/editor\/importante-avance-en-acueducto-regional-en-garzon\/#breadcrumb\",\"itemListElement\":[{\"@type\":\"ListItem\",\"position\":1,\"name\":\"Portada\",\"item\":\"https:\/\/luchonoticias.com\/editor\/\"},{\"@type\":\"ListItem\",\"position\":2,\"name\":\"Importante avance en acueducto regional en Garz\u00f3n\"}]},{\"@type\":\"WebSite\",\"@id\":\"https:\/\/luchonoticias.com\/editor\/#website\",\"url\":\"https:\/\/luchonoticias.com\/editor\/\",\"name\":\"\",\"description\":\"\",\"publisher\":{\"@id\":\"https:\/\/luchonoticias.com\/editor\/#\/schema\/person\/7a7fd911f58561fd056dbac7b55af9cd\"},\"potentialAction\":[{\"@type\":\"SearchAction\",\"target\":{\"@type\":\"EntryPoint\",\"urlTemplate\":\"https:\/\/luchonoticias.com\/editor\/?s={search_term_string}\"},\"query-input\":{\"@type\":\"PropertyValueSpecification\",\"valueRequired\":true,\"valueName\":\"search_term_string\"}}],\"inLanguage\":\"es\"},{\"@type\":[\"Person\",\"Organization\"],\"@id\":\"https:\/\/luchonoticias.com\/editor\/#\/schema\/person\/7a7fd911f58561fd056dbac7b55af9cd\",\"name\":\"admin\",\"image\":{\"@type\":\"ImageObject\",\"inLanguage\":\"es\",\"@id\":\"https:\/\/luchonoticias.com\/editor\/#\/schema\/person\/image\/\",\"url\":\"https:\/\/luchonoticias.com\/editor\/wp-content\/uploads\/2024\/02\/cropped-cropped-logolu.webp\",\"contentUrl\":\"https:\/\/luchonoticias.com\/editor\/wp-content\/uploads\/2024\/02\/cropped-cropped-logolu.webp\",\"width\":382,\"height\":170,\"caption\":\"admin\"},\"logo\":{\"@id\":\"https:\/\/luchonoticias.com\/editor\/#\/schema\/person\/image\/\"},\"sameAs\":[\"https:\/\/www.facebook.com\/luchonoticiasneiva\"]},{\"@type\":\"Person\",\"@id\":\"https:\/\/luchonoticias.com\/editor\/#\/schema\/person\/29217990ddf6f14e35912b2866d591fb\",\"name\":\"Editor General\",\"image\":{\"@type\":\"ImageObject\",\"inLanguage\":\"es\",\"@id\":\"https:\/\/luchonoticias.com\/editor\/#\/schema\/person\/image\/\",\"url\":\"https:\/\/luchonoticias.com\/editor\/wp-content\/uploads\/2024\/02\/cropped-cropped-logolu-150x150.webp\",\"contentUrl\":\"https:\/\/luchonoticias.com\/editor\/wp-content\/uploads\/2024\/02\/cropped-cropped-logolu-150x150.webp\",\"caption\":\"Editor General\"},\"sameAs\":[\"https:\/\/luchonoticias.com\/\"],\"url\":\"https:\/\/luchonoticias.com\/editor\/author\/editor-general\/\"}]}<\/script>\n<!-- \/ Yoast SEO plugin. -->","yoast_head_json":{"title":"Importante avance en acueducto regional en Garz\u00f3n -","robots":{"index":"index","follow":"follow","max-snippet":"max-snippet:-1","max-image-preview":"max-image-preview:large","max-video-preview":"max-video-preview:-1"},"canonical":"https:\/\/luchonoticias.com\/editor\/importante-avance-en-acueducto-regional-en-garzon\/","og_locale":"es_ES","og_type":"article","og_title":"Importante avance en acueducto regional en Garz\u00f3n -","og_url":"https:\/\/luchonoticias.com\/editor\/importante-avance-en-acueducto-regional-en-garzon\/","article_publisher":"https:\/\/www.facebook.com\/luchonoticiasneiva","article_published_time":"2024-05-10T16:41:48+00:00","og_image":[{"width":700,"height":400,"url":"https:\/\/luchonoticias.com\/editor\/wp-content\/uploads\/2024\/05\/acueducto-garzonb.jpg","type":"image\/jpeg"}],"author":"Editor General","twitter_card":"summary_large_image","twitter_misc":{"Escrito por":"Editor General","Tiempo de lectura":"2 minutos"},"schema":{"@context":"https:\/\/schema.org","@graph":[{"@type":"Article","@id":"https:\/\/luchonoticias.com\/editor\/importante-avance-en-acueducto-regional-en-garzon\/#article","isPartOf":{"@id":"https:\/\/luchonoticias.com\/editor\/importante-avance-en-acueducto-regional-en-garzon\/"},"author":{"name":"Editor General","@id":"https:\/\/luchonoticias.com\/editor\/#\/schema\/person\/29217990ddf6f14e35912b2866d591fb"},"headline":"Importante avance en acueducto regional en Garz\u00f3n","datePublished":"2024-05-10T16:41:48+00:00","mainEntityOfPage":{"@id":"https:\/\/luchonoticias.com\/editor\/importante-avance-en-acueducto-regional-en-garzon\/"},"wordCount":336,"publisher":{"@id":"https:\/\/luchonoticias.com\/editor\/#\/schema\/person\/7a7fd911f58561fd056dbac7b55af9cd"},"image":{"@id":"https:\/\/luchonoticias.com\/editor\/importante-avance-en-acueducto-regional-en-garzon\/#primaryimage"},"thumbnailUrl":"https:\/\/luchonoticias.com\/editor\/wp-content\/uploads\/2024\/05\/acueducto-garzonb.jpg","articleSection":["Huila"],"inLanguage":"es"},{"@type":"WebPage","@id":"https:\/\/luchonoticias.com\/editor\/importante-avance-en-acueducto-regional-en-garzon\/","url":"https:\/\/luchonoticias.com\/editor\/importante-avance-en-acueducto-regional-en-garzon\/","name":"Importante avance en acueducto regional en Garz\u00f3n -","isPartOf":{"@id":"https:\/\/luchonoticias.com\/editor\/#website"},"primaryImageOfPage":{"@id":"https:\/\/luchonoticias.com\/editor\/importante-avance-en-acueducto-regional-en-garzon\/#primaryimage"},"image":{"@id":"https:\/\/luchonoticias.com\/editor\/importante-avance-en-acueducto-regional-en-garzon\/#primaryimage"},"thumbnailUrl":"https:\/\/luchonoticias.com\/editor\/wp-content\/uploads\/2024\/05\/acueducto-garzonb.jpg","datePublished":"2024-05-10T16:41:48+00:00","breadcrumb":{"@id":"https:\/\/luchonoticias.com\/editor\/importante-avance-en-acueducto-regional-en-garzon\/#breadcrumb"},"inLanguage":"es","potentialAction":[{"@type":"ReadAction","target":["https:\/\/luchonoticias.com\/editor\/importante-avance-en-acueducto-regional-en-garzon\/"]}]},{"@type":"ImageObject","inLanguage":"es","@id":"https:\/\/luchonoticias.com\/editor\/importante-avance-en-acueducto-regional-en-garzon\/#primaryimage","url":"https:\/\/luchonoticias.com\/editor\/wp-content\/uploads\/2024\/05\/acueducto-garzonb.jpg","contentUrl":"https:\/\/luchonoticias.com\/editor\/wp-content\/uploads\/2024\/05\/acueducto-garzonb.jpg","width":700,"height":400},{"@type":"BreadcrumbList","@id":"https:\/\/luchonoticias.com\/editor\/importante-avance-en-acueducto-regional-en-garzon\/#breadcrumb","itemListElement":[{"@type":"ListItem","position":1,"name":"Portada","item":"https:\/\/luchonoticias.com\/editor\/"},{"@type":"ListItem","position":2,"name":"Importante avance en acueducto regional en Garz\u00f3n"}]},{"@type":"WebSite","@id":"https:\/\/luchonoticias.com\/editor\/#website","url":"https:\/\/luchonoticias.com\/editor\/","name":"","description":"","publisher":{"@id":"https:\/\/luchonoticias.com\/editor\/#\/schema\/person\/7a7fd911f58561fd056dbac7b55af9cd"},"potentialAction":[{"@type":"SearchAction","target":{"@type":"EntryPoint","urlTemplate":"https:\/\/luchonoticias.com\/editor\/?s={search_term_string}"},"query-input":{"@type":"PropertyValueSpecification","valueRequired":true,"valueName":"search_term_string"}}],"inLanguage":"es"},{"@type":["Person","Organization"],"@id":"https:\/\/luchonoticias.com\/editor\/#\/schema\/person\/7a7fd911f58561fd056dbac7b55af9cd","name":"admin","image":{"@type":"ImageObject","inLanguage":"es","@id":"https:\/\/luchonoticias.com\/editor\/#\/schema\/person\/image\/","url":"https:\/\/luchonoticias.com\/editor\/wp-content\/uploads\/2024\/02\/cropped-cropped-logolu.webp","contentUrl":"https:\/\/luchonoticias.com\/editor\/wp-content\/uploads\/2024\/02\/cropped-cropped-logolu.webp","width":382,"height":170,"caption":"admin"},"logo":{"@id":"https:\/\/luchonoticias.com\/editor\/#\/schema\/person\/image\/"},"sameAs":["https:\/\/www.facebook.com\/luchonoticiasneiva"]},{"@type":"Person","@id":"https:\/\/luchonoticias.com\/editor\/#\/schema\/person\/29217990ddf6f14e35912b2866d591fb","name":"Editor General","image":{"@type":"ImageObject","inLanguage":"es","@id":"https:\/\/luchonoticias.com\/editor\/#\/schema\/person\/image\/","url":"https:\/\/luchonoticias.com\/editor\/wp-content\/uploads\/2024\/02\/cropped-cropped-logolu-150x150.webp","contentUrl":"https:\/\/luchonoticias.com\/editor\/wp-content\/uploads\/2024\/02\/cropped-cropped-logolu-150x150.webp","caption":"Editor General"},"sameAs":["https:\/\/luchonoticias.com\/"],"url":"https:\/\/luchonoticias.com\/editor\/author\/editor-general\/"}]}},"_links":{"self":[{"href":"https:\/\/luchonoticias.com\/editor\/wp-json\/wp\/v2\/posts\/72947","targetHints":{"allow":["GET"]}}],"collection":[{"href":"https:\/\/luchonoticias.com\/editor\/wp-json\/wp\/v2\/posts"}],"about":[{"href":"https:\/\/luchonoticias.com\/editor\/wp-json\/wp\/v2\/types\/post"}],"author":[{"embeddable":true,"href":"https:\/\/luchonoticias.com\/editor\/wp-json\/wp\/v2\/users\/2"}],"replies":[{"embeddable":true,"href":"https:\/\/luchonoticias.com\/editor\/wp-json\/wp\/v2\/comments?post=72947"}],"version-history":[{"count":0,"href":"https:\/\/luchonoticias.com\/editor\/wp-json\/wp\/v2\/posts\/72947\/revisions"}],"wp:featuredmedia":[{"embeddable":true,"href":"https:\/\/luchonoticias.com\/editor\/wp-json\/wp\/v2\/media\/72948"}],"wp:attachment":[{"href":"https:\/\/luchonoticias.com\/editor\/wp-json\/wp\/v2\/media?parent=72947"}],"wp:term":[{"taxonomy":"category","embeddable":true,"href":"https:\/\/luchonoticias.com\/editor\/wp-json\/wp\/v2\/categories?post=72947"},{"taxonomy":"post_tag","embeddable":true,"href":"https:\/\/luchonoticias.com\/editor\/wp-json\/wp\/v2\/tags?post=72947"}],"curies":[{"name":"wp","href":"https:\/\/api.w.org\/{rel}","templated":true}]}}