{"id":72950,"date":"2024-05-10T11:52:34","date_gmt":"2024-05-10T16:52:34","guid":{"rendered":"https:\/\/luchonoticias.com\/?p=72950"},"modified":"2024-05-10T11:52:34","modified_gmt":"2024-05-10T16:52:34","slug":"presidente-pide-orden-de-detencion-para-el-primer-ministro-israeli","status":"publish","type":"post","link":"https:\/\/luchonoticias.com\/editor\/presidente-pide-orden-de-detencion-para-el-primer-ministro-israeli\/","title":{"rendered":"Presidente pide orden de detenci\u00f3n para el primer ministro israel\u00ed"},"content":{"rendered":"<p>El presidente de Colombia, Gustavo Petro, ha instado a la Corte Penal Internacional (CPI) a emitir una orden de detenci\u00f3n contra el primer ministro de Israel,\u00a0Benjam\u00edn Netanyahu, luego de que este manifestara que su pa\u00eds seguir\u00e1 con\u00a0los bombardeos en\u00a0Gaza incluso sin el apoyo de EE.UU., su principal aliado.<\/p>\n<p>\u00abNetanyahu no detendr\u00e1 el genocidio. Lo cual implica una orden de detenci\u00f3n internacional de la Corte Penal\u00bb, escribi\u00f3 el mandatario colombiano, a la par que pidi\u00f3 que el Consejo de Seguridad de Naciones Unidas comience a \u00abconsiderar el establecimiento de una\u00a0<strong>fuerza de paz en el territorio de Gaza<\/strong>\u00ab.<\/p>\n<p>La v\u00edspera, el primer ministro israel\u00ed\u00a0public\u00f3\u00a0un videomensaje en su cuenta de X en el que asever\u00f3 que Tel Aviv est\u00e1 decidido a seguir combatiendo a Ham\u00e1s en Gaza, y que no teme quedarse solo. Previamente, Washington hab\u00eda\u00a0amenazado\u00a0con una\u00a0eventual interrupci\u00f3n del suministro de cierto tipo de armas al pa\u00eds hebreo si lanza una \u00abg<strong>ran operaci\u00f3n terrestre<\/strong>\u00bb contra la ciudad gazat\u00ed de Rafa.<\/p>\n<p>Con informaci\u00f3n de RT en Espa\u00f1ol.<\/p>\n","protected":false},"excerpt":{"rendered":"<p>El presidente de Colombia, Gustavo Petro, ha instado a la Corte Penal Internacional (CPI) a emitir una orden de detenci\u00f3n contra el primer ministro de Israel,\u00a0Benjam\u00edn Netanyahu, luego de que este manifestara que su pa\u00eds seguir\u00e1 con\u00a0los bombardeos en\u00a0Gaza incluso sin el apoyo de EE.UU., su principal aliado. \u00abNetanyahu no detendr\u00e1 el genocidio. Lo cual [&hellip;]<\/p>\n","protected":false},"author":2,"featured_media":72613,"comment_status":"closed","ping_status":"open","sticky":false,"template":"","format":"standard","meta":{"footnotes":""},"categories":[28],"tags":[],"class_list":["post-72950","post","type-post","status-publish","format-standard","has-post-thumbnail","hentry","category-actualidad"],"yoast_head":"<!-- This site is optimized with the Yoast SEO plugin v26.6 - https:\/\/yoast.com\/wordpress\/plugins\/seo\/ -->\n<title>Presidente pide orden de detenci\u00f3n para el primer ministro israel\u00ed -<\/title>\n<meta name=\"robots\" content=\"index, follow, max-snippet:-1, max-image-preview:large, max-video-preview:-1\" \/>\n<link rel=\"canonical\" href=\"https:\/\/luchonoticias.com\/editor\/presidente-pide-orden-de-detencion-para-el-primer-ministro-israeli\/\" \/>\n<meta property=\"og:locale\" content=\"es_ES\" \/>\n<meta property=\"og:type\" content=\"article\" \/>\n<meta property=\"og:title\" content=\"Presidente pide orden de detenci\u00f3n para el primer ministro israel\u00ed -\" \/>\n<meta property=\"og:url\" content=\"https:\/\/luchonoticias.com\/editor\/presidente-pide-orden-de-detencion-para-el-primer-ministro-israeli\/\" \/>\n<meta property=\"article:publisher\" content=\"https:\/\/www.facebook.com\/luchonoticiasneiva\" \/>\n<meta property=\"article:published_time\" content=\"2024-05-10T16:52:34+00:00\" \/>\n<meta property=\"og:image\" content=\"https:\/\/luchonoticias.com\/editor\/wp-content\/uploads\/2024\/05\/petro.jpg\" \/>\n\t<meta property=\"og:image:width\" content=\"700\" \/>\n\t<meta property=\"og:image:height\" content=\"400\" \/>\n\t<meta property=\"og:image:type\" content=\"image\/jpeg\" \/>\n<meta name=\"author\" content=\"Editor General\" \/>\n<meta name=\"twitter:card\" content=\"summary_large_image\" \/>\n<meta name=\"twitter:label1\" content=\"Escrito por\" \/>\n\t<meta name=\"twitter:data1\" content=\"Editor General\" \/>\n\t<meta name=\"twitter:label2\" content=\"Tiempo de lectura\" \/>\n\t<meta name=\"twitter:data2\" content=\"1 minuto\" \/>\n<script type=\"application\/ld+json\" class=\"yoast-schema-graph\">{\"@context\":\"https:\/\/schema.org\",\"@graph\":[{\"@type\":\"Article\",\"@id\":\"https:\/\/luchonoticias.com\/editor\/presidente-pide-orden-de-detencion-para-el-primer-ministro-israeli\/#article\",\"isPartOf\":{\"@id\":\"https:\/\/luchonoticias.com\/editor\/presidente-pide-orden-de-detencion-para-el-primer-ministro-israeli\/\"},\"author\":{\"name\":\"Editor General\",\"@id\":\"https:\/\/luchonoticias.com\/editor\/#\/schema\/person\/29217990ddf6f14e35912b2866d591fb\"},\"headline\":\"Presidente pide orden de detenci\u00f3n para el primer ministro israel\u00ed\",\"datePublished\":\"2024-05-10T16:52:34+00:00\",\"mainEntityOfPage\":{\"@id\":\"https:\/\/luchonoticias.com\/editor\/presidente-pide-orden-de-detencion-para-el-primer-ministro-israeli\/\"},\"wordCount\":196,\"publisher\":{\"@id\":\"https:\/\/luchonoticias.com\/editor\/#\/schema\/person\/7a7fd911f58561fd056dbac7b55af9cd\"},\"image\":{\"@id\":\"https:\/\/luchonoticias.com\/editor\/presidente-pide-orden-de-detencion-para-el-primer-ministro-israeli\/#primaryimage\"},\"thumbnailUrl\":\"https:\/\/luchonoticias.com\/editor\/wp-content\/uploads\/2024\/05\/petro.jpg\",\"articleSection\":[\"Actualidad\"],\"inLanguage\":\"es\"},{\"@type\":\"WebPage\",\"@id\":\"https:\/\/luchonoticias.com\/editor\/presidente-pide-orden-de-detencion-para-el-primer-ministro-israeli\/\",\"url\":\"https:\/\/luchonoticias.com\/editor\/presidente-pide-orden-de-detencion-para-el-primer-ministro-israeli\/\",\"name\":\"Presidente pide orden de detenci\u00f3n para el primer ministro israel\u00ed -\",\"isPartOf\":{\"@id\":\"https:\/\/luchonoticias.com\/editor\/#website\"},\"primaryImageOfPage\":{\"@id\":\"https:\/\/luchonoticias.com\/editor\/presidente-pide-orden-de-detencion-para-el-primer-ministro-israeli\/#primaryimage\"},\"image\":{\"@id\":\"https:\/\/luchonoticias.com\/editor\/presidente-pide-orden-de-detencion-para-el-primer-ministro-israeli\/#primaryimage\"},\"thumbnailUrl\":\"https:\/\/luchonoticias.com\/editor\/wp-content\/uploads\/2024\/05\/petro.jpg\",\"datePublished\":\"2024-05-10T16:52:34+00:00\",\"breadcrumb\":{\"@id\":\"https:\/\/luchonoticias.com\/editor\/presidente-pide-orden-de-detencion-para-el-primer-ministro-israeli\/#breadcrumb\"},\"inLanguage\":\"es\",\"potentialAction\":[{\"@type\":\"ReadAction\",\"target\":[\"https:\/\/luchonoticias.com\/editor\/presidente-pide-orden-de-detencion-para-el-primer-ministro-israeli\/\"]}]},{\"@type\":\"ImageObject\",\"inLanguage\":\"es\",\"@id\":\"https:\/\/luchonoticias.com\/editor\/presidente-pide-orden-de-detencion-para-el-primer-ministro-israeli\/#primaryimage\",\"url\":\"https:\/\/luchonoticias.com\/editor\/wp-content\/uploads\/2024\/05\/petro.jpg\",\"contentUrl\":\"https:\/\/luchonoticias.com\/editor\/wp-content\/uploads\/2024\/05\/petro.jpg\",\"width\":700,\"height\":400},{\"@type\":\"BreadcrumbList\",\"@id\":\"https:\/\/luchonoticias.com\/editor\/presidente-pide-orden-de-detencion-para-el-primer-ministro-israeli\/#breadcrumb\",\"itemListElement\":[{\"@type\":\"ListItem\",\"position\":1,\"name\":\"Portada\",\"item\":\"https:\/\/luchonoticias.com\/editor\/\"},{\"@type\":\"ListItem\",\"position\":2,\"name\":\"Presidente pide orden de detenci\u00f3n para el primer ministro israel\u00ed\"}]},{\"@type\":\"WebSite\",\"@id\":\"https:\/\/luchonoticias.com\/editor\/#website\",\"url\":\"https:\/\/luchonoticias.com\/editor\/\",\"name\":\"\",\"description\":\"\",\"publisher\":{\"@id\":\"https:\/\/luchonoticias.com\/editor\/#\/schema\/person\/7a7fd911f58561fd056dbac7b55af9cd\"},\"potentialAction\":[{\"@type\":\"SearchAction\",\"target\":{\"@type\":\"EntryPoint\",\"urlTemplate\":\"https:\/\/luchonoticias.com\/editor\/?s={search_term_string}\"},\"query-input\":{\"@type\":\"PropertyValueSpecification\",\"valueRequired\":true,\"valueName\":\"search_term_string\"}}],\"inLanguage\":\"es\"},{\"@type\":[\"Person\",\"Organization\"],\"@id\":\"https:\/\/luchonoticias.com\/editor\/#\/schema\/person\/7a7fd911f58561fd056dbac7b55af9cd\",\"name\":\"admin\",\"image\":{\"@type\":\"ImageObject\",\"inLanguage\":\"es\",\"@id\":\"https:\/\/luchonoticias.com\/editor\/#\/schema\/person\/image\/\",\"url\":\"https:\/\/luchonoticias.com\/editor\/wp-content\/uploads\/2024\/02\/cropped-cropped-logolu.webp\",\"contentUrl\":\"https:\/\/luchonoticias.com\/editor\/wp-content\/uploads\/2024\/02\/cropped-cropped-logolu.webp\",\"width\":382,\"height\":170,\"caption\":\"admin\"},\"logo\":{\"@id\":\"https:\/\/luchonoticias.com\/editor\/#\/schema\/person\/image\/\"},\"sameAs\":[\"https:\/\/www.facebook.com\/luchonoticiasneiva\"]},{\"@type\":\"Person\",\"@id\":\"https:\/\/luchonoticias.com\/editor\/#\/schema\/person\/29217990ddf6f14e35912b2866d591fb\",\"name\":\"Editor General\",\"image\":{\"@type\":\"ImageObject\",\"inLanguage\":\"es\",\"@id\":\"https:\/\/luchonoticias.com\/editor\/#\/schema\/person\/image\/\",\"url\":\"https:\/\/luchonoticias.com\/editor\/wp-content\/uploads\/2024\/02\/cropped-cropped-logolu-150x150.webp\",\"contentUrl\":\"https:\/\/luchonoticias.com\/editor\/wp-content\/uploads\/2024\/02\/cropped-cropped-logolu-150x150.webp\",\"caption\":\"Editor General\"},\"sameAs\":[\"https:\/\/luchonoticias.com\/\"],\"url\":\"https:\/\/luchonoticias.com\/editor\/author\/editor-general\/\"}]}<\/script>\n<!-- \/ Yoast SEO plugin. -->","yoast_head_json":{"title":"Presidente pide orden de detenci\u00f3n para el primer ministro israel\u00ed -","robots":{"index":"index","follow":"follow","max-snippet":"max-snippet:-1","max-image-preview":"max-image-preview:large","max-video-preview":"max-video-preview:-1"},"canonical":"https:\/\/luchonoticias.com\/editor\/presidente-pide-orden-de-detencion-para-el-primer-ministro-israeli\/","og_locale":"es_ES","og_type":"article","og_title":"Presidente pide orden de detenci\u00f3n para el primer ministro israel\u00ed -","og_url":"https:\/\/luchonoticias.com\/editor\/presidente-pide-orden-de-detencion-para-el-primer-ministro-israeli\/","article_publisher":"https:\/\/www.facebook.com\/luchonoticiasneiva","article_published_time":"2024-05-10T16:52:34+00:00","og_image":[{"width":700,"height":400,"url":"https:\/\/luchonoticias.com\/editor\/wp-content\/uploads\/2024\/05\/petro.jpg","type":"image\/jpeg"}],"author":"Editor General","twitter_card":"summary_large_image","twitter_misc":{"Escrito por":"Editor General","Tiempo de lectura":"1 minuto"},"schema":{"@context":"https:\/\/schema.org","@graph":[{"@type":"Article","@id":"https:\/\/luchonoticias.com\/editor\/presidente-pide-orden-de-detencion-para-el-primer-ministro-israeli\/#article","isPartOf":{"@id":"https:\/\/luchonoticias.com\/editor\/presidente-pide-orden-de-detencion-para-el-primer-ministro-israeli\/"},"author":{"name":"Editor General","@id":"https:\/\/luchonoticias.com\/editor\/#\/schema\/person\/29217990ddf6f14e35912b2866d591fb"},"headline":"Presidente pide orden de detenci\u00f3n para el primer ministro israel\u00ed","datePublished":"2024-05-10T16:52:34+00:00","mainEntityOfPage":{"@id":"https:\/\/luchonoticias.com\/editor\/presidente-pide-orden-de-detencion-para-el-primer-ministro-israeli\/"},"wordCount":196,"publisher":{"@id":"https:\/\/luchonoticias.com\/editor\/#\/schema\/person\/7a7fd911f58561fd056dbac7b55af9cd"},"image":{"@id":"https:\/\/luchonoticias.com\/editor\/presidente-pide-orden-de-detencion-para-el-primer-ministro-israeli\/#primaryimage"},"thumbnailUrl":"https:\/\/luchonoticias.com\/editor\/wp-content\/uploads\/2024\/05\/petro.jpg","articleSection":["Actualidad"],"inLanguage":"es"},{"@type":"WebPage","@id":"https:\/\/luchonoticias.com\/editor\/presidente-pide-orden-de-detencion-para-el-primer-ministro-israeli\/","url":"https:\/\/luchonoticias.com\/editor\/presidente-pide-orden-de-detencion-para-el-primer-ministro-israeli\/","name":"Presidente pide orden de detenci\u00f3n para el primer ministro israel\u00ed -","isPartOf":{"@id":"https:\/\/luchonoticias.com\/editor\/#website"},"primaryImageOfPage":{"@id":"https:\/\/luchonoticias.com\/editor\/presidente-pide-orden-de-detencion-para-el-primer-ministro-israeli\/#primaryimage"},"image":{"@id":"https:\/\/luchonoticias.com\/editor\/presidente-pide-orden-de-detencion-para-el-primer-ministro-israeli\/#primaryimage"},"thumbnailUrl":"https:\/\/luchonoticias.com\/editor\/wp-content\/uploads\/2024\/05\/petro.jpg","datePublished":"2024-05-10T16:52:34+00:00","breadcrumb":{"@id":"https:\/\/luchonoticias.com\/editor\/presidente-pide-orden-de-detencion-para-el-primer-ministro-israeli\/#breadcrumb"},"inLanguage":"es","potentialAction":[{"@type":"ReadAction","target":["https:\/\/luchonoticias.com\/editor\/presidente-pide-orden-de-detencion-para-el-primer-ministro-israeli\/"]}]},{"@type":"ImageObject","inLanguage":"es","@id":"https:\/\/luchonoticias.com\/editor\/presidente-pide-orden-de-detencion-para-el-primer-ministro-israeli\/#primaryimage","url":"https:\/\/luchonoticias.com\/editor\/wp-content\/uploads\/2024\/05\/petro.jpg","contentUrl":"https:\/\/luchonoticias.com\/editor\/wp-content\/uploads\/2024\/05\/petro.jpg","width":700,"height":400},{"@type":"BreadcrumbList","@id":"https:\/\/luchonoticias.com\/editor\/presidente-pide-orden-de-detencion-para-el-primer-ministro-israeli\/#breadcrumb","itemListElement":[{"@type":"ListItem","position":1,"name":"Portada","item":"https:\/\/luchonoticias.com\/editor\/"},{"@type":"ListItem","position":2,"name":"Presidente pide orden de detenci\u00f3n para el primer ministro israel\u00ed"}]},{"@type":"WebSite","@id":"https:\/\/luchonoticias.com\/editor\/#website","url":"https:\/\/luchonoticias.com\/editor\/","name":"","description":"","publisher":{"@id":"https:\/\/luchonoticias.com\/editor\/#\/schema\/person\/7a7fd911f58561fd056dbac7b55af9cd"},"potentialAction":[{"@type":"SearchAction","target":{"@type":"EntryPoint","urlTemplate":"https:\/\/luchonoticias.com\/editor\/?s={search_term_string}"},"query-input":{"@type":"PropertyValueSpecification","valueRequired":true,"valueName":"search_term_string"}}],"inLanguage":"es"},{"@type":["Person","Organization"],"@id":"https:\/\/luchonoticias.com\/editor\/#\/schema\/person\/7a7fd911f58561fd056dbac7b55af9cd","name":"admin","image":{"@type":"ImageObject","inLanguage":"es","@id":"https:\/\/luchonoticias.com\/editor\/#\/schema\/person\/image\/","url":"https:\/\/luchonoticias.com\/editor\/wp-content\/uploads\/2024\/02\/cropped-cropped-logolu.webp","contentUrl":"https:\/\/luchonoticias.com\/editor\/wp-content\/uploads\/2024\/02\/cropped-cropped-logolu.webp","width":382,"height":170,"caption":"admin"},"logo":{"@id":"https:\/\/luchonoticias.com\/editor\/#\/schema\/person\/image\/"},"sameAs":["https:\/\/www.facebook.com\/luchonoticiasneiva"]},{"@type":"Person","@id":"https:\/\/luchonoticias.com\/editor\/#\/schema\/person\/29217990ddf6f14e35912b2866d591fb","name":"Editor General","image":{"@type":"ImageObject","inLanguage":"es","@id":"https:\/\/luchonoticias.com\/editor\/#\/schema\/person\/image\/","url":"https:\/\/luchonoticias.com\/editor\/wp-content\/uploads\/2024\/02\/cropped-cropped-logolu-150x150.webp","contentUrl":"https:\/\/luchonoticias.com\/editor\/wp-content\/uploads\/2024\/02\/cropped-cropped-logolu-150x150.webp","caption":"Editor General"},"sameAs":["https:\/\/luchonoticias.com\/"],"url":"https:\/\/luchonoticias.com\/editor\/author\/editor-general\/"}]}},"_links":{"self":[{"href":"https:\/\/luchonoticias.com\/editor\/wp-json\/wp\/v2\/posts\/72950","targetHints":{"allow":["GET"]}}],"collection":[{"href":"https:\/\/luchonoticias.com\/editor\/wp-json\/wp\/v2\/posts"}],"about":[{"href":"https:\/\/luchonoticias.com\/editor\/wp-json\/wp\/v2\/types\/post"}],"author":[{"embeddable":true,"href":"https:\/\/luchonoticias.com\/editor\/wp-json\/wp\/v2\/users\/2"}],"replies":[{"embeddable":true,"href":"https:\/\/luchonoticias.com\/editor\/wp-json\/wp\/v2\/comments?post=72950"}],"version-history":[{"count":0,"href":"https:\/\/luchonoticias.com\/editor\/wp-json\/wp\/v2\/posts\/72950\/revisions"}],"wp:featuredmedia":[{"embeddable":true,"href":"https:\/\/luchonoticias.com\/editor\/wp-json\/wp\/v2\/media\/72613"}],"wp:attachment":[{"href":"https:\/\/luchonoticias.com\/editor\/wp-json\/wp\/v2\/media?parent=72950"}],"wp:term":[{"taxonomy":"category","embeddable":true,"href":"https:\/\/luchonoticias.com\/editor\/wp-json\/wp\/v2\/categories?post=72950"},{"taxonomy":"post_tag","embeddable":true,"href":"https:\/\/luchonoticias.com\/editor\/wp-json\/wp\/v2\/tags?post=72950"}],"curies":[{"name":"wp","href":"https:\/\/api.w.org\/{rel}","templated":true}]}}