{"id":72952,"date":"2024-05-10T12:38:45","date_gmt":"2024-05-10T17:38:45","guid":{"rendered":"https:\/\/luchonoticias.com\/?p=72952"},"modified":"2024-05-10T12:38:45","modified_gmt":"2024-05-10T17:38:45","slug":"sector-cafetero-busca-consolidar-alianza-con-la-union-europea","status":"publish","type":"post","link":"https:\/\/luchonoticias.com\/editor\/sector-cafetero-busca-consolidar-alianza-con-la-union-europea\/","title":{"rendered":"Sector cafetero busca consolidar alianza con la Uni\u00f3n Europea"},"content":{"rendered":"<p>La Uni\u00f3n Europea, la Federaci\u00f3n Nacional de Cafeteros y la Gobernaci\u00f3n del Huila organizaron en Neiva el \u201cForo para exportadores de caf\u00e9 del Departamento del Huila\u201d, en el cual m\u00e1s de 85 productores y productoras interesados en el mercado europeo pudieron socializar y resolver dudas y preguntas sobre la implementaci\u00f3n del Reglamento de la UE sobre Productos Libres de Deforestaci\u00f3n (EUDR\/2023\/1115).<\/p>\n<p>El reglamento empezar\u00e1 a regir el 31 de diciembre de 2024 y establece nuevos requerimientos para comercializar siete materias primas y sus derivados en la Uni\u00f3n Europea. En Colombia, de estos siete productos, las tres cadenas con mayores niveles de exportaci\u00f3n a la UE son el caf\u00e9, el cacao y el aceite de palma. Seg\u00fan el Reglamento, cualquier operador o comerciante que exporte al mercado europeo debe demostrar que los productos no provienen de tierras recientemente deforestadas ni han contribuido a la degradaci\u00f3n forestal.<\/p>\n<p>Erik Dhaenens, Consejero de Medio Ambiente, Clima y Empleo de la Delegaci\u00f3n de la UE en Colombia, socializ\u00f3 el origen del reglamento, los requerimientos para su implementaci\u00f3n por parte de las y los productores, y los procedimientos de cumplimiento requeridos para la exportaci\u00f3n. \u00abEl mundo se est\u00e1 transformando para asegurar a los consumidores que los productos que compran tengan sistemas de trazabilidad, sean m\u00e1s sostenibles y est\u00e9n libres de deforestaci\u00f3n. En la Uni\u00f3n Europea, esta tendencia result\u00f3 en el Reglamento 2023\/1115. Gracias a nuestro proyecto piloto con la Gobernaci\u00f3n del Huila, la Federaci\u00f3n Nacional de Cafeteros y los cafeteros y las cafeteras del departamento, estamos apoyando al sector cafetero para que cumpla con los requisitos del Reglamento, siga exportando caf\u00e9 sostenible y de calidad a nuestros pa\u00edses, y se vuelva a\u00fan m\u00e1s competitivo en un mundo en constante cambio\u201d, afirma el Consejero Dhaenens.<\/p>\n<p>El departamento del Huila es el mayor exportador de caf\u00e9 a la Uni\u00f3n Europea, motivo por el cual la Gobernaci\u00f3n se comprometi\u00f3 a impulsar este piloto: \u201cNos llena de orgullo ser el departamento con mayor exportaci\u00f3n de caf\u00e9 a la Uni\u00f3n Europea y con menores \u00edndices de deforestaci\u00f3n. Nuestro compromiso con la protecci\u00f3n del medio ambiente no s\u00f3lo se traduce en la ampliaci\u00f3n de las \u00e1reas protegidas, sino en la promoci\u00f3n de una caficultura sostenible que nos permita seguir llevando nuestro delicioso caf\u00e9 a todos los rincones de Europa\u201d dijo Carlos Cuellar, Secretario de Agricultura del Departamento.<br \/>\nS<br \/>\nGerm\u00e1n Baham\u00f3n, Gerente General de la Federaci\u00f3n Nacional de Cafeteros, y Marcela Gaviria, Directora de Proyectos y Alianzas, compartieron los avances de la Federaci\u00f3n en la implementaci\u00f3n de la reglamentaci\u00f3n, y reiteraron su compromiso de trabajo conjunto con la Uni\u00f3n Europea, el Gobierno nacional y la Gobernaci\u00f3n del Huila: \u00abAgradecemos a la Uni\u00f3n Europea por facilitar esta articulaci\u00f3n de esfuerzos para satisfacer el mercado europeo con el mejor caf\u00e9 del mundo. Casi un tercio de las exportaciones de caf\u00e9 de Colombia salen a la Uni\u00f3n Europea, y con el Reglamento 2023\/ 1115 queremos tener la certeza de hacer las cosas como debe ser, con la UE como socio\u00bb, indic\u00f3 Baham\u00f3n. Adem\u00e1s, a\u00f1adi\u00f3: \u201cHemos avanzado en la georreferenciaci\u00f3n para la no deforestaci\u00f3n y ahora queremos avanzar en la democratizaci\u00f3n de la debida diligencia para que las oportunidades de exportaci\u00f3n no sean para unos pocos, sino que todos los caficultores colombianos, 552.000 familias cafeteras, puedan exportar\u201d.<\/p>\n","protected":false},"excerpt":{"rendered":"<p>La Uni\u00f3n Europea, la Federaci\u00f3n Nacional de Cafeteros y la Gobernaci\u00f3n del Huila organizaron en Neiva el \u201cForo para exportadores de caf\u00e9 del Departamento del Huila\u201d, en el cual m\u00e1s de 85 productores y productoras interesados en el mercado europeo pudieron socializar y resolver dudas y preguntas sobre la implementaci\u00f3n del Reglamento de la UE [&hellip;]<\/p>\n","protected":false},"author":2,"featured_media":72953,"comment_status":"closed","ping_status":"open","sticky":false,"template":"","format":"standard","meta":{"footnotes":""},"categories":[33],"tags":[],"class_list":["post-72952","post","type-post","status-publish","format-standard","has-post-thumbnail","hentry","category-huila"],"yoast_head":"<!-- This site is optimized with the Yoast SEO plugin v26.6 - https:\/\/yoast.com\/wordpress\/plugins\/seo\/ -->\n<title>Sector cafetero busca consolidar alianza con la Uni\u00f3n Europea -<\/title>\n<meta name=\"robots\" content=\"index, follow, max-snippet:-1, max-image-preview:large, max-video-preview:-1\" \/>\n<link rel=\"canonical\" href=\"https:\/\/luchonoticias.com\/editor\/sector-cafetero-busca-consolidar-alianza-con-la-union-europea\/\" \/>\n<meta property=\"og:locale\" content=\"es_ES\" \/>\n<meta property=\"og:type\" content=\"article\" \/>\n<meta property=\"og:title\" content=\"Sector cafetero busca consolidar alianza con la Uni\u00f3n Europea -\" \/>\n<meta property=\"og:url\" content=\"https:\/\/luchonoticias.com\/editor\/sector-cafetero-busca-consolidar-alianza-con-la-union-europea\/\" \/>\n<meta property=\"article:publisher\" content=\"https:\/\/www.facebook.com\/luchonoticiasneiva\" \/>\n<meta property=\"article:published_time\" content=\"2024-05-10T17:38:45+00:00\" \/>\n<meta property=\"og:image\" content=\"https:\/\/luchonoticias.com\/editor\/wp-content\/uploads\/2024\/05\/foro-cafetero.jpg\" \/>\n\t<meta property=\"og:image:width\" content=\"700\" \/>\n\t<meta property=\"og:image:height\" content=\"400\" \/>\n\t<meta property=\"og:image:type\" content=\"image\/jpeg\" \/>\n<meta name=\"author\" content=\"Editor General\" \/>\n<meta name=\"twitter:card\" content=\"summary_large_image\" \/>\n<meta name=\"twitter:label1\" content=\"Escrito por\" \/>\n\t<meta name=\"twitter:data1\" content=\"Editor General\" \/>\n\t<meta name=\"twitter:label2\" content=\"Tiempo de lectura\" \/>\n\t<meta name=\"twitter:data2\" content=\"3 minutos\" \/>\n<script type=\"application\/ld+json\" class=\"yoast-schema-graph\">{\"@context\":\"https:\/\/schema.org\",\"@graph\":[{\"@type\":\"Article\",\"@id\":\"https:\/\/luchonoticias.com\/editor\/sector-cafetero-busca-consolidar-alianza-con-la-union-europea\/#article\",\"isPartOf\":{\"@id\":\"https:\/\/luchonoticias.com\/editor\/sector-cafetero-busca-consolidar-alianza-con-la-union-europea\/\"},\"author\":{\"name\":\"Editor General\",\"@id\":\"https:\/\/luchonoticias.com\/editor\/#\/schema\/person\/29217990ddf6f14e35912b2866d591fb\"},\"headline\":\"Sector cafetero busca consolidar alianza con la Uni\u00f3n Europea\",\"datePublished\":\"2024-05-10T17:38:45+00:00\",\"mainEntityOfPage\":{\"@id\":\"https:\/\/luchonoticias.com\/editor\/sector-cafetero-busca-consolidar-alianza-con-la-union-europea\/\"},\"wordCount\":592,\"publisher\":{\"@id\":\"https:\/\/luchonoticias.com\/editor\/#\/schema\/person\/7a7fd911f58561fd056dbac7b55af9cd\"},\"image\":{\"@id\":\"https:\/\/luchonoticias.com\/editor\/sector-cafetero-busca-consolidar-alianza-con-la-union-europea\/#primaryimage\"},\"thumbnailUrl\":\"https:\/\/luchonoticias.com\/editor\/wp-content\/uploads\/2024\/05\/foro-cafetero.jpg\",\"articleSection\":[\"Huila\"],\"inLanguage\":\"es\"},{\"@type\":\"WebPage\",\"@id\":\"https:\/\/luchonoticias.com\/editor\/sector-cafetero-busca-consolidar-alianza-con-la-union-europea\/\",\"url\":\"https:\/\/luchonoticias.com\/editor\/sector-cafetero-busca-consolidar-alianza-con-la-union-europea\/\",\"name\":\"Sector cafetero busca consolidar alianza con la Uni\u00f3n Europea -\",\"isPartOf\":{\"@id\":\"https:\/\/luchonoticias.com\/editor\/#website\"},\"primaryImageOfPage\":{\"@id\":\"https:\/\/luchonoticias.com\/editor\/sector-cafetero-busca-consolidar-alianza-con-la-union-europea\/#primaryimage\"},\"image\":{\"@id\":\"https:\/\/luchonoticias.com\/editor\/sector-cafetero-busca-consolidar-alianza-con-la-union-europea\/#primaryimage\"},\"thumbnailUrl\":\"https:\/\/luchonoticias.com\/editor\/wp-content\/uploads\/2024\/05\/foro-cafetero.jpg\",\"datePublished\":\"2024-05-10T17:38:45+00:00\",\"breadcrumb\":{\"@id\":\"https:\/\/luchonoticias.com\/editor\/sector-cafetero-busca-consolidar-alianza-con-la-union-europea\/#breadcrumb\"},\"inLanguage\":\"es\",\"potentialAction\":[{\"@type\":\"ReadAction\",\"target\":[\"https:\/\/luchonoticias.com\/editor\/sector-cafetero-busca-consolidar-alianza-con-la-union-europea\/\"]}]},{\"@type\":\"ImageObject\",\"inLanguage\":\"es\",\"@id\":\"https:\/\/luchonoticias.com\/editor\/sector-cafetero-busca-consolidar-alianza-con-la-union-europea\/#primaryimage\",\"url\":\"https:\/\/luchonoticias.com\/editor\/wp-content\/uploads\/2024\/05\/foro-cafetero.jpg\",\"contentUrl\":\"https:\/\/luchonoticias.com\/editor\/wp-content\/uploads\/2024\/05\/foro-cafetero.jpg\",\"width\":700,\"height\":400},{\"@type\":\"BreadcrumbList\",\"@id\":\"https:\/\/luchonoticias.com\/editor\/sector-cafetero-busca-consolidar-alianza-con-la-union-europea\/#breadcrumb\",\"itemListElement\":[{\"@type\":\"ListItem\",\"position\":1,\"name\":\"Portada\",\"item\":\"https:\/\/luchonoticias.com\/editor\/\"},{\"@type\":\"ListItem\",\"position\":2,\"name\":\"Sector cafetero busca consolidar alianza con la Uni\u00f3n Europea\"}]},{\"@type\":\"WebSite\",\"@id\":\"https:\/\/luchonoticias.com\/editor\/#website\",\"url\":\"https:\/\/luchonoticias.com\/editor\/\",\"name\":\"\",\"description\":\"\",\"publisher\":{\"@id\":\"https:\/\/luchonoticias.com\/editor\/#\/schema\/person\/7a7fd911f58561fd056dbac7b55af9cd\"},\"potentialAction\":[{\"@type\":\"SearchAction\",\"target\":{\"@type\":\"EntryPoint\",\"urlTemplate\":\"https:\/\/luchonoticias.com\/editor\/?s={search_term_string}\"},\"query-input\":{\"@type\":\"PropertyValueSpecification\",\"valueRequired\":true,\"valueName\":\"search_term_string\"}}],\"inLanguage\":\"es\"},{\"@type\":[\"Person\",\"Organization\"],\"@id\":\"https:\/\/luchonoticias.com\/editor\/#\/schema\/person\/7a7fd911f58561fd056dbac7b55af9cd\",\"name\":\"admin\",\"image\":{\"@type\":\"ImageObject\",\"inLanguage\":\"es\",\"@id\":\"https:\/\/luchonoticias.com\/editor\/#\/schema\/person\/image\/\",\"url\":\"https:\/\/luchonoticias.com\/editor\/wp-content\/uploads\/2024\/02\/cropped-cropped-logolu.webp\",\"contentUrl\":\"https:\/\/luchonoticias.com\/editor\/wp-content\/uploads\/2024\/02\/cropped-cropped-logolu.webp\",\"width\":382,\"height\":170,\"caption\":\"admin\"},\"logo\":{\"@id\":\"https:\/\/luchonoticias.com\/editor\/#\/schema\/person\/image\/\"},\"sameAs\":[\"https:\/\/www.facebook.com\/luchonoticiasneiva\"]},{\"@type\":\"Person\",\"@id\":\"https:\/\/luchonoticias.com\/editor\/#\/schema\/person\/29217990ddf6f14e35912b2866d591fb\",\"name\":\"Editor General\",\"image\":{\"@type\":\"ImageObject\",\"inLanguage\":\"es\",\"@id\":\"https:\/\/luchonoticias.com\/editor\/#\/schema\/person\/image\/\",\"url\":\"https:\/\/luchonoticias.com\/editor\/wp-content\/uploads\/2024\/02\/cropped-cropped-logolu-150x150.webp\",\"contentUrl\":\"https:\/\/luchonoticias.com\/editor\/wp-content\/uploads\/2024\/02\/cropped-cropped-logolu-150x150.webp\",\"caption\":\"Editor General\"},\"sameAs\":[\"https:\/\/luchonoticias.com\/\"],\"url\":\"https:\/\/luchonoticias.com\/editor\/author\/editor-general\/\"}]}<\/script>\n<!-- \/ Yoast SEO plugin. -->","yoast_head_json":{"title":"Sector cafetero busca consolidar alianza con la Uni\u00f3n Europea -","robots":{"index":"index","follow":"follow","max-snippet":"max-snippet:-1","max-image-preview":"max-image-preview:large","max-video-preview":"max-video-preview:-1"},"canonical":"https:\/\/luchonoticias.com\/editor\/sector-cafetero-busca-consolidar-alianza-con-la-union-europea\/","og_locale":"es_ES","og_type":"article","og_title":"Sector cafetero busca consolidar alianza con la Uni\u00f3n Europea -","og_url":"https:\/\/luchonoticias.com\/editor\/sector-cafetero-busca-consolidar-alianza-con-la-union-europea\/","article_publisher":"https:\/\/www.facebook.com\/luchonoticiasneiva","article_published_time":"2024-05-10T17:38:45+00:00","og_image":[{"width":700,"height":400,"url":"https:\/\/luchonoticias.com\/editor\/wp-content\/uploads\/2024\/05\/foro-cafetero.jpg","type":"image\/jpeg"}],"author":"Editor General","twitter_card":"summary_large_image","twitter_misc":{"Escrito por":"Editor General","Tiempo de lectura":"3 minutos"},"schema":{"@context":"https:\/\/schema.org","@graph":[{"@type":"Article","@id":"https:\/\/luchonoticias.com\/editor\/sector-cafetero-busca-consolidar-alianza-con-la-union-europea\/#article","isPartOf":{"@id":"https:\/\/luchonoticias.com\/editor\/sector-cafetero-busca-consolidar-alianza-con-la-union-europea\/"},"author":{"name":"Editor General","@id":"https:\/\/luchonoticias.com\/editor\/#\/schema\/person\/29217990ddf6f14e35912b2866d591fb"},"headline":"Sector cafetero busca consolidar alianza con la Uni\u00f3n Europea","datePublished":"2024-05-10T17:38:45+00:00","mainEntityOfPage":{"@id":"https:\/\/luchonoticias.com\/editor\/sector-cafetero-busca-consolidar-alianza-con-la-union-europea\/"},"wordCount":592,"publisher":{"@id":"https:\/\/luchonoticias.com\/editor\/#\/schema\/person\/7a7fd911f58561fd056dbac7b55af9cd"},"image":{"@id":"https:\/\/luchonoticias.com\/editor\/sector-cafetero-busca-consolidar-alianza-con-la-union-europea\/#primaryimage"},"thumbnailUrl":"https:\/\/luchonoticias.com\/editor\/wp-content\/uploads\/2024\/05\/foro-cafetero.jpg","articleSection":["Huila"],"inLanguage":"es"},{"@type":"WebPage","@id":"https:\/\/luchonoticias.com\/editor\/sector-cafetero-busca-consolidar-alianza-con-la-union-europea\/","url":"https:\/\/luchonoticias.com\/editor\/sector-cafetero-busca-consolidar-alianza-con-la-union-europea\/","name":"Sector cafetero busca consolidar alianza con la Uni\u00f3n Europea -","isPartOf":{"@id":"https:\/\/luchonoticias.com\/editor\/#website"},"primaryImageOfPage":{"@id":"https:\/\/luchonoticias.com\/editor\/sector-cafetero-busca-consolidar-alianza-con-la-union-europea\/#primaryimage"},"image":{"@id":"https:\/\/luchonoticias.com\/editor\/sector-cafetero-busca-consolidar-alianza-con-la-union-europea\/#primaryimage"},"thumbnailUrl":"https:\/\/luchonoticias.com\/editor\/wp-content\/uploads\/2024\/05\/foro-cafetero.jpg","datePublished":"2024-05-10T17:38:45+00:00","breadcrumb":{"@id":"https:\/\/luchonoticias.com\/editor\/sector-cafetero-busca-consolidar-alianza-con-la-union-europea\/#breadcrumb"},"inLanguage":"es","potentialAction":[{"@type":"ReadAction","target":["https:\/\/luchonoticias.com\/editor\/sector-cafetero-busca-consolidar-alianza-con-la-union-europea\/"]}]},{"@type":"ImageObject","inLanguage":"es","@id":"https:\/\/luchonoticias.com\/editor\/sector-cafetero-busca-consolidar-alianza-con-la-union-europea\/#primaryimage","url":"https:\/\/luchonoticias.com\/editor\/wp-content\/uploads\/2024\/05\/foro-cafetero.jpg","contentUrl":"https:\/\/luchonoticias.com\/editor\/wp-content\/uploads\/2024\/05\/foro-cafetero.jpg","width":700,"height":400},{"@type":"BreadcrumbList","@id":"https:\/\/luchonoticias.com\/editor\/sector-cafetero-busca-consolidar-alianza-con-la-union-europea\/#breadcrumb","itemListElement":[{"@type":"ListItem","position":1,"name":"Portada","item":"https:\/\/luchonoticias.com\/editor\/"},{"@type":"ListItem","position":2,"name":"Sector cafetero busca consolidar alianza con la Uni\u00f3n Europea"}]},{"@type":"WebSite","@id":"https:\/\/luchonoticias.com\/editor\/#website","url":"https:\/\/luchonoticias.com\/editor\/","name":"","description":"","publisher":{"@id":"https:\/\/luchonoticias.com\/editor\/#\/schema\/person\/7a7fd911f58561fd056dbac7b55af9cd"},"potentialAction":[{"@type":"SearchAction","target":{"@type":"EntryPoint","urlTemplate":"https:\/\/luchonoticias.com\/editor\/?s={search_term_string}"},"query-input":{"@type":"PropertyValueSpecification","valueRequired":true,"valueName":"search_term_string"}}],"inLanguage":"es"},{"@type":["Person","Organization"],"@id":"https:\/\/luchonoticias.com\/editor\/#\/schema\/person\/7a7fd911f58561fd056dbac7b55af9cd","name":"admin","image":{"@type":"ImageObject","inLanguage":"es","@id":"https:\/\/luchonoticias.com\/editor\/#\/schema\/person\/image\/","url":"https:\/\/luchonoticias.com\/editor\/wp-content\/uploads\/2024\/02\/cropped-cropped-logolu.webp","contentUrl":"https:\/\/luchonoticias.com\/editor\/wp-content\/uploads\/2024\/02\/cropped-cropped-logolu.webp","width":382,"height":170,"caption":"admin"},"logo":{"@id":"https:\/\/luchonoticias.com\/editor\/#\/schema\/person\/image\/"},"sameAs":["https:\/\/www.facebook.com\/luchonoticiasneiva"]},{"@type":"Person","@id":"https:\/\/luchonoticias.com\/editor\/#\/schema\/person\/29217990ddf6f14e35912b2866d591fb","name":"Editor General","image":{"@type":"ImageObject","inLanguage":"es","@id":"https:\/\/luchonoticias.com\/editor\/#\/schema\/person\/image\/","url":"https:\/\/luchonoticias.com\/editor\/wp-content\/uploads\/2024\/02\/cropped-cropped-logolu-150x150.webp","contentUrl":"https:\/\/luchonoticias.com\/editor\/wp-content\/uploads\/2024\/02\/cropped-cropped-logolu-150x150.webp","caption":"Editor General"},"sameAs":["https:\/\/luchonoticias.com\/"],"url":"https:\/\/luchonoticias.com\/editor\/author\/editor-general\/"}]}},"_links":{"self":[{"href":"https:\/\/luchonoticias.com\/editor\/wp-json\/wp\/v2\/posts\/72952","targetHints":{"allow":["GET"]}}],"collection":[{"href":"https:\/\/luchonoticias.com\/editor\/wp-json\/wp\/v2\/posts"}],"about":[{"href":"https:\/\/luchonoticias.com\/editor\/wp-json\/wp\/v2\/types\/post"}],"author":[{"embeddable":true,"href":"https:\/\/luchonoticias.com\/editor\/wp-json\/wp\/v2\/users\/2"}],"replies":[{"embeddable":true,"href":"https:\/\/luchonoticias.com\/editor\/wp-json\/wp\/v2\/comments?post=72952"}],"version-history":[{"count":0,"href":"https:\/\/luchonoticias.com\/editor\/wp-json\/wp\/v2\/posts\/72952\/revisions"}],"wp:featuredmedia":[{"embeddable":true,"href":"https:\/\/luchonoticias.com\/editor\/wp-json\/wp\/v2\/media\/72953"}],"wp:attachment":[{"href":"https:\/\/luchonoticias.com\/editor\/wp-json\/wp\/v2\/media?parent=72952"}],"wp:term":[{"taxonomy":"category","embeddable":true,"href":"https:\/\/luchonoticias.com\/editor\/wp-json\/wp\/v2\/categories?post=72952"},{"taxonomy":"post_tag","embeddable":true,"href":"https:\/\/luchonoticias.com\/editor\/wp-json\/wp\/v2\/tags?post=72952"}],"curies":[{"name":"wp","href":"https:\/\/api.w.org\/{rel}","templated":true}]}}