{"id":72955,"date":"2024-05-10T12:47:02","date_gmt":"2024-05-10T17:47:02","guid":{"rendered":"https:\/\/luchonoticias.com\/?p=72955"},"modified":"2024-05-10T12:47:02","modified_gmt":"2024-05-10T17:47:02","slug":"danos-en-red-semaforica-de-la-carrera-segunda-de-neiva","status":"publish","type":"post","link":"https:\/\/luchonoticias.com\/editor\/danos-en-red-semaforica-de-la-carrera-segunda-de-neiva\/","title":{"rendered":"Da\u00f1os en red semaf\u00f3rica de la Carrera Segunda de Neiva"},"content":{"rendered":"<p>Sobre las 9:30 de la noche anterior, un tractocami\u00f3n no identificado choc\u00f3 contra el sem\u00e1foro ubicado sobre la carrera Segunda sentido norte &#8211; sur, dejando sin funcionamiento toda la red.<\/p>\n<p>El choque ocasionado en el poste, gener\u00f3 la ruptura del cableado y da\u00f1o completo de los soportes de ambos sem\u00e1foros S1 y S2, inferior y superior respectivamente.<\/p>\n<p>El reporte que entrega el personal t\u00e9cnico en campo, hace referencia al da\u00f1o en el sem\u00e1foro S1, inferior, el cual tuvo que ser cambiado en su totalidad al igual que el cable.<\/p>\n<p>El costo de la reparaci\u00f3n de la red semaf\u00f3rica asciende a 3.500.000 pesos. Desde la Alcald\u00eda de Neiva se hace un llamado a la comunidad para denunciar al 123 cualquier hecho que atente contra los sem\u00e1foros de la ciudad, pues estos garantizan la movilidad segura en las v\u00edas.<\/p>\n","protected":false},"excerpt":{"rendered":"<p>Sobre las 9:30 de la noche anterior, un tractocami\u00f3n no identificado choc\u00f3 contra el sem\u00e1foro ubicado sobre la carrera Segunda sentido norte &#8211; sur, dejando sin funcionamiento toda la red. El choque ocasionado en el poste, gener\u00f3 la ruptura del cableado y da\u00f1o completo de los soportes de ambos sem\u00e1foros S1 y S2, inferior y [&hellip;]<\/p>\n","protected":false},"author":2,"featured_media":72956,"comment_status":"closed","ping_status":"open","sticky":false,"template":"","format":"standard","meta":{"footnotes":""},"categories":[31],"tags":[],"class_list":["post-72955","post","type-post","status-publish","format-standard","has-post-thumbnail","hentry","category-local"],"yoast_head":"<!-- This site is optimized with the Yoast SEO plugin v26.6 - https:\/\/yoast.com\/wordpress\/plugins\/seo\/ -->\n<title>Da\u00f1os en red semaf\u00f3rica de la Carrera Segunda de Neiva -<\/title>\n<meta name=\"robots\" content=\"index, follow, max-snippet:-1, max-image-preview:large, max-video-preview:-1\" \/>\n<link rel=\"canonical\" href=\"https:\/\/luchonoticias.com\/editor\/danos-en-red-semaforica-de-la-carrera-segunda-de-neiva\/\" \/>\n<meta property=\"og:locale\" content=\"es_ES\" \/>\n<meta property=\"og:type\" content=\"article\" \/>\n<meta property=\"og:title\" content=\"Da\u00f1os en red semaf\u00f3rica de la Carrera Segunda de Neiva -\" \/>\n<meta property=\"og:url\" content=\"https:\/\/luchonoticias.com\/editor\/danos-en-red-semaforica-de-la-carrera-segunda-de-neiva\/\" \/>\n<meta property=\"article:publisher\" content=\"https:\/\/www.facebook.com\/luchonoticiasneiva\" \/>\n<meta property=\"article:published_time\" content=\"2024-05-10T17:47:02+00:00\" \/>\n<meta property=\"og:image\" content=\"https:\/\/luchonoticias.com\/editor\/wp-content\/uploads\/2024\/05\/semaforos-neiva.jpg\" \/>\n\t<meta property=\"og:image:width\" content=\"700\" \/>\n\t<meta property=\"og:image:height\" content=\"400\" \/>\n\t<meta property=\"og:image:type\" content=\"image\/jpeg\" \/>\n<meta name=\"author\" content=\"Editor General\" \/>\n<meta name=\"twitter:card\" content=\"summary_large_image\" \/>\n<meta name=\"twitter:label1\" content=\"Escrito por\" \/>\n\t<meta name=\"twitter:data1\" content=\"Editor General\" \/>\n\t<meta name=\"twitter:label2\" content=\"Tiempo de lectura\" \/>\n\t<meta name=\"twitter:data2\" content=\"1 minuto\" \/>\n<script type=\"application\/ld+json\" class=\"yoast-schema-graph\">{\"@context\":\"https:\/\/schema.org\",\"@graph\":[{\"@type\":\"Article\",\"@id\":\"https:\/\/luchonoticias.com\/editor\/danos-en-red-semaforica-de-la-carrera-segunda-de-neiva\/#article\",\"isPartOf\":{\"@id\":\"https:\/\/luchonoticias.com\/editor\/danos-en-red-semaforica-de-la-carrera-segunda-de-neiva\/\"},\"author\":{\"name\":\"Editor General\",\"@id\":\"https:\/\/luchonoticias.com\/editor\/#\/schema\/person\/29217990ddf6f14e35912b2866d591fb\"},\"headline\":\"Da\u00f1os en red semaf\u00f3rica de la Carrera Segunda de Neiva\",\"datePublished\":\"2024-05-10T17:47:02+00:00\",\"mainEntityOfPage\":{\"@id\":\"https:\/\/luchonoticias.com\/editor\/danos-en-red-semaforica-de-la-carrera-segunda-de-neiva\/\"},\"wordCount\":158,\"publisher\":{\"@id\":\"https:\/\/luchonoticias.com\/editor\/#\/schema\/person\/7a7fd911f58561fd056dbac7b55af9cd\"},\"image\":{\"@id\":\"https:\/\/luchonoticias.com\/editor\/danos-en-red-semaforica-de-la-carrera-segunda-de-neiva\/#primaryimage\"},\"thumbnailUrl\":\"https:\/\/luchonoticias.com\/editor\/wp-content\/uploads\/2024\/05\/semaforos-neiva.jpg\",\"articleSection\":[\"Local\"],\"inLanguage\":\"es\"},{\"@type\":\"WebPage\",\"@id\":\"https:\/\/luchonoticias.com\/editor\/danos-en-red-semaforica-de-la-carrera-segunda-de-neiva\/\",\"url\":\"https:\/\/luchonoticias.com\/editor\/danos-en-red-semaforica-de-la-carrera-segunda-de-neiva\/\",\"name\":\"Da\u00f1os en red semaf\u00f3rica de la Carrera Segunda de Neiva -\",\"isPartOf\":{\"@id\":\"https:\/\/luchonoticias.com\/editor\/#website\"},\"primaryImageOfPage\":{\"@id\":\"https:\/\/luchonoticias.com\/editor\/danos-en-red-semaforica-de-la-carrera-segunda-de-neiva\/#primaryimage\"},\"image\":{\"@id\":\"https:\/\/luchonoticias.com\/editor\/danos-en-red-semaforica-de-la-carrera-segunda-de-neiva\/#primaryimage\"},\"thumbnailUrl\":\"https:\/\/luchonoticias.com\/editor\/wp-content\/uploads\/2024\/05\/semaforos-neiva.jpg\",\"datePublished\":\"2024-05-10T17:47:02+00:00\",\"breadcrumb\":{\"@id\":\"https:\/\/luchonoticias.com\/editor\/danos-en-red-semaforica-de-la-carrera-segunda-de-neiva\/#breadcrumb\"},\"inLanguage\":\"es\",\"potentialAction\":[{\"@type\":\"ReadAction\",\"target\":[\"https:\/\/luchonoticias.com\/editor\/danos-en-red-semaforica-de-la-carrera-segunda-de-neiva\/\"]}]},{\"@type\":\"ImageObject\",\"inLanguage\":\"es\",\"@id\":\"https:\/\/luchonoticias.com\/editor\/danos-en-red-semaforica-de-la-carrera-segunda-de-neiva\/#primaryimage\",\"url\":\"https:\/\/luchonoticias.com\/editor\/wp-content\/uploads\/2024\/05\/semaforos-neiva.jpg\",\"contentUrl\":\"https:\/\/luchonoticias.com\/editor\/wp-content\/uploads\/2024\/05\/semaforos-neiva.jpg\",\"width\":700,\"height\":400},{\"@type\":\"BreadcrumbList\",\"@id\":\"https:\/\/luchonoticias.com\/editor\/danos-en-red-semaforica-de-la-carrera-segunda-de-neiva\/#breadcrumb\",\"itemListElement\":[{\"@type\":\"ListItem\",\"position\":1,\"name\":\"Portada\",\"item\":\"https:\/\/luchonoticias.com\/editor\/\"},{\"@type\":\"ListItem\",\"position\":2,\"name\":\"Da\u00f1os en red semaf\u00f3rica de la Carrera Segunda de Neiva\"}]},{\"@type\":\"WebSite\",\"@id\":\"https:\/\/luchonoticias.com\/editor\/#website\",\"url\":\"https:\/\/luchonoticias.com\/editor\/\",\"name\":\"\",\"description\":\"\",\"publisher\":{\"@id\":\"https:\/\/luchonoticias.com\/editor\/#\/schema\/person\/7a7fd911f58561fd056dbac7b55af9cd\"},\"potentialAction\":[{\"@type\":\"SearchAction\",\"target\":{\"@type\":\"EntryPoint\",\"urlTemplate\":\"https:\/\/luchonoticias.com\/editor\/?s={search_term_string}\"},\"query-input\":{\"@type\":\"PropertyValueSpecification\",\"valueRequired\":true,\"valueName\":\"search_term_string\"}}],\"inLanguage\":\"es\"},{\"@type\":[\"Person\",\"Organization\"],\"@id\":\"https:\/\/luchonoticias.com\/editor\/#\/schema\/person\/7a7fd911f58561fd056dbac7b55af9cd\",\"name\":\"admin\",\"image\":{\"@type\":\"ImageObject\",\"inLanguage\":\"es\",\"@id\":\"https:\/\/luchonoticias.com\/editor\/#\/schema\/person\/image\/\",\"url\":\"https:\/\/luchonoticias.com\/editor\/wp-content\/uploads\/2024\/02\/cropped-cropped-logolu.webp\",\"contentUrl\":\"https:\/\/luchonoticias.com\/editor\/wp-content\/uploads\/2024\/02\/cropped-cropped-logolu.webp\",\"width\":382,\"height\":170,\"caption\":\"admin\"},\"logo\":{\"@id\":\"https:\/\/luchonoticias.com\/editor\/#\/schema\/person\/image\/\"},\"sameAs\":[\"https:\/\/www.facebook.com\/luchonoticiasneiva\"]},{\"@type\":\"Person\",\"@id\":\"https:\/\/luchonoticias.com\/editor\/#\/schema\/person\/29217990ddf6f14e35912b2866d591fb\",\"name\":\"Editor General\",\"image\":{\"@type\":\"ImageObject\",\"inLanguage\":\"es\",\"@id\":\"https:\/\/luchonoticias.com\/editor\/#\/schema\/person\/image\/\",\"url\":\"https:\/\/luchonoticias.com\/editor\/wp-content\/uploads\/2024\/02\/cropped-cropped-logolu-150x150.webp\",\"contentUrl\":\"https:\/\/luchonoticias.com\/editor\/wp-content\/uploads\/2024\/02\/cropped-cropped-logolu-150x150.webp\",\"caption\":\"Editor General\"},\"sameAs\":[\"https:\/\/luchonoticias.com\/\"],\"url\":\"https:\/\/luchonoticias.com\/editor\/author\/editor-general\/\"}]}<\/script>\n<!-- \/ Yoast SEO plugin. -->","yoast_head_json":{"title":"Da\u00f1os en red semaf\u00f3rica de la Carrera Segunda de Neiva -","robots":{"index":"index","follow":"follow","max-snippet":"max-snippet:-1","max-image-preview":"max-image-preview:large","max-video-preview":"max-video-preview:-1"},"canonical":"https:\/\/luchonoticias.com\/editor\/danos-en-red-semaforica-de-la-carrera-segunda-de-neiva\/","og_locale":"es_ES","og_type":"article","og_title":"Da\u00f1os en red semaf\u00f3rica de la Carrera Segunda de Neiva -","og_url":"https:\/\/luchonoticias.com\/editor\/danos-en-red-semaforica-de-la-carrera-segunda-de-neiva\/","article_publisher":"https:\/\/www.facebook.com\/luchonoticiasneiva","article_published_time":"2024-05-10T17:47:02+00:00","og_image":[{"width":700,"height":400,"url":"https:\/\/luchonoticias.com\/editor\/wp-content\/uploads\/2024\/05\/semaforos-neiva.jpg","type":"image\/jpeg"}],"author":"Editor General","twitter_card":"summary_large_image","twitter_misc":{"Escrito por":"Editor General","Tiempo de lectura":"1 minuto"},"schema":{"@context":"https:\/\/schema.org","@graph":[{"@type":"Article","@id":"https:\/\/luchonoticias.com\/editor\/danos-en-red-semaforica-de-la-carrera-segunda-de-neiva\/#article","isPartOf":{"@id":"https:\/\/luchonoticias.com\/editor\/danos-en-red-semaforica-de-la-carrera-segunda-de-neiva\/"},"author":{"name":"Editor General","@id":"https:\/\/luchonoticias.com\/editor\/#\/schema\/person\/29217990ddf6f14e35912b2866d591fb"},"headline":"Da\u00f1os en red semaf\u00f3rica de la Carrera Segunda de Neiva","datePublished":"2024-05-10T17:47:02+00:00","mainEntityOfPage":{"@id":"https:\/\/luchonoticias.com\/editor\/danos-en-red-semaforica-de-la-carrera-segunda-de-neiva\/"},"wordCount":158,"publisher":{"@id":"https:\/\/luchonoticias.com\/editor\/#\/schema\/person\/7a7fd911f58561fd056dbac7b55af9cd"},"image":{"@id":"https:\/\/luchonoticias.com\/editor\/danos-en-red-semaforica-de-la-carrera-segunda-de-neiva\/#primaryimage"},"thumbnailUrl":"https:\/\/luchonoticias.com\/editor\/wp-content\/uploads\/2024\/05\/semaforos-neiva.jpg","articleSection":["Local"],"inLanguage":"es"},{"@type":"WebPage","@id":"https:\/\/luchonoticias.com\/editor\/danos-en-red-semaforica-de-la-carrera-segunda-de-neiva\/","url":"https:\/\/luchonoticias.com\/editor\/danos-en-red-semaforica-de-la-carrera-segunda-de-neiva\/","name":"Da\u00f1os en red semaf\u00f3rica de la Carrera Segunda de Neiva -","isPartOf":{"@id":"https:\/\/luchonoticias.com\/editor\/#website"},"primaryImageOfPage":{"@id":"https:\/\/luchonoticias.com\/editor\/danos-en-red-semaforica-de-la-carrera-segunda-de-neiva\/#primaryimage"},"image":{"@id":"https:\/\/luchonoticias.com\/editor\/danos-en-red-semaforica-de-la-carrera-segunda-de-neiva\/#primaryimage"},"thumbnailUrl":"https:\/\/luchonoticias.com\/editor\/wp-content\/uploads\/2024\/05\/semaforos-neiva.jpg","datePublished":"2024-05-10T17:47:02+00:00","breadcrumb":{"@id":"https:\/\/luchonoticias.com\/editor\/danos-en-red-semaforica-de-la-carrera-segunda-de-neiva\/#breadcrumb"},"inLanguage":"es","potentialAction":[{"@type":"ReadAction","target":["https:\/\/luchonoticias.com\/editor\/danos-en-red-semaforica-de-la-carrera-segunda-de-neiva\/"]}]},{"@type":"ImageObject","inLanguage":"es","@id":"https:\/\/luchonoticias.com\/editor\/danos-en-red-semaforica-de-la-carrera-segunda-de-neiva\/#primaryimage","url":"https:\/\/luchonoticias.com\/editor\/wp-content\/uploads\/2024\/05\/semaforos-neiva.jpg","contentUrl":"https:\/\/luchonoticias.com\/editor\/wp-content\/uploads\/2024\/05\/semaforos-neiva.jpg","width":700,"height":400},{"@type":"BreadcrumbList","@id":"https:\/\/luchonoticias.com\/editor\/danos-en-red-semaforica-de-la-carrera-segunda-de-neiva\/#breadcrumb","itemListElement":[{"@type":"ListItem","position":1,"name":"Portada","item":"https:\/\/luchonoticias.com\/editor\/"},{"@type":"ListItem","position":2,"name":"Da\u00f1os en red semaf\u00f3rica de la Carrera Segunda de Neiva"}]},{"@type":"WebSite","@id":"https:\/\/luchonoticias.com\/editor\/#website","url":"https:\/\/luchonoticias.com\/editor\/","name":"","description":"","publisher":{"@id":"https:\/\/luchonoticias.com\/editor\/#\/schema\/person\/7a7fd911f58561fd056dbac7b55af9cd"},"potentialAction":[{"@type":"SearchAction","target":{"@type":"EntryPoint","urlTemplate":"https:\/\/luchonoticias.com\/editor\/?s={search_term_string}"},"query-input":{"@type":"PropertyValueSpecification","valueRequired":true,"valueName":"search_term_string"}}],"inLanguage":"es"},{"@type":["Person","Organization"],"@id":"https:\/\/luchonoticias.com\/editor\/#\/schema\/person\/7a7fd911f58561fd056dbac7b55af9cd","name":"admin","image":{"@type":"ImageObject","inLanguage":"es","@id":"https:\/\/luchonoticias.com\/editor\/#\/schema\/person\/image\/","url":"https:\/\/luchonoticias.com\/editor\/wp-content\/uploads\/2024\/02\/cropped-cropped-logolu.webp","contentUrl":"https:\/\/luchonoticias.com\/editor\/wp-content\/uploads\/2024\/02\/cropped-cropped-logolu.webp","width":382,"height":170,"caption":"admin"},"logo":{"@id":"https:\/\/luchonoticias.com\/editor\/#\/schema\/person\/image\/"},"sameAs":["https:\/\/www.facebook.com\/luchonoticiasneiva"]},{"@type":"Person","@id":"https:\/\/luchonoticias.com\/editor\/#\/schema\/person\/29217990ddf6f14e35912b2866d591fb","name":"Editor General","image":{"@type":"ImageObject","inLanguage":"es","@id":"https:\/\/luchonoticias.com\/editor\/#\/schema\/person\/image\/","url":"https:\/\/luchonoticias.com\/editor\/wp-content\/uploads\/2024\/02\/cropped-cropped-logolu-150x150.webp","contentUrl":"https:\/\/luchonoticias.com\/editor\/wp-content\/uploads\/2024\/02\/cropped-cropped-logolu-150x150.webp","caption":"Editor General"},"sameAs":["https:\/\/luchonoticias.com\/"],"url":"https:\/\/luchonoticias.com\/editor\/author\/editor-general\/"}]}},"_links":{"self":[{"href":"https:\/\/luchonoticias.com\/editor\/wp-json\/wp\/v2\/posts\/72955","targetHints":{"allow":["GET"]}}],"collection":[{"href":"https:\/\/luchonoticias.com\/editor\/wp-json\/wp\/v2\/posts"}],"about":[{"href":"https:\/\/luchonoticias.com\/editor\/wp-json\/wp\/v2\/types\/post"}],"author":[{"embeddable":true,"href":"https:\/\/luchonoticias.com\/editor\/wp-json\/wp\/v2\/users\/2"}],"replies":[{"embeddable":true,"href":"https:\/\/luchonoticias.com\/editor\/wp-json\/wp\/v2\/comments?post=72955"}],"version-history":[{"count":0,"href":"https:\/\/luchonoticias.com\/editor\/wp-json\/wp\/v2\/posts\/72955\/revisions"}],"wp:featuredmedia":[{"embeddable":true,"href":"https:\/\/luchonoticias.com\/editor\/wp-json\/wp\/v2\/media\/72956"}],"wp:attachment":[{"href":"https:\/\/luchonoticias.com\/editor\/wp-json\/wp\/v2\/media?parent=72955"}],"wp:term":[{"taxonomy":"category","embeddable":true,"href":"https:\/\/luchonoticias.com\/editor\/wp-json\/wp\/v2\/categories?post=72955"},{"taxonomy":"post_tag","embeddable":true,"href":"https:\/\/luchonoticias.com\/editor\/wp-json\/wp\/v2\/tags?post=72955"}],"curies":[{"name":"wp","href":"https:\/\/api.w.org\/{rel}","templated":true}]}}