{"id":72958,"date":"2024-05-10T16:04:08","date_gmt":"2024-05-10T21:04:08","guid":{"rendered":"https:\/\/luchonoticias.com\/?p=72958"},"modified":"2024-05-10T16:05:45","modified_gmt":"2024-05-10T21:05:45","slug":"minminas-fenomeno-del-nino-ya-fue-superado","status":"publish","type":"post","link":"https:\/\/luchonoticias.com\/editor\/minminas-fenomeno-del-nino-ya-fue-superado\/","title":{"rendered":"Minminas: fen\u00f3meno del Ni\u00f1o ya fue superado"},"content":{"rendered":"<p>El Gobierno dio por superado el fen\u00f3meno de El Ni\u00f1o en el sector de energ\u00eda; el ministro de Minas y Energ\u00eda, Andr\u00e9s Camacho, destac\u00f3 que el pa\u00eds logr\u00f3 superar esta etapa, \u201csin un solo minuto de racionamiento\u00bb.<\/p>\n<p>Desde su\u00a0<em>cuenta en la red social X<\/em>, el ministro dijo: \u201c\u00a1Hemos superado el fen\u00f3meno de El Ni\u00f1o! Pasamos los meses con mayores temperaturas y con menos lluvias de nuestra historia en cinco d\u00e9cadas. Aun as\u00ed, sin un segundo de racionamiento de energ\u00eda, y con una preparaci\u00f3n de m\u00e1s de un a\u00f1o, 35 sesiones de PMU (Puesto de Mando Unificado) y 50 acciones, juntos lo hemos logrado\u00bb.<\/p>\n<p>El funcionario agreg\u00f3 en el mismo mensaje que \u201chemos estado haciendo toda la consolidaci\u00f3n de los datos de nuestros embalses, y gracias al trabajo que hemos hecho con gremios, pero especialmente con la ciudadan\u00eda, para el cuidado del agua y el cuidado de la energ\u00eda, hoy podemos anunciar que gracias a los pron\u00f3sticos que nos entrega el Ideam hemos superado el fen\u00f3meno de El Ni\u00f1o en materia de energ\u00eda, sin un segundo de racionamiento\u00bb.<\/p>\n<p>El ministro, tras destacar que se trata de una muy buena noticia para el pa\u00eds, sostuvo que esto \u201casegura que podamos transitar la ruta de la transici\u00f3n energ\u00e9tica, que nuestro sistema (el\u00e9ctrico nacional) ha sido resiliente, y que ha soportado las peores temperaturas, las m\u00e1s altas temperaturas de las \u00faltimas d\u00e9cadas y los niveles de lluvias m\u00e1s bajas en cinco d\u00e9cadas\u00bb.<\/p>\n","protected":false},"excerpt":{"rendered":"<p>El Gobierno dio por superado el fen\u00f3meno de El Ni\u00f1o en el sector de energ\u00eda; el ministro de Minas y Energ\u00eda, Andr\u00e9s Camacho, destac\u00f3 que el pa\u00eds logr\u00f3 superar esta etapa, \u201csin un solo minuto de racionamiento\u00bb. Desde su\u00a0cuenta en la red social X, el ministro dijo: \u201c\u00a1Hemos superado el fen\u00f3meno de El Ni\u00f1o! Pasamos [&hellip;]<\/p>\n","protected":false},"author":2,"featured_media":72959,"comment_status":"closed","ping_status":"open","sticky":false,"template":"","format":"standard","meta":{"footnotes":""},"categories":[28],"tags":[],"class_list":["post-72958","post","type-post","status-publish","format-standard","has-post-thumbnail","hentry","category-actualidad"],"yoast_head":"<!-- This site is optimized with the Yoast SEO plugin v26.6 - https:\/\/yoast.com\/wordpress\/plugins\/seo\/ -->\n<title>Minminas: fen\u00f3meno del Ni\u00f1o ya fue superado -<\/title>\n<meta name=\"robots\" content=\"index, follow, max-snippet:-1, max-image-preview:large, max-video-preview:-1\" \/>\n<link rel=\"canonical\" href=\"https:\/\/luchonoticias.com\/editor\/minminas-fenomeno-del-nino-ya-fue-superado\/\" \/>\n<meta property=\"og:locale\" content=\"es_ES\" \/>\n<meta property=\"og:type\" content=\"article\" \/>\n<meta property=\"og:title\" content=\"Minminas: fen\u00f3meno del Ni\u00f1o ya fue superado -\" \/>\n<meta property=\"og:url\" content=\"https:\/\/luchonoticias.com\/editor\/minminas-fenomeno-del-nino-ya-fue-superado\/\" \/>\n<meta property=\"article:publisher\" content=\"https:\/\/www.facebook.com\/luchonoticiasneiva\" \/>\n<meta property=\"article:published_time\" content=\"2024-05-10T21:04:08+00:00\" \/>\n<meta property=\"article:modified_time\" content=\"2024-05-10T21:05:45+00:00\" \/>\n<meta property=\"og:image\" content=\"https:\/\/luchonoticias.com\/editor\/wp-content\/uploads\/2024\/05\/el-nino.jpg\" \/>\n\t<meta property=\"og:image:width\" content=\"700\" \/>\n\t<meta property=\"og:image:height\" content=\"400\" \/>\n\t<meta property=\"og:image:type\" content=\"image\/jpeg\" \/>\n<meta name=\"author\" content=\"Editor General\" \/>\n<meta name=\"twitter:card\" content=\"summary_large_image\" \/>\n<meta name=\"twitter:label1\" content=\"Escrito por\" \/>\n\t<meta name=\"twitter:data1\" content=\"Editor General\" \/>\n\t<meta name=\"twitter:label2\" content=\"Tiempo de lectura\" \/>\n\t<meta name=\"twitter:data2\" content=\"1 minuto\" \/>\n<script type=\"application\/ld+json\" class=\"yoast-schema-graph\">{\"@context\":\"https:\/\/schema.org\",\"@graph\":[{\"@type\":\"Article\",\"@id\":\"https:\/\/luchonoticias.com\/editor\/minminas-fenomeno-del-nino-ya-fue-superado\/#article\",\"isPartOf\":{\"@id\":\"https:\/\/luchonoticias.com\/editor\/minminas-fenomeno-del-nino-ya-fue-superado\/\"},\"author\":{\"name\":\"Editor General\",\"@id\":\"https:\/\/luchonoticias.com\/editor\/#\/schema\/person\/29217990ddf6f14e35912b2866d591fb\"},\"headline\":\"Minminas: fen\u00f3meno del Ni\u00f1o ya fue superado\",\"datePublished\":\"2024-05-10T21:04:08+00:00\",\"dateModified\":\"2024-05-10T21:05:45+00:00\",\"mainEntityOfPage\":{\"@id\":\"https:\/\/luchonoticias.com\/editor\/minminas-fenomeno-del-nino-ya-fue-superado\/\"},\"wordCount\":274,\"publisher\":{\"@id\":\"https:\/\/luchonoticias.com\/editor\/#\/schema\/person\/7a7fd911f58561fd056dbac7b55af9cd\"},\"image\":{\"@id\":\"https:\/\/luchonoticias.com\/editor\/minminas-fenomeno-del-nino-ya-fue-superado\/#primaryimage\"},\"thumbnailUrl\":\"https:\/\/luchonoticias.com\/editor\/wp-content\/uploads\/2024\/05\/el-nino.jpg\",\"articleSection\":[\"Actualidad\"],\"inLanguage\":\"es\"},{\"@type\":\"WebPage\",\"@id\":\"https:\/\/luchonoticias.com\/editor\/minminas-fenomeno-del-nino-ya-fue-superado\/\",\"url\":\"https:\/\/luchonoticias.com\/editor\/minminas-fenomeno-del-nino-ya-fue-superado\/\",\"name\":\"Minminas: fen\u00f3meno del Ni\u00f1o ya fue superado -\",\"isPartOf\":{\"@id\":\"https:\/\/luchonoticias.com\/editor\/#website\"},\"primaryImageOfPage\":{\"@id\":\"https:\/\/luchonoticias.com\/editor\/minminas-fenomeno-del-nino-ya-fue-superado\/#primaryimage\"},\"image\":{\"@id\":\"https:\/\/luchonoticias.com\/editor\/minminas-fenomeno-del-nino-ya-fue-superado\/#primaryimage\"},\"thumbnailUrl\":\"https:\/\/luchonoticias.com\/editor\/wp-content\/uploads\/2024\/05\/el-nino.jpg\",\"datePublished\":\"2024-05-10T21:04:08+00:00\",\"dateModified\":\"2024-05-10T21:05:45+00:00\",\"breadcrumb\":{\"@id\":\"https:\/\/luchonoticias.com\/editor\/minminas-fenomeno-del-nino-ya-fue-superado\/#breadcrumb\"},\"inLanguage\":\"es\",\"potentialAction\":[{\"@type\":\"ReadAction\",\"target\":[\"https:\/\/luchonoticias.com\/editor\/minminas-fenomeno-del-nino-ya-fue-superado\/\"]}]},{\"@type\":\"ImageObject\",\"inLanguage\":\"es\",\"@id\":\"https:\/\/luchonoticias.com\/editor\/minminas-fenomeno-del-nino-ya-fue-superado\/#primaryimage\",\"url\":\"https:\/\/luchonoticias.com\/editor\/wp-content\/uploads\/2024\/05\/el-nino.jpg\",\"contentUrl\":\"https:\/\/luchonoticias.com\/editor\/wp-content\/uploads\/2024\/05\/el-nino.jpg\",\"width\":700,\"height\":400},{\"@type\":\"BreadcrumbList\",\"@id\":\"https:\/\/luchonoticias.com\/editor\/minminas-fenomeno-del-nino-ya-fue-superado\/#breadcrumb\",\"itemListElement\":[{\"@type\":\"ListItem\",\"position\":1,\"name\":\"Portada\",\"item\":\"https:\/\/luchonoticias.com\/editor\/\"},{\"@type\":\"ListItem\",\"position\":2,\"name\":\"Minminas: fen\u00f3meno del Ni\u00f1o ya fue superado\"}]},{\"@type\":\"WebSite\",\"@id\":\"https:\/\/luchonoticias.com\/editor\/#website\",\"url\":\"https:\/\/luchonoticias.com\/editor\/\",\"name\":\"\",\"description\":\"\",\"publisher\":{\"@id\":\"https:\/\/luchonoticias.com\/editor\/#\/schema\/person\/7a7fd911f58561fd056dbac7b55af9cd\"},\"potentialAction\":[{\"@type\":\"SearchAction\",\"target\":{\"@type\":\"EntryPoint\",\"urlTemplate\":\"https:\/\/luchonoticias.com\/editor\/?s={search_term_string}\"},\"query-input\":{\"@type\":\"PropertyValueSpecification\",\"valueRequired\":true,\"valueName\":\"search_term_string\"}}],\"inLanguage\":\"es\"},{\"@type\":[\"Person\",\"Organization\"],\"@id\":\"https:\/\/luchonoticias.com\/editor\/#\/schema\/person\/7a7fd911f58561fd056dbac7b55af9cd\",\"name\":\"admin\",\"image\":{\"@type\":\"ImageObject\",\"inLanguage\":\"es\",\"@id\":\"https:\/\/luchonoticias.com\/editor\/#\/schema\/person\/image\/\",\"url\":\"https:\/\/luchonoticias.com\/editor\/wp-content\/uploads\/2024\/02\/cropped-cropped-logolu.webp\",\"contentUrl\":\"https:\/\/luchonoticias.com\/editor\/wp-content\/uploads\/2024\/02\/cropped-cropped-logolu.webp\",\"width\":382,\"height\":170,\"caption\":\"admin\"},\"logo\":{\"@id\":\"https:\/\/luchonoticias.com\/editor\/#\/schema\/person\/image\/\"},\"sameAs\":[\"https:\/\/www.facebook.com\/luchonoticiasneiva\"]},{\"@type\":\"Person\",\"@id\":\"https:\/\/luchonoticias.com\/editor\/#\/schema\/person\/29217990ddf6f14e35912b2866d591fb\",\"name\":\"Editor General\",\"image\":{\"@type\":\"ImageObject\",\"inLanguage\":\"es\",\"@id\":\"https:\/\/luchonoticias.com\/editor\/#\/schema\/person\/image\/\",\"url\":\"https:\/\/luchonoticias.com\/editor\/wp-content\/uploads\/2024\/02\/cropped-cropped-logolu-150x150.webp\",\"contentUrl\":\"https:\/\/luchonoticias.com\/editor\/wp-content\/uploads\/2024\/02\/cropped-cropped-logolu-150x150.webp\",\"caption\":\"Editor General\"},\"sameAs\":[\"https:\/\/luchonoticias.com\/\"],\"url\":\"https:\/\/luchonoticias.com\/editor\/author\/editor-general\/\"}]}<\/script>\n<!-- \/ Yoast SEO plugin. -->","yoast_head_json":{"title":"Minminas: fen\u00f3meno del Ni\u00f1o ya fue superado -","robots":{"index":"index","follow":"follow","max-snippet":"max-snippet:-1","max-image-preview":"max-image-preview:large","max-video-preview":"max-video-preview:-1"},"canonical":"https:\/\/luchonoticias.com\/editor\/minminas-fenomeno-del-nino-ya-fue-superado\/","og_locale":"es_ES","og_type":"article","og_title":"Minminas: fen\u00f3meno del Ni\u00f1o ya fue superado -","og_url":"https:\/\/luchonoticias.com\/editor\/minminas-fenomeno-del-nino-ya-fue-superado\/","article_publisher":"https:\/\/www.facebook.com\/luchonoticiasneiva","article_published_time":"2024-05-10T21:04:08+00:00","article_modified_time":"2024-05-10T21:05:45+00:00","og_image":[{"width":700,"height":400,"url":"https:\/\/luchonoticias.com\/editor\/wp-content\/uploads\/2024\/05\/el-nino.jpg","type":"image\/jpeg"}],"author":"Editor General","twitter_card":"summary_large_image","twitter_misc":{"Escrito por":"Editor General","Tiempo de lectura":"1 minuto"},"schema":{"@context":"https:\/\/schema.org","@graph":[{"@type":"Article","@id":"https:\/\/luchonoticias.com\/editor\/minminas-fenomeno-del-nino-ya-fue-superado\/#article","isPartOf":{"@id":"https:\/\/luchonoticias.com\/editor\/minminas-fenomeno-del-nino-ya-fue-superado\/"},"author":{"name":"Editor General","@id":"https:\/\/luchonoticias.com\/editor\/#\/schema\/person\/29217990ddf6f14e35912b2866d591fb"},"headline":"Minminas: fen\u00f3meno del Ni\u00f1o ya fue superado","datePublished":"2024-05-10T21:04:08+00:00","dateModified":"2024-05-10T21:05:45+00:00","mainEntityOfPage":{"@id":"https:\/\/luchonoticias.com\/editor\/minminas-fenomeno-del-nino-ya-fue-superado\/"},"wordCount":274,"publisher":{"@id":"https:\/\/luchonoticias.com\/editor\/#\/schema\/person\/7a7fd911f58561fd056dbac7b55af9cd"},"image":{"@id":"https:\/\/luchonoticias.com\/editor\/minminas-fenomeno-del-nino-ya-fue-superado\/#primaryimage"},"thumbnailUrl":"https:\/\/luchonoticias.com\/editor\/wp-content\/uploads\/2024\/05\/el-nino.jpg","articleSection":["Actualidad"],"inLanguage":"es"},{"@type":"WebPage","@id":"https:\/\/luchonoticias.com\/editor\/minminas-fenomeno-del-nino-ya-fue-superado\/","url":"https:\/\/luchonoticias.com\/editor\/minminas-fenomeno-del-nino-ya-fue-superado\/","name":"Minminas: fen\u00f3meno del Ni\u00f1o ya fue superado -","isPartOf":{"@id":"https:\/\/luchonoticias.com\/editor\/#website"},"primaryImageOfPage":{"@id":"https:\/\/luchonoticias.com\/editor\/minminas-fenomeno-del-nino-ya-fue-superado\/#primaryimage"},"image":{"@id":"https:\/\/luchonoticias.com\/editor\/minminas-fenomeno-del-nino-ya-fue-superado\/#primaryimage"},"thumbnailUrl":"https:\/\/luchonoticias.com\/editor\/wp-content\/uploads\/2024\/05\/el-nino.jpg","datePublished":"2024-05-10T21:04:08+00:00","dateModified":"2024-05-10T21:05:45+00:00","breadcrumb":{"@id":"https:\/\/luchonoticias.com\/editor\/minminas-fenomeno-del-nino-ya-fue-superado\/#breadcrumb"},"inLanguage":"es","potentialAction":[{"@type":"ReadAction","target":["https:\/\/luchonoticias.com\/editor\/minminas-fenomeno-del-nino-ya-fue-superado\/"]}]},{"@type":"ImageObject","inLanguage":"es","@id":"https:\/\/luchonoticias.com\/editor\/minminas-fenomeno-del-nino-ya-fue-superado\/#primaryimage","url":"https:\/\/luchonoticias.com\/editor\/wp-content\/uploads\/2024\/05\/el-nino.jpg","contentUrl":"https:\/\/luchonoticias.com\/editor\/wp-content\/uploads\/2024\/05\/el-nino.jpg","width":700,"height":400},{"@type":"BreadcrumbList","@id":"https:\/\/luchonoticias.com\/editor\/minminas-fenomeno-del-nino-ya-fue-superado\/#breadcrumb","itemListElement":[{"@type":"ListItem","position":1,"name":"Portada","item":"https:\/\/luchonoticias.com\/editor\/"},{"@type":"ListItem","position":2,"name":"Minminas: fen\u00f3meno del Ni\u00f1o ya fue superado"}]},{"@type":"WebSite","@id":"https:\/\/luchonoticias.com\/editor\/#website","url":"https:\/\/luchonoticias.com\/editor\/","name":"","description":"","publisher":{"@id":"https:\/\/luchonoticias.com\/editor\/#\/schema\/person\/7a7fd911f58561fd056dbac7b55af9cd"},"potentialAction":[{"@type":"SearchAction","target":{"@type":"EntryPoint","urlTemplate":"https:\/\/luchonoticias.com\/editor\/?s={search_term_string}"},"query-input":{"@type":"PropertyValueSpecification","valueRequired":true,"valueName":"search_term_string"}}],"inLanguage":"es"},{"@type":["Person","Organization"],"@id":"https:\/\/luchonoticias.com\/editor\/#\/schema\/person\/7a7fd911f58561fd056dbac7b55af9cd","name":"admin","image":{"@type":"ImageObject","inLanguage":"es","@id":"https:\/\/luchonoticias.com\/editor\/#\/schema\/person\/image\/","url":"https:\/\/luchonoticias.com\/editor\/wp-content\/uploads\/2024\/02\/cropped-cropped-logolu.webp","contentUrl":"https:\/\/luchonoticias.com\/editor\/wp-content\/uploads\/2024\/02\/cropped-cropped-logolu.webp","width":382,"height":170,"caption":"admin"},"logo":{"@id":"https:\/\/luchonoticias.com\/editor\/#\/schema\/person\/image\/"},"sameAs":["https:\/\/www.facebook.com\/luchonoticiasneiva"]},{"@type":"Person","@id":"https:\/\/luchonoticias.com\/editor\/#\/schema\/person\/29217990ddf6f14e35912b2866d591fb","name":"Editor General","image":{"@type":"ImageObject","inLanguage":"es","@id":"https:\/\/luchonoticias.com\/editor\/#\/schema\/person\/image\/","url":"https:\/\/luchonoticias.com\/editor\/wp-content\/uploads\/2024\/02\/cropped-cropped-logolu-150x150.webp","contentUrl":"https:\/\/luchonoticias.com\/editor\/wp-content\/uploads\/2024\/02\/cropped-cropped-logolu-150x150.webp","caption":"Editor General"},"sameAs":["https:\/\/luchonoticias.com\/"],"url":"https:\/\/luchonoticias.com\/editor\/author\/editor-general\/"}]}},"_links":{"self":[{"href":"https:\/\/luchonoticias.com\/editor\/wp-json\/wp\/v2\/posts\/72958","targetHints":{"allow":["GET"]}}],"collection":[{"href":"https:\/\/luchonoticias.com\/editor\/wp-json\/wp\/v2\/posts"}],"about":[{"href":"https:\/\/luchonoticias.com\/editor\/wp-json\/wp\/v2\/types\/post"}],"author":[{"embeddable":true,"href":"https:\/\/luchonoticias.com\/editor\/wp-json\/wp\/v2\/users\/2"}],"replies":[{"embeddable":true,"href":"https:\/\/luchonoticias.com\/editor\/wp-json\/wp\/v2\/comments?post=72958"}],"version-history":[{"count":0,"href":"https:\/\/luchonoticias.com\/editor\/wp-json\/wp\/v2\/posts\/72958\/revisions"}],"wp:featuredmedia":[{"embeddable":true,"href":"https:\/\/luchonoticias.com\/editor\/wp-json\/wp\/v2\/media\/72959"}],"wp:attachment":[{"href":"https:\/\/luchonoticias.com\/editor\/wp-json\/wp\/v2\/media?parent=72958"}],"wp:term":[{"taxonomy":"category","embeddable":true,"href":"https:\/\/luchonoticias.com\/editor\/wp-json\/wp\/v2\/categories?post=72958"},{"taxonomy":"post_tag","embeddable":true,"href":"https:\/\/luchonoticias.com\/editor\/wp-json\/wp\/v2\/tags?post=72958"}],"curies":[{"name":"wp","href":"https:\/\/api.w.org\/{rel}","templated":true}]}}