{"id":72962,"date":"2024-05-10T18:04:41","date_gmt":"2024-05-10T23:04:41","guid":{"rendered":"https:\/\/luchonoticias.com\/?p=72962"},"modified":"2024-05-10T18:04:41","modified_gmt":"2024-05-10T23:04:41","slug":"campana-de-sensibilizacion-y-pedagogia-vial-en-neiva","status":"publish","type":"post","link":"https:\/\/luchonoticias.com\/editor\/campana-de-sensibilizacion-y-pedagogia-vial-en-neiva\/","title":{"rendered":"Campa\u00f1a de sensibilizaci\u00f3n y pedagog\u00eda vial en Neiva"},"content":{"rendered":"<p>Ambientes escolares m\u00e1s seguros a la entrada y salida de las instituciones es la premisa de la Administraci\u00f3n Municipal, pues el riesgo y las imprudencias viales en horas denominadas \u2018pico\u2019, son latentes fuera de los colegios.<\/p>\n<p>La campa\u00f1a denominada \u2018Tacho\u2019, d\u00e9jame cruzar liderada por las Secretar\u00edas de Movilidad y Educaci\u00f3n tiene como objetivo la intervenci\u00f3n de los colegios de la ciudad a trav\u00e9s de se\u00f1alizaci\u00f3n horizontal escolar, contralores pedag\u00f3gicos y luego sancionatorios, charlas y capacitaciones en seguridad vial tanto para estudiantes como para padres de familia y adem\u00e1s, la posibilidad de generar pedagog\u00eda en cada instituci\u00f3n educativa a trav\u00e9s de un concurso que lleva el mismo nombre de la campa\u00f1a.<\/p>\n<p>\u201cHemos identificado desde la Secretar\u00eda de Educaci\u00f3n puntos cr\u00edticos en la ciudad donde nuestros ni\u00f1os arriesgan su vida cada vez que van a ingresar o a salir de la instituci\u00f3n educativa. Por ello, hemos decidido con la Secretar\u00eda de Movilidad desde la Alcald\u00eda de Neiva y en cabeza de nuestro alcalde el ingeniero Germ\u00e1n Casagua, desplegar esta nuestra estrategia de seguridad vial\u201d, se\u00f1al\u00f3 Natalia Rodr\u00edguez, secretaria de Educaci\u00f3n.<\/p>\n<p><strong>Las actividades<\/strong><\/p>\n<p>\u201cDesde la Secretar\u00eda de Movilidad estamos contribuyendo con tres acciones. Primera, charlas pedag\u00f3gicas por parte del equipo de seguridad vial. Segunda, se\u00f1alizaci\u00f3n vial en puntos de entrada y salida de los colegios. Y tres, controles por parte de los agentes de tr\u00e1nsito en los puntos cr\u00edticos y a las horas criticas de la salida de los colegios\u201d, explic\u00f3 Leonardo Salas, secretario de Movilidad (e).<\/p>\n<p>El trabajo articulado junto a la cartera de Educaci\u00f3n permiti\u00f3 que el lanzamiento de la campa\u00f1a en la I.E. Oliverio Lara, fuese un acompa\u00f1amiento en el cruce estudiantil sobre las 6:00 a.m.; all\u00ed personal de ambas secretar\u00edas acompa\u00f1\u00f3 a los peque\u00f1os a cruzar y dio recomendaciones a los acudientes que generaron imprudencias viales a la hora de dejar a los ni\u00f1os en el colegio.<\/p>\n<p>Asimismo, la jornada tambi\u00e9n cont\u00f3 con una charla pedag\u00f3gica para los grados de noveno, d\u00e9cimo y und\u00e9cimo, en la que m\u00e1s de 300 j\u00f3venes se capacitaron de manera participativa en seguridad vial.<\/p>\n<p>\u201cPrecisamente es una de las campa\u00f1as que estabas solicitando hace mucho tiempo para el ingreso y salida de nuestros estudiantes porque es cierto, no solamente aqu\u00ed sino en toda la ciudad, vemos que se hacen los parqueos, se hacen en las bajadas en motos, en bicicletas, en autom\u00f3viles, precisamente en la zona de mayor congesti\u00f3n, en la zona donde muchas veces est\u00e1n entrando y saliendo los estudiantes\u201d, manifest\u00f3 Miryam Daice Mar\u00edn, rectora I.E. Oliverio Lara Borrero.<\/p>\n<p><strong>Las actividades continuan<\/strong><\/p>\n<p>La intenci\u00f3n de la Administraci\u00f3n Municipal es seguir demarcando las zonas de tr\u00e1nsito escolar y continuar sensibilizando a la comunidad, por lo anterior, instituciones educativas como Gabriel Garc\u00eda M\u00e1rquez, Liceo Santa Librada, Agust\u00edn Codazzi y otras en las que hay caos vehicular, tambi\u00e9n entrar\u00e1n en el proceso de la campa\u00f1a, para disminuir los riesgos en las salidas de estas instituciones.<\/p>\n<p>Asimismo, la Secretar\u00eda de Movilidad a trav\u00e9s del equipo de seguridad vial seguir\u00e1 dando acompa\u00f1amiento constante y sensibilizaci\u00f3n en los colegios de la ciudad, con el objetivo de capacitar a toda la comunidad educativa.<\/p>\n<p><strong>Concurso \u2018Tacho\u2019 d\u00e9jame cruzar<\/strong><\/p>\n<p>Por su parte la Secretar\u00eda de Educaci\u00f3n con apoyo de la cartera de Movilidad, adelantar\u00e1 todos los procesos para el concurso en el que participar\u00e1n las 36 instituciones educativas de la ciudad. El objetivo es generar experiencias pedag\u00f3gicas en los colegios y sus sedes, en el marco de la seguridad vial con componentes tecnol\u00f3gicos e innovadores que fomenten el aprendizaje de los ni\u00f1os y las ni\u00f1as.<\/p>\n<p>El lanzamiento del concurso ser\u00e1 el pr\u00f3ximo 27 de mayo y tendr\u00e1 un proceso de acompa\u00f1amiento de ambas secretar\u00edas, para garantizar que la din\u00e1mica cumpla con el su prop\u00f3sito de generar conciencia vial en la comunidad estudiantil.<\/p>\n","protected":false},"excerpt":{"rendered":"<p>Ambientes escolares m\u00e1s seguros a la entrada y salida de las instituciones es la premisa de la Administraci\u00f3n Municipal, pues el riesgo y las imprudencias viales en horas denominadas \u2018pico\u2019, son latentes fuera de los colegios. La campa\u00f1a denominada \u2018Tacho\u2019, d\u00e9jame cruzar liderada por las Secretar\u00edas de Movilidad y Educaci\u00f3n tiene como objetivo la intervenci\u00f3n [&hellip;]<\/p>\n","protected":false},"author":2,"featured_media":72963,"comment_status":"closed","ping_status":"open","sticky":false,"template":"","format":"standard","meta":{"footnotes":""},"categories":[31],"tags":[],"class_list":["post-72962","post","type-post","status-publish","format-standard","has-post-thumbnail","hentry","category-local"],"yoast_head":"<!-- This site is optimized with the Yoast SEO plugin v26.6 - https:\/\/yoast.com\/wordpress\/plugins\/seo\/ -->\n<title>Campa\u00f1a de sensibilizaci\u00f3n y pedagog\u00eda vial en Neiva -<\/title>\n<meta name=\"robots\" content=\"index, follow, max-snippet:-1, max-image-preview:large, max-video-preview:-1\" \/>\n<link rel=\"canonical\" href=\"https:\/\/luchonoticias.com\/editor\/campana-de-sensibilizacion-y-pedagogia-vial-en-neiva\/\" \/>\n<meta property=\"og:locale\" content=\"es_ES\" \/>\n<meta property=\"og:type\" content=\"article\" \/>\n<meta property=\"og:title\" content=\"Campa\u00f1a de sensibilizaci\u00f3n y pedagog\u00eda vial en Neiva -\" \/>\n<meta property=\"og:url\" content=\"https:\/\/luchonoticias.com\/editor\/campana-de-sensibilizacion-y-pedagogia-vial-en-neiva\/\" \/>\n<meta property=\"article:publisher\" content=\"https:\/\/www.facebook.com\/luchonoticiasneiva\" \/>\n<meta property=\"article:published_time\" content=\"2024-05-10T23:04:41+00:00\" \/>\n<meta property=\"og:image\" content=\"https:\/\/luchonoticias.com\/editor\/wp-content\/uploads\/2024\/05\/viabilidad.jpg\" \/>\n\t<meta property=\"og:image:width\" content=\"700\" \/>\n\t<meta property=\"og:image:height\" content=\"400\" \/>\n\t<meta property=\"og:image:type\" content=\"image\/jpeg\" \/>\n<meta name=\"author\" content=\"Editor General\" \/>\n<meta name=\"twitter:card\" content=\"summary_large_image\" \/>\n<meta name=\"twitter:label1\" content=\"Escrito por\" \/>\n\t<meta name=\"twitter:data1\" content=\"Editor General\" \/>\n\t<meta name=\"twitter:label2\" content=\"Tiempo de lectura\" \/>\n\t<meta name=\"twitter:data2\" content=\"3 minutos\" \/>\n<script type=\"application\/ld+json\" class=\"yoast-schema-graph\">{\"@context\":\"https:\/\/schema.org\",\"@graph\":[{\"@type\":\"Article\",\"@id\":\"https:\/\/luchonoticias.com\/editor\/campana-de-sensibilizacion-y-pedagogia-vial-en-neiva\/#article\",\"isPartOf\":{\"@id\":\"https:\/\/luchonoticias.com\/editor\/campana-de-sensibilizacion-y-pedagogia-vial-en-neiva\/\"},\"author\":{\"name\":\"Editor General\",\"@id\":\"https:\/\/luchonoticias.com\/editor\/#\/schema\/person\/29217990ddf6f14e35912b2866d591fb\"},\"headline\":\"Campa\u00f1a de sensibilizaci\u00f3n y pedagog\u00eda vial en Neiva\",\"datePublished\":\"2024-05-10T23:04:41+00:00\",\"mainEntityOfPage\":{\"@id\":\"https:\/\/luchonoticias.com\/editor\/campana-de-sensibilizacion-y-pedagogia-vial-en-neiva\/\"},\"wordCount\":706,\"publisher\":{\"@id\":\"https:\/\/luchonoticias.com\/editor\/#\/schema\/person\/7a7fd911f58561fd056dbac7b55af9cd\"},\"image\":{\"@id\":\"https:\/\/luchonoticias.com\/editor\/campana-de-sensibilizacion-y-pedagogia-vial-en-neiva\/#primaryimage\"},\"thumbnailUrl\":\"https:\/\/luchonoticias.com\/editor\/wp-content\/uploads\/2024\/05\/viabilidad.jpg\",\"articleSection\":[\"Local\"],\"inLanguage\":\"es\"},{\"@type\":\"WebPage\",\"@id\":\"https:\/\/luchonoticias.com\/editor\/campana-de-sensibilizacion-y-pedagogia-vial-en-neiva\/\",\"url\":\"https:\/\/luchonoticias.com\/editor\/campana-de-sensibilizacion-y-pedagogia-vial-en-neiva\/\",\"name\":\"Campa\u00f1a de sensibilizaci\u00f3n y pedagog\u00eda vial en Neiva -\",\"isPartOf\":{\"@id\":\"https:\/\/luchonoticias.com\/editor\/#website\"},\"primaryImageOfPage\":{\"@id\":\"https:\/\/luchonoticias.com\/editor\/campana-de-sensibilizacion-y-pedagogia-vial-en-neiva\/#primaryimage\"},\"image\":{\"@id\":\"https:\/\/luchonoticias.com\/editor\/campana-de-sensibilizacion-y-pedagogia-vial-en-neiva\/#primaryimage\"},\"thumbnailUrl\":\"https:\/\/luchonoticias.com\/editor\/wp-content\/uploads\/2024\/05\/viabilidad.jpg\",\"datePublished\":\"2024-05-10T23:04:41+00:00\",\"breadcrumb\":{\"@id\":\"https:\/\/luchonoticias.com\/editor\/campana-de-sensibilizacion-y-pedagogia-vial-en-neiva\/#breadcrumb\"},\"inLanguage\":\"es\",\"potentialAction\":[{\"@type\":\"ReadAction\",\"target\":[\"https:\/\/luchonoticias.com\/editor\/campana-de-sensibilizacion-y-pedagogia-vial-en-neiva\/\"]}]},{\"@type\":\"ImageObject\",\"inLanguage\":\"es\",\"@id\":\"https:\/\/luchonoticias.com\/editor\/campana-de-sensibilizacion-y-pedagogia-vial-en-neiva\/#primaryimage\",\"url\":\"https:\/\/luchonoticias.com\/editor\/wp-content\/uploads\/2024\/05\/viabilidad.jpg\",\"contentUrl\":\"https:\/\/luchonoticias.com\/editor\/wp-content\/uploads\/2024\/05\/viabilidad.jpg\",\"width\":700,\"height\":400},{\"@type\":\"BreadcrumbList\",\"@id\":\"https:\/\/luchonoticias.com\/editor\/campana-de-sensibilizacion-y-pedagogia-vial-en-neiva\/#breadcrumb\",\"itemListElement\":[{\"@type\":\"ListItem\",\"position\":1,\"name\":\"Portada\",\"item\":\"https:\/\/luchonoticias.com\/editor\/\"},{\"@type\":\"ListItem\",\"position\":2,\"name\":\"Campa\u00f1a de sensibilizaci\u00f3n y pedagog\u00eda vial en Neiva\"}]},{\"@type\":\"WebSite\",\"@id\":\"https:\/\/luchonoticias.com\/editor\/#website\",\"url\":\"https:\/\/luchonoticias.com\/editor\/\",\"name\":\"\",\"description\":\"\",\"publisher\":{\"@id\":\"https:\/\/luchonoticias.com\/editor\/#\/schema\/person\/7a7fd911f58561fd056dbac7b55af9cd\"},\"potentialAction\":[{\"@type\":\"SearchAction\",\"target\":{\"@type\":\"EntryPoint\",\"urlTemplate\":\"https:\/\/luchonoticias.com\/editor\/?s={search_term_string}\"},\"query-input\":{\"@type\":\"PropertyValueSpecification\",\"valueRequired\":true,\"valueName\":\"search_term_string\"}}],\"inLanguage\":\"es\"},{\"@type\":[\"Person\",\"Organization\"],\"@id\":\"https:\/\/luchonoticias.com\/editor\/#\/schema\/person\/7a7fd911f58561fd056dbac7b55af9cd\",\"name\":\"admin\",\"image\":{\"@type\":\"ImageObject\",\"inLanguage\":\"es\",\"@id\":\"https:\/\/luchonoticias.com\/editor\/#\/schema\/person\/image\/\",\"url\":\"https:\/\/luchonoticias.com\/editor\/wp-content\/uploads\/2024\/02\/cropped-cropped-logolu.webp\",\"contentUrl\":\"https:\/\/luchonoticias.com\/editor\/wp-content\/uploads\/2024\/02\/cropped-cropped-logolu.webp\",\"width\":382,\"height\":170,\"caption\":\"admin\"},\"logo\":{\"@id\":\"https:\/\/luchonoticias.com\/editor\/#\/schema\/person\/image\/\"},\"sameAs\":[\"https:\/\/www.facebook.com\/luchonoticiasneiva\"]},{\"@type\":\"Person\",\"@id\":\"https:\/\/luchonoticias.com\/editor\/#\/schema\/person\/29217990ddf6f14e35912b2866d591fb\",\"name\":\"Editor General\",\"image\":{\"@type\":\"ImageObject\",\"inLanguage\":\"es\",\"@id\":\"https:\/\/luchonoticias.com\/editor\/#\/schema\/person\/image\/\",\"url\":\"https:\/\/luchonoticias.com\/editor\/wp-content\/uploads\/2024\/02\/cropped-cropped-logolu-150x150.webp\",\"contentUrl\":\"https:\/\/luchonoticias.com\/editor\/wp-content\/uploads\/2024\/02\/cropped-cropped-logolu-150x150.webp\",\"caption\":\"Editor General\"},\"sameAs\":[\"https:\/\/luchonoticias.com\/\"],\"url\":\"https:\/\/luchonoticias.com\/editor\/author\/editor-general\/\"}]}<\/script>\n<!-- \/ Yoast SEO plugin. -->","yoast_head_json":{"title":"Campa\u00f1a de sensibilizaci\u00f3n y pedagog\u00eda vial en Neiva -","robots":{"index":"index","follow":"follow","max-snippet":"max-snippet:-1","max-image-preview":"max-image-preview:large","max-video-preview":"max-video-preview:-1"},"canonical":"https:\/\/luchonoticias.com\/editor\/campana-de-sensibilizacion-y-pedagogia-vial-en-neiva\/","og_locale":"es_ES","og_type":"article","og_title":"Campa\u00f1a de sensibilizaci\u00f3n y pedagog\u00eda vial en Neiva -","og_url":"https:\/\/luchonoticias.com\/editor\/campana-de-sensibilizacion-y-pedagogia-vial-en-neiva\/","article_publisher":"https:\/\/www.facebook.com\/luchonoticiasneiva","article_published_time":"2024-05-10T23:04:41+00:00","og_image":[{"width":700,"height":400,"url":"https:\/\/luchonoticias.com\/editor\/wp-content\/uploads\/2024\/05\/viabilidad.jpg","type":"image\/jpeg"}],"author":"Editor General","twitter_card":"summary_large_image","twitter_misc":{"Escrito por":"Editor General","Tiempo de lectura":"3 minutos"},"schema":{"@context":"https:\/\/schema.org","@graph":[{"@type":"Article","@id":"https:\/\/luchonoticias.com\/editor\/campana-de-sensibilizacion-y-pedagogia-vial-en-neiva\/#article","isPartOf":{"@id":"https:\/\/luchonoticias.com\/editor\/campana-de-sensibilizacion-y-pedagogia-vial-en-neiva\/"},"author":{"name":"Editor General","@id":"https:\/\/luchonoticias.com\/editor\/#\/schema\/person\/29217990ddf6f14e35912b2866d591fb"},"headline":"Campa\u00f1a de sensibilizaci\u00f3n y pedagog\u00eda vial en Neiva","datePublished":"2024-05-10T23:04:41+00:00","mainEntityOfPage":{"@id":"https:\/\/luchonoticias.com\/editor\/campana-de-sensibilizacion-y-pedagogia-vial-en-neiva\/"},"wordCount":706,"publisher":{"@id":"https:\/\/luchonoticias.com\/editor\/#\/schema\/person\/7a7fd911f58561fd056dbac7b55af9cd"},"image":{"@id":"https:\/\/luchonoticias.com\/editor\/campana-de-sensibilizacion-y-pedagogia-vial-en-neiva\/#primaryimage"},"thumbnailUrl":"https:\/\/luchonoticias.com\/editor\/wp-content\/uploads\/2024\/05\/viabilidad.jpg","articleSection":["Local"],"inLanguage":"es"},{"@type":"WebPage","@id":"https:\/\/luchonoticias.com\/editor\/campana-de-sensibilizacion-y-pedagogia-vial-en-neiva\/","url":"https:\/\/luchonoticias.com\/editor\/campana-de-sensibilizacion-y-pedagogia-vial-en-neiva\/","name":"Campa\u00f1a de sensibilizaci\u00f3n y pedagog\u00eda vial en Neiva -","isPartOf":{"@id":"https:\/\/luchonoticias.com\/editor\/#website"},"primaryImageOfPage":{"@id":"https:\/\/luchonoticias.com\/editor\/campana-de-sensibilizacion-y-pedagogia-vial-en-neiva\/#primaryimage"},"image":{"@id":"https:\/\/luchonoticias.com\/editor\/campana-de-sensibilizacion-y-pedagogia-vial-en-neiva\/#primaryimage"},"thumbnailUrl":"https:\/\/luchonoticias.com\/editor\/wp-content\/uploads\/2024\/05\/viabilidad.jpg","datePublished":"2024-05-10T23:04:41+00:00","breadcrumb":{"@id":"https:\/\/luchonoticias.com\/editor\/campana-de-sensibilizacion-y-pedagogia-vial-en-neiva\/#breadcrumb"},"inLanguage":"es","potentialAction":[{"@type":"ReadAction","target":["https:\/\/luchonoticias.com\/editor\/campana-de-sensibilizacion-y-pedagogia-vial-en-neiva\/"]}]},{"@type":"ImageObject","inLanguage":"es","@id":"https:\/\/luchonoticias.com\/editor\/campana-de-sensibilizacion-y-pedagogia-vial-en-neiva\/#primaryimage","url":"https:\/\/luchonoticias.com\/editor\/wp-content\/uploads\/2024\/05\/viabilidad.jpg","contentUrl":"https:\/\/luchonoticias.com\/editor\/wp-content\/uploads\/2024\/05\/viabilidad.jpg","width":700,"height":400},{"@type":"BreadcrumbList","@id":"https:\/\/luchonoticias.com\/editor\/campana-de-sensibilizacion-y-pedagogia-vial-en-neiva\/#breadcrumb","itemListElement":[{"@type":"ListItem","position":1,"name":"Portada","item":"https:\/\/luchonoticias.com\/editor\/"},{"@type":"ListItem","position":2,"name":"Campa\u00f1a de sensibilizaci\u00f3n y pedagog\u00eda vial en Neiva"}]},{"@type":"WebSite","@id":"https:\/\/luchonoticias.com\/editor\/#website","url":"https:\/\/luchonoticias.com\/editor\/","name":"","description":"","publisher":{"@id":"https:\/\/luchonoticias.com\/editor\/#\/schema\/person\/7a7fd911f58561fd056dbac7b55af9cd"},"potentialAction":[{"@type":"SearchAction","target":{"@type":"EntryPoint","urlTemplate":"https:\/\/luchonoticias.com\/editor\/?s={search_term_string}"},"query-input":{"@type":"PropertyValueSpecification","valueRequired":true,"valueName":"search_term_string"}}],"inLanguage":"es"},{"@type":["Person","Organization"],"@id":"https:\/\/luchonoticias.com\/editor\/#\/schema\/person\/7a7fd911f58561fd056dbac7b55af9cd","name":"admin","image":{"@type":"ImageObject","inLanguage":"es","@id":"https:\/\/luchonoticias.com\/editor\/#\/schema\/person\/image\/","url":"https:\/\/luchonoticias.com\/editor\/wp-content\/uploads\/2024\/02\/cropped-cropped-logolu.webp","contentUrl":"https:\/\/luchonoticias.com\/editor\/wp-content\/uploads\/2024\/02\/cropped-cropped-logolu.webp","width":382,"height":170,"caption":"admin"},"logo":{"@id":"https:\/\/luchonoticias.com\/editor\/#\/schema\/person\/image\/"},"sameAs":["https:\/\/www.facebook.com\/luchonoticiasneiva"]},{"@type":"Person","@id":"https:\/\/luchonoticias.com\/editor\/#\/schema\/person\/29217990ddf6f14e35912b2866d591fb","name":"Editor General","image":{"@type":"ImageObject","inLanguage":"es","@id":"https:\/\/luchonoticias.com\/editor\/#\/schema\/person\/image\/","url":"https:\/\/luchonoticias.com\/editor\/wp-content\/uploads\/2024\/02\/cropped-cropped-logolu-150x150.webp","contentUrl":"https:\/\/luchonoticias.com\/editor\/wp-content\/uploads\/2024\/02\/cropped-cropped-logolu-150x150.webp","caption":"Editor General"},"sameAs":["https:\/\/luchonoticias.com\/"],"url":"https:\/\/luchonoticias.com\/editor\/author\/editor-general\/"}]}},"_links":{"self":[{"href":"https:\/\/luchonoticias.com\/editor\/wp-json\/wp\/v2\/posts\/72962","targetHints":{"allow":["GET"]}}],"collection":[{"href":"https:\/\/luchonoticias.com\/editor\/wp-json\/wp\/v2\/posts"}],"about":[{"href":"https:\/\/luchonoticias.com\/editor\/wp-json\/wp\/v2\/types\/post"}],"author":[{"embeddable":true,"href":"https:\/\/luchonoticias.com\/editor\/wp-json\/wp\/v2\/users\/2"}],"replies":[{"embeddable":true,"href":"https:\/\/luchonoticias.com\/editor\/wp-json\/wp\/v2\/comments?post=72962"}],"version-history":[{"count":0,"href":"https:\/\/luchonoticias.com\/editor\/wp-json\/wp\/v2\/posts\/72962\/revisions"}],"wp:featuredmedia":[{"embeddable":true,"href":"https:\/\/luchonoticias.com\/editor\/wp-json\/wp\/v2\/media\/72963"}],"wp:attachment":[{"href":"https:\/\/luchonoticias.com\/editor\/wp-json\/wp\/v2\/media?parent=72962"}],"wp:term":[{"taxonomy":"category","embeddable":true,"href":"https:\/\/luchonoticias.com\/editor\/wp-json\/wp\/v2\/categories?post=72962"},{"taxonomy":"post_tag","embeddable":true,"href":"https:\/\/luchonoticias.com\/editor\/wp-json\/wp\/v2\/tags?post=72962"}],"curies":[{"name":"wp","href":"https:\/\/api.w.org\/{rel}","templated":true}]}}