{"id":72965,"date":"2024-05-10T18:39:49","date_gmt":"2024-05-10T23:39:49","guid":{"rendered":"https:\/\/luchonoticias.com\/?p=72965"},"modified":"2024-05-10T18:39:49","modified_gmt":"2024-05-10T23:39:49","slug":"diputado-imputado-por-presunto-fraude-en-la-venta-de-un-lote-en-pitalito","status":"publish","type":"post","link":"https:\/\/luchonoticias.com\/editor\/diputado-imputado-por-presunto-fraude-en-la-venta-de-un-lote-en-pitalito\/","title":{"rendered":"Diputado imputado por  presunto fraude en la venta de un lote en Pitalito"},"content":{"rendered":"<p>El hoy diputado y exconcejal del municipio de Pitalito, Wilfred Trujillo Trujillo, es investigado por su presunta participaci\u00f3n en la venta irregular de un lote en zona rural de la localidad. Junto al pol\u00edtico tambi\u00e9n fue imputado el contratista Oleider Gracia Vargas.<\/p>\n<p>El fiscal de la Unidad de Administraci\u00f3n P\u00fablica de la Seccional Huila ante un juez de garant\u00edas, le imput\u00f3 a los dos sujetos el delito de violaci\u00f3n del r\u00e9gimen legal o constitucional de inhabilidades e incompatibilidades y fraude procesal.<\/p>\n<p>La Fiscal\u00eda manifest\u00f3 que los hechos investigados ocurrieron entre octubre y diciembre de 2016, y est\u00e1n relacionados con la venta de un bien inmueble ubicado en la vereda La Esmeralda del corregimiento de Bruselas (Pitalito), que al parecer ser\u00eda destinado para la construcci\u00f3n de la sede principal de una instituci\u00f3n educativa en ese municipio.<\/p>\n<p>Trujillo Trujillo, quien para la fecha de los hechos se desempe\u00f1aba como concejal de Pitalito y no pod\u00eda contratar directamente con la administraci\u00f3n municipal, se habr\u00eda valido del se\u00f1or Gracia Vargas para vender ese bien inmueble a la alcald\u00eda de Pitalito. Seg\u00fan la investigaci\u00f3n, al parecer se acord\u00f3 que el predio figurara a nombre de un tercero para que el contratista Gracia Vargas pudiera negociarlo.<\/p>\n<p>Asimismo, los hoy procesados habr\u00edan inducido al error al alcalde de entonces de Pitalito para que la alcald\u00eda emitiera la resoluci\u00f3n 987 del 28 de diciembre de 2016, por medio de la cual se justific\u00f3 la contrataci\u00f3n directa para adquirir a t\u00edtulo de compraventa el bien inmueble ofertado por Oleider Gracia Vargas.<\/p>\n<p>As\u00ed como tambi\u00e9n el contrato estatal 422 de 2016, cuyo objeto era la adquisici\u00f3n a t\u00edtulo de compraventa de un bien inmueble destinado para la sede de la instituci\u00f3n educativa.<br \/>\nLos cargos no fueron aceptados por ninguno de los dos investigados.<\/p>\n","protected":false},"excerpt":{"rendered":"<p>El hoy diputado y exconcejal del municipio de Pitalito, Wilfred Trujillo Trujillo, es investigado por su presunta participaci\u00f3n en la venta irregular de un lote en zona rural de la localidad. Junto al pol\u00edtico tambi\u00e9n fue imputado el contratista Oleider Gracia Vargas. El fiscal de la Unidad de Administraci\u00f3n P\u00fablica de la Seccional Huila ante [&hellip;]<\/p>\n","protected":false},"author":2,"featured_media":72966,"comment_status":"closed","ping_status":"open","sticky":false,"template":"","format":"standard","meta":{"footnotes":""},"categories":[29],"tags":[],"class_list":["post-72965","post","type-post","status-publish","format-standard","has-post-thumbnail","hentry","category-judicial"],"yoast_head":"<!-- This site is optimized with the Yoast SEO plugin v26.6 - https:\/\/yoast.com\/wordpress\/plugins\/seo\/ -->\n<title>Diputado imputado por presunto fraude en la venta de un lote en Pitalito -<\/title>\n<meta name=\"robots\" content=\"index, follow, max-snippet:-1, max-image-preview:large, max-video-preview:-1\" \/>\n<link rel=\"canonical\" href=\"https:\/\/luchonoticias.com\/editor\/diputado-imputado-por-presunto-fraude-en-la-venta-de-un-lote-en-pitalito\/\" \/>\n<meta property=\"og:locale\" content=\"es_ES\" \/>\n<meta property=\"og:type\" content=\"article\" \/>\n<meta property=\"og:title\" content=\"Diputado imputado por presunto fraude en la venta de un lote en Pitalito -\" \/>\n<meta property=\"og:url\" content=\"https:\/\/luchonoticias.com\/editor\/diputado-imputado-por-presunto-fraude-en-la-venta-de-un-lote-en-pitalito\/\" \/>\n<meta property=\"article:publisher\" content=\"https:\/\/www.facebook.com\/luchonoticiasneiva\" \/>\n<meta property=\"article:published_time\" content=\"2024-05-10T23:39:49+00:00\" \/>\n<meta property=\"og:image\" content=\"https:\/\/luchonoticias.com\/editor\/wp-content\/uploads\/2024\/05\/diputado.jpg\" \/>\n\t<meta property=\"og:image:width\" content=\"700\" \/>\n\t<meta property=\"og:image:height\" content=\"400\" \/>\n\t<meta property=\"og:image:type\" content=\"image\/jpeg\" \/>\n<meta name=\"author\" content=\"Editor General\" \/>\n<meta name=\"twitter:card\" content=\"summary_large_image\" \/>\n<meta name=\"twitter:label1\" content=\"Escrito por\" \/>\n\t<meta name=\"twitter:data1\" content=\"Editor General\" \/>\n\t<meta name=\"twitter:label2\" content=\"Tiempo de lectura\" \/>\n\t<meta name=\"twitter:data2\" content=\"2 minutos\" \/>\n<script type=\"application\/ld+json\" class=\"yoast-schema-graph\">{\"@context\":\"https:\/\/schema.org\",\"@graph\":[{\"@type\":\"Article\",\"@id\":\"https:\/\/luchonoticias.com\/editor\/diputado-imputado-por-presunto-fraude-en-la-venta-de-un-lote-en-pitalito\/#article\",\"isPartOf\":{\"@id\":\"https:\/\/luchonoticias.com\/editor\/diputado-imputado-por-presunto-fraude-en-la-venta-de-un-lote-en-pitalito\/\"},\"author\":{\"name\":\"Editor General\",\"@id\":\"https:\/\/luchonoticias.com\/editor\/#\/schema\/person\/29217990ddf6f14e35912b2866d591fb\"},\"headline\":\"Diputado imputado por presunto fraude en la venta de un lote en Pitalito\",\"datePublished\":\"2024-05-10T23:39:49+00:00\",\"mainEntityOfPage\":{\"@id\":\"https:\/\/luchonoticias.com\/editor\/diputado-imputado-por-presunto-fraude-en-la-venta-de-un-lote-en-pitalito\/\"},\"wordCount\":330,\"publisher\":{\"@id\":\"https:\/\/luchonoticias.com\/editor\/#\/schema\/person\/7a7fd911f58561fd056dbac7b55af9cd\"},\"image\":{\"@id\":\"https:\/\/luchonoticias.com\/editor\/diputado-imputado-por-presunto-fraude-en-la-venta-de-un-lote-en-pitalito\/#primaryimage\"},\"thumbnailUrl\":\"https:\/\/luchonoticias.com\/editor\/wp-content\/uploads\/2024\/05\/diputado.jpg\",\"articleSection\":[\"Judicial\"],\"inLanguage\":\"es\"},{\"@type\":\"WebPage\",\"@id\":\"https:\/\/luchonoticias.com\/editor\/diputado-imputado-por-presunto-fraude-en-la-venta-de-un-lote-en-pitalito\/\",\"url\":\"https:\/\/luchonoticias.com\/editor\/diputado-imputado-por-presunto-fraude-en-la-venta-de-un-lote-en-pitalito\/\",\"name\":\"Diputado imputado por presunto fraude en la venta de un lote en Pitalito -\",\"isPartOf\":{\"@id\":\"https:\/\/luchonoticias.com\/editor\/#website\"},\"primaryImageOfPage\":{\"@id\":\"https:\/\/luchonoticias.com\/editor\/diputado-imputado-por-presunto-fraude-en-la-venta-de-un-lote-en-pitalito\/#primaryimage\"},\"image\":{\"@id\":\"https:\/\/luchonoticias.com\/editor\/diputado-imputado-por-presunto-fraude-en-la-venta-de-un-lote-en-pitalito\/#primaryimage\"},\"thumbnailUrl\":\"https:\/\/luchonoticias.com\/editor\/wp-content\/uploads\/2024\/05\/diputado.jpg\",\"datePublished\":\"2024-05-10T23:39:49+00:00\",\"breadcrumb\":{\"@id\":\"https:\/\/luchonoticias.com\/editor\/diputado-imputado-por-presunto-fraude-en-la-venta-de-un-lote-en-pitalito\/#breadcrumb\"},\"inLanguage\":\"es\",\"potentialAction\":[{\"@type\":\"ReadAction\",\"target\":[\"https:\/\/luchonoticias.com\/editor\/diputado-imputado-por-presunto-fraude-en-la-venta-de-un-lote-en-pitalito\/\"]}]},{\"@type\":\"ImageObject\",\"inLanguage\":\"es\",\"@id\":\"https:\/\/luchonoticias.com\/editor\/diputado-imputado-por-presunto-fraude-en-la-venta-de-un-lote-en-pitalito\/#primaryimage\",\"url\":\"https:\/\/luchonoticias.com\/editor\/wp-content\/uploads\/2024\/05\/diputado.jpg\",\"contentUrl\":\"https:\/\/luchonoticias.com\/editor\/wp-content\/uploads\/2024\/05\/diputado.jpg\",\"width\":700,\"height\":400},{\"@type\":\"BreadcrumbList\",\"@id\":\"https:\/\/luchonoticias.com\/editor\/diputado-imputado-por-presunto-fraude-en-la-venta-de-un-lote-en-pitalito\/#breadcrumb\",\"itemListElement\":[{\"@type\":\"ListItem\",\"position\":1,\"name\":\"Portada\",\"item\":\"https:\/\/luchonoticias.com\/editor\/\"},{\"@type\":\"ListItem\",\"position\":2,\"name\":\"Diputado imputado por presunto fraude en la venta de un lote en Pitalito\"}]},{\"@type\":\"WebSite\",\"@id\":\"https:\/\/luchonoticias.com\/editor\/#website\",\"url\":\"https:\/\/luchonoticias.com\/editor\/\",\"name\":\"\",\"description\":\"\",\"publisher\":{\"@id\":\"https:\/\/luchonoticias.com\/editor\/#\/schema\/person\/7a7fd911f58561fd056dbac7b55af9cd\"},\"potentialAction\":[{\"@type\":\"SearchAction\",\"target\":{\"@type\":\"EntryPoint\",\"urlTemplate\":\"https:\/\/luchonoticias.com\/editor\/?s={search_term_string}\"},\"query-input\":{\"@type\":\"PropertyValueSpecification\",\"valueRequired\":true,\"valueName\":\"search_term_string\"}}],\"inLanguage\":\"es\"},{\"@type\":[\"Person\",\"Organization\"],\"@id\":\"https:\/\/luchonoticias.com\/editor\/#\/schema\/person\/7a7fd911f58561fd056dbac7b55af9cd\",\"name\":\"admin\",\"image\":{\"@type\":\"ImageObject\",\"inLanguage\":\"es\",\"@id\":\"https:\/\/luchonoticias.com\/editor\/#\/schema\/person\/image\/\",\"url\":\"https:\/\/luchonoticias.com\/editor\/wp-content\/uploads\/2024\/02\/cropped-cropped-logolu.webp\",\"contentUrl\":\"https:\/\/luchonoticias.com\/editor\/wp-content\/uploads\/2024\/02\/cropped-cropped-logolu.webp\",\"width\":382,\"height\":170,\"caption\":\"admin\"},\"logo\":{\"@id\":\"https:\/\/luchonoticias.com\/editor\/#\/schema\/person\/image\/\"},\"sameAs\":[\"https:\/\/www.facebook.com\/luchonoticiasneiva\"]},{\"@type\":\"Person\",\"@id\":\"https:\/\/luchonoticias.com\/editor\/#\/schema\/person\/29217990ddf6f14e35912b2866d591fb\",\"name\":\"Editor General\",\"image\":{\"@type\":\"ImageObject\",\"inLanguage\":\"es\",\"@id\":\"https:\/\/luchonoticias.com\/editor\/#\/schema\/person\/image\/\",\"url\":\"https:\/\/luchonoticias.com\/editor\/wp-content\/uploads\/2024\/02\/cropped-cropped-logolu-150x150.webp\",\"contentUrl\":\"https:\/\/luchonoticias.com\/editor\/wp-content\/uploads\/2024\/02\/cropped-cropped-logolu-150x150.webp\",\"caption\":\"Editor General\"},\"sameAs\":[\"https:\/\/luchonoticias.com\/\"],\"url\":\"https:\/\/luchonoticias.com\/editor\/author\/editor-general\/\"}]}<\/script>\n<!-- \/ Yoast SEO plugin. -->","yoast_head_json":{"title":"Diputado imputado por presunto fraude en la venta de un lote en Pitalito -","robots":{"index":"index","follow":"follow","max-snippet":"max-snippet:-1","max-image-preview":"max-image-preview:large","max-video-preview":"max-video-preview:-1"},"canonical":"https:\/\/luchonoticias.com\/editor\/diputado-imputado-por-presunto-fraude-en-la-venta-de-un-lote-en-pitalito\/","og_locale":"es_ES","og_type":"article","og_title":"Diputado imputado por presunto fraude en la venta de un lote en Pitalito -","og_url":"https:\/\/luchonoticias.com\/editor\/diputado-imputado-por-presunto-fraude-en-la-venta-de-un-lote-en-pitalito\/","article_publisher":"https:\/\/www.facebook.com\/luchonoticiasneiva","article_published_time":"2024-05-10T23:39:49+00:00","og_image":[{"width":700,"height":400,"url":"https:\/\/luchonoticias.com\/editor\/wp-content\/uploads\/2024\/05\/diputado.jpg","type":"image\/jpeg"}],"author":"Editor General","twitter_card":"summary_large_image","twitter_misc":{"Escrito por":"Editor General","Tiempo de lectura":"2 minutos"},"schema":{"@context":"https:\/\/schema.org","@graph":[{"@type":"Article","@id":"https:\/\/luchonoticias.com\/editor\/diputado-imputado-por-presunto-fraude-en-la-venta-de-un-lote-en-pitalito\/#article","isPartOf":{"@id":"https:\/\/luchonoticias.com\/editor\/diputado-imputado-por-presunto-fraude-en-la-venta-de-un-lote-en-pitalito\/"},"author":{"name":"Editor General","@id":"https:\/\/luchonoticias.com\/editor\/#\/schema\/person\/29217990ddf6f14e35912b2866d591fb"},"headline":"Diputado imputado por presunto fraude en la venta de un lote en Pitalito","datePublished":"2024-05-10T23:39:49+00:00","mainEntityOfPage":{"@id":"https:\/\/luchonoticias.com\/editor\/diputado-imputado-por-presunto-fraude-en-la-venta-de-un-lote-en-pitalito\/"},"wordCount":330,"publisher":{"@id":"https:\/\/luchonoticias.com\/editor\/#\/schema\/person\/7a7fd911f58561fd056dbac7b55af9cd"},"image":{"@id":"https:\/\/luchonoticias.com\/editor\/diputado-imputado-por-presunto-fraude-en-la-venta-de-un-lote-en-pitalito\/#primaryimage"},"thumbnailUrl":"https:\/\/luchonoticias.com\/editor\/wp-content\/uploads\/2024\/05\/diputado.jpg","articleSection":["Judicial"],"inLanguage":"es"},{"@type":"WebPage","@id":"https:\/\/luchonoticias.com\/editor\/diputado-imputado-por-presunto-fraude-en-la-venta-de-un-lote-en-pitalito\/","url":"https:\/\/luchonoticias.com\/editor\/diputado-imputado-por-presunto-fraude-en-la-venta-de-un-lote-en-pitalito\/","name":"Diputado imputado por presunto fraude en la venta de un lote en Pitalito -","isPartOf":{"@id":"https:\/\/luchonoticias.com\/editor\/#website"},"primaryImageOfPage":{"@id":"https:\/\/luchonoticias.com\/editor\/diputado-imputado-por-presunto-fraude-en-la-venta-de-un-lote-en-pitalito\/#primaryimage"},"image":{"@id":"https:\/\/luchonoticias.com\/editor\/diputado-imputado-por-presunto-fraude-en-la-venta-de-un-lote-en-pitalito\/#primaryimage"},"thumbnailUrl":"https:\/\/luchonoticias.com\/editor\/wp-content\/uploads\/2024\/05\/diputado.jpg","datePublished":"2024-05-10T23:39:49+00:00","breadcrumb":{"@id":"https:\/\/luchonoticias.com\/editor\/diputado-imputado-por-presunto-fraude-en-la-venta-de-un-lote-en-pitalito\/#breadcrumb"},"inLanguage":"es","potentialAction":[{"@type":"ReadAction","target":["https:\/\/luchonoticias.com\/editor\/diputado-imputado-por-presunto-fraude-en-la-venta-de-un-lote-en-pitalito\/"]}]},{"@type":"ImageObject","inLanguage":"es","@id":"https:\/\/luchonoticias.com\/editor\/diputado-imputado-por-presunto-fraude-en-la-venta-de-un-lote-en-pitalito\/#primaryimage","url":"https:\/\/luchonoticias.com\/editor\/wp-content\/uploads\/2024\/05\/diputado.jpg","contentUrl":"https:\/\/luchonoticias.com\/editor\/wp-content\/uploads\/2024\/05\/diputado.jpg","width":700,"height":400},{"@type":"BreadcrumbList","@id":"https:\/\/luchonoticias.com\/editor\/diputado-imputado-por-presunto-fraude-en-la-venta-de-un-lote-en-pitalito\/#breadcrumb","itemListElement":[{"@type":"ListItem","position":1,"name":"Portada","item":"https:\/\/luchonoticias.com\/editor\/"},{"@type":"ListItem","position":2,"name":"Diputado imputado por presunto fraude en la venta de un lote en Pitalito"}]},{"@type":"WebSite","@id":"https:\/\/luchonoticias.com\/editor\/#website","url":"https:\/\/luchonoticias.com\/editor\/","name":"","description":"","publisher":{"@id":"https:\/\/luchonoticias.com\/editor\/#\/schema\/person\/7a7fd911f58561fd056dbac7b55af9cd"},"potentialAction":[{"@type":"SearchAction","target":{"@type":"EntryPoint","urlTemplate":"https:\/\/luchonoticias.com\/editor\/?s={search_term_string}"},"query-input":{"@type":"PropertyValueSpecification","valueRequired":true,"valueName":"search_term_string"}}],"inLanguage":"es"},{"@type":["Person","Organization"],"@id":"https:\/\/luchonoticias.com\/editor\/#\/schema\/person\/7a7fd911f58561fd056dbac7b55af9cd","name":"admin","image":{"@type":"ImageObject","inLanguage":"es","@id":"https:\/\/luchonoticias.com\/editor\/#\/schema\/person\/image\/","url":"https:\/\/luchonoticias.com\/editor\/wp-content\/uploads\/2024\/02\/cropped-cropped-logolu.webp","contentUrl":"https:\/\/luchonoticias.com\/editor\/wp-content\/uploads\/2024\/02\/cropped-cropped-logolu.webp","width":382,"height":170,"caption":"admin"},"logo":{"@id":"https:\/\/luchonoticias.com\/editor\/#\/schema\/person\/image\/"},"sameAs":["https:\/\/www.facebook.com\/luchonoticiasneiva"]},{"@type":"Person","@id":"https:\/\/luchonoticias.com\/editor\/#\/schema\/person\/29217990ddf6f14e35912b2866d591fb","name":"Editor General","image":{"@type":"ImageObject","inLanguage":"es","@id":"https:\/\/luchonoticias.com\/editor\/#\/schema\/person\/image\/","url":"https:\/\/luchonoticias.com\/editor\/wp-content\/uploads\/2024\/02\/cropped-cropped-logolu-150x150.webp","contentUrl":"https:\/\/luchonoticias.com\/editor\/wp-content\/uploads\/2024\/02\/cropped-cropped-logolu-150x150.webp","caption":"Editor General"},"sameAs":["https:\/\/luchonoticias.com\/"],"url":"https:\/\/luchonoticias.com\/editor\/author\/editor-general\/"}]}},"_links":{"self":[{"href":"https:\/\/luchonoticias.com\/editor\/wp-json\/wp\/v2\/posts\/72965","targetHints":{"allow":["GET"]}}],"collection":[{"href":"https:\/\/luchonoticias.com\/editor\/wp-json\/wp\/v2\/posts"}],"about":[{"href":"https:\/\/luchonoticias.com\/editor\/wp-json\/wp\/v2\/types\/post"}],"author":[{"embeddable":true,"href":"https:\/\/luchonoticias.com\/editor\/wp-json\/wp\/v2\/users\/2"}],"replies":[{"embeddable":true,"href":"https:\/\/luchonoticias.com\/editor\/wp-json\/wp\/v2\/comments?post=72965"}],"version-history":[{"count":0,"href":"https:\/\/luchonoticias.com\/editor\/wp-json\/wp\/v2\/posts\/72965\/revisions"}],"wp:featuredmedia":[{"embeddable":true,"href":"https:\/\/luchonoticias.com\/editor\/wp-json\/wp\/v2\/media\/72966"}],"wp:attachment":[{"href":"https:\/\/luchonoticias.com\/editor\/wp-json\/wp\/v2\/media?parent=72965"}],"wp:term":[{"taxonomy":"category","embeddable":true,"href":"https:\/\/luchonoticias.com\/editor\/wp-json\/wp\/v2\/categories?post=72965"},{"taxonomy":"post_tag","embeddable":true,"href":"https:\/\/luchonoticias.com\/editor\/wp-json\/wp\/v2\/tags?post=72965"}],"curies":[{"name":"wp","href":"https:\/\/api.w.org\/{rel}","templated":true}]}}