{"id":72977,"date":"2024-05-11T07:18:39","date_gmt":"2024-05-11T12:18:39","guid":{"rendered":"https:\/\/luchonoticias.com\/?p=72977"},"modified":"2024-05-11T07:18:39","modified_gmt":"2024-05-11T12:18:39","slug":"presidente-propone-gran-acuerdo-nacional-y-que-sea-llevado-a-referendo","status":"publish","type":"post","link":"https:\/\/luchonoticias.com\/editor\/presidente-propone-gran-acuerdo-nacional-y-que-sea-llevado-a-referendo\/","title":{"rendered":"Presidente propone gran acuerdo nacional y que sea llevado a referendo"},"content":{"rendered":"<div>\u201cPor eso los invito, se\u00f1ores de la oligarqu\u00eda colombiana, del establecimiento o como quieran llamarlos, de la clase pol\u00edtica tradicional, a un Acuerdo Nacional para las reformas sociales de Colombia, para la construcci\u00f3n de una verdadera democracia. Acuerdo Nacional que si lo logramos debe llevarse a referendo popular, a trav\u00e9s del referendo constitucional en Colombia, para que el pueblo diga s\u00ed o no\u201d.<\/div>\n<div><\/div>\n<div>As\u00ed lo dijo este viernes el presidente Gustavo Petro Urrego al cierre de la jornada de \u2018Gobierno con los Barrios Populares\u2019, que se realiz\u00f3 en el sector de Silo\u00e9, en la ciudad de Cali.<\/div>\n<div><\/div>\n<div>Explic\u00f3 que el Acuerdo Nacional \u201cno es una reuni\u00f3n en el Palacio de Nari\u00f1o entre unos cuantos notables, generalmente hombres blancos y ricos\u201d, sino un instrumento que \u201cse hace en la base popular, en el territorio, en el barrio, all\u00e1 junto al mar, all\u00e1 en el p\u00e1ramo, ah\u00ed en la selva, all\u00e1 en el bosque, ah\u00ed en la gran ciudad, ah\u00ed en el territorio excluido, donde se sufre la violencia\u201d.<\/div>\n<div><\/div>\n<div>El jefe de Estado indic\u00f3 que este Acuerdo debe ser construido en asambleas populares y en los territorios sobre los temas fundamentales que le competen al pa\u00eds<\/div>\n<div><\/div>\n<div>En ese sentido, hizo referencia a \u201cla vivienda, la educaci\u00f3n p\u00fablica, su gratuidad y su financiaci\u00f3n, la salud, el m\u00e9dico, la m\u00e9dica en la casa del pueblo, en la casa del enfermo. \u00bfC\u00f3mo puede el territorio de Colombia educar m\u00e1s enfermeras, m\u00e1s m\u00e9dicas, m\u00e1s m\u00e9dicos?\u201d.<\/div>\n<div><\/div>\n<div>Asimismo, agreg\u00f3 que en el Acuerdo Nacional se debe discutir el tema de que \u201cla tierra sea para el ind\u00edgena, que la tierra sea para el negro, que la tierra sea para el campesinado de Colombia que quiera hacerla producir; que el cr\u00e9dito sea para la gente y la econom\u00eda popular, para la industria, para la agricultura, para la gente que quiere trabajar\u201d.<\/div>\n<div><\/div>\n<div>El mandatario fue enf\u00e1tico en decir que este es el momento de un Acuerdo Nacional: \u201cEl momento de Colombia no es volver a una confrontaci\u00f3n, como la de los liberales y los conservadores, all\u00e1 a mitad del siglo 20, o como la de las guerrillas insurgentes. El momento de Colombia no es m\u00e1s violencia\u201d.<\/div>\n<div><\/div>\n<div>El presidente Petro termin\u00f3 en Cali su correr\u00eda nacional de la jornada de \u2018Gobierno con los Barrios Populares\u2019, la estrategia del Gobierno del Cambio para llegar a los sectores m\u00e1s excluidos de las grandes ciudades del pa\u00eds, la cual se inici\u00f3 el lunes en Bogot\u00e1 y Soacha (Cundinamarca), luego sigui\u00f3 en Barranquilla, Cartagena, Santa Marta, Manizales y Pereira.<\/div>\n","protected":false},"excerpt":{"rendered":"<p>\u201cPor eso los invito, se\u00f1ores de la oligarqu\u00eda colombiana, del establecimiento o como quieran llamarlos, de la clase pol\u00edtica tradicional, a un Acuerdo Nacional para las reformas sociales de Colombia, para la construcci\u00f3n de una verdadera democracia. Acuerdo Nacional que si lo logramos debe llevarse a referendo popular, a trav\u00e9s del referendo constitucional en Colombia, [&hellip;]<\/p>\n","protected":false},"author":2,"featured_media":72978,"comment_status":"closed","ping_status":"open","sticky":false,"template":"","format":"standard","meta":{"footnotes":""},"categories":[28],"tags":[],"class_list":["post-72977","post","type-post","status-publish","format-standard","has-post-thumbnail","hentry","category-actualidad"],"yoast_head":"<!-- This site is optimized with the Yoast SEO plugin v26.6 - https:\/\/yoast.com\/wordpress\/plugins\/seo\/ -->\n<title>Presidente propone gran acuerdo nacional y que sea llevado a referendo -<\/title>\n<meta name=\"robots\" content=\"index, follow, max-snippet:-1, max-image-preview:large, max-video-preview:-1\" \/>\n<link rel=\"canonical\" href=\"https:\/\/luchonoticias.com\/editor\/presidente-propone-gran-acuerdo-nacional-y-que-sea-llevado-a-referendo\/\" \/>\n<meta property=\"og:locale\" content=\"es_ES\" \/>\n<meta property=\"og:type\" content=\"article\" \/>\n<meta property=\"og:title\" content=\"Presidente propone gran acuerdo nacional y que sea llevado a referendo -\" \/>\n<meta property=\"og:url\" content=\"https:\/\/luchonoticias.com\/editor\/presidente-propone-gran-acuerdo-nacional-y-que-sea-llevado-a-referendo\/\" \/>\n<meta property=\"article:publisher\" content=\"https:\/\/www.facebook.com\/luchonoticiasneiva\" \/>\n<meta property=\"article:published_time\" content=\"2024-05-11T12:18:39+00:00\" \/>\n<meta property=\"og:image\" content=\"https:\/\/luchonoticias.com\/editor\/wp-content\/uploads\/2024\/05\/fotos-acuerdo-nacional.jpg\" \/>\n\t<meta property=\"og:image:width\" content=\"700\" \/>\n\t<meta property=\"og:image:height\" content=\"400\" \/>\n\t<meta property=\"og:image:type\" content=\"image\/jpeg\" \/>\n<meta name=\"author\" content=\"Editor General\" \/>\n<meta name=\"twitter:card\" content=\"summary_large_image\" \/>\n<meta name=\"twitter:label1\" content=\"Escrito por\" \/>\n\t<meta name=\"twitter:data1\" content=\"Editor General\" \/>\n\t<meta name=\"twitter:label2\" content=\"Tiempo de lectura\" \/>\n\t<meta name=\"twitter:data2\" content=\"2 minutos\" \/>\n<script type=\"application\/ld+json\" class=\"yoast-schema-graph\">{\"@context\":\"https:\/\/schema.org\",\"@graph\":[{\"@type\":\"Article\",\"@id\":\"https:\/\/luchonoticias.com\/editor\/presidente-propone-gran-acuerdo-nacional-y-que-sea-llevado-a-referendo\/#article\",\"isPartOf\":{\"@id\":\"https:\/\/luchonoticias.com\/editor\/presidente-propone-gran-acuerdo-nacional-y-que-sea-llevado-a-referendo\/\"},\"author\":{\"name\":\"Editor General\",\"@id\":\"https:\/\/luchonoticias.com\/editor\/#\/schema\/person\/29217990ddf6f14e35912b2866d591fb\"},\"headline\":\"Presidente propone gran acuerdo nacional y que sea llevado a referendo\",\"datePublished\":\"2024-05-11T12:18:39+00:00\",\"mainEntityOfPage\":{\"@id\":\"https:\/\/luchonoticias.com\/editor\/presidente-propone-gran-acuerdo-nacional-y-que-sea-llevado-a-referendo\/\"},\"wordCount\":453,\"publisher\":{\"@id\":\"https:\/\/luchonoticias.com\/editor\/#\/schema\/person\/7a7fd911f58561fd056dbac7b55af9cd\"},\"image\":{\"@id\":\"https:\/\/luchonoticias.com\/editor\/presidente-propone-gran-acuerdo-nacional-y-que-sea-llevado-a-referendo\/#primaryimage\"},\"thumbnailUrl\":\"https:\/\/luchonoticias.com\/editor\/wp-content\/uploads\/2024\/05\/fotos-acuerdo-nacional.jpg\",\"articleSection\":[\"Actualidad\"],\"inLanguage\":\"es\"},{\"@type\":\"WebPage\",\"@id\":\"https:\/\/luchonoticias.com\/editor\/presidente-propone-gran-acuerdo-nacional-y-que-sea-llevado-a-referendo\/\",\"url\":\"https:\/\/luchonoticias.com\/editor\/presidente-propone-gran-acuerdo-nacional-y-que-sea-llevado-a-referendo\/\",\"name\":\"Presidente propone gran acuerdo nacional y que sea llevado a referendo -\",\"isPartOf\":{\"@id\":\"https:\/\/luchonoticias.com\/editor\/#website\"},\"primaryImageOfPage\":{\"@id\":\"https:\/\/luchonoticias.com\/editor\/presidente-propone-gran-acuerdo-nacional-y-que-sea-llevado-a-referendo\/#primaryimage\"},\"image\":{\"@id\":\"https:\/\/luchonoticias.com\/editor\/presidente-propone-gran-acuerdo-nacional-y-que-sea-llevado-a-referendo\/#primaryimage\"},\"thumbnailUrl\":\"https:\/\/luchonoticias.com\/editor\/wp-content\/uploads\/2024\/05\/fotos-acuerdo-nacional.jpg\",\"datePublished\":\"2024-05-11T12:18:39+00:00\",\"breadcrumb\":{\"@id\":\"https:\/\/luchonoticias.com\/editor\/presidente-propone-gran-acuerdo-nacional-y-que-sea-llevado-a-referendo\/#breadcrumb\"},\"inLanguage\":\"es\",\"potentialAction\":[{\"@type\":\"ReadAction\",\"target\":[\"https:\/\/luchonoticias.com\/editor\/presidente-propone-gran-acuerdo-nacional-y-que-sea-llevado-a-referendo\/\"]}]},{\"@type\":\"ImageObject\",\"inLanguage\":\"es\",\"@id\":\"https:\/\/luchonoticias.com\/editor\/presidente-propone-gran-acuerdo-nacional-y-que-sea-llevado-a-referendo\/#primaryimage\",\"url\":\"https:\/\/luchonoticias.com\/editor\/wp-content\/uploads\/2024\/05\/fotos-acuerdo-nacional.jpg\",\"contentUrl\":\"https:\/\/luchonoticias.com\/editor\/wp-content\/uploads\/2024\/05\/fotos-acuerdo-nacional.jpg\",\"width\":700,\"height\":400},{\"@type\":\"BreadcrumbList\",\"@id\":\"https:\/\/luchonoticias.com\/editor\/presidente-propone-gran-acuerdo-nacional-y-que-sea-llevado-a-referendo\/#breadcrumb\",\"itemListElement\":[{\"@type\":\"ListItem\",\"position\":1,\"name\":\"Portada\",\"item\":\"https:\/\/luchonoticias.com\/editor\/\"},{\"@type\":\"ListItem\",\"position\":2,\"name\":\"Presidente propone gran acuerdo nacional y que sea llevado a referendo\"}]},{\"@type\":\"WebSite\",\"@id\":\"https:\/\/luchonoticias.com\/editor\/#website\",\"url\":\"https:\/\/luchonoticias.com\/editor\/\",\"name\":\"\",\"description\":\"\",\"publisher\":{\"@id\":\"https:\/\/luchonoticias.com\/editor\/#\/schema\/person\/7a7fd911f58561fd056dbac7b55af9cd\"},\"potentialAction\":[{\"@type\":\"SearchAction\",\"target\":{\"@type\":\"EntryPoint\",\"urlTemplate\":\"https:\/\/luchonoticias.com\/editor\/?s={search_term_string}\"},\"query-input\":{\"@type\":\"PropertyValueSpecification\",\"valueRequired\":true,\"valueName\":\"search_term_string\"}}],\"inLanguage\":\"es\"},{\"@type\":[\"Person\",\"Organization\"],\"@id\":\"https:\/\/luchonoticias.com\/editor\/#\/schema\/person\/7a7fd911f58561fd056dbac7b55af9cd\",\"name\":\"admin\",\"image\":{\"@type\":\"ImageObject\",\"inLanguage\":\"es\",\"@id\":\"https:\/\/luchonoticias.com\/editor\/#\/schema\/person\/image\/\",\"url\":\"https:\/\/luchonoticias.com\/editor\/wp-content\/uploads\/2024\/02\/cropped-cropped-logolu.webp\",\"contentUrl\":\"https:\/\/luchonoticias.com\/editor\/wp-content\/uploads\/2024\/02\/cropped-cropped-logolu.webp\",\"width\":382,\"height\":170,\"caption\":\"admin\"},\"logo\":{\"@id\":\"https:\/\/luchonoticias.com\/editor\/#\/schema\/person\/image\/\"},\"sameAs\":[\"https:\/\/www.facebook.com\/luchonoticiasneiva\"]},{\"@type\":\"Person\",\"@id\":\"https:\/\/luchonoticias.com\/editor\/#\/schema\/person\/29217990ddf6f14e35912b2866d591fb\",\"name\":\"Editor General\",\"image\":{\"@type\":\"ImageObject\",\"inLanguage\":\"es\",\"@id\":\"https:\/\/luchonoticias.com\/editor\/#\/schema\/person\/image\/\",\"url\":\"https:\/\/luchonoticias.com\/editor\/wp-content\/uploads\/2024\/02\/cropped-cropped-logolu-150x150.webp\",\"contentUrl\":\"https:\/\/luchonoticias.com\/editor\/wp-content\/uploads\/2024\/02\/cropped-cropped-logolu-150x150.webp\",\"caption\":\"Editor General\"},\"sameAs\":[\"https:\/\/luchonoticias.com\/\"],\"url\":\"https:\/\/luchonoticias.com\/editor\/author\/editor-general\/\"}]}<\/script>\n<!-- \/ Yoast SEO plugin. -->","yoast_head_json":{"title":"Presidente propone gran acuerdo nacional y que sea llevado a referendo -","robots":{"index":"index","follow":"follow","max-snippet":"max-snippet:-1","max-image-preview":"max-image-preview:large","max-video-preview":"max-video-preview:-1"},"canonical":"https:\/\/luchonoticias.com\/editor\/presidente-propone-gran-acuerdo-nacional-y-que-sea-llevado-a-referendo\/","og_locale":"es_ES","og_type":"article","og_title":"Presidente propone gran acuerdo nacional y que sea llevado a referendo -","og_url":"https:\/\/luchonoticias.com\/editor\/presidente-propone-gran-acuerdo-nacional-y-que-sea-llevado-a-referendo\/","article_publisher":"https:\/\/www.facebook.com\/luchonoticiasneiva","article_published_time":"2024-05-11T12:18:39+00:00","og_image":[{"width":700,"height":400,"url":"https:\/\/luchonoticias.com\/editor\/wp-content\/uploads\/2024\/05\/fotos-acuerdo-nacional.jpg","type":"image\/jpeg"}],"author":"Editor General","twitter_card":"summary_large_image","twitter_misc":{"Escrito por":"Editor General","Tiempo de lectura":"2 minutos"},"schema":{"@context":"https:\/\/schema.org","@graph":[{"@type":"Article","@id":"https:\/\/luchonoticias.com\/editor\/presidente-propone-gran-acuerdo-nacional-y-que-sea-llevado-a-referendo\/#article","isPartOf":{"@id":"https:\/\/luchonoticias.com\/editor\/presidente-propone-gran-acuerdo-nacional-y-que-sea-llevado-a-referendo\/"},"author":{"name":"Editor General","@id":"https:\/\/luchonoticias.com\/editor\/#\/schema\/person\/29217990ddf6f14e35912b2866d591fb"},"headline":"Presidente propone gran acuerdo nacional y que sea llevado a referendo","datePublished":"2024-05-11T12:18:39+00:00","mainEntityOfPage":{"@id":"https:\/\/luchonoticias.com\/editor\/presidente-propone-gran-acuerdo-nacional-y-que-sea-llevado-a-referendo\/"},"wordCount":453,"publisher":{"@id":"https:\/\/luchonoticias.com\/editor\/#\/schema\/person\/7a7fd911f58561fd056dbac7b55af9cd"},"image":{"@id":"https:\/\/luchonoticias.com\/editor\/presidente-propone-gran-acuerdo-nacional-y-que-sea-llevado-a-referendo\/#primaryimage"},"thumbnailUrl":"https:\/\/luchonoticias.com\/editor\/wp-content\/uploads\/2024\/05\/fotos-acuerdo-nacional.jpg","articleSection":["Actualidad"],"inLanguage":"es"},{"@type":"WebPage","@id":"https:\/\/luchonoticias.com\/editor\/presidente-propone-gran-acuerdo-nacional-y-que-sea-llevado-a-referendo\/","url":"https:\/\/luchonoticias.com\/editor\/presidente-propone-gran-acuerdo-nacional-y-que-sea-llevado-a-referendo\/","name":"Presidente propone gran acuerdo nacional y que sea llevado a referendo -","isPartOf":{"@id":"https:\/\/luchonoticias.com\/editor\/#website"},"primaryImageOfPage":{"@id":"https:\/\/luchonoticias.com\/editor\/presidente-propone-gran-acuerdo-nacional-y-que-sea-llevado-a-referendo\/#primaryimage"},"image":{"@id":"https:\/\/luchonoticias.com\/editor\/presidente-propone-gran-acuerdo-nacional-y-que-sea-llevado-a-referendo\/#primaryimage"},"thumbnailUrl":"https:\/\/luchonoticias.com\/editor\/wp-content\/uploads\/2024\/05\/fotos-acuerdo-nacional.jpg","datePublished":"2024-05-11T12:18:39+00:00","breadcrumb":{"@id":"https:\/\/luchonoticias.com\/editor\/presidente-propone-gran-acuerdo-nacional-y-que-sea-llevado-a-referendo\/#breadcrumb"},"inLanguage":"es","potentialAction":[{"@type":"ReadAction","target":["https:\/\/luchonoticias.com\/editor\/presidente-propone-gran-acuerdo-nacional-y-que-sea-llevado-a-referendo\/"]}]},{"@type":"ImageObject","inLanguage":"es","@id":"https:\/\/luchonoticias.com\/editor\/presidente-propone-gran-acuerdo-nacional-y-que-sea-llevado-a-referendo\/#primaryimage","url":"https:\/\/luchonoticias.com\/editor\/wp-content\/uploads\/2024\/05\/fotos-acuerdo-nacional.jpg","contentUrl":"https:\/\/luchonoticias.com\/editor\/wp-content\/uploads\/2024\/05\/fotos-acuerdo-nacional.jpg","width":700,"height":400},{"@type":"BreadcrumbList","@id":"https:\/\/luchonoticias.com\/editor\/presidente-propone-gran-acuerdo-nacional-y-que-sea-llevado-a-referendo\/#breadcrumb","itemListElement":[{"@type":"ListItem","position":1,"name":"Portada","item":"https:\/\/luchonoticias.com\/editor\/"},{"@type":"ListItem","position":2,"name":"Presidente propone gran acuerdo nacional y que sea llevado a referendo"}]},{"@type":"WebSite","@id":"https:\/\/luchonoticias.com\/editor\/#website","url":"https:\/\/luchonoticias.com\/editor\/","name":"","description":"","publisher":{"@id":"https:\/\/luchonoticias.com\/editor\/#\/schema\/person\/7a7fd911f58561fd056dbac7b55af9cd"},"potentialAction":[{"@type":"SearchAction","target":{"@type":"EntryPoint","urlTemplate":"https:\/\/luchonoticias.com\/editor\/?s={search_term_string}"},"query-input":{"@type":"PropertyValueSpecification","valueRequired":true,"valueName":"search_term_string"}}],"inLanguage":"es"},{"@type":["Person","Organization"],"@id":"https:\/\/luchonoticias.com\/editor\/#\/schema\/person\/7a7fd911f58561fd056dbac7b55af9cd","name":"admin","image":{"@type":"ImageObject","inLanguage":"es","@id":"https:\/\/luchonoticias.com\/editor\/#\/schema\/person\/image\/","url":"https:\/\/luchonoticias.com\/editor\/wp-content\/uploads\/2024\/02\/cropped-cropped-logolu.webp","contentUrl":"https:\/\/luchonoticias.com\/editor\/wp-content\/uploads\/2024\/02\/cropped-cropped-logolu.webp","width":382,"height":170,"caption":"admin"},"logo":{"@id":"https:\/\/luchonoticias.com\/editor\/#\/schema\/person\/image\/"},"sameAs":["https:\/\/www.facebook.com\/luchonoticiasneiva"]},{"@type":"Person","@id":"https:\/\/luchonoticias.com\/editor\/#\/schema\/person\/29217990ddf6f14e35912b2866d591fb","name":"Editor General","image":{"@type":"ImageObject","inLanguage":"es","@id":"https:\/\/luchonoticias.com\/editor\/#\/schema\/person\/image\/","url":"https:\/\/luchonoticias.com\/editor\/wp-content\/uploads\/2024\/02\/cropped-cropped-logolu-150x150.webp","contentUrl":"https:\/\/luchonoticias.com\/editor\/wp-content\/uploads\/2024\/02\/cropped-cropped-logolu-150x150.webp","caption":"Editor General"},"sameAs":["https:\/\/luchonoticias.com\/"],"url":"https:\/\/luchonoticias.com\/editor\/author\/editor-general\/"}]}},"_links":{"self":[{"href":"https:\/\/luchonoticias.com\/editor\/wp-json\/wp\/v2\/posts\/72977","targetHints":{"allow":["GET"]}}],"collection":[{"href":"https:\/\/luchonoticias.com\/editor\/wp-json\/wp\/v2\/posts"}],"about":[{"href":"https:\/\/luchonoticias.com\/editor\/wp-json\/wp\/v2\/types\/post"}],"author":[{"embeddable":true,"href":"https:\/\/luchonoticias.com\/editor\/wp-json\/wp\/v2\/users\/2"}],"replies":[{"embeddable":true,"href":"https:\/\/luchonoticias.com\/editor\/wp-json\/wp\/v2\/comments?post=72977"}],"version-history":[{"count":0,"href":"https:\/\/luchonoticias.com\/editor\/wp-json\/wp\/v2\/posts\/72977\/revisions"}],"wp:featuredmedia":[{"embeddable":true,"href":"https:\/\/luchonoticias.com\/editor\/wp-json\/wp\/v2\/media\/72978"}],"wp:attachment":[{"href":"https:\/\/luchonoticias.com\/editor\/wp-json\/wp\/v2\/media?parent=72977"}],"wp:term":[{"taxonomy":"category","embeddable":true,"href":"https:\/\/luchonoticias.com\/editor\/wp-json\/wp\/v2\/categories?post=72977"},{"taxonomy":"post_tag","embeddable":true,"href":"https:\/\/luchonoticias.com\/editor\/wp-json\/wp\/v2\/tags?post=72977"}],"curies":[{"name":"wp","href":"https:\/\/api.w.org\/{rel}","templated":true}]}}