{"id":72980,"date":"2024-05-11T10:30:14","date_gmt":"2024-05-11T15:30:14","guid":{"rendered":"https:\/\/luchonoticias.com\/?p=72980"},"modified":"2024-05-11T10:30:14","modified_gmt":"2024-05-11T15:30:14","slug":"daniel-felipe-martinez-llego-segundo-en-la-etapa-de-hoy-en-el-giro-ditalia","status":"publish","type":"post","link":"https:\/\/luchonoticias.com\/editor\/daniel-felipe-martinez-llego-segundo-en-la-etapa-de-hoy-en-el-giro-ditalia\/","title":{"rendered":"Daniel Felipe Mart\u00ednez lleg\u00f3 segundo en la etapa de hoy en el Giro d&#8217;Italia"},"content":{"rendered":"<p>Regres\u00f3 la alta monta\u00f1a en el Giro d&#8217;Italia con el desarrollo de la octava etapa y en donde el colombiano Daniel Felipe Mart\u00ednez se mantiene segundo en la general.<\/p>\n<p>En lo que fue la jornada de hoy el pedalista de Soacha cruz\u00f3 la meta de segundo, con el mismo tiempo del esloveno Tadej Pogacar que se mantiene como l\u00edder de la competencia, eso s\u00ed, Daniel Felipe por su condici\u00f3n de segundo logr\u00f3 bonificaci\u00f3n y reducir distancias: ahora se ubica a 2:40 minutos del liderato.<\/p>\n<p>Capitulo aparte Einer Rubio lleg\u00f3 en la sexta casilla de la jornada de hoy, a dos segundos de Pogacar y ahora se encuentra a 5:28 minutos.<\/p>\n<p>Ma\u00f1ana la novena etapa ser\u00e1 de media monta\u00f1a y 214 kil\u00f3metros entre Avezzano y Napoles, previo a la primera jornada de descanso.<\/p>\n","protected":false},"excerpt":{"rendered":"<p>Regres\u00f3 la alta monta\u00f1a en el Giro d&#8217;Italia con el desarrollo de la octava etapa y en donde el colombiano Daniel Felipe Mart\u00ednez se mantiene segundo en la general. En lo que fue la jornada de hoy el pedalista de Soacha cruz\u00f3 la meta de segundo, con el mismo tiempo del esloveno Tadej Pogacar que [&hellip;]<\/p>\n","protected":false},"author":2,"featured_media":72981,"comment_status":"closed","ping_status":"open","sticky":false,"template":"","format":"standard","meta":{"footnotes":""},"categories":[34],"tags":[],"class_list":["post-72980","post","type-post","status-publish","format-standard","has-post-thumbnail","hentry","category-deportes"],"yoast_head":"<!-- This site is optimized with the Yoast SEO plugin v26.6 - https:\/\/yoast.com\/wordpress\/plugins\/seo\/ -->\n<title>Daniel Felipe Mart\u00ednez lleg\u00f3 segundo en la etapa de hoy en el Giro d&#039;Italia -<\/title>\n<meta name=\"robots\" content=\"index, follow, max-snippet:-1, max-image-preview:large, max-video-preview:-1\" \/>\n<link rel=\"canonical\" href=\"https:\/\/luchonoticias.com\/editor\/daniel-felipe-martinez-llego-segundo-en-la-etapa-de-hoy-en-el-giro-ditalia\/\" \/>\n<meta property=\"og:locale\" content=\"es_ES\" \/>\n<meta property=\"og:type\" content=\"article\" \/>\n<meta property=\"og:title\" content=\"Daniel Felipe Mart\u00ednez lleg\u00f3 segundo en la etapa de hoy en el Giro d&#039;Italia -\" \/>\n<meta property=\"og:url\" content=\"https:\/\/luchonoticias.com\/editor\/daniel-felipe-martinez-llego-segundo-en-la-etapa-de-hoy-en-el-giro-ditalia\/\" \/>\n<meta property=\"article:publisher\" content=\"https:\/\/www.facebook.com\/luchonoticiasneiva\" \/>\n<meta property=\"article:published_time\" content=\"2024-05-11T15:30:14+00:00\" \/>\n<meta property=\"og:image\" content=\"https:\/\/luchonoticias.com\/editor\/wp-content\/uploads\/2024\/05\/daniel-martinez-2.jpg\" \/>\n\t<meta property=\"og:image:width\" content=\"700\" \/>\n\t<meta property=\"og:image:height\" content=\"400\" \/>\n\t<meta property=\"og:image:type\" content=\"image\/jpeg\" \/>\n<meta name=\"author\" content=\"Editor General\" \/>\n<meta name=\"twitter:card\" content=\"summary_large_image\" \/>\n<meta name=\"twitter:label1\" content=\"Escrito por\" \/>\n\t<meta name=\"twitter:data1\" content=\"Editor General\" \/>\n\t<meta name=\"twitter:label2\" content=\"Tiempo de lectura\" \/>\n\t<meta name=\"twitter:data2\" content=\"1 minuto\" \/>\n<script type=\"application\/ld+json\" class=\"yoast-schema-graph\">{\"@context\":\"https:\/\/schema.org\",\"@graph\":[{\"@type\":\"Article\",\"@id\":\"https:\/\/luchonoticias.com\/editor\/daniel-felipe-martinez-llego-segundo-en-la-etapa-de-hoy-en-el-giro-ditalia\/#article\",\"isPartOf\":{\"@id\":\"https:\/\/luchonoticias.com\/editor\/daniel-felipe-martinez-llego-segundo-en-la-etapa-de-hoy-en-el-giro-ditalia\/\"},\"author\":{\"name\":\"Editor General\",\"@id\":\"https:\/\/luchonoticias.com\/editor\/#\/schema\/person\/29217990ddf6f14e35912b2866d591fb\"},\"headline\":\"Daniel Felipe Mart\u00ednez lleg\u00f3 segundo en la etapa de hoy en el Giro d&#8217;Italia\",\"datePublished\":\"2024-05-11T15:30:14+00:00\",\"mainEntityOfPage\":{\"@id\":\"https:\/\/luchonoticias.com\/editor\/daniel-felipe-martinez-llego-segundo-en-la-etapa-de-hoy-en-el-giro-ditalia\/\"},\"wordCount\":154,\"publisher\":{\"@id\":\"https:\/\/luchonoticias.com\/editor\/#\/schema\/person\/7a7fd911f58561fd056dbac7b55af9cd\"},\"image\":{\"@id\":\"https:\/\/luchonoticias.com\/editor\/daniel-felipe-martinez-llego-segundo-en-la-etapa-de-hoy-en-el-giro-ditalia\/#primaryimage\"},\"thumbnailUrl\":\"https:\/\/luchonoticias.com\/editor\/wp-content\/uploads\/2024\/05\/daniel-martinez-2.jpg\",\"articleSection\":[\"Deportes\"],\"inLanguage\":\"es\"},{\"@type\":\"WebPage\",\"@id\":\"https:\/\/luchonoticias.com\/editor\/daniel-felipe-martinez-llego-segundo-en-la-etapa-de-hoy-en-el-giro-ditalia\/\",\"url\":\"https:\/\/luchonoticias.com\/editor\/daniel-felipe-martinez-llego-segundo-en-la-etapa-de-hoy-en-el-giro-ditalia\/\",\"name\":\"Daniel Felipe Mart\u00ednez lleg\u00f3 segundo en la etapa de hoy en el Giro d'Italia -\",\"isPartOf\":{\"@id\":\"https:\/\/luchonoticias.com\/editor\/#website\"},\"primaryImageOfPage\":{\"@id\":\"https:\/\/luchonoticias.com\/editor\/daniel-felipe-martinez-llego-segundo-en-la-etapa-de-hoy-en-el-giro-ditalia\/#primaryimage\"},\"image\":{\"@id\":\"https:\/\/luchonoticias.com\/editor\/daniel-felipe-martinez-llego-segundo-en-la-etapa-de-hoy-en-el-giro-ditalia\/#primaryimage\"},\"thumbnailUrl\":\"https:\/\/luchonoticias.com\/editor\/wp-content\/uploads\/2024\/05\/daniel-martinez-2.jpg\",\"datePublished\":\"2024-05-11T15:30:14+00:00\",\"breadcrumb\":{\"@id\":\"https:\/\/luchonoticias.com\/editor\/daniel-felipe-martinez-llego-segundo-en-la-etapa-de-hoy-en-el-giro-ditalia\/#breadcrumb\"},\"inLanguage\":\"es\",\"potentialAction\":[{\"@type\":\"ReadAction\",\"target\":[\"https:\/\/luchonoticias.com\/editor\/daniel-felipe-martinez-llego-segundo-en-la-etapa-de-hoy-en-el-giro-ditalia\/\"]}]},{\"@type\":\"ImageObject\",\"inLanguage\":\"es\",\"@id\":\"https:\/\/luchonoticias.com\/editor\/daniel-felipe-martinez-llego-segundo-en-la-etapa-de-hoy-en-el-giro-ditalia\/#primaryimage\",\"url\":\"https:\/\/luchonoticias.com\/editor\/wp-content\/uploads\/2024\/05\/daniel-martinez-2.jpg\",\"contentUrl\":\"https:\/\/luchonoticias.com\/editor\/wp-content\/uploads\/2024\/05\/daniel-martinez-2.jpg\",\"width\":700,\"height\":400},{\"@type\":\"BreadcrumbList\",\"@id\":\"https:\/\/luchonoticias.com\/editor\/daniel-felipe-martinez-llego-segundo-en-la-etapa-de-hoy-en-el-giro-ditalia\/#breadcrumb\",\"itemListElement\":[{\"@type\":\"ListItem\",\"position\":1,\"name\":\"Portada\",\"item\":\"https:\/\/luchonoticias.com\/editor\/\"},{\"@type\":\"ListItem\",\"position\":2,\"name\":\"Daniel Felipe Mart\u00ednez lleg\u00f3 segundo en la etapa de hoy en el Giro d&#8217;Italia\"}]},{\"@type\":\"WebSite\",\"@id\":\"https:\/\/luchonoticias.com\/editor\/#website\",\"url\":\"https:\/\/luchonoticias.com\/editor\/\",\"name\":\"\",\"description\":\"\",\"publisher\":{\"@id\":\"https:\/\/luchonoticias.com\/editor\/#\/schema\/person\/7a7fd911f58561fd056dbac7b55af9cd\"},\"potentialAction\":[{\"@type\":\"SearchAction\",\"target\":{\"@type\":\"EntryPoint\",\"urlTemplate\":\"https:\/\/luchonoticias.com\/editor\/?s={search_term_string}\"},\"query-input\":{\"@type\":\"PropertyValueSpecification\",\"valueRequired\":true,\"valueName\":\"search_term_string\"}}],\"inLanguage\":\"es\"},{\"@type\":[\"Person\",\"Organization\"],\"@id\":\"https:\/\/luchonoticias.com\/editor\/#\/schema\/person\/7a7fd911f58561fd056dbac7b55af9cd\",\"name\":\"admin\",\"image\":{\"@type\":\"ImageObject\",\"inLanguage\":\"es\",\"@id\":\"https:\/\/luchonoticias.com\/editor\/#\/schema\/person\/image\/\",\"url\":\"https:\/\/luchonoticias.com\/editor\/wp-content\/uploads\/2024\/02\/cropped-cropped-logolu.webp\",\"contentUrl\":\"https:\/\/luchonoticias.com\/editor\/wp-content\/uploads\/2024\/02\/cropped-cropped-logolu.webp\",\"width\":382,\"height\":170,\"caption\":\"admin\"},\"logo\":{\"@id\":\"https:\/\/luchonoticias.com\/editor\/#\/schema\/person\/image\/\"},\"sameAs\":[\"https:\/\/www.facebook.com\/luchonoticiasneiva\"]},{\"@type\":\"Person\",\"@id\":\"https:\/\/luchonoticias.com\/editor\/#\/schema\/person\/29217990ddf6f14e35912b2866d591fb\",\"name\":\"Editor General\",\"image\":{\"@type\":\"ImageObject\",\"inLanguage\":\"es\",\"@id\":\"https:\/\/luchonoticias.com\/editor\/#\/schema\/person\/image\/\",\"url\":\"https:\/\/luchonoticias.com\/editor\/wp-content\/uploads\/2024\/02\/cropped-cropped-logolu-150x150.webp\",\"contentUrl\":\"https:\/\/luchonoticias.com\/editor\/wp-content\/uploads\/2024\/02\/cropped-cropped-logolu-150x150.webp\",\"caption\":\"Editor General\"},\"sameAs\":[\"https:\/\/luchonoticias.com\/\"],\"url\":\"https:\/\/luchonoticias.com\/editor\/author\/editor-general\/\"}]}<\/script>\n<!-- \/ Yoast SEO plugin. -->","yoast_head_json":{"title":"Daniel Felipe Mart\u00ednez lleg\u00f3 segundo en la etapa de hoy en el Giro d'Italia -","robots":{"index":"index","follow":"follow","max-snippet":"max-snippet:-1","max-image-preview":"max-image-preview:large","max-video-preview":"max-video-preview:-1"},"canonical":"https:\/\/luchonoticias.com\/editor\/daniel-felipe-martinez-llego-segundo-en-la-etapa-de-hoy-en-el-giro-ditalia\/","og_locale":"es_ES","og_type":"article","og_title":"Daniel Felipe Mart\u00ednez lleg\u00f3 segundo en la etapa de hoy en el Giro d'Italia -","og_url":"https:\/\/luchonoticias.com\/editor\/daniel-felipe-martinez-llego-segundo-en-la-etapa-de-hoy-en-el-giro-ditalia\/","article_publisher":"https:\/\/www.facebook.com\/luchonoticiasneiva","article_published_time":"2024-05-11T15:30:14+00:00","og_image":[{"width":700,"height":400,"url":"https:\/\/luchonoticias.com\/editor\/wp-content\/uploads\/2024\/05\/daniel-martinez-2.jpg","type":"image\/jpeg"}],"author":"Editor General","twitter_card":"summary_large_image","twitter_misc":{"Escrito por":"Editor General","Tiempo de lectura":"1 minuto"},"schema":{"@context":"https:\/\/schema.org","@graph":[{"@type":"Article","@id":"https:\/\/luchonoticias.com\/editor\/daniel-felipe-martinez-llego-segundo-en-la-etapa-de-hoy-en-el-giro-ditalia\/#article","isPartOf":{"@id":"https:\/\/luchonoticias.com\/editor\/daniel-felipe-martinez-llego-segundo-en-la-etapa-de-hoy-en-el-giro-ditalia\/"},"author":{"name":"Editor General","@id":"https:\/\/luchonoticias.com\/editor\/#\/schema\/person\/29217990ddf6f14e35912b2866d591fb"},"headline":"Daniel Felipe Mart\u00ednez lleg\u00f3 segundo en la etapa de hoy en el Giro d&#8217;Italia","datePublished":"2024-05-11T15:30:14+00:00","mainEntityOfPage":{"@id":"https:\/\/luchonoticias.com\/editor\/daniel-felipe-martinez-llego-segundo-en-la-etapa-de-hoy-en-el-giro-ditalia\/"},"wordCount":154,"publisher":{"@id":"https:\/\/luchonoticias.com\/editor\/#\/schema\/person\/7a7fd911f58561fd056dbac7b55af9cd"},"image":{"@id":"https:\/\/luchonoticias.com\/editor\/daniel-felipe-martinez-llego-segundo-en-la-etapa-de-hoy-en-el-giro-ditalia\/#primaryimage"},"thumbnailUrl":"https:\/\/luchonoticias.com\/editor\/wp-content\/uploads\/2024\/05\/daniel-martinez-2.jpg","articleSection":["Deportes"],"inLanguage":"es"},{"@type":"WebPage","@id":"https:\/\/luchonoticias.com\/editor\/daniel-felipe-martinez-llego-segundo-en-la-etapa-de-hoy-en-el-giro-ditalia\/","url":"https:\/\/luchonoticias.com\/editor\/daniel-felipe-martinez-llego-segundo-en-la-etapa-de-hoy-en-el-giro-ditalia\/","name":"Daniel Felipe Mart\u00ednez lleg\u00f3 segundo en la etapa de hoy en el Giro d'Italia -","isPartOf":{"@id":"https:\/\/luchonoticias.com\/editor\/#website"},"primaryImageOfPage":{"@id":"https:\/\/luchonoticias.com\/editor\/daniel-felipe-martinez-llego-segundo-en-la-etapa-de-hoy-en-el-giro-ditalia\/#primaryimage"},"image":{"@id":"https:\/\/luchonoticias.com\/editor\/daniel-felipe-martinez-llego-segundo-en-la-etapa-de-hoy-en-el-giro-ditalia\/#primaryimage"},"thumbnailUrl":"https:\/\/luchonoticias.com\/editor\/wp-content\/uploads\/2024\/05\/daniel-martinez-2.jpg","datePublished":"2024-05-11T15:30:14+00:00","breadcrumb":{"@id":"https:\/\/luchonoticias.com\/editor\/daniel-felipe-martinez-llego-segundo-en-la-etapa-de-hoy-en-el-giro-ditalia\/#breadcrumb"},"inLanguage":"es","potentialAction":[{"@type":"ReadAction","target":["https:\/\/luchonoticias.com\/editor\/daniel-felipe-martinez-llego-segundo-en-la-etapa-de-hoy-en-el-giro-ditalia\/"]}]},{"@type":"ImageObject","inLanguage":"es","@id":"https:\/\/luchonoticias.com\/editor\/daniel-felipe-martinez-llego-segundo-en-la-etapa-de-hoy-en-el-giro-ditalia\/#primaryimage","url":"https:\/\/luchonoticias.com\/editor\/wp-content\/uploads\/2024\/05\/daniel-martinez-2.jpg","contentUrl":"https:\/\/luchonoticias.com\/editor\/wp-content\/uploads\/2024\/05\/daniel-martinez-2.jpg","width":700,"height":400},{"@type":"BreadcrumbList","@id":"https:\/\/luchonoticias.com\/editor\/daniel-felipe-martinez-llego-segundo-en-la-etapa-de-hoy-en-el-giro-ditalia\/#breadcrumb","itemListElement":[{"@type":"ListItem","position":1,"name":"Portada","item":"https:\/\/luchonoticias.com\/editor\/"},{"@type":"ListItem","position":2,"name":"Daniel Felipe Mart\u00ednez lleg\u00f3 segundo en la etapa de hoy en el Giro d&#8217;Italia"}]},{"@type":"WebSite","@id":"https:\/\/luchonoticias.com\/editor\/#website","url":"https:\/\/luchonoticias.com\/editor\/","name":"","description":"","publisher":{"@id":"https:\/\/luchonoticias.com\/editor\/#\/schema\/person\/7a7fd911f58561fd056dbac7b55af9cd"},"potentialAction":[{"@type":"SearchAction","target":{"@type":"EntryPoint","urlTemplate":"https:\/\/luchonoticias.com\/editor\/?s={search_term_string}"},"query-input":{"@type":"PropertyValueSpecification","valueRequired":true,"valueName":"search_term_string"}}],"inLanguage":"es"},{"@type":["Person","Organization"],"@id":"https:\/\/luchonoticias.com\/editor\/#\/schema\/person\/7a7fd911f58561fd056dbac7b55af9cd","name":"admin","image":{"@type":"ImageObject","inLanguage":"es","@id":"https:\/\/luchonoticias.com\/editor\/#\/schema\/person\/image\/","url":"https:\/\/luchonoticias.com\/editor\/wp-content\/uploads\/2024\/02\/cropped-cropped-logolu.webp","contentUrl":"https:\/\/luchonoticias.com\/editor\/wp-content\/uploads\/2024\/02\/cropped-cropped-logolu.webp","width":382,"height":170,"caption":"admin"},"logo":{"@id":"https:\/\/luchonoticias.com\/editor\/#\/schema\/person\/image\/"},"sameAs":["https:\/\/www.facebook.com\/luchonoticiasneiva"]},{"@type":"Person","@id":"https:\/\/luchonoticias.com\/editor\/#\/schema\/person\/29217990ddf6f14e35912b2866d591fb","name":"Editor General","image":{"@type":"ImageObject","inLanguage":"es","@id":"https:\/\/luchonoticias.com\/editor\/#\/schema\/person\/image\/","url":"https:\/\/luchonoticias.com\/editor\/wp-content\/uploads\/2024\/02\/cropped-cropped-logolu-150x150.webp","contentUrl":"https:\/\/luchonoticias.com\/editor\/wp-content\/uploads\/2024\/02\/cropped-cropped-logolu-150x150.webp","caption":"Editor General"},"sameAs":["https:\/\/luchonoticias.com\/"],"url":"https:\/\/luchonoticias.com\/editor\/author\/editor-general\/"}]}},"_links":{"self":[{"href":"https:\/\/luchonoticias.com\/editor\/wp-json\/wp\/v2\/posts\/72980","targetHints":{"allow":["GET"]}}],"collection":[{"href":"https:\/\/luchonoticias.com\/editor\/wp-json\/wp\/v2\/posts"}],"about":[{"href":"https:\/\/luchonoticias.com\/editor\/wp-json\/wp\/v2\/types\/post"}],"author":[{"embeddable":true,"href":"https:\/\/luchonoticias.com\/editor\/wp-json\/wp\/v2\/users\/2"}],"replies":[{"embeddable":true,"href":"https:\/\/luchonoticias.com\/editor\/wp-json\/wp\/v2\/comments?post=72980"}],"version-history":[{"count":0,"href":"https:\/\/luchonoticias.com\/editor\/wp-json\/wp\/v2\/posts\/72980\/revisions"}],"wp:featuredmedia":[{"embeddable":true,"href":"https:\/\/luchonoticias.com\/editor\/wp-json\/wp\/v2\/media\/72981"}],"wp:attachment":[{"href":"https:\/\/luchonoticias.com\/editor\/wp-json\/wp\/v2\/media?parent=72980"}],"wp:term":[{"taxonomy":"category","embeddable":true,"href":"https:\/\/luchonoticias.com\/editor\/wp-json\/wp\/v2\/categories?post=72980"},{"taxonomy":"post_tag","embeddable":true,"href":"https:\/\/luchonoticias.com\/editor\/wp-json\/wp\/v2\/tags?post=72980"}],"curies":[{"name":"wp","href":"https:\/\/api.w.org\/{rel}","templated":true}]}}