{"id":73007,"date":"2024-05-12T11:26:01","date_gmt":"2024-05-12T16:26:01","guid":{"rendered":"https:\/\/luchonoticias.com\/?p=73007"},"modified":"2024-05-12T11:26:01","modified_gmt":"2024-05-12T16:26:01","slug":"mas-proyectos-para-impulsar-el-sector-cafetero","status":"publish","type":"post","link":"https:\/\/luchonoticias.com\/editor\/mas-proyectos-para-impulsar-el-sector-cafetero\/","title":{"rendered":"M\u00e1s proyectos para impulsar el sector cafetero"},"content":{"rendered":"<p>El secretario de agricultura y miner\u00eda del departamento, Carlos Alberto Cu\u00e9llar Medina, se reuni\u00f3 con el gerente general de la Federaci\u00f3n Nacional de Cafeteros, Germ\u00e1n Alberto Baham\u00f3n Jaramillo, y la directora ejecutiva del Comit\u00e9 Departamental de Cafeteros del Huila, Edna Yolima Calder\u00f3n Ome, con el objetivo de avanzar en la agenda cafetera, como una de las prioridades del gobierno \u201cHuila Grande\u201d.<\/p>\n<p>Durante esta mesa de trabajo el titular de la cartera agropecuaria del departamento, dej\u00f3 claros los temas en los que la Gobernaci\u00f3n del Huila tiene inter\u00e9s de contribuir con inversi\u00f3n de recursos, apunt\u00e1ndole a aumentar la productividad, mejorar la calidad de vida de las familias caficultoras, y hacer sostenible esta actividad productiva.<\/p>\n<p>Entre los temas que hicieron parte de la agenda se destaca la renovaci\u00f3n de cafetales, el manejo de aguas mieles para reducir el impacto ambiental, la correcci\u00f3n de suelos mediante el uso de enmiendas agr\u00edcolas, la complementaci\u00f3n a los procesos de fertilizaci\u00f3n, y el financiamiento v\u00eda ICR y l\u00edneas de cr\u00e9ditos con intereses blandos, como lo indica Carlos Alberto Cu\u00e9llar, secretario de agricultura y miner\u00eda del departamento.<\/p>\n<p>\u201cSon tres importantes proyectos orientados a la renovaci\u00f3n de nuestros cafetales por soca, y adicionalmente a la complementaci\u00f3n de la fertilizaci\u00f3n con unos incentivos que pretendemos generar a partir de las enmiendas a los suelos, y unas mejoras mediante fertilizaci\u00f3n complementaria. Aqu\u00ed tenemos unos programas integrales por ejemplo en lo que tiene que ver con la implementaci\u00f3n de filtros verdes para la descontaminaci\u00f3n de las aguas mieles que normalmente son vertidas al terreno, y all\u00ed va a estar participando la Corporaci\u00f3n Aut\u00f3noma Regional del Alto Magdalena con unos aportes valiosos para hacer un programa integral que permita cumplir con las 19.000 hect\u00e1reas propuestas como metas de renovaci\u00f3n, para lograr incrementar la productividad cafetera\u201d, coment\u00f3.<\/p>\n<p><strong>Un gobierno comprometido con la caficultura<\/strong><\/p>\n<p>El funcionario fue contundente al indicar que las directrices del gobernador Rodrigo Villalba Mosquera, est\u00e1n orientadas a seguir fortaleciendo esta importante apuesta productiva, que sin duda es una de las que m\u00e1s contribuye a la generaci\u00f3n de riqueza y puestos de trabajo.<\/p>\n<p>\u201cEl inter\u00e9s del gobierno departamental es sin duda apoyar esta importante cadena generadora de ingresos, generadora de Producto Interno Bruto y, sobre todo, de empleo en la regi\u00f3n. Aqu\u00ed la directriz del gobernador es que apoyemos de manera directa estas metas que desde el gremio caficultor se est\u00e1n planteando, y la Secretar\u00eda de Agricultura viene trabajando desde el inicio del gobierno con el comit\u00e9 departamental de cafeteros para poder formular estos proyectos de cooperaci\u00f3n que nos permitan aunar esfuerzos para el beneficio de los caficultores y adicional, trabajamos de manera directa con Finagro y con el Banco Agrario en la posible suscripci\u00f3n de unos convenios para facilitar y hacer m\u00e1s blandos el acceso a cr\u00e9dito reduciendo la tasa de inter\u00e9s e incluso suplementando el Incentivo a la Capitalizaci\u00f3n Rural \u2013 ICR, a nuestros campesinos huilenses\u201d.<\/p>\n<p><strong>El Huila como referente nacional en producci\u00f3n<\/strong><\/p>\n<p>Sin duda que la caficultura es uno de los subsectores que m\u00e1s le aporta el Producto Interno Bruto del departamento ($2,7 billones, de acuerdo a la Evaluaci\u00f3n Agropecuaria de 2022), no solo por la comercializaci\u00f3n del grano en mercados locales e internacionales, sino tambi\u00e9n por la compra de Bienes y servicios, y la generaci\u00f3n de puestos de trabajo en torno a esta importante cadena de valor.<\/p>\n<p>Pese a los fen\u00f3menos de variabilidad clim\u00e1tica, y gracias a los procesos de tecnificaci\u00f3n implementados por los caficultores en su mayor\u00eda de ladera, el Huila se ha mantenido durante los \u00faltimos 14 a\u00f1os a la cabeza en producci\u00f3n cafetera, siendo los municipios de Pitalito, Acevedo, La Plata, Garz\u00f3n y Suaza, los que sobresalen en este \u00e1mbito.<\/p>\n<p>En el contexto nacional el departamento del Huila es referente en la producci\u00f3n cafetera, con un \u00e1rea cultivada de 146.870 hect\u00e1reas, que le permiti\u00f3 en el a\u00f1o 2023 alcanzar una producci\u00f3n por encima de los 2 millones de sacos, para mantenerse desde el a\u00f1o 2010 como l\u00edder de la producci\u00f3n cafetera con una participaci\u00f3n del 19,08% de la cosecha nacional, gracias al trabajo dedicado de m\u00e1s de 84.000 familias caficultoras.<\/p>\n","protected":false},"excerpt":{"rendered":"<p>El secretario de agricultura y miner\u00eda del departamento, Carlos Alberto Cu\u00e9llar Medina, se reuni\u00f3 con el gerente general de la Federaci\u00f3n Nacional de Cafeteros, Germ\u00e1n Alberto Baham\u00f3n Jaramillo, y la directora ejecutiva del Comit\u00e9 Departamental de Cafeteros del Huila, Edna Yolima Calder\u00f3n Ome, con el objetivo de avanzar en la agenda cafetera, como una de [&hellip;]<\/p>\n","protected":false},"author":2,"featured_media":73008,"comment_status":"closed","ping_status":"open","sticky":false,"template":"","format":"standard","meta":{"footnotes":""},"categories":[33],"tags":[],"class_list":["post-73007","post","type-post","status-publish","format-standard","has-post-thumbnail","hentry","category-huila"],"yoast_head":"<!-- This site is optimized with the Yoast SEO plugin v26.6 - https:\/\/yoast.com\/wordpress\/plugins\/seo\/ -->\n<title>M\u00e1s proyectos para impulsar el sector cafetero -<\/title>\n<meta name=\"robots\" content=\"index, follow, max-snippet:-1, max-image-preview:large, max-video-preview:-1\" \/>\n<link rel=\"canonical\" href=\"https:\/\/luchonoticias.com\/editor\/mas-proyectos-para-impulsar-el-sector-cafetero\/\" \/>\n<meta property=\"og:locale\" content=\"es_ES\" \/>\n<meta property=\"og:type\" content=\"article\" \/>\n<meta property=\"og:title\" content=\"M\u00e1s proyectos para impulsar el sector cafetero -\" \/>\n<meta property=\"og:url\" content=\"https:\/\/luchonoticias.com\/editor\/mas-proyectos-para-impulsar-el-sector-cafetero\/\" \/>\n<meta property=\"article:publisher\" content=\"https:\/\/www.facebook.com\/luchonoticiasneiva\" \/>\n<meta property=\"article:published_time\" content=\"2024-05-12T16:26:01+00:00\" \/>\n<meta property=\"og:image\" content=\"https:\/\/luchonoticias.com\/editor\/wp-content\/uploads\/2024\/05\/WhatsApp-Image-2024-05-12-at-11.04.32.jpeg\" \/>\n\t<meta property=\"og:image:width\" content=\"1280\" \/>\n\t<meta property=\"og:image:height\" content=\"853\" \/>\n\t<meta property=\"og:image:type\" content=\"image\/jpeg\" \/>\n<meta name=\"author\" content=\"Editor General\" \/>\n<meta name=\"twitter:card\" content=\"summary_large_image\" \/>\n<meta name=\"twitter:label1\" content=\"Escrito por\" \/>\n\t<meta name=\"twitter:data1\" content=\"Editor General\" \/>\n\t<meta name=\"twitter:label2\" content=\"Tiempo de lectura\" \/>\n\t<meta name=\"twitter:data2\" content=\"4 minutos\" \/>\n<script type=\"application\/ld+json\" class=\"yoast-schema-graph\">{\"@context\":\"https:\/\/schema.org\",\"@graph\":[{\"@type\":\"Article\",\"@id\":\"https:\/\/luchonoticias.com\/editor\/mas-proyectos-para-impulsar-el-sector-cafetero\/#article\",\"isPartOf\":{\"@id\":\"https:\/\/luchonoticias.com\/editor\/mas-proyectos-para-impulsar-el-sector-cafetero\/\"},\"author\":{\"name\":\"Editor General\",\"@id\":\"https:\/\/luchonoticias.com\/editor\/#\/schema\/person\/29217990ddf6f14e35912b2866d591fb\"},\"headline\":\"M\u00e1s proyectos para impulsar el sector cafetero\",\"datePublished\":\"2024-05-12T16:26:01+00:00\",\"mainEntityOfPage\":{\"@id\":\"https:\/\/luchonoticias.com\/editor\/mas-proyectos-para-impulsar-el-sector-cafetero\/\"},\"wordCount\":738,\"publisher\":{\"@id\":\"https:\/\/luchonoticias.com\/editor\/#\/schema\/person\/7a7fd911f58561fd056dbac7b55af9cd\"},\"image\":{\"@id\":\"https:\/\/luchonoticias.com\/editor\/mas-proyectos-para-impulsar-el-sector-cafetero\/#primaryimage\"},\"thumbnailUrl\":\"https:\/\/luchonoticias.com\/editor\/wp-content\/uploads\/2024\/05\/WhatsApp-Image-2024-05-12-at-11.04.32.jpeg\",\"articleSection\":[\"Huila\"],\"inLanguage\":\"es\"},{\"@type\":\"WebPage\",\"@id\":\"https:\/\/luchonoticias.com\/editor\/mas-proyectos-para-impulsar-el-sector-cafetero\/\",\"url\":\"https:\/\/luchonoticias.com\/editor\/mas-proyectos-para-impulsar-el-sector-cafetero\/\",\"name\":\"M\u00e1s proyectos para impulsar el sector cafetero -\",\"isPartOf\":{\"@id\":\"https:\/\/luchonoticias.com\/editor\/#website\"},\"primaryImageOfPage\":{\"@id\":\"https:\/\/luchonoticias.com\/editor\/mas-proyectos-para-impulsar-el-sector-cafetero\/#primaryimage\"},\"image\":{\"@id\":\"https:\/\/luchonoticias.com\/editor\/mas-proyectos-para-impulsar-el-sector-cafetero\/#primaryimage\"},\"thumbnailUrl\":\"https:\/\/luchonoticias.com\/editor\/wp-content\/uploads\/2024\/05\/WhatsApp-Image-2024-05-12-at-11.04.32.jpeg\",\"datePublished\":\"2024-05-12T16:26:01+00:00\",\"breadcrumb\":{\"@id\":\"https:\/\/luchonoticias.com\/editor\/mas-proyectos-para-impulsar-el-sector-cafetero\/#breadcrumb\"},\"inLanguage\":\"es\",\"potentialAction\":[{\"@type\":\"ReadAction\",\"target\":[\"https:\/\/luchonoticias.com\/editor\/mas-proyectos-para-impulsar-el-sector-cafetero\/\"]}]},{\"@type\":\"ImageObject\",\"inLanguage\":\"es\",\"@id\":\"https:\/\/luchonoticias.com\/editor\/mas-proyectos-para-impulsar-el-sector-cafetero\/#primaryimage\",\"url\":\"https:\/\/luchonoticias.com\/editor\/wp-content\/uploads\/2024\/05\/WhatsApp-Image-2024-05-12-at-11.04.32.jpeg\",\"contentUrl\":\"https:\/\/luchonoticias.com\/editor\/wp-content\/uploads\/2024\/05\/WhatsApp-Image-2024-05-12-at-11.04.32.jpeg\",\"width\":1280,\"height\":853},{\"@type\":\"BreadcrumbList\",\"@id\":\"https:\/\/luchonoticias.com\/editor\/mas-proyectos-para-impulsar-el-sector-cafetero\/#breadcrumb\",\"itemListElement\":[{\"@type\":\"ListItem\",\"position\":1,\"name\":\"Portada\",\"item\":\"https:\/\/luchonoticias.com\/editor\/\"},{\"@type\":\"ListItem\",\"position\":2,\"name\":\"M\u00e1s proyectos para impulsar el sector cafetero\"}]},{\"@type\":\"WebSite\",\"@id\":\"https:\/\/luchonoticias.com\/editor\/#website\",\"url\":\"https:\/\/luchonoticias.com\/editor\/\",\"name\":\"\",\"description\":\"\",\"publisher\":{\"@id\":\"https:\/\/luchonoticias.com\/editor\/#\/schema\/person\/7a7fd911f58561fd056dbac7b55af9cd\"},\"potentialAction\":[{\"@type\":\"SearchAction\",\"target\":{\"@type\":\"EntryPoint\",\"urlTemplate\":\"https:\/\/luchonoticias.com\/editor\/?s={search_term_string}\"},\"query-input\":{\"@type\":\"PropertyValueSpecification\",\"valueRequired\":true,\"valueName\":\"search_term_string\"}}],\"inLanguage\":\"es\"},{\"@type\":[\"Person\",\"Organization\"],\"@id\":\"https:\/\/luchonoticias.com\/editor\/#\/schema\/person\/7a7fd911f58561fd056dbac7b55af9cd\",\"name\":\"admin\",\"image\":{\"@type\":\"ImageObject\",\"inLanguage\":\"es\",\"@id\":\"https:\/\/luchonoticias.com\/editor\/#\/schema\/person\/image\/\",\"url\":\"https:\/\/luchonoticias.com\/editor\/wp-content\/uploads\/2024\/02\/cropped-cropped-logolu.webp\",\"contentUrl\":\"https:\/\/luchonoticias.com\/editor\/wp-content\/uploads\/2024\/02\/cropped-cropped-logolu.webp\",\"width\":382,\"height\":170,\"caption\":\"admin\"},\"logo\":{\"@id\":\"https:\/\/luchonoticias.com\/editor\/#\/schema\/person\/image\/\"},\"sameAs\":[\"https:\/\/www.facebook.com\/luchonoticiasneiva\"]},{\"@type\":\"Person\",\"@id\":\"https:\/\/luchonoticias.com\/editor\/#\/schema\/person\/29217990ddf6f14e35912b2866d591fb\",\"name\":\"Editor General\",\"image\":{\"@type\":\"ImageObject\",\"inLanguage\":\"es\",\"@id\":\"https:\/\/luchonoticias.com\/editor\/#\/schema\/person\/image\/\",\"url\":\"https:\/\/luchonoticias.com\/editor\/wp-content\/uploads\/2024\/02\/cropped-cropped-logolu-150x150.webp\",\"contentUrl\":\"https:\/\/luchonoticias.com\/editor\/wp-content\/uploads\/2024\/02\/cropped-cropped-logolu-150x150.webp\",\"caption\":\"Editor General\"},\"sameAs\":[\"https:\/\/luchonoticias.com\/\"],\"url\":\"https:\/\/luchonoticias.com\/editor\/author\/editor-general\/\"}]}<\/script>\n<!-- \/ Yoast SEO plugin. -->","yoast_head_json":{"title":"M\u00e1s proyectos para impulsar el sector cafetero -","robots":{"index":"index","follow":"follow","max-snippet":"max-snippet:-1","max-image-preview":"max-image-preview:large","max-video-preview":"max-video-preview:-1"},"canonical":"https:\/\/luchonoticias.com\/editor\/mas-proyectos-para-impulsar-el-sector-cafetero\/","og_locale":"es_ES","og_type":"article","og_title":"M\u00e1s proyectos para impulsar el sector cafetero -","og_url":"https:\/\/luchonoticias.com\/editor\/mas-proyectos-para-impulsar-el-sector-cafetero\/","article_publisher":"https:\/\/www.facebook.com\/luchonoticiasneiva","article_published_time":"2024-05-12T16:26:01+00:00","og_image":[{"width":1280,"height":853,"url":"https:\/\/luchonoticias.com\/editor\/wp-content\/uploads\/2024\/05\/WhatsApp-Image-2024-05-12-at-11.04.32.jpeg","type":"image\/jpeg"}],"author":"Editor General","twitter_card":"summary_large_image","twitter_misc":{"Escrito por":"Editor General","Tiempo de lectura":"4 minutos"},"schema":{"@context":"https:\/\/schema.org","@graph":[{"@type":"Article","@id":"https:\/\/luchonoticias.com\/editor\/mas-proyectos-para-impulsar-el-sector-cafetero\/#article","isPartOf":{"@id":"https:\/\/luchonoticias.com\/editor\/mas-proyectos-para-impulsar-el-sector-cafetero\/"},"author":{"name":"Editor General","@id":"https:\/\/luchonoticias.com\/editor\/#\/schema\/person\/29217990ddf6f14e35912b2866d591fb"},"headline":"M\u00e1s proyectos para impulsar el sector cafetero","datePublished":"2024-05-12T16:26:01+00:00","mainEntityOfPage":{"@id":"https:\/\/luchonoticias.com\/editor\/mas-proyectos-para-impulsar-el-sector-cafetero\/"},"wordCount":738,"publisher":{"@id":"https:\/\/luchonoticias.com\/editor\/#\/schema\/person\/7a7fd911f58561fd056dbac7b55af9cd"},"image":{"@id":"https:\/\/luchonoticias.com\/editor\/mas-proyectos-para-impulsar-el-sector-cafetero\/#primaryimage"},"thumbnailUrl":"https:\/\/luchonoticias.com\/editor\/wp-content\/uploads\/2024\/05\/WhatsApp-Image-2024-05-12-at-11.04.32.jpeg","articleSection":["Huila"],"inLanguage":"es"},{"@type":"WebPage","@id":"https:\/\/luchonoticias.com\/editor\/mas-proyectos-para-impulsar-el-sector-cafetero\/","url":"https:\/\/luchonoticias.com\/editor\/mas-proyectos-para-impulsar-el-sector-cafetero\/","name":"M\u00e1s proyectos para impulsar el sector cafetero -","isPartOf":{"@id":"https:\/\/luchonoticias.com\/editor\/#website"},"primaryImageOfPage":{"@id":"https:\/\/luchonoticias.com\/editor\/mas-proyectos-para-impulsar-el-sector-cafetero\/#primaryimage"},"image":{"@id":"https:\/\/luchonoticias.com\/editor\/mas-proyectos-para-impulsar-el-sector-cafetero\/#primaryimage"},"thumbnailUrl":"https:\/\/luchonoticias.com\/editor\/wp-content\/uploads\/2024\/05\/WhatsApp-Image-2024-05-12-at-11.04.32.jpeg","datePublished":"2024-05-12T16:26:01+00:00","breadcrumb":{"@id":"https:\/\/luchonoticias.com\/editor\/mas-proyectos-para-impulsar-el-sector-cafetero\/#breadcrumb"},"inLanguage":"es","potentialAction":[{"@type":"ReadAction","target":["https:\/\/luchonoticias.com\/editor\/mas-proyectos-para-impulsar-el-sector-cafetero\/"]}]},{"@type":"ImageObject","inLanguage":"es","@id":"https:\/\/luchonoticias.com\/editor\/mas-proyectos-para-impulsar-el-sector-cafetero\/#primaryimage","url":"https:\/\/luchonoticias.com\/editor\/wp-content\/uploads\/2024\/05\/WhatsApp-Image-2024-05-12-at-11.04.32.jpeg","contentUrl":"https:\/\/luchonoticias.com\/editor\/wp-content\/uploads\/2024\/05\/WhatsApp-Image-2024-05-12-at-11.04.32.jpeg","width":1280,"height":853},{"@type":"BreadcrumbList","@id":"https:\/\/luchonoticias.com\/editor\/mas-proyectos-para-impulsar-el-sector-cafetero\/#breadcrumb","itemListElement":[{"@type":"ListItem","position":1,"name":"Portada","item":"https:\/\/luchonoticias.com\/editor\/"},{"@type":"ListItem","position":2,"name":"M\u00e1s proyectos para impulsar el sector cafetero"}]},{"@type":"WebSite","@id":"https:\/\/luchonoticias.com\/editor\/#website","url":"https:\/\/luchonoticias.com\/editor\/","name":"","description":"","publisher":{"@id":"https:\/\/luchonoticias.com\/editor\/#\/schema\/person\/7a7fd911f58561fd056dbac7b55af9cd"},"potentialAction":[{"@type":"SearchAction","target":{"@type":"EntryPoint","urlTemplate":"https:\/\/luchonoticias.com\/editor\/?s={search_term_string}"},"query-input":{"@type":"PropertyValueSpecification","valueRequired":true,"valueName":"search_term_string"}}],"inLanguage":"es"},{"@type":["Person","Organization"],"@id":"https:\/\/luchonoticias.com\/editor\/#\/schema\/person\/7a7fd911f58561fd056dbac7b55af9cd","name":"admin","image":{"@type":"ImageObject","inLanguage":"es","@id":"https:\/\/luchonoticias.com\/editor\/#\/schema\/person\/image\/","url":"https:\/\/luchonoticias.com\/editor\/wp-content\/uploads\/2024\/02\/cropped-cropped-logolu.webp","contentUrl":"https:\/\/luchonoticias.com\/editor\/wp-content\/uploads\/2024\/02\/cropped-cropped-logolu.webp","width":382,"height":170,"caption":"admin"},"logo":{"@id":"https:\/\/luchonoticias.com\/editor\/#\/schema\/person\/image\/"},"sameAs":["https:\/\/www.facebook.com\/luchonoticiasneiva"]},{"@type":"Person","@id":"https:\/\/luchonoticias.com\/editor\/#\/schema\/person\/29217990ddf6f14e35912b2866d591fb","name":"Editor General","image":{"@type":"ImageObject","inLanguage":"es","@id":"https:\/\/luchonoticias.com\/editor\/#\/schema\/person\/image\/","url":"https:\/\/luchonoticias.com\/editor\/wp-content\/uploads\/2024\/02\/cropped-cropped-logolu-150x150.webp","contentUrl":"https:\/\/luchonoticias.com\/editor\/wp-content\/uploads\/2024\/02\/cropped-cropped-logolu-150x150.webp","caption":"Editor General"},"sameAs":["https:\/\/luchonoticias.com\/"],"url":"https:\/\/luchonoticias.com\/editor\/author\/editor-general\/"}]}},"_links":{"self":[{"href":"https:\/\/luchonoticias.com\/editor\/wp-json\/wp\/v2\/posts\/73007","targetHints":{"allow":["GET"]}}],"collection":[{"href":"https:\/\/luchonoticias.com\/editor\/wp-json\/wp\/v2\/posts"}],"about":[{"href":"https:\/\/luchonoticias.com\/editor\/wp-json\/wp\/v2\/types\/post"}],"author":[{"embeddable":true,"href":"https:\/\/luchonoticias.com\/editor\/wp-json\/wp\/v2\/users\/2"}],"replies":[{"embeddable":true,"href":"https:\/\/luchonoticias.com\/editor\/wp-json\/wp\/v2\/comments?post=73007"}],"version-history":[{"count":0,"href":"https:\/\/luchonoticias.com\/editor\/wp-json\/wp\/v2\/posts\/73007\/revisions"}],"wp:featuredmedia":[{"embeddable":true,"href":"https:\/\/luchonoticias.com\/editor\/wp-json\/wp\/v2\/media\/73008"}],"wp:attachment":[{"href":"https:\/\/luchonoticias.com\/editor\/wp-json\/wp\/v2\/media?parent=73007"}],"wp:term":[{"taxonomy":"category","embeddable":true,"href":"https:\/\/luchonoticias.com\/editor\/wp-json\/wp\/v2\/categories?post=73007"},{"taxonomy":"post_tag","embeddable":true,"href":"https:\/\/luchonoticias.com\/editor\/wp-json\/wp\/v2\/tags?post=73007"}],"curies":[{"name":"wp","href":"https:\/\/api.w.org\/{rel}","templated":true}]}}