{"id":73024,"date":"2024-05-13T08:19:38","date_gmt":"2024-05-13T13:19:38","guid":{"rendered":"https:\/\/luchonoticias.com\/?p=73024"},"modified":"2024-05-13T08:19:38","modified_gmt":"2024-05-13T13:19:38","slug":"senado-le-reclama-al-gobierno-por-crisis-en-el-agro","status":"publish","type":"post","link":"https:\/\/luchonoticias.com\/editor\/senado-le-reclama-al-gobierno-por-crisis-en-el-agro\/","title":{"rendered":"Senado le reclama al Gobierno por crisis en el agro"},"content":{"rendered":"<div class=\"xdj266r x11i5rnm xat24cr x1mh8g0r x1vvkbs x126k92a\">\n<div dir=\"auto\"><span class=\"s8\"><span class=\"bumpedFont15\">Senadores de la <\/span><\/span><span class=\"s8\"><span class=\"bumpedFont15\">Comisi\u00f3n Quinta <\/span><\/span><span class=\"s8\"><span class=\"bumpedFont15\">expres<\/span><\/span><span class=\"s8\"><span class=\"bumpedFont15\">aron<\/span><\/span><span class=\"s8\"><span class=\"bumpedFont15\">\u00a0su malestar<\/span><\/span><span class=\"s8\"><span class=\"bumpedFont15\">\u00a0porque\u00a0<\/span><\/span><span class=\"s8\"><span class=\"bumpedFont15\">la ministra de Agricultura ,<\/span><\/span><span class=\"s9\"><span class=\"bumpedFont15\">Jennifer Mojica<\/span><\/span><span class=\"s8\"><span class=\"bumpedFont15\">,\u00a0<\/span><\/span><span class=\"s8\"><span class=\"bumpedFont15\">no se hizo presente en el\u00a0<\/span><\/span><span class=\"s8\"><span class=\"bumpedFont15\">debate\u00a0<\/span><\/span><span class=\"s8\"><span class=\"bumpedFont15\">al que fue citada y\u00a0<\/span><\/span><span class=\"s8\"><span class=\"bumpedFont15\">que abord\u00f3<\/span><\/span><span class=\"s8\"><span class=\"bumpedFont15\">\u00a0la crisis que enfrentan los productores de ma\u00edz y yuca en Colombia.<\/span><\/span><\/div>\n<\/div>\n<div class=\"x11i5rnm xat24cr x1mh8g0r x1vvkbs xtlvy1s x126k92a\">\n<div dir=\"auto\">\n<p class=\"s10\"><span class=\"s8\"><span class=\"bumpedFont15\">\u00abSi la jefe de la cartera no escucha a los citantes y a su vez la Ministra no se compromete con estos gremios tan importantes de la producci\u00f3n agr\u00edcola en Colombia<\/span><\/span><span class=\"s8\"><span class=\"bumpedFont15\">\u201d, expres\u00f3 el<\/span><\/span><span class=\"s8\"><span class=\"bumpedFont15\">s<\/span><\/span><span class=\"s8\"><span class=\"bumpedFont15\">enador del\u00a0<\/span><\/span><span class=\"s9\"><span class=\"bumpedFont15\">Partido Conservador<\/span><\/span><span class=\"s8\"><span class=\"bumpedFont15\">,\u00a0<\/span><\/span><span class=\"s9\"><span class=\"bumpedFont15\">Marcos Daniel Pineda<\/span><\/span><span class=\"s9\"><span class=\"bumpedFont15\">.<\/span><\/span><\/p>\n<p class=\"s10\"><span class=\"s8\"><span class=\"bumpedFont15\">Por su parte,\u00a0<\/span><\/span><span class=\"s9\"><span class=\"bumpedFont15\">Miguel \u00c1ngel Barreto<\/span><\/span><span class=\"s8\"><span class=\"bumpedFont15\">,\u00a0<\/span><\/span><span class=\"s8\"><span class=\"bumpedFont15\">s<\/span><\/span><span class=\"s8\"><span class=\"bumpedFont15\">enador del\u00a0<\/span><\/span><span class=\"s9\"><span class=\"bumpedFont15\">Partido Conservador<\/span><\/span><span class=\"s8\"><span class=\"bumpedFont15\">,\u00a0<\/span><\/span><span class=\"s8\"><span class=\"bumpedFont15\">destac\u00f3 la importancia de resolver los problemas internos de producci\u00f3n<\/span><\/span><span class=\"s8\"><span class=\"bumpedFont15\">, y se\u00f1al\u00f3 que\u00a0<\/span><\/span><span class=\"s8\"><span class=\"bumpedFont15\">\u00abColombia produce el 25% del ma\u00edz que se consume en nuestro pa\u00eds, el resto se importa.\u00bb<\/span><\/span><\/p>\n<p class=\"s10\"><span class=\"s8\"><span class=\"bumpedFont15\">El\u00a0<\/span><\/span><span class=\"s8\"><span class=\"bumpedFont15\">s<\/span><\/span><span class=\"s8\"><span class=\"bumpedFont15\">enador del\u00a0<\/span><\/span><span class=\"s9\"><span class=\"bumpedFont15\">P<\/span><\/span><span class=\"s9\"><span class=\"bumpedFont15\">artido <\/span><\/span><span class=\"s9\"><span class=\"bumpedFont15\">Cambio Radical<\/span><\/span><span class=\"s8\"><span class=\"bumpedFont15\">,\u00a0<\/span><\/span><span class=\"s9\"><span class=\"bumpedFont15\">Edgar D\u00edaz<\/span><\/span><span class=\"s8\"><span class=\"bumpedFont15\">, lament\u00f3 la falta de compromiso con el sector agr\u00edcola: \u00abSiempre se busca<\/span><\/span><span class=\"s8\"><span class=\"bumpedFont15\">n<\/span><\/span><span class=\"s8\"><span class=\"bumpedFont15\">\u00a0en todas las campa\u00f1as presidenciales, de congreso, gobernaci\u00f3n, alcald\u00eda, siempre se buscan los campesinos<\/span><\/span><span class=\"s8\"><span class=\"bumpedFont15\">\u00a0(<\/span><\/span><span class=\"s8\"><span class=\"bumpedFont15\">&#8230;<\/span><\/span><span class=\"s8\"><span class=\"bumpedFont15\">)<\/span><\/span><span class=\"s8\"><span class=\"bumpedFont15\">\u00a0Pero cuando se busca<\/span><\/span><span class=\"s8\"><span class=\"bumpedFont15\">\u00a0a<\/span><\/span><span class=\"s8\"><span class=\"bumpedFont15\">\u00a0la ministra para que venga y nos haga una propuesta de las dificultades por las que est\u00e1 atravesando el sector del ma\u00edz, el sector de la yuca, el sector del arroz, el sector de los fr\u00edjoles, ah\u00ed s\u00ed no asiste, no acompa\u00f1a.\u00bb<\/span><\/span><\/p>\n<p class=\"s10\"><span class=\"s8\"><span class=\"bumpedFont15\">Las pol\u00edticas de importaci\u00f3n y el manejo de precios tambi\u00e9n fueron temas de discusi\u00f3n<\/span><\/span><span class=\"s8\"><span class=\"bumpedFont15\">. S<\/span><\/span><span class=\"s8\"><span class=\"bumpedFont15\">e advirti\u00f3 que la actual\u00a0<\/span><\/span><span class=\"s8\"><span class=\"bumpedFont15\">situaci\u00f3n est\u00e1 afectando\u00a0<\/span><\/span><span class=\"s8\"><span class=\"bumpedFont15\">a cerca de\u00a0<\/span><\/span><span class=\"s8\"><span class=\"bumpedFont15\">123<\/span><\/span><span class=\"s8\"><span class=\"bumpedFont15\">\u00a0mil\u00a0<\/span><\/span><span class=\"s8\"><span class=\"bumpedFont15\">empleos directos y\u00a0<\/span><\/span><span class=\"s8\"><span class=\"bumpedFont15\">por lo menos a 360 mil<\/span><\/span><span class=\"s8\"><span class=\"bumpedFont15\">\u00a0familias que dependen de estas\u00a0<\/span><\/span><span class=\"s8\"><span class=\"bumpedFont15\">acitivdiades agr\u00edcolas<\/span><\/span><span class=\"s8\"><span class=\"bumpedFont15\">.<\/span><\/span><\/p>\n<p class=\"s10\"><span class=\"s8\"><span class=\"bumpedFont15\">Ante e<\/span><\/span><span class=\"s8\"><span class=\"bumpedFont15\">ste panorama<\/span><\/span><span class=\"s8\"><span class=\"bumpedFont15\">,\u00a0<\/span><\/span><span class=\"s8\"><span class=\"bumpedFont15\">los senadores\u00a0<\/span><\/span><span class=\"s8\"><span class=\"bumpedFont15\">insiste<\/span><\/span><span class=\"s8\"><span class=\"bumpedFont15\">n en que se hace necesaria\u00a0<\/span><\/span><span class=\"s8\"><span class=\"bumpedFont15\">la citaci\u00f3n de la\u00a0<\/span><\/span><span class=\"s8\"><span class=\"bumpedFont15\">m<\/span><\/span><span class=\"s8\"><span class=\"bumpedFont15\">inistra de Agricultura para la pr\u00f3xima semana,\u00a0<\/span><\/span><span class=\"s8\"><span class=\"bumpedFont15\">con el fin de<\/span><\/span><span class=\"s8\"><span class=\"bumpedFont15\">\u00a0busca<\/span><\/span><span class=\"s8\"><span class=\"bumpedFont15\">r<\/span><\/span><span class=\"s8\"><span class=\"bumpedFont15\">soluciones concretas que mitiguen la crisis que enfrenta el sector agr\u00edcola colombiano.<\/span><\/span><\/p>\n<\/div>\n<\/div>\n","protected":false},"excerpt":{"rendered":"<p>Senadores de la Comisi\u00f3n Quinta expresaron\u00a0su malestar\u00a0porque\u00a0la ministra de Agricultura ,Jennifer Mojica,\u00a0no se hizo presente en el\u00a0debate\u00a0al que fue citada y\u00a0que abord\u00f3\u00a0la crisis que enfrentan los productores de ma\u00edz y yuca en Colombia. \u00abSi la jefe de la cartera no escucha a los citantes y a su vez la Ministra no se compromete con estos [&hellip;]<\/p>\n","protected":false},"author":2,"featured_media":73025,"comment_status":"closed","ping_status":"open","sticky":false,"template":"","format":"standard","meta":{"footnotes":""},"categories":[28],"tags":[],"class_list":["post-73024","post","type-post","status-publish","format-standard","has-post-thumbnail","hentry","category-actualidad"],"yoast_head":"<!-- This site is optimized with the Yoast SEO plugin v26.6 - https:\/\/yoast.com\/wordpress\/plugins\/seo\/ -->\n<title>Senado le reclama al Gobierno por crisis en el agro -<\/title>\n<meta name=\"robots\" content=\"index, follow, max-snippet:-1, max-image-preview:large, max-video-preview:-1\" \/>\n<link rel=\"canonical\" href=\"https:\/\/luchonoticias.com\/editor\/senado-le-reclama-al-gobierno-por-crisis-en-el-agro\/\" \/>\n<meta property=\"og:locale\" content=\"es_ES\" \/>\n<meta property=\"og:type\" content=\"article\" \/>\n<meta property=\"og:title\" content=\"Senado le reclama al Gobierno por crisis en el agro -\" \/>\n<meta property=\"og:url\" content=\"https:\/\/luchonoticias.com\/editor\/senado-le-reclama-al-gobierno-por-crisis-en-el-agro\/\" \/>\n<meta property=\"article:publisher\" content=\"https:\/\/www.facebook.com\/luchonoticiasneiva\" \/>\n<meta property=\"article:published_time\" content=\"2024-05-13T13:19:38+00:00\" \/>\n<meta property=\"og:image\" content=\"https:\/\/luchonoticias.com\/editor\/wp-content\/uploads\/2024\/05\/senadores.jpg\" \/>\n\t<meta property=\"og:image:width\" content=\"700\" \/>\n\t<meta property=\"og:image:height\" content=\"400\" \/>\n\t<meta property=\"og:image:type\" content=\"image\/jpeg\" \/>\n<meta name=\"author\" content=\"Editor General\" \/>\n<meta name=\"twitter:card\" content=\"summary_large_image\" \/>\n<meta name=\"twitter:label1\" content=\"Escrito por\" \/>\n\t<meta name=\"twitter:data1\" content=\"Editor General\" \/>\n\t<meta name=\"twitter:label2\" content=\"Tiempo de lectura\" \/>\n\t<meta name=\"twitter:data2\" content=\"2 minutos\" \/>\n<script type=\"application\/ld+json\" class=\"yoast-schema-graph\">{\"@context\":\"https:\/\/schema.org\",\"@graph\":[{\"@type\":\"Article\",\"@id\":\"https:\/\/luchonoticias.com\/editor\/senado-le-reclama-al-gobierno-por-crisis-en-el-agro\/#article\",\"isPartOf\":{\"@id\":\"https:\/\/luchonoticias.com\/editor\/senado-le-reclama-al-gobierno-por-crisis-en-el-agro\/\"},\"author\":{\"name\":\"Editor General\",\"@id\":\"https:\/\/luchonoticias.com\/editor\/#\/schema\/person\/29217990ddf6f14e35912b2866d591fb\"},\"headline\":\"Senado le reclama al Gobierno por crisis en el agro\",\"datePublished\":\"2024-05-13T13:19:38+00:00\",\"mainEntityOfPage\":{\"@id\":\"https:\/\/luchonoticias.com\/editor\/senado-le-reclama-al-gobierno-por-crisis-en-el-agro\/\"},\"wordCount\":326,\"publisher\":{\"@id\":\"https:\/\/luchonoticias.com\/editor\/#\/schema\/person\/7a7fd911f58561fd056dbac7b55af9cd\"},\"image\":{\"@id\":\"https:\/\/luchonoticias.com\/editor\/senado-le-reclama-al-gobierno-por-crisis-en-el-agro\/#primaryimage\"},\"thumbnailUrl\":\"https:\/\/luchonoticias.com\/editor\/wp-content\/uploads\/2024\/05\/senadores.jpg\",\"articleSection\":[\"Actualidad\"],\"inLanguage\":\"es\"},{\"@type\":\"WebPage\",\"@id\":\"https:\/\/luchonoticias.com\/editor\/senado-le-reclama-al-gobierno-por-crisis-en-el-agro\/\",\"url\":\"https:\/\/luchonoticias.com\/editor\/senado-le-reclama-al-gobierno-por-crisis-en-el-agro\/\",\"name\":\"Senado le reclama al Gobierno por crisis en el agro -\",\"isPartOf\":{\"@id\":\"https:\/\/luchonoticias.com\/editor\/#website\"},\"primaryImageOfPage\":{\"@id\":\"https:\/\/luchonoticias.com\/editor\/senado-le-reclama-al-gobierno-por-crisis-en-el-agro\/#primaryimage\"},\"image\":{\"@id\":\"https:\/\/luchonoticias.com\/editor\/senado-le-reclama-al-gobierno-por-crisis-en-el-agro\/#primaryimage\"},\"thumbnailUrl\":\"https:\/\/luchonoticias.com\/editor\/wp-content\/uploads\/2024\/05\/senadores.jpg\",\"datePublished\":\"2024-05-13T13:19:38+00:00\",\"breadcrumb\":{\"@id\":\"https:\/\/luchonoticias.com\/editor\/senado-le-reclama-al-gobierno-por-crisis-en-el-agro\/#breadcrumb\"},\"inLanguage\":\"es\",\"potentialAction\":[{\"@type\":\"ReadAction\",\"target\":[\"https:\/\/luchonoticias.com\/editor\/senado-le-reclama-al-gobierno-por-crisis-en-el-agro\/\"]}]},{\"@type\":\"ImageObject\",\"inLanguage\":\"es\",\"@id\":\"https:\/\/luchonoticias.com\/editor\/senado-le-reclama-al-gobierno-por-crisis-en-el-agro\/#primaryimage\",\"url\":\"https:\/\/luchonoticias.com\/editor\/wp-content\/uploads\/2024\/05\/senadores.jpg\",\"contentUrl\":\"https:\/\/luchonoticias.com\/editor\/wp-content\/uploads\/2024\/05\/senadores.jpg\",\"width\":700,\"height\":400},{\"@type\":\"BreadcrumbList\",\"@id\":\"https:\/\/luchonoticias.com\/editor\/senado-le-reclama-al-gobierno-por-crisis-en-el-agro\/#breadcrumb\",\"itemListElement\":[{\"@type\":\"ListItem\",\"position\":1,\"name\":\"Portada\",\"item\":\"https:\/\/luchonoticias.com\/editor\/\"},{\"@type\":\"ListItem\",\"position\":2,\"name\":\"Senado le reclama al Gobierno por crisis en el agro\"}]},{\"@type\":\"WebSite\",\"@id\":\"https:\/\/luchonoticias.com\/editor\/#website\",\"url\":\"https:\/\/luchonoticias.com\/editor\/\",\"name\":\"\",\"description\":\"\",\"publisher\":{\"@id\":\"https:\/\/luchonoticias.com\/editor\/#\/schema\/person\/7a7fd911f58561fd056dbac7b55af9cd\"},\"potentialAction\":[{\"@type\":\"SearchAction\",\"target\":{\"@type\":\"EntryPoint\",\"urlTemplate\":\"https:\/\/luchonoticias.com\/editor\/?s={search_term_string}\"},\"query-input\":{\"@type\":\"PropertyValueSpecification\",\"valueRequired\":true,\"valueName\":\"search_term_string\"}}],\"inLanguage\":\"es\"},{\"@type\":[\"Person\",\"Organization\"],\"@id\":\"https:\/\/luchonoticias.com\/editor\/#\/schema\/person\/7a7fd911f58561fd056dbac7b55af9cd\",\"name\":\"admin\",\"image\":{\"@type\":\"ImageObject\",\"inLanguage\":\"es\",\"@id\":\"https:\/\/luchonoticias.com\/editor\/#\/schema\/person\/image\/\",\"url\":\"https:\/\/luchonoticias.com\/editor\/wp-content\/uploads\/2024\/02\/cropped-cropped-logolu.webp\",\"contentUrl\":\"https:\/\/luchonoticias.com\/editor\/wp-content\/uploads\/2024\/02\/cropped-cropped-logolu.webp\",\"width\":382,\"height\":170,\"caption\":\"admin\"},\"logo\":{\"@id\":\"https:\/\/luchonoticias.com\/editor\/#\/schema\/person\/image\/\"},\"sameAs\":[\"https:\/\/www.facebook.com\/luchonoticiasneiva\"]},{\"@type\":\"Person\",\"@id\":\"https:\/\/luchonoticias.com\/editor\/#\/schema\/person\/29217990ddf6f14e35912b2866d591fb\",\"name\":\"Editor General\",\"image\":{\"@type\":\"ImageObject\",\"inLanguage\":\"es\",\"@id\":\"https:\/\/luchonoticias.com\/editor\/#\/schema\/person\/image\/\",\"url\":\"https:\/\/luchonoticias.com\/editor\/wp-content\/uploads\/2024\/02\/cropped-cropped-logolu-150x150.webp\",\"contentUrl\":\"https:\/\/luchonoticias.com\/editor\/wp-content\/uploads\/2024\/02\/cropped-cropped-logolu-150x150.webp\",\"caption\":\"Editor General\"},\"sameAs\":[\"https:\/\/luchonoticias.com\/\"],\"url\":\"https:\/\/luchonoticias.com\/editor\/author\/editor-general\/\"}]}<\/script>\n<!-- \/ Yoast SEO plugin. -->","yoast_head_json":{"title":"Senado le reclama al Gobierno por crisis en el agro -","robots":{"index":"index","follow":"follow","max-snippet":"max-snippet:-1","max-image-preview":"max-image-preview:large","max-video-preview":"max-video-preview:-1"},"canonical":"https:\/\/luchonoticias.com\/editor\/senado-le-reclama-al-gobierno-por-crisis-en-el-agro\/","og_locale":"es_ES","og_type":"article","og_title":"Senado le reclama al Gobierno por crisis en el agro -","og_url":"https:\/\/luchonoticias.com\/editor\/senado-le-reclama-al-gobierno-por-crisis-en-el-agro\/","article_publisher":"https:\/\/www.facebook.com\/luchonoticiasneiva","article_published_time":"2024-05-13T13:19:38+00:00","og_image":[{"width":700,"height":400,"url":"https:\/\/luchonoticias.com\/editor\/wp-content\/uploads\/2024\/05\/senadores.jpg","type":"image\/jpeg"}],"author":"Editor General","twitter_card":"summary_large_image","twitter_misc":{"Escrito por":"Editor General","Tiempo de lectura":"2 minutos"},"schema":{"@context":"https:\/\/schema.org","@graph":[{"@type":"Article","@id":"https:\/\/luchonoticias.com\/editor\/senado-le-reclama-al-gobierno-por-crisis-en-el-agro\/#article","isPartOf":{"@id":"https:\/\/luchonoticias.com\/editor\/senado-le-reclama-al-gobierno-por-crisis-en-el-agro\/"},"author":{"name":"Editor General","@id":"https:\/\/luchonoticias.com\/editor\/#\/schema\/person\/29217990ddf6f14e35912b2866d591fb"},"headline":"Senado le reclama al Gobierno por crisis en el agro","datePublished":"2024-05-13T13:19:38+00:00","mainEntityOfPage":{"@id":"https:\/\/luchonoticias.com\/editor\/senado-le-reclama-al-gobierno-por-crisis-en-el-agro\/"},"wordCount":326,"publisher":{"@id":"https:\/\/luchonoticias.com\/editor\/#\/schema\/person\/7a7fd911f58561fd056dbac7b55af9cd"},"image":{"@id":"https:\/\/luchonoticias.com\/editor\/senado-le-reclama-al-gobierno-por-crisis-en-el-agro\/#primaryimage"},"thumbnailUrl":"https:\/\/luchonoticias.com\/editor\/wp-content\/uploads\/2024\/05\/senadores.jpg","articleSection":["Actualidad"],"inLanguage":"es"},{"@type":"WebPage","@id":"https:\/\/luchonoticias.com\/editor\/senado-le-reclama-al-gobierno-por-crisis-en-el-agro\/","url":"https:\/\/luchonoticias.com\/editor\/senado-le-reclama-al-gobierno-por-crisis-en-el-agro\/","name":"Senado le reclama al Gobierno por crisis en el agro -","isPartOf":{"@id":"https:\/\/luchonoticias.com\/editor\/#website"},"primaryImageOfPage":{"@id":"https:\/\/luchonoticias.com\/editor\/senado-le-reclama-al-gobierno-por-crisis-en-el-agro\/#primaryimage"},"image":{"@id":"https:\/\/luchonoticias.com\/editor\/senado-le-reclama-al-gobierno-por-crisis-en-el-agro\/#primaryimage"},"thumbnailUrl":"https:\/\/luchonoticias.com\/editor\/wp-content\/uploads\/2024\/05\/senadores.jpg","datePublished":"2024-05-13T13:19:38+00:00","breadcrumb":{"@id":"https:\/\/luchonoticias.com\/editor\/senado-le-reclama-al-gobierno-por-crisis-en-el-agro\/#breadcrumb"},"inLanguage":"es","potentialAction":[{"@type":"ReadAction","target":["https:\/\/luchonoticias.com\/editor\/senado-le-reclama-al-gobierno-por-crisis-en-el-agro\/"]}]},{"@type":"ImageObject","inLanguage":"es","@id":"https:\/\/luchonoticias.com\/editor\/senado-le-reclama-al-gobierno-por-crisis-en-el-agro\/#primaryimage","url":"https:\/\/luchonoticias.com\/editor\/wp-content\/uploads\/2024\/05\/senadores.jpg","contentUrl":"https:\/\/luchonoticias.com\/editor\/wp-content\/uploads\/2024\/05\/senadores.jpg","width":700,"height":400},{"@type":"BreadcrumbList","@id":"https:\/\/luchonoticias.com\/editor\/senado-le-reclama-al-gobierno-por-crisis-en-el-agro\/#breadcrumb","itemListElement":[{"@type":"ListItem","position":1,"name":"Portada","item":"https:\/\/luchonoticias.com\/editor\/"},{"@type":"ListItem","position":2,"name":"Senado le reclama al Gobierno por crisis en el agro"}]},{"@type":"WebSite","@id":"https:\/\/luchonoticias.com\/editor\/#website","url":"https:\/\/luchonoticias.com\/editor\/","name":"","description":"","publisher":{"@id":"https:\/\/luchonoticias.com\/editor\/#\/schema\/person\/7a7fd911f58561fd056dbac7b55af9cd"},"potentialAction":[{"@type":"SearchAction","target":{"@type":"EntryPoint","urlTemplate":"https:\/\/luchonoticias.com\/editor\/?s={search_term_string}"},"query-input":{"@type":"PropertyValueSpecification","valueRequired":true,"valueName":"search_term_string"}}],"inLanguage":"es"},{"@type":["Person","Organization"],"@id":"https:\/\/luchonoticias.com\/editor\/#\/schema\/person\/7a7fd911f58561fd056dbac7b55af9cd","name":"admin","image":{"@type":"ImageObject","inLanguage":"es","@id":"https:\/\/luchonoticias.com\/editor\/#\/schema\/person\/image\/","url":"https:\/\/luchonoticias.com\/editor\/wp-content\/uploads\/2024\/02\/cropped-cropped-logolu.webp","contentUrl":"https:\/\/luchonoticias.com\/editor\/wp-content\/uploads\/2024\/02\/cropped-cropped-logolu.webp","width":382,"height":170,"caption":"admin"},"logo":{"@id":"https:\/\/luchonoticias.com\/editor\/#\/schema\/person\/image\/"},"sameAs":["https:\/\/www.facebook.com\/luchonoticiasneiva"]},{"@type":"Person","@id":"https:\/\/luchonoticias.com\/editor\/#\/schema\/person\/29217990ddf6f14e35912b2866d591fb","name":"Editor General","image":{"@type":"ImageObject","inLanguage":"es","@id":"https:\/\/luchonoticias.com\/editor\/#\/schema\/person\/image\/","url":"https:\/\/luchonoticias.com\/editor\/wp-content\/uploads\/2024\/02\/cropped-cropped-logolu-150x150.webp","contentUrl":"https:\/\/luchonoticias.com\/editor\/wp-content\/uploads\/2024\/02\/cropped-cropped-logolu-150x150.webp","caption":"Editor General"},"sameAs":["https:\/\/luchonoticias.com\/"],"url":"https:\/\/luchonoticias.com\/editor\/author\/editor-general\/"}]}},"_links":{"self":[{"href":"https:\/\/luchonoticias.com\/editor\/wp-json\/wp\/v2\/posts\/73024","targetHints":{"allow":["GET"]}}],"collection":[{"href":"https:\/\/luchonoticias.com\/editor\/wp-json\/wp\/v2\/posts"}],"about":[{"href":"https:\/\/luchonoticias.com\/editor\/wp-json\/wp\/v2\/types\/post"}],"author":[{"embeddable":true,"href":"https:\/\/luchonoticias.com\/editor\/wp-json\/wp\/v2\/users\/2"}],"replies":[{"embeddable":true,"href":"https:\/\/luchonoticias.com\/editor\/wp-json\/wp\/v2\/comments?post=73024"}],"version-history":[{"count":0,"href":"https:\/\/luchonoticias.com\/editor\/wp-json\/wp\/v2\/posts\/73024\/revisions"}],"wp:featuredmedia":[{"embeddable":true,"href":"https:\/\/luchonoticias.com\/editor\/wp-json\/wp\/v2\/media\/73025"}],"wp:attachment":[{"href":"https:\/\/luchonoticias.com\/editor\/wp-json\/wp\/v2\/media?parent=73024"}],"wp:term":[{"taxonomy":"category","embeddable":true,"href":"https:\/\/luchonoticias.com\/editor\/wp-json\/wp\/v2\/categories?post=73024"},{"taxonomy":"post_tag","embeddable":true,"href":"https:\/\/luchonoticias.com\/editor\/wp-json\/wp\/v2\/tags?post=73024"}],"curies":[{"name":"wp","href":"https:\/\/api.w.org\/{rel}","templated":true}]}}