{"id":73031,"date":"2024-05-13T11:35:48","date_gmt":"2024-05-13T16:35:48","guid":{"rendered":"https:\/\/luchonoticias.com\/?p=73031"},"modified":"2024-05-13T11:35:48","modified_gmt":"2024-05-13T16:35:48","slug":"juan-guillermo-cuadrado-se-nacionalizo","status":"publish","type":"post","link":"https:\/\/luchonoticias.com\/editor\/juan-guillermo-cuadrado-se-nacionalizo\/","title":{"rendered":"Juan Guillermo Cuadrado se nacionaliz\u00f3"},"content":{"rendered":"<div class=\"max-w-screen-md prose prose-lg mx-auto mb-5\">\n<p data-type=\"text\">Juan Guillermo Cuadrado es desde este lunes ciudadano italiano. El jugador del Inter de Mil\u00e1n logr\u00f3 cumplir un deseo que ven\u00eda persiguiendo desde hace tiempo y que se le hab\u00eda tardado m\u00e1s de lo esperado.<\/p>\n<\/div>\n<div class=\"max-w-screen-md prose prose-lg mx-auto mb-5\">\n<p data-type=\"text\">A trav\u00e9s de sus redes sociales, el nacido en Necocl\u00ed (Antioquia) le cont\u00f3 al mundo que desde ahora cuenta con dos nacionalidades:\u00a0<b>la colombiana de nacimiento y la italiana por naturalizaci\u00f3n despu\u00e9s de pasar casi toda su carrera en la Serie A.<\/b><\/p>\n<\/div>\n<div class=\"max-w-screen-md prose prose-lg mx-auto mb-5\">\n<p data-type=\"text\">\u201cY me convert\u00ed oficialmente en italiano despu\u00e9s de tantos a\u00f1os\u201d, escribi\u00f3 a trav\u00e9s de sus historias de Instagram. En una de las fotos que public\u00f3 se ve firmando los documentos que desde ahora lo reconocen como un ciudadano del pa\u00eds europeo, al que lleg\u00f3 en el a\u00f1o 2009 cuando fue fichado por el Udinese.<\/p>\n<div class=\"max-w-screen-md prose prose-lg mx-auto mb-5\">\n<p data-type=\"text\"><b>Esta decisi\u00f3n no influir\u00e1 en que pueda ser convocado para la Selecci\u00f3n Colombia.<\/b>\u00a0Cuadrado se sigue reconociendo a s\u00ed mismo como colombiano y, adem\u00e1s, la Fifa no permite que un jugador sea citado por dos pa\u00edses distintos en la m\u00e1xima categor\u00eda, aun cuando tenga doble nacionalidad, como es el caso de Cuadrado.<\/p>\n<\/div>\n<div class=\"-mx-5 mb-5 lg:mx-0\" data-type=\"image\"><picture><source srcset=\"https:\/\/www.semana.com\/resizer\/BdIzZYTTSE1YjWM16dKiukgwHJQ=\/fit-in\/480x0\/smart\/filters:format(jpg):quality(80)\/cloudfront-us-east-1.images.arcpublishing.com\/semana\/E6I2AE23SNCWPBMJONLZPJLGC4.jpg\" media=\"(max-width: 480px)\" \/><source srcset=\"https:\/\/www.semana.com\/resizer\/PtwH6zddiVs4kTaDRMuwDxsMcc4=\/fit-in\/768x0\/smart\/filters:format(jpg):quality(80)\/cloudfront-us-east-1.images.arcpublishing.com\/semana\/E6I2AE23SNCWPBMJONLZPJLGC4.jpg\" media=\"(max-width: 768px)\" \/><\/picture><\/div>\n<div data-type=\"image\">Con informaci\u00f3n y foto de Semana.<\/div>\n<\/div>\n","protected":false},"excerpt":{"rendered":"<p>Juan Guillermo Cuadrado es desde este lunes ciudadano italiano. El jugador del Inter de Mil\u00e1n logr\u00f3 cumplir un deseo que ven\u00eda persiguiendo desde hace tiempo y que se le hab\u00eda tardado m\u00e1s de lo esperado. A trav\u00e9s de sus redes sociales, el nacido en Necocl\u00ed (Antioquia) le cont\u00f3 al mundo que desde ahora cuenta con [&hellip;]<\/p>\n","protected":false},"author":2,"featured_media":73032,"comment_status":"closed","ping_status":"open","sticky":false,"template":"","format":"standard","meta":{"footnotes":""},"categories":[34],"tags":[],"class_list":["post-73031","post","type-post","status-publish","format-standard","has-post-thumbnail","hentry","category-deportes"],"yoast_head":"<!-- This site is optimized with the Yoast SEO plugin v26.6 - https:\/\/yoast.com\/wordpress\/plugins\/seo\/ -->\n<title>Juan Guillermo Cuadrado se nacionaliz\u00f3 -<\/title>\n<meta name=\"robots\" content=\"index, follow, max-snippet:-1, max-image-preview:large, max-video-preview:-1\" \/>\n<link rel=\"canonical\" href=\"https:\/\/luchonoticias.com\/editor\/juan-guillermo-cuadrado-se-nacionalizo\/\" \/>\n<meta property=\"og:locale\" content=\"es_ES\" \/>\n<meta property=\"og:type\" content=\"article\" \/>\n<meta property=\"og:title\" content=\"Juan Guillermo Cuadrado se nacionaliz\u00f3 -\" \/>\n<meta property=\"og:url\" content=\"https:\/\/luchonoticias.com\/editor\/juan-guillermo-cuadrado-se-nacionalizo\/\" \/>\n<meta property=\"article:publisher\" content=\"https:\/\/www.facebook.com\/luchonoticiasneiva\" \/>\n<meta property=\"article:published_time\" content=\"2024-05-13T16:35:48+00:00\" \/>\n<meta property=\"og:image\" content=\"https:\/\/luchonoticias.com\/editor\/wp-content\/uploads\/2024\/05\/cuadrado.jpg\" \/>\n\t<meta property=\"og:image:width\" content=\"700\" \/>\n\t<meta property=\"og:image:height\" content=\"400\" \/>\n\t<meta property=\"og:image:type\" content=\"image\/jpeg\" \/>\n<meta name=\"author\" content=\"Editor General\" \/>\n<meta name=\"twitter:card\" content=\"summary_large_image\" \/>\n<meta name=\"twitter:label1\" content=\"Escrito por\" \/>\n\t<meta name=\"twitter:data1\" content=\"Editor General\" \/>\n\t<meta name=\"twitter:label2\" content=\"Tiempo de lectura\" \/>\n\t<meta name=\"twitter:data2\" content=\"1 minuto\" \/>\n<script type=\"application\/ld+json\" class=\"yoast-schema-graph\">{\"@context\":\"https:\/\/schema.org\",\"@graph\":[{\"@type\":\"Article\",\"@id\":\"https:\/\/luchonoticias.com\/editor\/juan-guillermo-cuadrado-se-nacionalizo\/#article\",\"isPartOf\":{\"@id\":\"https:\/\/luchonoticias.com\/editor\/juan-guillermo-cuadrado-se-nacionalizo\/\"},\"author\":{\"name\":\"Editor General\",\"@id\":\"https:\/\/luchonoticias.com\/editor\/#\/schema\/person\/29217990ddf6f14e35912b2866d591fb\"},\"headline\":\"Juan Guillermo Cuadrado se nacionaliz\u00f3\",\"datePublished\":\"2024-05-13T16:35:48+00:00\",\"mainEntityOfPage\":{\"@id\":\"https:\/\/luchonoticias.com\/editor\/juan-guillermo-cuadrado-se-nacionalizo\/\"},\"wordCount\":212,\"publisher\":{\"@id\":\"https:\/\/luchonoticias.com\/editor\/#\/schema\/person\/7a7fd911f58561fd056dbac7b55af9cd\"},\"image\":{\"@id\":\"https:\/\/luchonoticias.com\/editor\/juan-guillermo-cuadrado-se-nacionalizo\/#primaryimage\"},\"thumbnailUrl\":\"https:\/\/luchonoticias.com\/editor\/wp-content\/uploads\/2024\/05\/cuadrado.jpg\",\"articleSection\":[\"Deportes\"],\"inLanguage\":\"es\"},{\"@type\":\"WebPage\",\"@id\":\"https:\/\/luchonoticias.com\/editor\/juan-guillermo-cuadrado-se-nacionalizo\/\",\"url\":\"https:\/\/luchonoticias.com\/editor\/juan-guillermo-cuadrado-se-nacionalizo\/\",\"name\":\"Juan Guillermo Cuadrado se nacionaliz\u00f3 -\",\"isPartOf\":{\"@id\":\"https:\/\/luchonoticias.com\/editor\/#website\"},\"primaryImageOfPage\":{\"@id\":\"https:\/\/luchonoticias.com\/editor\/juan-guillermo-cuadrado-se-nacionalizo\/#primaryimage\"},\"image\":{\"@id\":\"https:\/\/luchonoticias.com\/editor\/juan-guillermo-cuadrado-se-nacionalizo\/#primaryimage\"},\"thumbnailUrl\":\"https:\/\/luchonoticias.com\/editor\/wp-content\/uploads\/2024\/05\/cuadrado.jpg\",\"datePublished\":\"2024-05-13T16:35:48+00:00\",\"breadcrumb\":{\"@id\":\"https:\/\/luchonoticias.com\/editor\/juan-guillermo-cuadrado-se-nacionalizo\/#breadcrumb\"},\"inLanguage\":\"es\",\"potentialAction\":[{\"@type\":\"ReadAction\",\"target\":[\"https:\/\/luchonoticias.com\/editor\/juan-guillermo-cuadrado-se-nacionalizo\/\"]}]},{\"@type\":\"ImageObject\",\"inLanguage\":\"es\",\"@id\":\"https:\/\/luchonoticias.com\/editor\/juan-guillermo-cuadrado-se-nacionalizo\/#primaryimage\",\"url\":\"https:\/\/luchonoticias.com\/editor\/wp-content\/uploads\/2024\/05\/cuadrado.jpg\",\"contentUrl\":\"https:\/\/luchonoticias.com\/editor\/wp-content\/uploads\/2024\/05\/cuadrado.jpg\",\"width\":700,\"height\":400},{\"@type\":\"BreadcrumbList\",\"@id\":\"https:\/\/luchonoticias.com\/editor\/juan-guillermo-cuadrado-se-nacionalizo\/#breadcrumb\",\"itemListElement\":[{\"@type\":\"ListItem\",\"position\":1,\"name\":\"Portada\",\"item\":\"https:\/\/luchonoticias.com\/editor\/\"},{\"@type\":\"ListItem\",\"position\":2,\"name\":\"Juan Guillermo Cuadrado se nacionaliz\u00f3\"}]},{\"@type\":\"WebSite\",\"@id\":\"https:\/\/luchonoticias.com\/editor\/#website\",\"url\":\"https:\/\/luchonoticias.com\/editor\/\",\"name\":\"\",\"description\":\"\",\"publisher\":{\"@id\":\"https:\/\/luchonoticias.com\/editor\/#\/schema\/person\/7a7fd911f58561fd056dbac7b55af9cd\"},\"potentialAction\":[{\"@type\":\"SearchAction\",\"target\":{\"@type\":\"EntryPoint\",\"urlTemplate\":\"https:\/\/luchonoticias.com\/editor\/?s={search_term_string}\"},\"query-input\":{\"@type\":\"PropertyValueSpecification\",\"valueRequired\":true,\"valueName\":\"search_term_string\"}}],\"inLanguage\":\"es\"},{\"@type\":[\"Person\",\"Organization\"],\"@id\":\"https:\/\/luchonoticias.com\/editor\/#\/schema\/person\/7a7fd911f58561fd056dbac7b55af9cd\",\"name\":\"admin\",\"image\":{\"@type\":\"ImageObject\",\"inLanguage\":\"es\",\"@id\":\"https:\/\/luchonoticias.com\/editor\/#\/schema\/person\/image\/\",\"url\":\"https:\/\/luchonoticias.com\/editor\/wp-content\/uploads\/2024\/02\/cropped-cropped-logolu.webp\",\"contentUrl\":\"https:\/\/luchonoticias.com\/editor\/wp-content\/uploads\/2024\/02\/cropped-cropped-logolu.webp\",\"width\":382,\"height\":170,\"caption\":\"admin\"},\"logo\":{\"@id\":\"https:\/\/luchonoticias.com\/editor\/#\/schema\/person\/image\/\"},\"sameAs\":[\"https:\/\/www.facebook.com\/luchonoticiasneiva\"]},{\"@type\":\"Person\",\"@id\":\"https:\/\/luchonoticias.com\/editor\/#\/schema\/person\/29217990ddf6f14e35912b2866d591fb\",\"name\":\"Editor General\",\"image\":{\"@type\":\"ImageObject\",\"inLanguage\":\"es\",\"@id\":\"https:\/\/luchonoticias.com\/editor\/#\/schema\/person\/image\/\",\"url\":\"https:\/\/luchonoticias.com\/editor\/wp-content\/uploads\/2024\/02\/cropped-cropped-logolu-150x150.webp\",\"contentUrl\":\"https:\/\/luchonoticias.com\/editor\/wp-content\/uploads\/2024\/02\/cropped-cropped-logolu-150x150.webp\",\"caption\":\"Editor General\"},\"sameAs\":[\"https:\/\/luchonoticias.com\/\"],\"url\":\"https:\/\/luchonoticias.com\/editor\/author\/editor-general\/\"}]}<\/script>\n<!-- \/ Yoast SEO plugin. -->","yoast_head_json":{"title":"Juan Guillermo Cuadrado se nacionaliz\u00f3 -","robots":{"index":"index","follow":"follow","max-snippet":"max-snippet:-1","max-image-preview":"max-image-preview:large","max-video-preview":"max-video-preview:-1"},"canonical":"https:\/\/luchonoticias.com\/editor\/juan-guillermo-cuadrado-se-nacionalizo\/","og_locale":"es_ES","og_type":"article","og_title":"Juan Guillermo Cuadrado se nacionaliz\u00f3 -","og_url":"https:\/\/luchonoticias.com\/editor\/juan-guillermo-cuadrado-se-nacionalizo\/","article_publisher":"https:\/\/www.facebook.com\/luchonoticiasneiva","article_published_time":"2024-05-13T16:35:48+00:00","og_image":[{"width":700,"height":400,"url":"https:\/\/luchonoticias.com\/editor\/wp-content\/uploads\/2024\/05\/cuadrado.jpg","type":"image\/jpeg"}],"author":"Editor General","twitter_card":"summary_large_image","twitter_misc":{"Escrito por":"Editor General","Tiempo de lectura":"1 minuto"},"schema":{"@context":"https:\/\/schema.org","@graph":[{"@type":"Article","@id":"https:\/\/luchonoticias.com\/editor\/juan-guillermo-cuadrado-se-nacionalizo\/#article","isPartOf":{"@id":"https:\/\/luchonoticias.com\/editor\/juan-guillermo-cuadrado-se-nacionalizo\/"},"author":{"name":"Editor General","@id":"https:\/\/luchonoticias.com\/editor\/#\/schema\/person\/29217990ddf6f14e35912b2866d591fb"},"headline":"Juan Guillermo Cuadrado se nacionaliz\u00f3","datePublished":"2024-05-13T16:35:48+00:00","mainEntityOfPage":{"@id":"https:\/\/luchonoticias.com\/editor\/juan-guillermo-cuadrado-se-nacionalizo\/"},"wordCount":212,"publisher":{"@id":"https:\/\/luchonoticias.com\/editor\/#\/schema\/person\/7a7fd911f58561fd056dbac7b55af9cd"},"image":{"@id":"https:\/\/luchonoticias.com\/editor\/juan-guillermo-cuadrado-se-nacionalizo\/#primaryimage"},"thumbnailUrl":"https:\/\/luchonoticias.com\/editor\/wp-content\/uploads\/2024\/05\/cuadrado.jpg","articleSection":["Deportes"],"inLanguage":"es"},{"@type":"WebPage","@id":"https:\/\/luchonoticias.com\/editor\/juan-guillermo-cuadrado-se-nacionalizo\/","url":"https:\/\/luchonoticias.com\/editor\/juan-guillermo-cuadrado-se-nacionalizo\/","name":"Juan Guillermo Cuadrado se nacionaliz\u00f3 -","isPartOf":{"@id":"https:\/\/luchonoticias.com\/editor\/#website"},"primaryImageOfPage":{"@id":"https:\/\/luchonoticias.com\/editor\/juan-guillermo-cuadrado-se-nacionalizo\/#primaryimage"},"image":{"@id":"https:\/\/luchonoticias.com\/editor\/juan-guillermo-cuadrado-se-nacionalizo\/#primaryimage"},"thumbnailUrl":"https:\/\/luchonoticias.com\/editor\/wp-content\/uploads\/2024\/05\/cuadrado.jpg","datePublished":"2024-05-13T16:35:48+00:00","breadcrumb":{"@id":"https:\/\/luchonoticias.com\/editor\/juan-guillermo-cuadrado-se-nacionalizo\/#breadcrumb"},"inLanguage":"es","potentialAction":[{"@type":"ReadAction","target":["https:\/\/luchonoticias.com\/editor\/juan-guillermo-cuadrado-se-nacionalizo\/"]}]},{"@type":"ImageObject","inLanguage":"es","@id":"https:\/\/luchonoticias.com\/editor\/juan-guillermo-cuadrado-se-nacionalizo\/#primaryimage","url":"https:\/\/luchonoticias.com\/editor\/wp-content\/uploads\/2024\/05\/cuadrado.jpg","contentUrl":"https:\/\/luchonoticias.com\/editor\/wp-content\/uploads\/2024\/05\/cuadrado.jpg","width":700,"height":400},{"@type":"BreadcrumbList","@id":"https:\/\/luchonoticias.com\/editor\/juan-guillermo-cuadrado-se-nacionalizo\/#breadcrumb","itemListElement":[{"@type":"ListItem","position":1,"name":"Portada","item":"https:\/\/luchonoticias.com\/editor\/"},{"@type":"ListItem","position":2,"name":"Juan Guillermo Cuadrado se nacionaliz\u00f3"}]},{"@type":"WebSite","@id":"https:\/\/luchonoticias.com\/editor\/#website","url":"https:\/\/luchonoticias.com\/editor\/","name":"","description":"","publisher":{"@id":"https:\/\/luchonoticias.com\/editor\/#\/schema\/person\/7a7fd911f58561fd056dbac7b55af9cd"},"potentialAction":[{"@type":"SearchAction","target":{"@type":"EntryPoint","urlTemplate":"https:\/\/luchonoticias.com\/editor\/?s={search_term_string}"},"query-input":{"@type":"PropertyValueSpecification","valueRequired":true,"valueName":"search_term_string"}}],"inLanguage":"es"},{"@type":["Person","Organization"],"@id":"https:\/\/luchonoticias.com\/editor\/#\/schema\/person\/7a7fd911f58561fd056dbac7b55af9cd","name":"admin","image":{"@type":"ImageObject","inLanguage":"es","@id":"https:\/\/luchonoticias.com\/editor\/#\/schema\/person\/image\/","url":"https:\/\/luchonoticias.com\/editor\/wp-content\/uploads\/2024\/02\/cropped-cropped-logolu.webp","contentUrl":"https:\/\/luchonoticias.com\/editor\/wp-content\/uploads\/2024\/02\/cropped-cropped-logolu.webp","width":382,"height":170,"caption":"admin"},"logo":{"@id":"https:\/\/luchonoticias.com\/editor\/#\/schema\/person\/image\/"},"sameAs":["https:\/\/www.facebook.com\/luchonoticiasneiva"]},{"@type":"Person","@id":"https:\/\/luchonoticias.com\/editor\/#\/schema\/person\/29217990ddf6f14e35912b2866d591fb","name":"Editor General","image":{"@type":"ImageObject","inLanguage":"es","@id":"https:\/\/luchonoticias.com\/editor\/#\/schema\/person\/image\/","url":"https:\/\/luchonoticias.com\/editor\/wp-content\/uploads\/2024\/02\/cropped-cropped-logolu-150x150.webp","contentUrl":"https:\/\/luchonoticias.com\/editor\/wp-content\/uploads\/2024\/02\/cropped-cropped-logolu-150x150.webp","caption":"Editor General"},"sameAs":["https:\/\/luchonoticias.com\/"],"url":"https:\/\/luchonoticias.com\/editor\/author\/editor-general\/"}]}},"_links":{"self":[{"href":"https:\/\/luchonoticias.com\/editor\/wp-json\/wp\/v2\/posts\/73031","targetHints":{"allow":["GET"]}}],"collection":[{"href":"https:\/\/luchonoticias.com\/editor\/wp-json\/wp\/v2\/posts"}],"about":[{"href":"https:\/\/luchonoticias.com\/editor\/wp-json\/wp\/v2\/types\/post"}],"author":[{"embeddable":true,"href":"https:\/\/luchonoticias.com\/editor\/wp-json\/wp\/v2\/users\/2"}],"replies":[{"embeddable":true,"href":"https:\/\/luchonoticias.com\/editor\/wp-json\/wp\/v2\/comments?post=73031"}],"version-history":[{"count":0,"href":"https:\/\/luchonoticias.com\/editor\/wp-json\/wp\/v2\/posts\/73031\/revisions"}],"wp:featuredmedia":[{"embeddable":true,"href":"https:\/\/luchonoticias.com\/editor\/wp-json\/wp\/v2\/media\/73032"}],"wp:attachment":[{"href":"https:\/\/luchonoticias.com\/editor\/wp-json\/wp\/v2\/media?parent=73031"}],"wp:term":[{"taxonomy":"category","embeddable":true,"href":"https:\/\/luchonoticias.com\/editor\/wp-json\/wp\/v2\/categories?post=73031"},{"taxonomy":"post_tag","embeddable":true,"href":"https:\/\/luchonoticias.com\/editor\/wp-json\/wp\/v2\/tags?post=73031"}],"curies":[{"name":"wp","href":"https:\/\/api.w.org\/{rel}","templated":true}]}}