{"id":73036,"date":"2024-05-14T05:37:48","date_gmt":"2024-05-14T10:37:48","guid":{"rendered":"https:\/\/luchonoticias.com\/?p=73036"},"modified":"2024-05-14T05:37:48","modified_gmt":"2024-05-14T10:37:48","slug":"buscan-que-la-alimentacion-escolar-sea-obligatoria-desde-el-primer-dia","status":"publish","type":"post","link":"https:\/\/luchonoticias.com\/editor\/buscan-que-la-alimentacion-escolar-sea-obligatoria-desde-el-primer-dia\/","title":{"rendered":"Buscan que la alimentaci\u00f3n escolar sea obligatoria desde el primer d\u00eda"},"content":{"rendered":"<p class=\"s4\"><span class=\"s10\">C<\/span><span class=\"s10\">on el fin de frenar los hechos de corrupci\u00f3n y mejorar las\u00a0<\/span><span class=\"s10\">raciones alimenticias<\/span><span class=\"s10\">\u00a0del\u00a0<\/span><span class=\"s10\">Pr<\/span><span class=\"s10\">ograma de\u00a0<\/span><span class=\"s10\">Al<\/span><span class=\"s10\">imentaci\u00f3n\u00a0<\/span><span class=\"s10\">E<\/span><span class=\"s10\">scolar\u00a0<\/span><span class=\"s10\">(PAE)<\/span><span class=\"s10\">fue<\/span><span class=\"s10\">\u00a0aprobado en la plenaria del\u00a0<\/span><span class=\"s10\">S<\/span><span class=\"s10\">enado\u00a0<\/span><span class=\"s10\">una iniciativa que busca\u00a0<\/span><span class=\"s10\">que\u00a0<\/span><span class=\"s10\">toda<\/span><span class=\"s10\">s<\/span><span class=\"s10\">\u00a0las instancias<\/span><span class=\"s10\">\u00a0del proceso de\u00a0<\/span><span class=\"s10\">contrataci\u00f3n <\/span><span class=\"s10\">est\u00e9<\/span><span class=\"s10\">n <\/span><span class=\"s10\">blindadas<\/span><span class=\"s10\">\u00a0por el control ciudadano. \u00a0\u00a0<\/span><\/p>\n<p class=\"s4\"><span class=\"s10\">Adem\u00e1s se <\/span><span class=\"s10\">crear<\/span><span class=\"s10\">\u00e1<\/span><span class=\"s10\">\u00a0el\u00a0<\/span><span class=\"s10\">B<\/span><span class=\"s10\">anco de\u00a0<\/span><span class=\"s10\">Of<\/span><span class=\"s10\">erentes<\/span><span class=\"s10\">\u00a0y quienes hagan parte del mismo tendr\u00e1n altas exigencias con los<\/span><span class=\"s10\">\u00a0m\u00e1s alto<\/span><span class=\"s10\">s <\/span><span class=\"s10\">est\u00e1ndares de\u00a0<\/span><span class=\"s10\">calidad<\/span><span class=\"s10\">. Los<\/span><span class=\"s10\"> alimentos ofrecido<\/span><span class=\"s10\">s <\/span><span class=\"s10\">tendr\u00e1n<\/span><span class=\"s10\">\u00a0que ser naturales<\/span><span class=\"s10\">, <\/span><span class=\"s10\">bien preparados y\u00a0<\/span><span class=\"s10\">que llegue<\/span><span class=\"s10\">n<\/span><span class=\"s10\">\u00a0caliente<\/span><span class=\"s10\">s <\/span><span class=\"s10\">para el consumo de\u00a0<\/span><span class=\"s10\">los<\/span><span class=\"s10\">\u00a0ni\u00f1os<\/span><span class=\"s10\">.\u00a0<\/span><\/p>\n<p class=\"s4\"><span class=\"s10\">Por otra parte se busca incentivar la producci\u00f3n nacional, es por eso que\u00a0<\/span><span class=\"s10\">el proyecto tambi\u00e9n <\/span><span class=\"s10\">contempla adquirir\u00a0<\/span><span class=\"s10\">de <\/span><span class=\"s10\">manera obligatoria alimentos a peque\u00f1os productores agropecuarios de cada regi\u00f3n<\/span><span class=\"s10\">\u00a0del pa\u00eds.\u00a0<\/span><\/p>\n<p class=\"s13\">\u201cDesde el primer hasta el \u00faltimo d\u00eda del calendario escolar, un ni\u00f1o pueda recibir su comida, su plan de alimentaci\u00f3n escolar, caliente, preparada por madres, preparada por las personas de cada uno de los municipios y esto va a generar tambi\u00e9n un tema de empleo\u201d, se\u00f1al\u00f3 el senador\u00a0<span class=\"s14\">Gustavo Moreno<\/span><span class=\"s14\">, <\/span>del<span class=\"s14\">\u00a0Partido\u00a0<\/span><span class=\"s14\">ASI\u00a0<\/span><\/p>\n<p class=\"s13\">La interventor\u00eda ser\u00e1 ejercida por las universidades\u00a0p\u00fablicas,\u00a0calificadas\u00a0con\u00a0est\u00e1ndares de alta calidad\u00a0para que se ejerza una adecuada\u00a0vigilancia y\u00a0efectivo\u00a0control de los recursos del (PAE).<\/p>\n<p class=\"s13\">En el\u00a0Proyecto de\u00a0Ley\u00a0se\u00a0priorizar\u00e1n todas\u00a0las\u00a0sedes educativas\u00a0rurales y urbanas\u00a0cuya\u00a0poblaci\u00f3n escolar\u00a0este en mayor grado de vulnerabilidad.<\/p>\n<p class=\"s13\">Para el\u00a0senador del\u00a0<span class=\"s14\">P<\/span><span class=\"s14\">artido de la U<\/span><span class=\"s14\">,<\/span><span class=\"s14\">\u00a0Antonio\u00a0<\/span><span class=\"s14\">Correa<\/span><span class=\"s14\">,<\/span> estos son mecanismos\u00a0de control para que la corrupci\u00f3n no se siga llevando la alimentaci\u00f3n de los\u00a0ni\u00f1os mas pobres\u00a0de nuestro pa\u00eds.<\/p>\n","protected":false},"excerpt":{"rendered":"<p>Con el fin de frenar los hechos de corrupci\u00f3n y mejorar las\u00a0raciones alimenticias\u00a0del\u00a0Programa de\u00a0Alimentaci\u00f3n\u00a0Escolar\u00a0(PAE)fue\u00a0aprobado en la plenaria del\u00a0Senado\u00a0una iniciativa que busca\u00a0que\u00a0todas\u00a0las instancias\u00a0del proceso de\u00a0contrataci\u00f3n est\u00e9n blindadas\u00a0por el control ciudadano. \u00a0\u00a0 Adem\u00e1s se crear\u00e1\u00a0el\u00a0Banco de\u00a0Oferentes\u00a0y quienes hagan parte del mismo tendr\u00e1n altas exigencias con los\u00a0m\u00e1s altos est\u00e1ndares de\u00a0calidad. Los alimentos ofrecidos tendr\u00e1n\u00a0que ser naturales, bien preparados [&hellip;]<\/p>\n","protected":false},"author":2,"featured_media":73037,"comment_status":"closed","ping_status":"open","sticky":false,"template":"","format":"standard","meta":{"footnotes":""},"categories":[28],"tags":[],"class_list":["post-73036","post","type-post","status-publish","format-standard","has-post-thumbnail","hentry","category-actualidad"],"yoast_head":"<!-- This site is optimized with the Yoast SEO plugin v26.6 - https:\/\/yoast.com\/wordpress\/plugins\/seo\/ -->\n<title>Buscan que la alimentaci\u00f3n escolar sea obligatoria desde el primer d\u00eda -<\/title>\n<meta name=\"robots\" content=\"index, follow, max-snippet:-1, max-image-preview:large, max-video-preview:-1\" \/>\n<link rel=\"canonical\" href=\"https:\/\/luchonoticias.com\/editor\/buscan-que-la-alimentacion-escolar-sea-obligatoria-desde-el-primer-dia\/\" \/>\n<meta property=\"og:locale\" content=\"es_ES\" \/>\n<meta property=\"og:type\" content=\"article\" \/>\n<meta property=\"og:title\" content=\"Buscan que la alimentaci\u00f3n escolar sea obligatoria desde el primer d\u00eda -\" \/>\n<meta property=\"og:url\" content=\"https:\/\/luchonoticias.com\/editor\/buscan-que-la-alimentacion-escolar-sea-obligatoria-desde-el-primer-dia\/\" \/>\n<meta property=\"article:publisher\" content=\"https:\/\/www.facebook.com\/luchonoticiasneiva\" \/>\n<meta property=\"article:published_time\" content=\"2024-05-14T10:37:48+00:00\" \/>\n<meta property=\"og:image\" content=\"https:\/\/luchonoticias.com\/editor\/wp-content\/uploads\/2024\/05\/alimentacion-escolar.jpg\" \/>\n\t<meta property=\"og:image:width\" content=\"700\" \/>\n\t<meta property=\"og:image:height\" content=\"400\" \/>\n\t<meta property=\"og:image:type\" content=\"image\/jpeg\" \/>\n<meta name=\"author\" content=\"Editor General\" \/>\n<meta name=\"twitter:card\" content=\"summary_large_image\" \/>\n<meta name=\"twitter:label1\" content=\"Escrito por\" \/>\n\t<meta name=\"twitter:data1\" content=\"Editor General\" \/>\n\t<meta name=\"twitter:label2\" content=\"Tiempo de lectura\" \/>\n\t<meta name=\"twitter:data2\" content=\"1 minuto\" \/>\n<script type=\"application\/ld+json\" class=\"yoast-schema-graph\">{\"@context\":\"https:\/\/schema.org\",\"@graph\":[{\"@type\":\"Article\",\"@id\":\"https:\/\/luchonoticias.com\/editor\/buscan-que-la-alimentacion-escolar-sea-obligatoria-desde-el-primer-dia\/#article\",\"isPartOf\":{\"@id\":\"https:\/\/luchonoticias.com\/editor\/buscan-que-la-alimentacion-escolar-sea-obligatoria-desde-el-primer-dia\/\"},\"author\":{\"name\":\"Editor General\",\"@id\":\"https:\/\/luchonoticias.com\/editor\/#\/schema\/person\/29217990ddf6f14e35912b2866d591fb\"},\"headline\":\"Buscan que la alimentaci\u00f3n escolar sea obligatoria desde el primer d\u00eda\",\"datePublished\":\"2024-05-14T10:37:48+00:00\",\"mainEntityOfPage\":{\"@id\":\"https:\/\/luchonoticias.com\/editor\/buscan-que-la-alimentacion-escolar-sea-obligatoria-desde-el-primer-dia\/\"},\"wordCount\":311,\"publisher\":{\"@id\":\"https:\/\/luchonoticias.com\/editor\/#\/schema\/person\/7a7fd911f58561fd056dbac7b55af9cd\"},\"image\":{\"@id\":\"https:\/\/luchonoticias.com\/editor\/buscan-que-la-alimentacion-escolar-sea-obligatoria-desde-el-primer-dia\/#primaryimage\"},\"thumbnailUrl\":\"https:\/\/luchonoticias.com\/editor\/wp-content\/uploads\/2024\/05\/alimentacion-escolar.jpg\",\"articleSection\":[\"Actualidad\"],\"inLanguage\":\"es\"},{\"@type\":\"WebPage\",\"@id\":\"https:\/\/luchonoticias.com\/editor\/buscan-que-la-alimentacion-escolar-sea-obligatoria-desde-el-primer-dia\/\",\"url\":\"https:\/\/luchonoticias.com\/editor\/buscan-que-la-alimentacion-escolar-sea-obligatoria-desde-el-primer-dia\/\",\"name\":\"Buscan que la alimentaci\u00f3n escolar sea obligatoria desde el primer d\u00eda -\",\"isPartOf\":{\"@id\":\"https:\/\/luchonoticias.com\/editor\/#website\"},\"primaryImageOfPage\":{\"@id\":\"https:\/\/luchonoticias.com\/editor\/buscan-que-la-alimentacion-escolar-sea-obligatoria-desde-el-primer-dia\/#primaryimage\"},\"image\":{\"@id\":\"https:\/\/luchonoticias.com\/editor\/buscan-que-la-alimentacion-escolar-sea-obligatoria-desde-el-primer-dia\/#primaryimage\"},\"thumbnailUrl\":\"https:\/\/luchonoticias.com\/editor\/wp-content\/uploads\/2024\/05\/alimentacion-escolar.jpg\",\"datePublished\":\"2024-05-14T10:37:48+00:00\",\"breadcrumb\":{\"@id\":\"https:\/\/luchonoticias.com\/editor\/buscan-que-la-alimentacion-escolar-sea-obligatoria-desde-el-primer-dia\/#breadcrumb\"},\"inLanguage\":\"es\",\"potentialAction\":[{\"@type\":\"ReadAction\",\"target\":[\"https:\/\/luchonoticias.com\/editor\/buscan-que-la-alimentacion-escolar-sea-obligatoria-desde-el-primer-dia\/\"]}]},{\"@type\":\"ImageObject\",\"inLanguage\":\"es\",\"@id\":\"https:\/\/luchonoticias.com\/editor\/buscan-que-la-alimentacion-escolar-sea-obligatoria-desde-el-primer-dia\/#primaryimage\",\"url\":\"https:\/\/luchonoticias.com\/editor\/wp-content\/uploads\/2024\/05\/alimentacion-escolar.jpg\",\"contentUrl\":\"https:\/\/luchonoticias.com\/editor\/wp-content\/uploads\/2024\/05\/alimentacion-escolar.jpg\",\"width\":700,\"height\":400},{\"@type\":\"BreadcrumbList\",\"@id\":\"https:\/\/luchonoticias.com\/editor\/buscan-que-la-alimentacion-escolar-sea-obligatoria-desde-el-primer-dia\/#breadcrumb\",\"itemListElement\":[{\"@type\":\"ListItem\",\"position\":1,\"name\":\"Portada\",\"item\":\"https:\/\/luchonoticias.com\/editor\/\"},{\"@type\":\"ListItem\",\"position\":2,\"name\":\"Buscan que la alimentaci\u00f3n escolar sea obligatoria desde el primer d\u00eda\"}]},{\"@type\":\"WebSite\",\"@id\":\"https:\/\/luchonoticias.com\/editor\/#website\",\"url\":\"https:\/\/luchonoticias.com\/editor\/\",\"name\":\"\",\"description\":\"\",\"publisher\":{\"@id\":\"https:\/\/luchonoticias.com\/editor\/#\/schema\/person\/7a7fd911f58561fd056dbac7b55af9cd\"},\"potentialAction\":[{\"@type\":\"SearchAction\",\"target\":{\"@type\":\"EntryPoint\",\"urlTemplate\":\"https:\/\/luchonoticias.com\/editor\/?s={search_term_string}\"},\"query-input\":{\"@type\":\"PropertyValueSpecification\",\"valueRequired\":true,\"valueName\":\"search_term_string\"}}],\"inLanguage\":\"es\"},{\"@type\":[\"Person\",\"Organization\"],\"@id\":\"https:\/\/luchonoticias.com\/editor\/#\/schema\/person\/7a7fd911f58561fd056dbac7b55af9cd\",\"name\":\"admin\",\"image\":{\"@type\":\"ImageObject\",\"inLanguage\":\"es\",\"@id\":\"https:\/\/luchonoticias.com\/editor\/#\/schema\/person\/image\/\",\"url\":\"https:\/\/luchonoticias.com\/editor\/wp-content\/uploads\/2024\/02\/cropped-cropped-logolu.webp\",\"contentUrl\":\"https:\/\/luchonoticias.com\/editor\/wp-content\/uploads\/2024\/02\/cropped-cropped-logolu.webp\",\"width\":382,\"height\":170,\"caption\":\"admin\"},\"logo\":{\"@id\":\"https:\/\/luchonoticias.com\/editor\/#\/schema\/person\/image\/\"},\"sameAs\":[\"https:\/\/www.facebook.com\/luchonoticiasneiva\"]},{\"@type\":\"Person\",\"@id\":\"https:\/\/luchonoticias.com\/editor\/#\/schema\/person\/29217990ddf6f14e35912b2866d591fb\",\"name\":\"Editor General\",\"image\":{\"@type\":\"ImageObject\",\"inLanguage\":\"es\",\"@id\":\"https:\/\/luchonoticias.com\/editor\/#\/schema\/person\/image\/\",\"url\":\"https:\/\/luchonoticias.com\/editor\/wp-content\/uploads\/2024\/02\/cropped-cropped-logolu-150x150.webp\",\"contentUrl\":\"https:\/\/luchonoticias.com\/editor\/wp-content\/uploads\/2024\/02\/cropped-cropped-logolu-150x150.webp\",\"caption\":\"Editor General\"},\"sameAs\":[\"https:\/\/luchonoticias.com\/\"],\"url\":\"https:\/\/luchonoticias.com\/editor\/author\/editor-general\/\"}]}<\/script>\n<!-- \/ Yoast SEO plugin. -->","yoast_head_json":{"title":"Buscan que la alimentaci\u00f3n escolar sea obligatoria desde el primer d\u00eda -","robots":{"index":"index","follow":"follow","max-snippet":"max-snippet:-1","max-image-preview":"max-image-preview:large","max-video-preview":"max-video-preview:-1"},"canonical":"https:\/\/luchonoticias.com\/editor\/buscan-que-la-alimentacion-escolar-sea-obligatoria-desde-el-primer-dia\/","og_locale":"es_ES","og_type":"article","og_title":"Buscan que la alimentaci\u00f3n escolar sea obligatoria desde el primer d\u00eda -","og_url":"https:\/\/luchonoticias.com\/editor\/buscan-que-la-alimentacion-escolar-sea-obligatoria-desde-el-primer-dia\/","article_publisher":"https:\/\/www.facebook.com\/luchonoticiasneiva","article_published_time":"2024-05-14T10:37:48+00:00","og_image":[{"width":700,"height":400,"url":"https:\/\/luchonoticias.com\/editor\/wp-content\/uploads\/2024\/05\/alimentacion-escolar.jpg","type":"image\/jpeg"}],"author":"Editor General","twitter_card":"summary_large_image","twitter_misc":{"Escrito por":"Editor General","Tiempo de lectura":"1 minuto"},"schema":{"@context":"https:\/\/schema.org","@graph":[{"@type":"Article","@id":"https:\/\/luchonoticias.com\/editor\/buscan-que-la-alimentacion-escolar-sea-obligatoria-desde-el-primer-dia\/#article","isPartOf":{"@id":"https:\/\/luchonoticias.com\/editor\/buscan-que-la-alimentacion-escolar-sea-obligatoria-desde-el-primer-dia\/"},"author":{"name":"Editor General","@id":"https:\/\/luchonoticias.com\/editor\/#\/schema\/person\/29217990ddf6f14e35912b2866d591fb"},"headline":"Buscan que la alimentaci\u00f3n escolar sea obligatoria desde el primer d\u00eda","datePublished":"2024-05-14T10:37:48+00:00","mainEntityOfPage":{"@id":"https:\/\/luchonoticias.com\/editor\/buscan-que-la-alimentacion-escolar-sea-obligatoria-desde-el-primer-dia\/"},"wordCount":311,"publisher":{"@id":"https:\/\/luchonoticias.com\/editor\/#\/schema\/person\/7a7fd911f58561fd056dbac7b55af9cd"},"image":{"@id":"https:\/\/luchonoticias.com\/editor\/buscan-que-la-alimentacion-escolar-sea-obligatoria-desde-el-primer-dia\/#primaryimage"},"thumbnailUrl":"https:\/\/luchonoticias.com\/editor\/wp-content\/uploads\/2024\/05\/alimentacion-escolar.jpg","articleSection":["Actualidad"],"inLanguage":"es"},{"@type":"WebPage","@id":"https:\/\/luchonoticias.com\/editor\/buscan-que-la-alimentacion-escolar-sea-obligatoria-desde-el-primer-dia\/","url":"https:\/\/luchonoticias.com\/editor\/buscan-que-la-alimentacion-escolar-sea-obligatoria-desde-el-primer-dia\/","name":"Buscan que la alimentaci\u00f3n escolar sea obligatoria desde el primer d\u00eda -","isPartOf":{"@id":"https:\/\/luchonoticias.com\/editor\/#website"},"primaryImageOfPage":{"@id":"https:\/\/luchonoticias.com\/editor\/buscan-que-la-alimentacion-escolar-sea-obligatoria-desde-el-primer-dia\/#primaryimage"},"image":{"@id":"https:\/\/luchonoticias.com\/editor\/buscan-que-la-alimentacion-escolar-sea-obligatoria-desde-el-primer-dia\/#primaryimage"},"thumbnailUrl":"https:\/\/luchonoticias.com\/editor\/wp-content\/uploads\/2024\/05\/alimentacion-escolar.jpg","datePublished":"2024-05-14T10:37:48+00:00","breadcrumb":{"@id":"https:\/\/luchonoticias.com\/editor\/buscan-que-la-alimentacion-escolar-sea-obligatoria-desde-el-primer-dia\/#breadcrumb"},"inLanguage":"es","potentialAction":[{"@type":"ReadAction","target":["https:\/\/luchonoticias.com\/editor\/buscan-que-la-alimentacion-escolar-sea-obligatoria-desde-el-primer-dia\/"]}]},{"@type":"ImageObject","inLanguage":"es","@id":"https:\/\/luchonoticias.com\/editor\/buscan-que-la-alimentacion-escolar-sea-obligatoria-desde-el-primer-dia\/#primaryimage","url":"https:\/\/luchonoticias.com\/editor\/wp-content\/uploads\/2024\/05\/alimentacion-escolar.jpg","contentUrl":"https:\/\/luchonoticias.com\/editor\/wp-content\/uploads\/2024\/05\/alimentacion-escolar.jpg","width":700,"height":400},{"@type":"BreadcrumbList","@id":"https:\/\/luchonoticias.com\/editor\/buscan-que-la-alimentacion-escolar-sea-obligatoria-desde-el-primer-dia\/#breadcrumb","itemListElement":[{"@type":"ListItem","position":1,"name":"Portada","item":"https:\/\/luchonoticias.com\/editor\/"},{"@type":"ListItem","position":2,"name":"Buscan que la alimentaci\u00f3n escolar sea obligatoria desde el primer d\u00eda"}]},{"@type":"WebSite","@id":"https:\/\/luchonoticias.com\/editor\/#website","url":"https:\/\/luchonoticias.com\/editor\/","name":"","description":"","publisher":{"@id":"https:\/\/luchonoticias.com\/editor\/#\/schema\/person\/7a7fd911f58561fd056dbac7b55af9cd"},"potentialAction":[{"@type":"SearchAction","target":{"@type":"EntryPoint","urlTemplate":"https:\/\/luchonoticias.com\/editor\/?s={search_term_string}"},"query-input":{"@type":"PropertyValueSpecification","valueRequired":true,"valueName":"search_term_string"}}],"inLanguage":"es"},{"@type":["Person","Organization"],"@id":"https:\/\/luchonoticias.com\/editor\/#\/schema\/person\/7a7fd911f58561fd056dbac7b55af9cd","name":"admin","image":{"@type":"ImageObject","inLanguage":"es","@id":"https:\/\/luchonoticias.com\/editor\/#\/schema\/person\/image\/","url":"https:\/\/luchonoticias.com\/editor\/wp-content\/uploads\/2024\/02\/cropped-cropped-logolu.webp","contentUrl":"https:\/\/luchonoticias.com\/editor\/wp-content\/uploads\/2024\/02\/cropped-cropped-logolu.webp","width":382,"height":170,"caption":"admin"},"logo":{"@id":"https:\/\/luchonoticias.com\/editor\/#\/schema\/person\/image\/"},"sameAs":["https:\/\/www.facebook.com\/luchonoticiasneiva"]},{"@type":"Person","@id":"https:\/\/luchonoticias.com\/editor\/#\/schema\/person\/29217990ddf6f14e35912b2866d591fb","name":"Editor General","image":{"@type":"ImageObject","inLanguage":"es","@id":"https:\/\/luchonoticias.com\/editor\/#\/schema\/person\/image\/","url":"https:\/\/luchonoticias.com\/editor\/wp-content\/uploads\/2024\/02\/cropped-cropped-logolu-150x150.webp","contentUrl":"https:\/\/luchonoticias.com\/editor\/wp-content\/uploads\/2024\/02\/cropped-cropped-logolu-150x150.webp","caption":"Editor General"},"sameAs":["https:\/\/luchonoticias.com\/"],"url":"https:\/\/luchonoticias.com\/editor\/author\/editor-general\/"}]}},"_links":{"self":[{"href":"https:\/\/luchonoticias.com\/editor\/wp-json\/wp\/v2\/posts\/73036","targetHints":{"allow":["GET"]}}],"collection":[{"href":"https:\/\/luchonoticias.com\/editor\/wp-json\/wp\/v2\/posts"}],"about":[{"href":"https:\/\/luchonoticias.com\/editor\/wp-json\/wp\/v2\/types\/post"}],"author":[{"embeddable":true,"href":"https:\/\/luchonoticias.com\/editor\/wp-json\/wp\/v2\/users\/2"}],"replies":[{"embeddable":true,"href":"https:\/\/luchonoticias.com\/editor\/wp-json\/wp\/v2\/comments?post=73036"}],"version-history":[{"count":0,"href":"https:\/\/luchonoticias.com\/editor\/wp-json\/wp\/v2\/posts\/73036\/revisions"}],"wp:featuredmedia":[{"embeddable":true,"href":"https:\/\/luchonoticias.com\/editor\/wp-json\/wp\/v2\/media\/73037"}],"wp:attachment":[{"href":"https:\/\/luchonoticias.com\/editor\/wp-json\/wp\/v2\/media?parent=73036"}],"wp:term":[{"taxonomy":"category","embeddable":true,"href":"https:\/\/luchonoticias.com\/editor\/wp-json\/wp\/v2\/categories?post=73036"},{"taxonomy":"post_tag","embeddable":true,"href":"https:\/\/luchonoticias.com\/editor\/wp-json\/wp\/v2\/tags?post=73036"}],"curies":[{"name":"wp","href":"https:\/\/api.w.org\/{rel}","templated":true}]}}