{"id":73046,"date":"2024-05-14T05:50:23","date_gmt":"2024-05-14T10:50:23","guid":{"rendered":"https:\/\/luchonoticias.com\/?p=73046"},"modified":"2024-05-14T05:50:23","modified_gmt":"2024-05-14T10:50:23","slug":"lo-que-propone-el-presidente-para-el-acuerdo-nacional","status":"publish","type":"post","link":"https:\/\/luchonoticias.com\/editor\/lo-que-propone-el-presidente-para-el-acuerdo-nacional\/","title":{"rendered":"Lo que propone el Presidente para el acuerdo nacional"},"content":{"rendered":"<div>El presidente Gustavo Petro reiter\u00f3 cu\u00e1les ser\u00edan algunos de los temas m\u00e1s importantes que deber\u00edan llevarse a un Acuerdo Nacional con todas las fuerzas del pa\u00eds.<\/div>\n<div><\/div>\n<div>\n<div>En su cuenta oficial de la\u00a0red social X, el mandatario explic\u00f3 que \u201cel poder constituyente, que no necesariamente es una constituyente, es para llevar a canon constitucional el Acuerdo Nacional que no se contempl\u00f3 en 1991 y que tiene que ver al menos con estos puntos que hice p\u00fablicos\u201d:<\/div>\n<div><\/div>\n<div>1. La concreci\u00f3n del Acuerdo de Paz en materia de Reforma Agraria, transformaci\u00f3n territorial y verdad.<\/div>\n<div><\/div>\n<div>2. La adaptaci\u00f3n del pa\u00eds a la crisis clim\u00e1tica.<\/div>\n<div><\/div>\n<div>3. El nuevo ordenamiento territorial y la priorizaci\u00f3n de la inversi\u00f3n p\u00fablica en el agua potable y el saneamiento ambiental<\/div>\n<div><\/div>\n<div>4. Las reformas pol\u00edtica y de la Justicia.<\/div>\n<div><\/div>\n<div>5. Las garant\u00edas inmediatas a los derechos universales a la salud, la pensi\u00f3n y la educaci\u00f3n p\u00fablica gratuita.<\/div>\n<div><\/div>\n<div>6. El Estatuto del Trabajo.<\/div>\n<div><\/div>\n<div>7. El perd\u00f3n social despu\u00e9s de la verdad, la reparaci\u00f3n y las garant\u00edas de no repetici\u00f3n para obtener una paz duradera.<\/div>\n<\/div>\n<div><\/div>\n<div>\n<div>El jefe de Estado, no obstante, consider\u00f3 que estos no deben ser los \u00fanicos temas que entrar\u00edan a formar parte del Acuerdo Nacional que propone sino que, \u201cadem\u00e1s\u00a0 de otros temas que la sociedad sugiera\u201d.<\/div>\n<div><\/div>\n<\/div>\n","protected":false},"excerpt":{"rendered":"<p>El presidente Gustavo Petro reiter\u00f3 cu\u00e1les ser\u00edan algunos de los temas m\u00e1s importantes que deber\u00edan llevarse a un Acuerdo Nacional con todas las fuerzas del pa\u00eds. En su cuenta oficial de la\u00a0red social X, el mandatario explic\u00f3 que \u201cel poder constituyente, que no necesariamente es una constituyente, es para llevar a canon constitucional el Acuerdo [&hellip;]<\/p>\n","protected":false},"author":2,"featured_media":73047,"comment_status":"closed","ping_status":"open","sticky":false,"template":"","format":"standard","meta":{"footnotes":""},"categories":[28],"tags":[],"class_list":["post-73046","post","type-post","status-publish","format-standard","has-post-thumbnail","hentry","category-actualidad"],"yoast_head":"<!-- This site is optimized with the Yoast SEO plugin v26.6 - https:\/\/yoast.com\/wordpress\/plugins\/seo\/ -->\n<title>Lo que propone el Presidente para el acuerdo nacional -<\/title>\n<meta name=\"robots\" content=\"index, follow, max-snippet:-1, max-image-preview:large, max-video-preview:-1\" \/>\n<link rel=\"canonical\" href=\"https:\/\/luchonoticias.com\/editor\/lo-que-propone-el-presidente-para-el-acuerdo-nacional\/\" \/>\n<meta property=\"og:locale\" content=\"es_ES\" \/>\n<meta property=\"og:type\" content=\"article\" \/>\n<meta property=\"og:title\" content=\"Lo que propone el Presidente para el acuerdo nacional -\" \/>\n<meta property=\"og:url\" content=\"https:\/\/luchonoticias.com\/editor\/lo-que-propone-el-presidente-para-el-acuerdo-nacional\/\" \/>\n<meta property=\"article:publisher\" content=\"https:\/\/www.facebook.com\/luchonoticiasneiva\" \/>\n<meta property=\"article:published_time\" content=\"2024-05-14T10:50:23+00:00\" \/>\n<meta property=\"og:image\" content=\"https:\/\/luchonoticias.com\/editor\/wp-content\/uploads\/2024\/05\/presidente-reforma.jpg\" \/>\n\t<meta property=\"og:image:width\" content=\"700\" \/>\n\t<meta property=\"og:image:height\" content=\"400\" \/>\n\t<meta property=\"og:image:type\" content=\"image\/jpeg\" \/>\n<meta name=\"author\" content=\"Editor General\" \/>\n<meta name=\"twitter:card\" content=\"summary_large_image\" \/>\n<meta name=\"twitter:label1\" content=\"Escrito por\" \/>\n\t<meta name=\"twitter:data1\" content=\"Editor General\" \/>\n\t<meta name=\"twitter:label2\" content=\"Tiempo de lectura\" \/>\n\t<meta name=\"twitter:data2\" content=\"1 minuto\" \/>\n<script type=\"application\/ld+json\" class=\"yoast-schema-graph\">{\"@context\":\"https:\/\/schema.org\",\"@graph\":[{\"@type\":\"Article\",\"@id\":\"https:\/\/luchonoticias.com\/editor\/lo-que-propone-el-presidente-para-el-acuerdo-nacional\/#article\",\"isPartOf\":{\"@id\":\"https:\/\/luchonoticias.com\/editor\/lo-que-propone-el-presidente-para-el-acuerdo-nacional\/\"},\"author\":{\"name\":\"Editor General\",\"@id\":\"https:\/\/luchonoticias.com\/editor\/#\/schema\/person\/29217990ddf6f14e35912b2866d591fb\"},\"headline\":\"Lo que propone el Presidente para el acuerdo nacional\",\"datePublished\":\"2024-05-14T10:50:23+00:00\",\"mainEntityOfPage\":{\"@id\":\"https:\/\/luchonoticias.com\/editor\/lo-que-propone-el-presidente-para-el-acuerdo-nacional\/\"},\"wordCount\":235,\"publisher\":{\"@id\":\"https:\/\/luchonoticias.com\/editor\/#\/schema\/person\/7a7fd911f58561fd056dbac7b55af9cd\"},\"image\":{\"@id\":\"https:\/\/luchonoticias.com\/editor\/lo-que-propone-el-presidente-para-el-acuerdo-nacional\/#primaryimage\"},\"thumbnailUrl\":\"https:\/\/luchonoticias.com\/editor\/wp-content\/uploads\/2024\/05\/presidente-reforma.jpg\",\"articleSection\":[\"Actualidad\"],\"inLanguage\":\"es\"},{\"@type\":\"WebPage\",\"@id\":\"https:\/\/luchonoticias.com\/editor\/lo-que-propone-el-presidente-para-el-acuerdo-nacional\/\",\"url\":\"https:\/\/luchonoticias.com\/editor\/lo-que-propone-el-presidente-para-el-acuerdo-nacional\/\",\"name\":\"Lo que propone el Presidente para el acuerdo nacional -\",\"isPartOf\":{\"@id\":\"https:\/\/luchonoticias.com\/editor\/#website\"},\"primaryImageOfPage\":{\"@id\":\"https:\/\/luchonoticias.com\/editor\/lo-que-propone-el-presidente-para-el-acuerdo-nacional\/#primaryimage\"},\"image\":{\"@id\":\"https:\/\/luchonoticias.com\/editor\/lo-que-propone-el-presidente-para-el-acuerdo-nacional\/#primaryimage\"},\"thumbnailUrl\":\"https:\/\/luchonoticias.com\/editor\/wp-content\/uploads\/2024\/05\/presidente-reforma.jpg\",\"datePublished\":\"2024-05-14T10:50:23+00:00\",\"breadcrumb\":{\"@id\":\"https:\/\/luchonoticias.com\/editor\/lo-que-propone-el-presidente-para-el-acuerdo-nacional\/#breadcrumb\"},\"inLanguage\":\"es\",\"potentialAction\":[{\"@type\":\"ReadAction\",\"target\":[\"https:\/\/luchonoticias.com\/editor\/lo-que-propone-el-presidente-para-el-acuerdo-nacional\/\"]}]},{\"@type\":\"ImageObject\",\"inLanguage\":\"es\",\"@id\":\"https:\/\/luchonoticias.com\/editor\/lo-que-propone-el-presidente-para-el-acuerdo-nacional\/#primaryimage\",\"url\":\"https:\/\/luchonoticias.com\/editor\/wp-content\/uploads\/2024\/05\/presidente-reforma.jpg\",\"contentUrl\":\"https:\/\/luchonoticias.com\/editor\/wp-content\/uploads\/2024\/05\/presidente-reforma.jpg\",\"width\":700,\"height\":400},{\"@type\":\"BreadcrumbList\",\"@id\":\"https:\/\/luchonoticias.com\/editor\/lo-que-propone-el-presidente-para-el-acuerdo-nacional\/#breadcrumb\",\"itemListElement\":[{\"@type\":\"ListItem\",\"position\":1,\"name\":\"Portada\",\"item\":\"https:\/\/luchonoticias.com\/editor\/\"},{\"@type\":\"ListItem\",\"position\":2,\"name\":\"Lo que propone el Presidente para el acuerdo nacional\"}]},{\"@type\":\"WebSite\",\"@id\":\"https:\/\/luchonoticias.com\/editor\/#website\",\"url\":\"https:\/\/luchonoticias.com\/editor\/\",\"name\":\"\",\"description\":\"\",\"publisher\":{\"@id\":\"https:\/\/luchonoticias.com\/editor\/#\/schema\/person\/7a7fd911f58561fd056dbac7b55af9cd\"},\"potentialAction\":[{\"@type\":\"SearchAction\",\"target\":{\"@type\":\"EntryPoint\",\"urlTemplate\":\"https:\/\/luchonoticias.com\/editor\/?s={search_term_string}\"},\"query-input\":{\"@type\":\"PropertyValueSpecification\",\"valueRequired\":true,\"valueName\":\"search_term_string\"}}],\"inLanguage\":\"es\"},{\"@type\":[\"Person\",\"Organization\"],\"@id\":\"https:\/\/luchonoticias.com\/editor\/#\/schema\/person\/7a7fd911f58561fd056dbac7b55af9cd\",\"name\":\"admin\",\"image\":{\"@type\":\"ImageObject\",\"inLanguage\":\"es\",\"@id\":\"https:\/\/luchonoticias.com\/editor\/#\/schema\/person\/image\/\",\"url\":\"https:\/\/luchonoticias.com\/editor\/wp-content\/uploads\/2024\/02\/cropped-cropped-logolu.webp\",\"contentUrl\":\"https:\/\/luchonoticias.com\/editor\/wp-content\/uploads\/2024\/02\/cropped-cropped-logolu.webp\",\"width\":382,\"height\":170,\"caption\":\"admin\"},\"logo\":{\"@id\":\"https:\/\/luchonoticias.com\/editor\/#\/schema\/person\/image\/\"},\"sameAs\":[\"https:\/\/www.facebook.com\/luchonoticiasneiva\"]},{\"@type\":\"Person\",\"@id\":\"https:\/\/luchonoticias.com\/editor\/#\/schema\/person\/29217990ddf6f14e35912b2866d591fb\",\"name\":\"Editor General\",\"image\":{\"@type\":\"ImageObject\",\"inLanguage\":\"es\",\"@id\":\"https:\/\/luchonoticias.com\/editor\/#\/schema\/person\/image\/\",\"url\":\"https:\/\/luchonoticias.com\/editor\/wp-content\/uploads\/2024\/02\/cropped-cropped-logolu-150x150.webp\",\"contentUrl\":\"https:\/\/luchonoticias.com\/editor\/wp-content\/uploads\/2024\/02\/cropped-cropped-logolu-150x150.webp\",\"caption\":\"Editor General\"},\"sameAs\":[\"https:\/\/luchonoticias.com\/\"],\"url\":\"https:\/\/luchonoticias.com\/editor\/author\/editor-general\/\"}]}<\/script>\n<!-- \/ Yoast SEO plugin. -->","yoast_head_json":{"title":"Lo que propone el Presidente para el acuerdo nacional -","robots":{"index":"index","follow":"follow","max-snippet":"max-snippet:-1","max-image-preview":"max-image-preview:large","max-video-preview":"max-video-preview:-1"},"canonical":"https:\/\/luchonoticias.com\/editor\/lo-que-propone-el-presidente-para-el-acuerdo-nacional\/","og_locale":"es_ES","og_type":"article","og_title":"Lo que propone el Presidente para el acuerdo nacional -","og_url":"https:\/\/luchonoticias.com\/editor\/lo-que-propone-el-presidente-para-el-acuerdo-nacional\/","article_publisher":"https:\/\/www.facebook.com\/luchonoticiasneiva","article_published_time":"2024-05-14T10:50:23+00:00","og_image":[{"width":700,"height":400,"url":"https:\/\/luchonoticias.com\/editor\/wp-content\/uploads\/2024\/05\/presidente-reforma.jpg","type":"image\/jpeg"}],"author":"Editor General","twitter_card":"summary_large_image","twitter_misc":{"Escrito por":"Editor General","Tiempo de lectura":"1 minuto"},"schema":{"@context":"https:\/\/schema.org","@graph":[{"@type":"Article","@id":"https:\/\/luchonoticias.com\/editor\/lo-que-propone-el-presidente-para-el-acuerdo-nacional\/#article","isPartOf":{"@id":"https:\/\/luchonoticias.com\/editor\/lo-que-propone-el-presidente-para-el-acuerdo-nacional\/"},"author":{"name":"Editor General","@id":"https:\/\/luchonoticias.com\/editor\/#\/schema\/person\/29217990ddf6f14e35912b2866d591fb"},"headline":"Lo que propone el Presidente para el acuerdo nacional","datePublished":"2024-05-14T10:50:23+00:00","mainEntityOfPage":{"@id":"https:\/\/luchonoticias.com\/editor\/lo-que-propone-el-presidente-para-el-acuerdo-nacional\/"},"wordCount":235,"publisher":{"@id":"https:\/\/luchonoticias.com\/editor\/#\/schema\/person\/7a7fd911f58561fd056dbac7b55af9cd"},"image":{"@id":"https:\/\/luchonoticias.com\/editor\/lo-que-propone-el-presidente-para-el-acuerdo-nacional\/#primaryimage"},"thumbnailUrl":"https:\/\/luchonoticias.com\/editor\/wp-content\/uploads\/2024\/05\/presidente-reforma.jpg","articleSection":["Actualidad"],"inLanguage":"es"},{"@type":"WebPage","@id":"https:\/\/luchonoticias.com\/editor\/lo-que-propone-el-presidente-para-el-acuerdo-nacional\/","url":"https:\/\/luchonoticias.com\/editor\/lo-que-propone-el-presidente-para-el-acuerdo-nacional\/","name":"Lo que propone el Presidente para el acuerdo nacional -","isPartOf":{"@id":"https:\/\/luchonoticias.com\/editor\/#website"},"primaryImageOfPage":{"@id":"https:\/\/luchonoticias.com\/editor\/lo-que-propone-el-presidente-para-el-acuerdo-nacional\/#primaryimage"},"image":{"@id":"https:\/\/luchonoticias.com\/editor\/lo-que-propone-el-presidente-para-el-acuerdo-nacional\/#primaryimage"},"thumbnailUrl":"https:\/\/luchonoticias.com\/editor\/wp-content\/uploads\/2024\/05\/presidente-reforma.jpg","datePublished":"2024-05-14T10:50:23+00:00","breadcrumb":{"@id":"https:\/\/luchonoticias.com\/editor\/lo-que-propone-el-presidente-para-el-acuerdo-nacional\/#breadcrumb"},"inLanguage":"es","potentialAction":[{"@type":"ReadAction","target":["https:\/\/luchonoticias.com\/editor\/lo-que-propone-el-presidente-para-el-acuerdo-nacional\/"]}]},{"@type":"ImageObject","inLanguage":"es","@id":"https:\/\/luchonoticias.com\/editor\/lo-que-propone-el-presidente-para-el-acuerdo-nacional\/#primaryimage","url":"https:\/\/luchonoticias.com\/editor\/wp-content\/uploads\/2024\/05\/presidente-reforma.jpg","contentUrl":"https:\/\/luchonoticias.com\/editor\/wp-content\/uploads\/2024\/05\/presidente-reforma.jpg","width":700,"height":400},{"@type":"BreadcrumbList","@id":"https:\/\/luchonoticias.com\/editor\/lo-que-propone-el-presidente-para-el-acuerdo-nacional\/#breadcrumb","itemListElement":[{"@type":"ListItem","position":1,"name":"Portada","item":"https:\/\/luchonoticias.com\/editor\/"},{"@type":"ListItem","position":2,"name":"Lo que propone el Presidente para el acuerdo nacional"}]},{"@type":"WebSite","@id":"https:\/\/luchonoticias.com\/editor\/#website","url":"https:\/\/luchonoticias.com\/editor\/","name":"","description":"","publisher":{"@id":"https:\/\/luchonoticias.com\/editor\/#\/schema\/person\/7a7fd911f58561fd056dbac7b55af9cd"},"potentialAction":[{"@type":"SearchAction","target":{"@type":"EntryPoint","urlTemplate":"https:\/\/luchonoticias.com\/editor\/?s={search_term_string}"},"query-input":{"@type":"PropertyValueSpecification","valueRequired":true,"valueName":"search_term_string"}}],"inLanguage":"es"},{"@type":["Person","Organization"],"@id":"https:\/\/luchonoticias.com\/editor\/#\/schema\/person\/7a7fd911f58561fd056dbac7b55af9cd","name":"admin","image":{"@type":"ImageObject","inLanguage":"es","@id":"https:\/\/luchonoticias.com\/editor\/#\/schema\/person\/image\/","url":"https:\/\/luchonoticias.com\/editor\/wp-content\/uploads\/2024\/02\/cropped-cropped-logolu.webp","contentUrl":"https:\/\/luchonoticias.com\/editor\/wp-content\/uploads\/2024\/02\/cropped-cropped-logolu.webp","width":382,"height":170,"caption":"admin"},"logo":{"@id":"https:\/\/luchonoticias.com\/editor\/#\/schema\/person\/image\/"},"sameAs":["https:\/\/www.facebook.com\/luchonoticiasneiva"]},{"@type":"Person","@id":"https:\/\/luchonoticias.com\/editor\/#\/schema\/person\/29217990ddf6f14e35912b2866d591fb","name":"Editor General","image":{"@type":"ImageObject","inLanguage":"es","@id":"https:\/\/luchonoticias.com\/editor\/#\/schema\/person\/image\/","url":"https:\/\/luchonoticias.com\/editor\/wp-content\/uploads\/2024\/02\/cropped-cropped-logolu-150x150.webp","contentUrl":"https:\/\/luchonoticias.com\/editor\/wp-content\/uploads\/2024\/02\/cropped-cropped-logolu-150x150.webp","caption":"Editor General"},"sameAs":["https:\/\/luchonoticias.com\/"],"url":"https:\/\/luchonoticias.com\/editor\/author\/editor-general\/"}]}},"_links":{"self":[{"href":"https:\/\/luchonoticias.com\/editor\/wp-json\/wp\/v2\/posts\/73046","targetHints":{"allow":["GET"]}}],"collection":[{"href":"https:\/\/luchonoticias.com\/editor\/wp-json\/wp\/v2\/posts"}],"about":[{"href":"https:\/\/luchonoticias.com\/editor\/wp-json\/wp\/v2\/types\/post"}],"author":[{"embeddable":true,"href":"https:\/\/luchonoticias.com\/editor\/wp-json\/wp\/v2\/users\/2"}],"replies":[{"embeddable":true,"href":"https:\/\/luchonoticias.com\/editor\/wp-json\/wp\/v2\/comments?post=73046"}],"version-history":[{"count":0,"href":"https:\/\/luchonoticias.com\/editor\/wp-json\/wp\/v2\/posts\/73046\/revisions"}],"wp:featuredmedia":[{"embeddable":true,"href":"https:\/\/luchonoticias.com\/editor\/wp-json\/wp\/v2\/media\/73047"}],"wp:attachment":[{"href":"https:\/\/luchonoticias.com\/editor\/wp-json\/wp\/v2\/media?parent=73046"}],"wp:term":[{"taxonomy":"category","embeddable":true,"href":"https:\/\/luchonoticias.com\/editor\/wp-json\/wp\/v2\/categories?post=73046"},{"taxonomy":"post_tag","embeddable":true,"href":"https:\/\/luchonoticias.com\/editor\/wp-json\/wp\/v2\/tags?post=73046"}],"curies":[{"name":"wp","href":"https:\/\/api.w.org\/{rel}","templated":true}]}}