{"id":73052,"date":"2024-05-14T11:50:42","date_gmt":"2024-05-14T16:50:42","guid":{"rendered":"https:\/\/luchonoticias.com\/?p=73052"},"modified":"2024-05-14T11:50:42","modified_gmt":"2024-05-14T16:50:42","slug":"huilenses-a-viajar-por-el-departamento","status":"publish","type":"post","link":"https:\/\/luchonoticias.com\/editor\/huilenses-a-viajar-por-el-departamento\/","title":{"rendered":"Huilenses, a viajar por el departamento"},"content":{"rendered":"<p>Como una iniciativa para promover al departamento del Huila como destino tur\u00edstico, destacando las bondades de la regi\u00f3n para visibilizarlo y hacerlo atractivo ante los habitantes de toda Colombia, as\u00ed como del exterior, el secretario de Desarrollo Econ\u00f3mico y Turismo, Ricardo Vera Torres, anunci\u00f3 el lanzamiento de la Caravana Tur\u00edstica que iniciar\u00e1 en el municipio de Garz\u00f3n y que pretende explorar distintos puntos de la geograf\u00eda local.<\/p>\n<p>\u201cEsta es una iniciativa que de nuestra participaci\u00f3n en la feria de Anato, realizada el pasado mes de febrero en la capital de Colombia, donde nos dimos cuenta que muchas personas a nivel nacional no conoc\u00edan el departamento del Huila, relacionan al departamento \u00fanicamente con las altas temperaturas que se encuentran en el municipio de Neiva y es all\u00ed donde surge una alternativa tambi\u00e9n, cuando viajamos a campo porque estamos en cada uno de los municipios los fines de semana construyendo el turismo con los diferentes actores\u201d, resalt\u00f3 Vera Torres.<\/p>\n<p>La caravana \u00abP\u00e9guese la Rodadita por el Huila\u00bb tiene como objetivo recorrer todo el departamento, destacando sus m\u00faltiples destinos tur\u00edsticos y la creciente inversi\u00f3n en infraestructura que ha tenido este sector de la econom\u00eda en diferentes lugares.<\/p>\n<p>El plan piloto de esta emocionante aventura se llevar\u00e1 a cabo los d\u00edas 8 y 9 de junio en el municipio de Garz\u00f3n. Este municipio, que ha experimentado un notable crecimiento en el sector tur\u00edstico, ha sido seleccionado como punto de partida para esta iniciativa debido a su atractiva oferta para los viajeros.<\/p>\n<p><strong>Todos pueden participar<\/strong><\/p>\n<p>Operadores tur\u00edsticos de los diversos municipios del Huila se unir\u00e1n a esta caravana, junto con cualquier persona interesada en descubrir nuevos destinos y romper con la rutina diaria. Los recorridos podr\u00e1n realizarse en veh\u00edculos personales o desde los terminales de transporte.<\/p>\n<p>\u201cLa idea es que no solo sea algo institucional, por el contrario, la intenci\u00f3n de la caravana es que sea masiva, que todas las personas interesadas se sumen, nos acompa\u00f1en en sus veh\u00edculos, que disfruten la traves\u00eda, que se deleiten con los paisajes, con la gastronom\u00eda, con el calor humano de todos los que habitan estos hermosos parajes, para que los principales enamorados de nuestra tierra seamos nosotros mismos y podamos proyectar eso hacia afuera\u201d, precis\u00f3 el Secretario de Desarrollo Econ\u00f3mico.<\/p>\n<p>Asimismo, explic\u00f3 que, desde el Gobierno Departamental, se ha extendido una cordial invitaci\u00f3n a los departamentos vecinos para que visiten el Huila y descubran sus maravillas, que van desde desiertos y nevados hasta la magia cafetera en el centro del departamento y, los misterios arqueol\u00f3gicos de San Agust\u00edn.<\/p>\n<p>Este proyecto tiene como objetivo no solo promover el turismo interno en el Huila, sino tambi\u00e9n dar a conocer la riqueza cultural y natural de la regi\u00f3n, catalogada como un verdadero \u00abPara\u00edso por Descubrir\u00bb. Los detalles adicionales de los puntos de encuentro y horarios de salida se dar\u00e1n a conocer en los pr\u00f3ximos d\u00edas.<\/p>\n","protected":false},"excerpt":{"rendered":"<p>Como una iniciativa para promover al departamento del Huila como destino tur\u00edstico, destacando las bondades de la regi\u00f3n para visibilizarlo y hacerlo atractivo ante los habitantes de toda Colombia, as\u00ed como del exterior, el secretario de Desarrollo Econ\u00f3mico y Turismo, Ricardo Vera Torres, anunci\u00f3 el lanzamiento de la Caravana Tur\u00edstica que iniciar\u00e1 en el municipio [&hellip;]<\/p>\n","protected":false},"author":2,"featured_media":72860,"comment_status":"closed","ping_status":"open","sticky":false,"template":"","format":"standard","meta":{"footnotes":""},"categories":[33],"tags":[],"class_list":["post-73052","post","type-post","status-publish","format-standard","has-post-thumbnail","hentry","category-huila"],"yoast_head":"<!-- This site is optimized with the Yoast SEO plugin v26.6 - https:\/\/yoast.com\/wordpress\/plugins\/seo\/ -->\n<title>Huilenses, a viajar por el departamento -<\/title>\n<meta name=\"robots\" content=\"index, follow, max-snippet:-1, max-image-preview:large, max-video-preview:-1\" \/>\n<link rel=\"canonical\" href=\"https:\/\/luchonoticias.com\/editor\/huilenses-a-viajar-por-el-departamento\/\" \/>\n<meta property=\"og:locale\" content=\"es_ES\" \/>\n<meta property=\"og:type\" content=\"article\" \/>\n<meta property=\"og:title\" content=\"Huilenses, a viajar por el departamento -\" \/>\n<meta property=\"og:url\" content=\"https:\/\/luchonoticias.com\/editor\/huilenses-a-viajar-por-el-departamento\/\" \/>\n<meta property=\"article:publisher\" content=\"https:\/\/www.facebook.com\/luchonoticiasneiva\" \/>\n<meta property=\"article:published_time\" content=\"2024-05-14T16:50:42+00:00\" \/>\n<meta property=\"og:image\" content=\"https:\/\/luchonoticias.com\/editor\/wp-content\/uploads\/2024\/05\/turismo.jpg\" \/>\n\t<meta property=\"og:image:width\" content=\"700\" \/>\n\t<meta property=\"og:image:height\" content=\"400\" \/>\n\t<meta property=\"og:image:type\" content=\"image\/jpeg\" \/>\n<meta name=\"author\" content=\"Editor General\" \/>\n<meta name=\"twitter:card\" content=\"summary_large_image\" \/>\n<meta name=\"twitter:label1\" content=\"Escrito por\" \/>\n\t<meta name=\"twitter:data1\" content=\"Editor General\" \/>\n\t<meta name=\"twitter:label2\" content=\"Tiempo de lectura\" \/>\n\t<meta name=\"twitter:data2\" content=\"3 minutos\" \/>\n<script type=\"application\/ld+json\" class=\"yoast-schema-graph\">{\"@context\":\"https:\/\/schema.org\",\"@graph\":[{\"@type\":\"Article\",\"@id\":\"https:\/\/luchonoticias.com\/editor\/huilenses-a-viajar-por-el-departamento\/#article\",\"isPartOf\":{\"@id\":\"https:\/\/luchonoticias.com\/editor\/huilenses-a-viajar-por-el-departamento\/\"},\"author\":{\"name\":\"Editor General\",\"@id\":\"https:\/\/luchonoticias.com\/editor\/#\/schema\/person\/29217990ddf6f14e35912b2866d591fb\"},\"headline\":\"Huilenses, a viajar por el departamento\",\"datePublished\":\"2024-05-14T16:50:42+00:00\",\"mainEntityOfPage\":{\"@id\":\"https:\/\/luchonoticias.com\/editor\/huilenses-a-viajar-por-el-departamento\/\"},\"wordCount\":514,\"publisher\":{\"@id\":\"https:\/\/luchonoticias.com\/editor\/#\/schema\/person\/7a7fd911f58561fd056dbac7b55af9cd\"},\"image\":{\"@id\":\"https:\/\/luchonoticias.com\/editor\/huilenses-a-viajar-por-el-departamento\/#primaryimage\"},\"thumbnailUrl\":\"https:\/\/luchonoticias.com\/editor\/wp-content\/uploads\/2024\/05\/turismo.jpg\",\"articleSection\":[\"Huila\"],\"inLanguage\":\"es\"},{\"@type\":\"WebPage\",\"@id\":\"https:\/\/luchonoticias.com\/editor\/huilenses-a-viajar-por-el-departamento\/\",\"url\":\"https:\/\/luchonoticias.com\/editor\/huilenses-a-viajar-por-el-departamento\/\",\"name\":\"Huilenses, a viajar por el departamento -\",\"isPartOf\":{\"@id\":\"https:\/\/luchonoticias.com\/editor\/#website\"},\"primaryImageOfPage\":{\"@id\":\"https:\/\/luchonoticias.com\/editor\/huilenses-a-viajar-por-el-departamento\/#primaryimage\"},\"image\":{\"@id\":\"https:\/\/luchonoticias.com\/editor\/huilenses-a-viajar-por-el-departamento\/#primaryimage\"},\"thumbnailUrl\":\"https:\/\/luchonoticias.com\/editor\/wp-content\/uploads\/2024\/05\/turismo.jpg\",\"datePublished\":\"2024-05-14T16:50:42+00:00\",\"breadcrumb\":{\"@id\":\"https:\/\/luchonoticias.com\/editor\/huilenses-a-viajar-por-el-departamento\/#breadcrumb\"},\"inLanguage\":\"es\",\"potentialAction\":[{\"@type\":\"ReadAction\",\"target\":[\"https:\/\/luchonoticias.com\/editor\/huilenses-a-viajar-por-el-departamento\/\"]}]},{\"@type\":\"ImageObject\",\"inLanguage\":\"es\",\"@id\":\"https:\/\/luchonoticias.com\/editor\/huilenses-a-viajar-por-el-departamento\/#primaryimage\",\"url\":\"https:\/\/luchonoticias.com\/editor\/wp-content\/uploads\/2024\/05\/turismo.jpg\",\"contentUrl\":\"https:\/\/luchonoticias.com\/editor\/wp-content\/uploads\/2024\/05\/turismo.jpg\",\"width\":700,\"height\":400},{\"@type\":\"BreadcrumbList\",\"@id\":\"https:\/\/luchonoticias.com\/editor\/huilenses-a-viajar-por-el-departamento\/#breadcrumb\",\"itemListElement\":[{\"@type\":\"ListItem\",\"position\":1,\"name\":\"Portada\",\"item\":\"https:\/\/luchonoticias.com\/editor\/\"},{\"@type\":\"ListItem\",\"position\":2,\"name\":\"Huilenses, a viajar por el departamento\"}]},{\"@type\":\"WebSite\",\"@id\":\"https:\/\/luchonoticias.com\/editor\/#website\",\"url\":\"https:\/\/luchonoticias.com\/editor\/\",\"name\":\"\",\"description\":\"\",\"publisher\":{\"@id\":\"https:\/\/luchonoticias.com\/editor\/#\/schema\/person\/7a7fd911f58561fd056dbac7b55af9cd\"},\"potentialAction\":[{\"@type\":\"SearchAction\",\"target\":{\"@type\":\"EntryPoint\",\"urlTemplate\":\"https:\/\/luchonoticias.com\/editor\/?s={search_term_string}\"},\"query-input\":{\"@type\":\"PropertyValueSpecification\",\"valueRequired\":true,\"valueName\":\"search_term_string\"}}],\"inLanguage\":\"es\"},{\"@type\":[\"Person\",\"Organization\"],\"@id\":\"https:\/\/luchonoticias.com\/editor\/#\/schema\/person\/7a7fd911f58561fd056dbac7b55af9cd\",\"name\":\"admin\",\"image\":{\"@type\":\"ImageObject\",\"inLanguage\":\"es\",\"@id\":\"https:\/\/luchonoticias.com\/editor\/#\/schema\/person\/image\/\",\"url\":\"https:\/\/luchonoticias.com\/editor\/wp-content\/uploads\/2024\/02\/cropped-cropped-logolu.webp\",\"contentUrl\":\"https:\/\/luchonoticias.com\/editor\/wp-content\/uploads\/2024\/02\/cropped-cropped-logolu.webp\",\"width\":382,\"height\":170,\"caption\":\"admin\"},\"logo\":{\"@id\":\"https:\/\/luchonoticias.com\/editor\/#\/schema\/person\/image\/\"},\"sameAs\":[\"https:\/\/www.facebook.com\/luchonoticiasneiva\"]},{\"@type\":\"Person\",\"@id\":\"https:\/\/luchonoticias.com\/editor\/#\/schema\/person\/29217990ddf6f14e35912b2866d591fb\",\"name\":\"Editor General\",\"image\":{\"@type\":\"ImageObject\",\"inLanguage\":\"es\",\"@id\":\"https:\/\/luchonoticias.com\/editor\/#\/schema\/person\/image\/\",\"url\":\"https:\/\/luchonoticias.com\/editor\/wp-content\/uploads\/2024\/02\/cropped-cropped-logolu-150x150.webp\",\"contentUrl\":\"https:\/\/luchonoticias.com\/editor\/wp-content\/uploads\/2024\/02\/cropped-cropped-logolu-150x150.webp\",\"caption\":\"Editor General\"},\"sameAs\":[\"https:\/\/luchonoticias.com\/\"],\"url\":\"https:\/\/luchonoticias.com\/editor\/author\/editor-general\/\"}]}<\/script>\n<!-- \/ Yoast SEO plugin. -->","yoast_head_json":{"title":"Huilenses, a viajar por el departamento -","robots":{"index":"index","follow":"follow","max-snippet":"max-snippet:-1","max-image-preview":"max-image-preview:large","max-video-preview":"max-video-preview:-1"},"canonical":"https:\/\/luchonoticias.com\/editor\/huilenses-a-viajar-por-el-departamento\/","og_locale":"es_ES","og_type":"article","og_title":"Huilenses, a viajar por el departamento -","og_url":"https:\/\/luchonoticias.com\/editor\/huilenses-a-viajar-por-el-departamento\/","article_publisher":"https:\/\/www.facebook.com\/luchonoticiasneiva","article_published_time":"2024-05-14T16:50:42+00:00","og_image":[{"width":700,"height":400,"url":"https:\/\/luchonoticias.com\/editor\/wp-content\/uploads\/2024\/05\/turismo.jpg","type":"image\/jpeg"}],"author":"Editor General","twitter_card":"summary_large_image","twitter_misc":{"Escrito por":"Editor General","Tiempo de lectura":"3 minutos"},"schema":{"@context":"https:\/\/schema.org","@graph":[{"@type":"Article","@id":"https:\/\/luchonoticias.com\/editor\/huilenses-a-viajar-por-el-departamento\/#article","isPartOf":{"@id":"https:\/\/luchonoticias.com\/editor\/huilenses-a-viajar-por-el-departamento\/"},"author":{"name":"Editor General","@id":"https:\/\/luchonoticias.com\/editor\/#\/schema\/person\/29217990ddf6f14e35912b2866d591fb"},"headline":"Huilenses, a viajar por el departamento","datePublished":"2024-05-14T16:50:42+00:00","mainEntityOfPage":{"@id":"https:\/\/luchonoticias.com\/editor\/huilenses-a-viajar-por-el-departamento\/"},"wordCount":514,"publisher":{"@id":"https:\/\/luchonoticias.com\/editor\/#\/schema\/person\/7a7fd911f58561fd056dbac7b55af9cd"},"image":{"@id":"https:\/\/luchonoticias.com\/editor\/huilenses-a-viajar-por-el-departamento\/#primaryimage"},"thumbnailUrl":"https:\/\/luchonoticias.com\/editor\/wp-content\/uploads\/2024\/05\/turismo.jpg","articleSection":["Huila"],"inLanguage":"es"},{"@type":"WebPage","@id":"https:\/\/luchonoticias.com\/editor\/huilenses-a-viajar-por-el-departamento\/","url":"https:\/\/luchonoticias.com\/editor\/huilenses-a-viajar-por-el-departamento\/","name":"Huilenses, a viajar por el departamento -","isPartOf":{"@id":"https:\/\/luchonoticias.com\/editor\/#website"},"primaryImageOfPage":{"@id":"https:\/\/luchonoticias.com\/editor\/huilenses-a-viajar-por-el-departamento\/#primaryimage"},"image":{"@id":"https:\/\/luchonoticias.com\/editor\/huilenses-a-viajar-por-el-departamento\/#primaryimage"},"thumbnailUrl":"https:\/\/luchonoticias.com\/editor\/wp-content\/uploads\/2024\/05\/turismo.jpg","datePublished":"2024-05-14T16:50:42+00:00","breadcrumb":{"@id":"https:\/\/luchonoticias.com\/editor\/huilenses-a-viajar-por-el-departamento\/#breadcrumb"},"inLanguage":"es","potentialAction":[{"@type":"ReadAction","target":["https:\/\/luchonoticias.com\/editor\/huilenses-a-viajar-por-el-departamento\/"]}]},{"@type":"ImageObject","inLanguage":"es","@id":"https:\/\/luchonoticias.com\/editor\/huilenses-a-viajar-por-el-departamento\/#primaryimage","url":"https:\/\/luchonoticias.com\/editor\/wp-content\/uploads\/2024\/05\/turismo.jpg","contentUrl":"https:\/\/luchonoticias.com\/editor\/wp-content\/uploads\/2024\/05\/turismo.jpg","width":700,"height":400},{"@type":"BreadcrumbList","@id":"https:\/\/luchonoticias.com\/editor\/huilenses-a-viajar-por-el-departamento\/#breadcrumb","itemListElement":[{"@type":"ListItem","position":1,"name":"Portada","item":"https:\/\/luchonoticias.com\/editor\/"},{"@type":"ListItem","position":2,"name":"Huilenses, a viajar por el departamento"}]},{"@type":"WebSite","@id":"https:\/\/luchonoticias.com\/editor\/#website","url":"https:\/\/luchonoticias.com\/editor\/","name":"","description":"","publisher":{"@id":"https:\/\/luchonoticias.com\/editor\/#\/schema\/person\/7a7fd911f58561fd056dbac7b55af9cd"},"potentialAction":[{"@type":"SearchAction","target":{"@type":"EntryPoint","urlTemplate":"https:\/\/luchonoticias.com\/editor\/?s={search_term_string}"},"query-input":{"@type":"PropertyValueSpecification","valueRequired":true,"valueName":"search_term_string"}}],"inLanguage":"es"},{"@type":["Person","Organization"],"@id":"https:\/\/luchonoticias.com\/editor\/#\/schema\/person\/7a7fd911f58561fd056dbac7b55af9cd","name":"admin","image":{"@type":"ImageObject","inLanguage":"es","@id":"https:\/\/luchonoticias.com\/editor\/#\/schema\/person\/image\/","url":"https:\/\/luchonoticias.com\/editor\/wp-content\/uploads\/2024\/02\/cropped-cropped-logolu.webp","contentUrl":"https:\/\/luchonoticias.com\/editor\/wp-content\/uploads\/2024\/02\/cropped-cropped-logolu.webp","width":382,"height":170,"caption":"admin"},"logo":{"@id":"https:\/\/luchonoticias.com\/editor\/#\/schema\/person\/image\/"},"sameAs":["https:\/\/www.facebook.com\/luchonoticiasneiva"]},{"@type":"Person","@id":"https:\/\/luchonoticias.com\/editor\/#\/schema\/person\/29217990ddf6f14e35912b2866d591fb","name":"Editor General","image":{"@type":"ImageObject","inLanguage":"es","@id":"https:\/\/luchonoticias.com\/editor\/#\/schema\/person\/image\/","url":"https:\/\/luchonoticias.com\/editor\/wp-content\/uploads\/2024\/02\/cropped-cropped-logolu-150x150.webp","contentUrl":"https:\/\/luchonoticias.com\/editor\/wp-content\/uploads\/2024\/02\/cropped-cropped-logolu-150x150.webp","caption":"Editor General"},"sameAs":["https:\/\/luchonoticias.com\/"],"url":"https:\/\/luchonoticias.com\/editor\/author\/editor-general\/"}]}},"_links":{"self":[{"href":"https:\/\/luchonoticias.com\/editor\/wp-json\/wp\/v2\/posts\/73052","targetHints":{"allow":["GET"]}}],"collection":[{"href":"https:\/\/luchonoticias.com\/editor\/wp-json\/wp\/v2\/posts"}],"about":[{"href":"https:\/\/luchonoticias.com\/editor\/wp-json\/wp\/v2\/types\/post"}],"author":[{"embeddable":true,"href":"https:\/\/luchonoticias.com\/editor\/wp-json\/wp\/v2\/users\/2"}],"replies":[{"embeddable":true,"href":"https:\/\/luchonoticias.com\/editor\/wp-json\/wp\/v2\/comments?post=73052"}],"version-history":[{"count":0,"href":"https:\/\/luchonoticias.com\/editor\/wp-json\/wp\/v2\/posts\/73052\/revisions"}],"wp:featuredmedia":[{"embeddable":true,"href":"https:\/\/luchonoticias.com\/editor\/wp-json\/wp\/v2\/media\/72860"}],"wp:attachment":[{"href":"https:\/\/luchonoticias.com\/editor\/wp-json\/wp\/v2\/media?parent=73052"}],"wp:term":[{"taxonomy":"category","embeddable":true,"href":"https:\/\/luchonoticias.com\/editor\/wp-json\/wp\/v2\/categories?post=73052"},{"taxonomy":"post_tag","embeddable":true,"href":"https:\/\/luchonoticias.com\/editor\/wp-json\/wp\/v2\/tags?post=73052"}],"curies":[{"name":"wp","href":"https:\/\/api.w.org\/{rel}","templated":true}]}}