{"id":73060,"date":"2024-05-14T18:30:17","date_gmt":"2024-05-14T23:30:17","guid":{"rendered":"https:\/\/luchonoticias.com\/?p=73060"},"modified":"2024-05-14T18:30:17","modified_gmt":"2024-05-14T23:30:17","slug":"brigada-contra-el-dengue-en-neiva-sigue-con-sus-acciones","status":"publish","type":"post","link":"https:\/\/luchonoticias.com\/editor\/brigada-contra-el-dengue-en-neiva-sigue-con-sus-acciones\/","title":{"rendered":"Brigada contra el dengue en Neiva sigue con sus acciones"},"content":{"rendered":"<p>La Secretar\u00eda de Salud de Neiva contin\u00faa adelantando acciones importantes con el prop\u00f3sito de reducir el n\u00famero de casos de dengue en la ciudad, los cuales ascienden a 4.586 seg\u00fan el \u00faltimo bolet\u00edn epidemiol\u00f3gico.<\/p>\n<p>El pr\u00f3ximo jueves 16 de mayo la brigada contra el dengue llegar\u00e1 a la comuna Nueve de la ciudad, all\u00ed se intervendr\u00e1n barrios como Jos\u00e9 Mar\u00eda Carbonell, Alberto Galindo y el asentamiento Villa Magdalena, entre otras zonas en las que se registran mayor n\u00famero de casos.<\/p>\n<p>\u201cInvitamos a todos los habitantes de la comuna Nueve a que participen de esta gran toma de comuna \u2018Todos contra el dengue\u2019, el punto de encuentro ser\u00e1 el parque biblioteca de Alberto Galindo desde las 7:30 am. El llamado es a los habitantes de este sector a que nos abran las puertas de su casa para ense\u00f1arles c\u00f3mo deben lavar sus albercas y tanques, para eliminar larvas del mosquito transmisor del dengue\u201d, sostuvo Lilibet Galv\u00e1n, secretaria de Salud de Neiva.<\/p>\n<p>Seg\u00fan el \u00faltimo bolet\u00edn epidemiol\u00f3gico, correspondiente a la semana 18, se reportan 4.586 casos de dengue en Neiva de los cuales 3463 sin signos de alarma, 1026 con signos de alarma y 91 casos de dengue grave; cifras que preocupan y por lo tanto hacen que se tomen medidas rigurosas para la activaci\u00f3n de protocolos de contingencia para minimizar la presencia del zancudo trasmisor del virus, sobre todo en las comunas con m\u00e1s casos reportados como la Dos, Seis, Ocho, Nueve y Diez.<\/p>\n<p>Actividades de la jornada<\/p>\n<p>Se tiene previsto realizar visitas casa a casa para realizar el lavat\u00f3n de albercas y ense\u00f1ar a la comunidad la forma efectiva de hacerlo correctamente.<\/p>\n<p>Recolecci\u00f3n de inservibles que sirven como criaderos del zancudo como llantas, latas, vidrios y floreros. Limpieza de sumideros y canaletes y vacunaci\u00f3n complementaria PAI.<\/p>\n<p>La unidad m\u00f3vil de la ESE Carmen Emilia Ospina estar\u00e1 prestando servicios de medicina general, salud oral, vacunaci\u00f3n y control de crecimiento y desarrollo.<\/p>\n<p>La toma de la comuna tambi\u00e9n tendr\u00e1 punto de vacunaci\u00f3n antirr\u00e1bica para perros y gatos, con la finalidad de llevar este servicio a todas las zonas de la ciudad.<\/p>\n<p>M\u00e1s de 200 personas har\u00e1n parte de esta gran jornada mediante la cual, la Alcald\u00eda de Neiva se compromete a reducir los casos de dengue en una acci\u00f3n conjunta con la comunidad y las autoridades sanitarias de la ciudad.<\/p>\n","protected":false},"excerpt":{"rendered":"<p>La Secretar\u00eda de Salud de Neiva contin\u00faa adelantando acciones importantes con el prop\u00f3sito de reducir el n\u00famero de casos de dengue en la ciudad, los cuales ascienden a 4.586 seg\u00fan el \u00faltimo bolet\u00edn epidemiol\u00f3gico. El pr\u00f3ximo jueves 16 de mayo la brigada contra el dengue llegar\u00e1 a la comuna Nueve de la ciudad, all\u00ed se [&hellip;]<\/p>\n","protected":false},"author":2,"featured_media":73061,"comment_status":"closed","ping_status":"open","sticky":false,"template":"","format":"standard","meta":{"footnotes":""},"categories":[31],"tags":[],"class_list":["post-73060","post","type-post","status-publish","format-standard","has-post-thumbnail","hentry","category-local"],"yoast_head":"<!-- This site is optimized with the Yoast SEO plugin v26.6 - https:\/\/yoast.com\/wordpress\/plugins\/seo\/ -->\n<title>Brigada contra el dengue en Neiva sigue con sus acciones -<\/title>\n<meta name=\"robots\" content=\"index, follow, max-snippet:-1, max-image-preview:large, max-video-preview:-1\" \/>\n<link rel=\"canonical\" href=\"https:\/\/luchonoticias.com\/editor\/brigada-contra-el-dengue-en-neiva-sigue-con-sus-acciones\/\" \/>\n<meta property=\"og:locale\" content=\"es_ES\" \/>\n<meta property=\"og:type\" content=\"article\" \/>\n<meta property=\"og:title\" content=\"Brigada contra el dengue en Neiva sigue con sus acciones -\" \/>\n<meta property=\"og:url\" content=\"https:\/\/luchonoticias.com\/editor\/brigada-contra-el-dengue-en-neiva-sigue-con-sus-acciones\/\" \/>\n<meta property=\"article:publisher\" content=\"https:\/\/www.facebook.com\/luchonoticiasneiva\" \/>\n<meta property=\"article:published_time\" content=\"2024-05-14T23:30:17+00:00\" \/>\n<meta property=\"og:image\" content=\"https:\/\/luchonoticias.com\/editor\/wp-content\/uploads\/2024\/05\/dengue.jpg\" \/>\n\t<meta property=\"og:image:width\" content=\"700\" \/>\n\t<meta property=\"og:image:height\" content=\"400\" \/>\n\t<meta property=\"og:image:type\" content=\"image\/jpeg\" \/>\n<meta name=\"author\" content=\"Editor General\" \/>\n<meta name=\"twitter:card\" content=\"summary_large_image\" \/>\n<meta name=\"twitter:label1\" content=\"Escrito por\" \/>\n\t<meta name=\"twitter:data1\" content=\"Editor General\" \/>\n\t<meta name=\"twitter:label2\" content=\"Tiempo de lectura\" \/>\n\t<meta name=\"twitter:data2\" content=\"2 minutos\" \/>\n<script type=\"application\/ld+json\" class=\"yoast-schema-graph\">{\"@context\":\"https:\/\/schema.org\",\"@graph\":[{\"@type\":\"Article\",\"@id\":\"https:\/\/luchonoticias.com\/editor\/brigada-contra-el-dengue-en-neiva-sigue-con-sus-acciones\/#article\",\"isPartOf\":{\"@id\":\"https:\/\/luchonoticias.com\/editor\/brigada-contra-el-dengue-en-neiva-sigue-con-sus-acciones\/\"},\"author\":{\"name\":\"Editor General\",\"@id\":\"https:\/\/luchonoticias.com\/editor\/#\/schema\/person\/29217990ddf6f14e35912b2866d591fb\"},\"headline\":\"Brigada contra el dengue en Neiva sigue con sus acciones\",\"datePublished\":\"2024-05-14T23:30:17+00:00\",\"mainEntityOfPage\":{\"@id\":\"https:\/\/luchonoticias.com\/editor\/brigada-contra-el-dengue-en-neiva-sigue-con-sus-acciones\/\"},\"wordCount\":421,\"publisher\":{\"@id\":\"https:\/\/luchonoticias.com\/editor\/#\/schema\/person\/7a7fd911f58561fd056dbac7b55af9cd\"},\"image\":{\"@id\":\"https:\/\/luchonoticias.com\/editor\/brigada-contra-el-dengue-en-neiva-sigue-con-sus-acciones\/#primaryimage\"},\"thumbnailUrl\":\"https:\/\/luchonoticias.com\/editor\/wp-content\/uploads\/2024\/05\/dengue.jpg\",\"articleSection\":[\"Local\"],\"inLanguage\":\"es\"},{\"@type\":\"WebPage\",\"@id\":\"https:\/\/luchonoticias.com\/editor\/brigada-contra-el-dengue-en-neiva-sigue-con-sus-acciones\/\",\"url\":\"https:\/\/luchonoticias.com\/editor\/brigada-contra-el-dengue-en-neiva-sigue-con-sus-acciones\/\",\"name\":\"Brigada contra el dengue en Neiva sigue con sus acciones -\",\"isPartOf\":{\"@id\":\"https:\/\/luchonoticias.com\/editor\/#website\"},\"primaryImageOfPage\":{\"@id\":\"https:\/\/luchonoticias.com\/editor\/brigada-contra-el-dengue-en-neiva-sigue-con-sus-acciones\/#primaryimage\"},\"image\":{\"@id\":\"https:\/\/luchonoticias.com\/editor\/brigada-contra-el-dengue-en-neiva-sigue-con-sus-acciones\/#primaryimage\"},\"thumbnailUrl\":\"https:\/\/luchonoticias.com\/editor\/wp-content\/uploads\/2024\/05\/dengue.jpg\",\"datePublished\":\"2024-05-14T23:30:17+00:00\",\"breadcrumb\":{\"@id\":\"https:\/\/luchonoticias.com\/editor\/brigada-contra-el-dengue-en-neiva-sigue-con-sus-acciones\/#breadcrumb\"},\"inLanguage\":\"es\",\"potentialAction\":[{\"@type\":\"ReadAction\",\"target\":[\"https:\/\/luchonoticias.com\/editor\/brigada-contra-el-dengue-en-neiva-sigue-con-sus-acciones\/\"]}]},{\"@type\":\"ImageObject\",\"inLanguage\":\"es\",\"@id\":\"https:\/\/luchonoticias.com\/editor\/brigada-contra-el-dengue-en-neiva-sigue-con-sus-acciones\/#primaryimage\",\"url\":\"https:\/\/luchonoticias.com\/editor\/wp-content\/uploads\/2024\/05\/dengue.jpg\",\"contentUrl\":\"https:\/\/luchonoticias.com\/editor\/wp-content\/uploads\/2024\/05\/dengue.jpg\",\"width\":700,\"height\":400},{\"@type\":\"BreadcrumbList\",\"@id\":\"https:\/\/luchonoticias.com\/editor\/brigada-contra-el-dengue-en-neiva-sigue-con-sus-acciones\/#breadcrumb\",\"itemListElement\":[{\"@type\":\"ListItem\",\"position\":1,\"name\":\"Portada\",\"item\":\"https:\/\/luchonoticias.com\/editor\/\"},{\"@type\":\"ListItem\",\"position\":2,\"name\":\"Brigada contra el dengue en Neiva sigue con sus acciones\"}]},{\"@type\":\"WebSite\",\"@id\":\"https:\/\/luchonoticias.com\/editor\/#website\",\"url\":\"https:\/\/luchonoticias.com\/editor\/\",\"name\":\"\",\"description\":\"\",\"publisher\":{\"@id\":\"https:\/\/luchonoticias.com\/editor\/#\/schema\/person\/7a7fd911f58561fd056dbac7b55af9cd\"},\"potentialAction\":[{\"@type\":\"SearchAction\",\"target\":{\"@type\":\"EntryPoint\",\"urlTemplate\":\"https:\/\/luchonoticias.com\/editor\/?s={search_term_string}\"},\"query-input\":{\"@type\":\"PropertyValueSpecification\",\"valueRequired\":true,\"valueName\":\"search_term_string\"}}],\"inLanguage\":\"es\"},{\"@type\":[\"Person\",\"Organization\"],\"@id\":\"https:\/\/luchonoticias.com\/editor\/#\/schema\/person\/7a7fd911f58561fd056dbac7b55af9cd\",\"name\":\"admin\",\"image\":{\"@type\":\"ImageObject\",\"inLanguage\":\"es\",\"@id\":\"https:\/\/luchonoticias.com\/editor\/#\/schema\/person\/image\/\",\"url\":\"https:\/\/luchonoticias.com\/editor\/wp-content\/uploads\/2024\/02\/cropped-cropped-logolu.webp\",\"contentUrl\":\"https:\/\/luchonoticias.com\/editor\/wp-content\/uploads\/2024\/02\/cropped-cropped-logolu.webp\",\"width\":382,\"height\":170,\"caption\":\"admin\"},\"logo\":{\"@id\":\"https:\/\/luchonoticias.com\/editor\/#\/schema\/person\/image\/\"},\"sameAs\":[\"https:\/\/www.facebook.com\/luchonoticiasneiva\"]},{\"@type\":\"Person\",\"@id\":\"https:\/\/luchonoticias.com\/editor\/#\/schema\/person\/29217990ddf6f14e35912b2866d591fb\",\"name\":\"Editor General\",\"image\":{\"@type\":\"ImageObject\",\"inLanguage\":\"es\",\"@id\":\"https:\/\/luchonoticias.com\/editor\/#\/schema\/person\/image\/\",\"url\":\"https:\/\/luchonoticias.com\/editor\/wp-content\/uploads\/2024\/02\/cropped-cropped-logolu-150x150.webp\",\"contentUrl\":\"https:\/\/luchonoticias.com\/editor\/wp-content\/uploads\/2024\/02\/cropped-cropped-logolu-150x150.webp\",\"caption\":\"Editor General\"},\"sameAs\":[\"https:\/\/luchonoticias.com\/\"],\"url\":\"https:\/\/luchonoticias.com\/editor\/author\/editor-general\/\"}]}<\/script>\n<!-- \/ Yoast SEO plugin. -->","yoast_head_json":{"title":"Brigada contra el dengue en Neiva sigue con sus acciones -","robots":{"index":"index","follow":"follow","max-snippet":"max-snippet:-1","max-image-preview":"max-image-preview:large","max-video-preview":"max-video-preview:-1"},"canonical":"https:\/\/luchonoticias.com\/editor\/brigada-contra-el-dengue-en-neiva-sigue-con-sus-acciones\/","og_locale":"es_ES","og_type":"article","og_title":"Brigada contra el dengue en Neiva sigue con sus acciones -","og_url":"https:\/\/luchonoticias.com\/editor\/brigada-contra-el-dengue-en-neiva-sigue-con-sus-acciones\/","article_publisher":"https:\/\/www.facebook.com\/luchonoticiasneiva","article_published_time":"2024-05-14T23:30:17+00:00","og_image":[{"width":700,"height":400,"url":"https:\/\/luchonoticias.com\/editor\/wp-content\/uploads\/2024\/05\/dengue.jpg","type":"image\/jpeg"}],"author":"Editor General","twitter_card":"summary_large_image","twitter_misc":{"Escrito por":"Editor General","Tiempo de lectura":"2 minutos"},"schema":{"@context":"https:\/\/schema.org","@graph":[{"@type":"Article","@id":"https:\/\/luchonoticias.com\/editor\/brigada-contra-el-dengue-en-neiva-sigue-con-sus-acciones\/#article","isPartOf":{"@id":"https:\/\/luchonoticias.com\/editor\/brigada-contra-el-dengue-en-neiva-sigue-con-sus-acciones\/"},"author":{"name":"Editor General","@id":"https:\/\/luchonoticias.com\/editor\/#\/schema\/person\/29217990ddf6f14e35912b2866d591fb"},"headline":"Brigada contra el dengue en Neiva sigue con sus acciones","datePublished":"2024-05-14T23:30:17+00:00","mainEntityOfPage":{"@id":"https:\/\/luchonoticias.com\/editor\/brigada-contra-el-dengue-en-neiva-sigue-con-sus-acciones\/"},"wordCount":421,"publisher":{"@id":"https:\/\/luchonoticias.com\/editor\/#\/schema\/person\/7a7fd911f58561fd056dbac7b55af9cd"},"image":{"@id":"https:\/\/luchonoticias.com\/editor\/brigada-contra-el-dengue-en-neiva-sigue-con-sus-acciones\/#primaryimage"},"thumbnailUrl":"https:\/\/luchonoticias.com\/editor\/wp-content\/uploads\/2024\/05\/dengue.jpg","articleSection":["Local"],"inLanguage":"es"},{"@type":"WebPage","@id":"https:\/\/luchonoticias.com\/editor\/brigada-contra-el-dengue-en-neiva-sigue-con-sus-acciones\/","url":"https:\/\/luchonoticias.com\/editor\/brigada-contra-el-dengue-en-neiva-sigue-con-sus-acciones\/","name":"Brigada contra el dengue en Neiva sigue con sus acciones -","isPartOf":{"@id":"https:\/\/luchonoticias.com\/editor\/#website"},"primaryImageOfPage":{"@id":"https:\/\/luchonoticias.com\/editor\/brigada-contra-el-dengue-en-neiva-sigue-con-sus-acciones\/#primaryimage"},"image":{"@id":"https:\/\/luchonoticias.com\/editor\/brigada-contra-el-dengue-en-neiva-sigue-con-sus-acciones\/#primaryimage"},"thumbnailUrl":"https:\/\/luchonoticias.com\/editor\/wp-content\/uploads\/2024\/05\/dengue.jpg","datePublished":"2024-05-14T23:30:17+00:00","breadcrumb":{"@id":"https:\/\/luchonoticias.com\/editor\/brigada-contra-el-dengue-en-neiva-sigue-con-sus-acciones\/#breadcrumb"},"inLanguage":"es","potentialAction":[{"@type":"ReadAction","target":["https:\/\/luchonoticias.com\/editor\/brigada-contra-el-dengue-en-neiva-sigue-con-sus-acciones\/"]}]},{"@type":"ImageObject","inLanguage":"es","@id":"https:\/\/luchonoticias.com\/editor\/brigada-contra-el-dengue-en-neiva-sigue-con-sus-acciones\/#primaryimage","url":"https:\/\/luchonoticias.com\/editor\/wp-content\/uploads\/2024\/05\/dengue.jpg","contentUrl":"https:\/\/luchonoticias.com\/editor\/wp-content\/uploads\/2024\/05\/dengue.jpg","width":700,"height":400},{"@type":"BreadcrumbList","@id":"https:\/\/luchonoticias.com\/editor\/brigada-contra-el-dengue-en-neiva-sigue-con-sus-acciones\/#breadcrumb","itemListElement":[{"@type":"ListItem","position":1,"name":"Portada","item":"https:\/\/luchonoticias.com\/editor\/"},{"@type":"ListItem","position":2,"name":"Brigada contra el dengue en Neiva sigue con sus acciones"}]},{"@type":"WebSite","@id":"https:\/\/luchonoticias.com\/editor\/#website","url":"https:\/\/luchonoticias.com\/editor\/","name":"","description":"","publisher":{"@id":"https:\/\/luchonoticias.com\/editor\/#\/schema\/person\/7a7fd911f58561fd056dbac7b55af9cd"},"potentialAction":[{"@type":"SearchAction","target":{"@type":"EntryPoint","urlTemplate":"https:\/\/luchonoticias.com\/editor\/?s={search_term_string}"},"query-input":{"@type":"PropertyValueSpecification","valueRequired":true,"valueName":"search_term_string"}}],"inLanguage":"es"},{"@type":["Person","Organization"],"@id":"https:\/\/luchonoticias.com\/editor\/#\/schema\/person\/7a7fd911f58561fd056dbac7b55af9cd","name":"admin","image":{"@type":"ImageObject","inLanguage":"es","@id":"https:\/\/luchonoticias.com\/editor\/#\/schema\/person\/image\/","url":"https:\/\/luchonoticias.com\/editor\/wp-content\/uploads\/2024\/02\/cropped-cropped-logolu.webp","contentUrl":"https:\/\/luchonoticias.com\/editor\/wp-content\/uploads\/2024\/02\/cropped-cropped-logolu.webp","width":382,"height":170,"caption":"admin"},"logo":{"@id":"https:\/\/luchonoticias.com\/editor\/#\/schema\/person\/image\/"},"sameAs":["https:\/\/www.facebook.com\/luchonoticiasneiva"]},{"@type":"Person","@id":"https:\/\/luchonoticias.com\/editor\/#\/schema\/person\/29217990ddf6f14e35912b2866d591fb","name":"Editor General","image":{"@type":"ImageObject","inLanguage":"es","@id":"https:\/\/luchonoticias.com\/editor\/#\/schema\/person\/image\/","url":"https:\/\/luchonoticias.com\/editor\/wp-content\/uploads\/2024\/02\/cropped-cropped-logolu-150x150.webp","contentUrl":"https:\/\/luchonoticias.com\/editor\/wp-content\/uploads\/2024\/02\/cropped-cropped-logolu-150x150.webp","caption":"Editor General"},"sameAs":["https:\/\/luchonoticias.com\/"],"url":"https:\/\/luchonoticias.com\/editor\/author\/editor-general\/"}]}},"_links":{"self":[{"href":"https:\/\/luchonoticias.com\/editor\/wp-json\/wp\/v2\/posts\/73060","targetHints":{"allow":["GET"]}}],"collection":[{"href":"https:\/\/luchonoticias.com\/editor\/wp-json\/wp\/v2\/posts"}],"about":[{"href":"https:\/\/luchonoticias.com\/editor\/wp-json\/wp\/v2\/types\/post"}],"author":[{"embeddable":true,"href":"https:\/\/luchonoticias.com\/editor\/wp-json\/wp\/v2\/users\/2"}],"replies":[{"embeddable":true,"href":"https:\/\/luchonoticias.com\/editor\/wp-json\/wp\/v2\/comments?post=73060"}],"version-history":[{"count":0,"href":"https:\/\/luchonoticias.com\/editor\/wp-json\/wp\/v2\/posts\/73060\/revisions"}],"wp:featuredmedia":[{"embeddable":true,"href":"https:\/\/luchonoticias.com\/editor\/wp-json\/wp\/v2\/media\/73061"}],"wp:attachment":[{"href":"https:\/\/luchonoticias.com\/editor\/wp-json\/wp\/v2\/media?parent=73060"}],"wp:term":[{"taxonomy":"category","embeddable":true,"href":"https:\/\/luchonoticias.com\/editor\/wp-json\/wp\/v2\/categories?post=73060"},{"taxonomy":"post_tag","embeddable":true,"href":"https:\/\/luchonoticias.com\/editor\/wp-json\/wp\/v2\/tags?post=73060"}],"curies":[{"name":"wp","href":"https:\/\/api.w.org\/{rel}","templated":true}]}}