{"id":73066,"date":"2024-05-15T07:26:18","date_gmt":"2024-05-15T12:26:18","guid":{"rendered":"https:\/\/luchonoticias.com\/?p=73066"},"modified":"2024-05-15T07:26:18","modified_gmt":"2024-05-15T12:26:18","slug":"abierta-convocatoria-para-subasta-de-espacios-en-san-pedro","status":"publish","type":"post","link":"https:\/\/luchonoticias.com\/editor\/abierta-convocatoria-para-subasta-de-espacios-en-san-pedro\/","title":{"rendered":"Abierta convocatoria para subasta de espacios en San Pedro"},"content":{"rendered":"<p>El alcalde de Neiva, Germ\u00e1n Casagua, socializ\u00f3 la Resoluci\u00f3n No. 001 de 2024, emitida por la Secretar\u00eda de Competitividad, por medio de la cual se reglamenta la subasta p\u00fablica de espacios p\u00fablicos productivos, en el marco de la temporada especial del 63 Festival del Bambuco en San Juan y San Pedro 2024.<\/p>\n<p>Seg\u00fan el mandatario, para esta edici\u00f3n de las fiestas, se redujo de 75 a 32 el n\u00famero de palcos que ser\u00e1n ubicados sobre la Avenida Circunvalar, con el objetivo de garantizar una mejor visualizaci\u00f3n de los desfiles y promover un uso m\u00e1s accesible de estos espacios para los ciudadanos.<\/p>\n<p>\u201cFueron muchas las cr\u00edticas que, en a\u00f1os anteriores se utilizaba gran parte del margen del desfile para la instalaci\u00f3n de demasiadas grader\u00edas, mientras que otras personas aprovechaban la noche para regar cualquier cantidad de sillas, las cuales alquilaban. Esto hac\u00eda imposible que un ciudadano que fuera con su familia pudiese apreciar el desfile\u201d, asegur\u00f3 con vehemencia el alcalde.<\/p>\n<p><strong>Consulte los requisitos<\/strong><\/p>\n<p>En ese sentido, las personas interesadas en participar en la subasta p\u00fablica, podr\u00e1n encontrar los requisitos detallados en la Resoluci\u00f3n No. 001 de 2024, publicada en la p\u00e1gina web www.alcaldianeiva.gov.co. No obstante, el plazo para la radicaci\u00f3n de documentos en el \u00e1rea de correspondencia de la Alcald\u00eda de Neiva vence el 17 de mayo.<\/p>\n<p><strong>Proceso de la subasta<\/strong><\/p>\n<p>El proceso de subasta se llevar\u00e1 a cabo en tres audiencias: la primera, dirigida a oferentes que hayan sido patrocinadores y ocupantes de espacios p\u00fablicos en a\u00f1os anteriores, la cual se realizar\u00e1 el 27 de mayo a las 8:00 a.m. La segunda, destinada a oferentes sin ocupaci\u00f3n previa de espacios, palcos y grader\u00edas, y se llevar\u00e1 a cabo el mismo d\u00eda a las 9:00 a.m. Finalmente, el 28 de mayo, se subastar\u00e1n espacios de 3x3m\u00b2 y 2x2m\u00b2.<\/p>\n<p><strong>Condiciones<\/strong><\/p>\n<p>Los operadores de las grader\u00edas deber\u00e1n cumplir con las exigencias de garant\u00eda y t\u00e9cnicas de ensamble y seguridad, disponer unidades sanitarias port\u00e1tiles, colocar m\u00fasica relacionada con la temporada especial en el momento de estar pasado el desfile, prohibir el ingreso de menores de edad en palcos donde se comercialice alcohol, contar con certificaci\u00f3n de sismo resistencia, entre otras condiciones establecidas por la Administraci\u00f3n Municipal.<\/p>\n<p><strong>Proceso transparente<\/strong><\/p>\n<p>La Alcald\u00eda de Neiva invita a todos los interesados a consultar los documentos requeridos para participar en la subasta a trav\u00e9s de la p\u00e1gina web www.alcaldianeiva.gov.co, con el objetivo de garantizar un proceso transparente para el aprovechamiento de los espacios p\u00fablicos durante la temporada de San Juan y San Pedro.<\/p>\n","protected":false},"excerpt":{"rendered":"<p>El alcalde de Neiva, Germ\u00e1n Casagua, socializ\u00f3 la Resoluci\u00f3n No. 001 de 2024, emitida por la Secretar\u00eda de Competitividad, por medio de la cual se reglamenta la subasta p\u00fablica de espacios p\u00fablicos productivos, en el marco de la temporada especial del 63 Festival del Bambuco en San Juan y San Pedro 2024. Seg\u00fan el mandatario, [&hellip;]<\/p>\n","protected":false},"author":2,"featured_media":73067,"comment_status":"closed","ping_status":"open","sticky":false,"template":"","format":"standard","meta":{"footnotes":""},"categories":[31],"tags":[],"class_list":["post-73066","post","type-post","status-publish","format-standard","has-post-thumbnail","hentry","category-local"],"yoast_head":"<!-- This site is optimized with the Yoast SEO plugin v26.6 - https:\/\/yoast.com\/wordpress\/plugins\/seo\/ -->\n<title>Abierta convocatoria para subasta de espacios en San Pedro -<\/title>\n<meta name=\"robots\" content=\"index, follow, max-snippet:-1, max-image-preview:large, max-video-preview:-1\" \/>\n<link rel=\"canonical\" href=\"https:\/\/luchonoticias.com\/editor\/abierta-convocatoria-para-subasta-de-espacios-en-san-pedro\/\" \/>\n<meta property=\"og:locale\" content=\"es_ES\" \/>\n<meta property=\"og:type\" content=\"article\" \/>\n<meta property=\"og:title\" content=\"Abierta convocatoria para subasta de espacios en San Pedro -\" \/>\n<meta property=\"og:url\" content=\"https:\/\/luchonoticias.com\/editor\/abierta-convocatoria-para-subasta-de-espacios-en-san-pedro\/\" \/>\n<meta property=\"article:publisher\" content=\"https:\/\/www.facebook.com\/luchonoticiasneiva\" \/>\n<meta property=\"article:published_time\" content=\"2024-05-15T12:26:18+00:00\" \/>\n<meta property=\"og:image\" content=\"https:\/\/luchonoticias.com\/editor\/wp-content\/uploads\/2024\/05\/subasta-espacios.jpg\" \/>\n\t<meta property=\"og:image:width\" content=\"700\" \/>\n\t<meta property=\"og:image:height\" content=\"400\" \/>\n\t<meta property=\"og:image:type\" content=\"image\/jpeg\" \/>\n<meta name=\"author\" content=\"Editor General\" \/>\n<meta name=\"twitter:card\" content=\"summary_large_image\" \/>\n<meta name=\"twitter:label1\" content=\"Escrito por\" \/>\n\t<meta name=\"twitter:data1\" content=\"Editor General\" \/>\n\t<meta name=\"twitter:label2\" content=\"Tiempo de lectura\" \/>\n\t<meta name=\"twitter:data2\" content=\"2 minutos\" \/>\n<script type=\"application\/ld+json\" class=\"yoast-schema-graph\">{\"@context\":\"https:\/\/schema.org\",\"@graph\":[{\"@type\":\"Article\",\"@id\":\"https:\/\/luchonoticias.com\/editor\/abierta-convocatoria-para-subasta-de-espacios-en-san-pedro\/#article\",\"isPartOf\":{\"@id\":\"https:\/\/luchonoticias.com\/editor\/abierta-convocatoria-para-subasta-de-espacios-en-san-pedro\/\"},\"author\":{\"name\":\"Editor General\",\"@id\":\"https:\/\/luchonoticias.com\/editor\/#\/schema\/person\/29217990ddf6f14e35912b2866d591fb\"},\"headline\":\"Abierta convocatoria para subasta de espacios en San Pedro\",\"datePublished\":\"2024-05-15T12:26:18+00:00\",\"mainEntityOfPage\":{\"@id\":\"https:\/\/luchonoticias.com\/editor\/abierta-convocatoria-para-subasta-de-espacios-en-san-pedro\/\"},\"wordCount\":460,\"publisher\":{\"@id\":\"https:\/\/luchonoticias.com\/editor\/#\/schema\/person\/7a7fd911f58561fd056dbac7b55af9cd\"},\"image\":{\"@id\":\"https:\/\/luchonoticias.com\/editor\/abierta-convocatoria-para-subasta-de-espacios-en-san-pedro\/#primaryimage\"},\"thumbnailUrl\":\"https:\/\/luchonoticias.com\/editor\/wp-content\/uploads\/2024\/05\/subasta-espacios.jpg\",\"articleSection\":[\"Local\"],\"inLanguage\":\"es\"},{\"@type\":\"WebPage\",\"@id\":\"https:\/\/luchonoticias.com\/editor\/abierta-convocatoria-para-subasta-de-espacios-en-san-pedro\/\",\"url\":\"https:\/\/luchonoticias.com\/editor\/abierta-convocatoria-para-subasta-de-espacios-en-san-pedro\/\",\"name\":\"Abierta convocatoria para subasta de espacios en San Pedro -\",\"isPartOf\":{\"@id\":\"https:\/\/luchonoticias.com\/editor\/#website\"},\"primaryImageOfPage\":{\"@id\":\"https:\/\/luchonoticias.com\/editor\/abierta-convocatoria-para-subasta-de-espacios-en-san-pedro\/#primaryimage\"},\"image\":{\"@id\":\"https:\/\/luchonoticias.com\/editor\/abierta-convocatoria-para-subasta-de-espacios-en-san-pedro\/#primaryimage\"},\"thumbnailUrl\":\"https:\/\/luchonoticias.com\/editor\/wp-content\/uploads\/2024\/05\/subasta-espacios.jpg\",\"datePublished\":\"2024-05-15T12:26:18+00:00\",\"breadcrumb\":{\"@id\":\"https:\/\/luchonoticias.com\/editor\/abierta-convocatoria-para-subasta-de-espacios-en-san-pedro\/#breadcrumb\"},\"inLanguage\":\"es\",\"potentialAction\":[{\"@type\":\"ReadAction\",\"target\":[\"https:\/\/luchonoticias.com\/editor\/abierta-convocatoria-para-subasta-de-espacios-en-san-pedro\/\"]}]},{\"@type\":\"ImageObject\",\"inLanguage\":\"es\",\"@id\":\"https:\/\/luchonoticias.com\/editor\/abierta-convocatoria-para-subasta-de-espacios-en-san-pedro\/#primaryimage\",\"url\":\"https:\/\/luchonoticias.com\/editor\/wp-content\/uploads\/2024\/05\/subasta-espacios.jpg\",\"contentUrl\":\"https:\/\/luchonoticias.com\/editor\/wp-content\/uploads\/2024\/05\/subasta-espacios.jpg\",\"width\":700,\"height\":400},{\"@type\":\"BreadcrumbList\",\"@id\":\"https:\/\/luchonoticias.com\/editor\/abierta-convocatoria-para-subasta-de-espacios-en-san-pedro\/#breadcrumb\",\"itemListElement\":[{\"@type\":\"ListItem\",\"position\":1,\"name\":\"Portada\",\"item\":\"https:\/\/luchonoticias.com\/editor\/\"},{\"@type\":\"ListItem\",\"position\":2,\"name\":\"Abierta convocatoria para subasta de espacios en San Pedro\"}]},{\"@type\":\"WebSite\",\"@id\":\"https:\/\/luchonoticias.com\/editor\/#website\",\"url\":\"https:\/\/luchonoticias.com\/editor\/\",\"name\":\"\",\"description\":\"\",\"publisher\":{\"@id\":\"https:\/\/luchonoticias.com\/editor\/#\/schema\/person\/7a7fd911f58561fd056dbac7b55af9cd\"},\"potentialAction\":[{\"@type\":\"SearchAction\",\"target\":{\"@type\":\"EntryPoint\",\"urlTemplate\":\"https:\/\/luchonoticias.com\/editor\/?s={search_term_string}\"},\"query-input\":{\"@type\":\"PropertyValueSpecification\",\"valueRequired\":true,\"valueName\":\"search_term_string\"}}],\"inLanguage\":\"es\"},{\"@type\":[\"Person\",\"Organization\"],\"@id\":\"https:\/\/luchonoticias.com\/editor\/#\/schema\/person\/7a7fd911f58561fd056dbac7b55af9cd\",\"name\":\"admin\",\"image\":{\"@type\":\"ImageObject\",\"inLanguage\":\"es\",\"@id\":\"https:\/\/luchonoticias.com\/editor\/#\/schema\/person\/image\/\",\"url\":\"https:\/\/luchonoticias.com\/editor\/wp-content\/uploads\/2024\/02\/cropped-cropped-logolu.webp\",\"contentUrl\":\"https:\/\/luchonoticias.com\/editor\/wp-content\/uploads\/2024\/02\/cropped-cropped-logolu.webp\",\"width\":382,\"height\":170,\"caption\":\"admin\"},\"logo\":{\"@id\":\"https:\/\/luchonoticias.com\/editor\/#\/schema\/person\/image\/\"},\"sameAs\":[\"https:\/\/www.facebook.com\/luchonoticiasneiva\"]},{\"@type\":\"Person\",\"@id\":\"https:\/\/luchonoticias.com\/editor\/#\/schema\/person\/29217990ddf6f14e35912b2866d591fb\",\"name\":\"Editor General\",\"image\":{\"@type\":\"ImageObject\",\"inLanguage\":\"es\",\"@id\":\"https:\/\/luchonoticias.com\/editor\/#\/schema\/person\/image\/\",\"url\":\"https:\/\/luchonoticias.com\/editor\/wp-content\/uploads\/2024\/02\/cropped-cropped-logolu-150x150.webp\",\"contentUrl\":\"https:\/\/luchonoticias.com\/editor\/wp-content\/uploads\/2024\/02\/cropped-cropped-logolu-150x150.webp\",\"caption\":\"Editor General\"},\"sameAs\":[\"https:\/\/luchonoticias.com\/\"],\"url\":\"https:\/\/luchonoticias.com\/editor\/author\/editor-general\/\"}]}<\/script>\n<!-- \/ Yoast SEO plugin. -->","yoast_head_json":{"title":"Abierta convocatoria para subasta de espacios en San Pedro -","robots":{"index":"index","follow":"follow","max-snippet":"max-snippet:-1","max-image-preview":"max-image-preview:large","max-video-preview":"max-video-preview:-1"},"canonical":"https:\/\/luchonoticias.com\/editor\/abierta-convocatoria-para-subasta-de-espacios-en-san-pedro\/","og_locale":"es_ES","og_type":"article","og_title":"Abierta convocatoria para subasta de espacios en San Pedro -","og_url":"https:\/\/luchonoticias.com\/editor\/abierta-convocatoria-para-subasta-de-espacios-en-san-pedro\/","article_publisher":"https:\/\/www.facebook.com\/luchonoticiasneiva","article_published_time":"2024-05-15T12:26:18+00:00","og_image":[{"width":700,"height":400,"url":"https:\/\/luchonoticias.com\/editor\/wp-content\/uploads\/2024\/05\/subasta-espacios.jpg","type":"image\/jpeg"}],"author":"Editor General","twitter_card":"summary_large_image","twitter_misc":{"Escrito por":"Editor General","Tiempo de lectura":"2 minutos"},"schema":{"@context":"https:\/\/schema.org","@graph":[{"@type":"Article","@id":"https:\/\/luchonoticias.com\/editor\/abierta-convocatoria-para-subasta-de-espacios-en-san-pedro\/#article","isPartOf":{"@id":"https:\/\/luchonoticias.com\/editor\/abierta-convocatoria-para-subasta-de-espacios-en-san-pedro\/"},"author":{"name":"Editor General","@id":"https:\/\/luchonoticias.com\/editor\/#\/schema\/person\/29217990ddf6f14e35912b2866d591fb"},"headline":"Abierta convocatoria para subasta de espacios en San Pedro","datePublished":"2024-05-15T12:26:18+00:00","mainEntityOfPage":{"@id":"https:\/\/luchonoticias.com\/editor\/abierta-convocatoria-para-subasta-de-espacios-en-san-pedro\/"},"wordCount":460,"publisher":{"@id":"https:\/\/luchonoticias.com\/editor\/#\/schema\/person\/7a7fd911f58561fd056dbac7b55af9cd"},"image":{"@id":"https:\/\/luchonoticias.com\/editor\/abierta-convocatoria-para-subasta-de-espacios-en-san-pedro\/#primaryimage"},"thumbnailUrl":"https:\/\/luchonoticias.com\/editor\/wp-content\/uploads\/2024\/05\/subasta-espacios.jpg","articleSection":["Local"],"inLanguage":"es"},{"@type":"WebPage","@id":"https:\/\/luchonoticias.com\/editor\/abierta-convocatoria-para-subasta-de-espacios-en-san-pedro\/","url":"https:\/\/luchonoticias.com\/editor\/abierta-convocatoria-para-subasta-de-espacios-en-san-pedro\/","name":"Abierta convocatoria para subasta de espacios en San Pedro -","isPartOf":{"@id":"https:\/\/luchonoticias.com\/editor\/#website"},"primaryImageOfPage":{"@id":"https:\/\/luchonoticias.com\/editor\/abierta-convocatoria-para-subasta-de-espacios-en-san-pedro\/#primaryimage"},"image":{"@id":"https:\/\/luchonoticias.com\/editor\/abierta-convocatoria-para-subasta-de-espacios-en-san-pedro\/#primaryimage"},"thumbnailUrl":"https:\/\/luchonoticias.com\/editor\/wp-content\/uploads\/2024\/05\/subasta-espacios.jpg","datePublished":"2024-05-15T12:26:18+00:00","breadcrumb":{"@id":"https:\/\/luchonoticias.com\/editor\/abierta-convocatoria-para-subasta-de-espacios-en-san-pedro\/#breadcrumb"},"inLanguage":"es","potentialAction":[{"@type":"ReadAction","target":["https:\/\/luchonoticias.com\/editor\/abierta-convocatoria-para-subasta-de-espacios-en-san-pedro\/"]}]},{"@type":"ImageObject","inLanguage":"es","@id":"https:\/\/luchonoticias.com\/editor\/abierta-convocatoria-para-subasta-de-espacios-en-san-pedro\/#primaryimage","url":"https:\/\/luchonoticias.com\/editor\/wp-content\/uploads\/2024\/05\/subasta-espacios.jpg","contentUrl":"https:\/\/luchonoticias.com\/editor\/wp-content\/uploads\/2024\/05\/subasta-espacios.jpg","width":700,"height":400},{"@type":"BreadcrumbList","@id":"https:\/\/luchonoticias.com\/editor\/abierta-convocatoria-para-subasta-de-espacios-en-san-pedro\/#breadcrumb","itemListElement":[{"@type":"ListItem","position":1,"name":"Portada","item":"https:\/\/luchonoticias.com\/editor\/"},{"@type":"ListItem","position":2,"name":"Abierta convocatoria para subasta de espacios en San Pedro"}]},{"@type":"WebSite","@id":"https:\/\/luchonoticias.com\/editor\/#website","url":"https:\/\/luchonoticias.com\/editor\/","name":"","description":"","publisher":{"@id":"https:\/\/luchonoticias.com\/editor\/#\/schema\/person\/7a7fd911f58561fd056dbac7b55af9cd"},"potentialAction":[{"@type":"SearchAction","target":{"@type":"EntryPoint","urlTemplate":"https:\/\/luchonoticias.com\/editor\/?s={search_term_string}"},"query-input":{"@type":"PropertyValueSpecification","valueRequired":true,"valueName":"search_term_string"}}],"inLanguage":"es"},{"@type":["Person","Organization"],"@id":"https:\/\/luchonoticias.com\/editor\/#\/schema\/person\/7a7fd911f58561fd056dbac7b55af9cd","name":"admin","image":{"@type":"ImageObject","inLanguage":"es","@id":"https:\/\/luchonoticias.com\/editor\/#\/schema\/person\/image\/","url":"https:\/\/luchonoticias.com\/editor\/wp-content\/uploads\/2024\/02\/cropped-cropped-logolu.webp","contentUrl":"https:\/\/luchonoticias.com\/editor\/wp-content\/uploads\/2024\/02\/cropped-cropped-logolu.webp","width":382,"height":170,"caption":"admin"},"logo":{"@id":"https:\/\/luchonoticias.com\/editor\/#\/schema\/person\/image\/"},"sameAs":["https:\/\/www.facebook.com\/luchonoticiasneiva"]},{"@type":"Person","@id":"https:\/\/luchonoticias.com\/editor\/#\/schema\/person\/29217990ddf6f14e35912b2866d591fb","name":"Editor General","image":{"@type":"ImageObject","inLanguage":"es","@id":"https:\/\/luchonoticias.com\/editor\/#\/schema\/person\/image\/","url":"https:\/\/luchonoticias.com\/editor\/wp-content\/uploads\/2024\/02\/cropped-cropped-logolu-150x150.webp","contentUrl":"https:\/\/luchonoticias.com\/editor\/wp-content\/uploads\/2024\/02\/cropped-cropped-logolu-150x150.webp","caption":"Editor General"},"sameAs":["https:\/\/luchonoticias.com\/"],"url":"https:\/\/luchonoticias.com\/editor\/author\/editor-general\/"}]}},"_links":{"self":[{"href":"https:\/\/luchonoticias.com\/editor\/wp-json\/wp\/v2\/posts\/73066","targetHints":{"allow":["GET"]}}],"collection":[{"href":"https:\/\/luchonoticias.com\/editor\/wp-json\/wp\/v2\/posts"}],"about":[{"href":"https:\/\/luchonoticias.com\/editor\/wp-json\/wp\/v2\/types\/post"}],"author":[{"embeddable":true,"href":"https:\/\/luchonoticias.com\/editor\/wp-json\/wp\/v2\/users\/2"}],"replies":[{"embeddable":true,"href":"https:\/\/luchonoticias.com\/editor\/wp-json\/wp\/v2\/comments?post=73066"}],"version-history":[{"count":0,"href":"https:\/\/luchonoticias.com\/editor\/wp-json\/wp\/v2\/posts\/73066\/revisions"}],"wp:featuredmedia":[{"embeddable":true,"href":"https:\/\/luchonoticias.com\/editor\/wp-json\/wp\/v2\/media\/73067"}],"wp:attachment":[{"href":"https:\/\/luchonoticias.com\/editor\/wp-json\/wp\/v2\/media?parent=73066"}],"wp:term":[{"taxonomy":"category","embeddable":true,"href":"https:\/\/luchonoticias.com\/editor\/wp-json\/wp\/v2\/categories?post=73066"},{"taxonomy":"post_tag","embeddable":true,"href":"https:\/\/luchonoticias.com\/editor\/wp-json\/wp\/v2\/tags?post=73066"}],"curies":[{"name":"wp","href":"https:\/\/api.w.org\/{rel}","templated":true}]}}