{"id":73073,"date":"2024-05-15T07:34:28","date_gmt":"2024-05-15T12:34:28","guid":{"rendered":"https:\/\/luchonoticias.com\/?p=73073"},"modified":"2024-05-15T07:36:03","modified_gmt":"2024-05-15T12:36:03","slug":"colombia-cada-vez-exporta-mas","status":"publish","type":"post","link":"https:\/\/luchonoticias.com\/editor\/colombia-cada-vez-exporta-mas\/","title":{"rendered":"Colombia cada vez exporta m\u00e1s"},"content":{"rendered":"<p>Un aumento del 2,5 % registraron las exportaciones de bienes no minero energ\u00e9ticos en los tres primeros meses del a\u00f1o. En este per\u00edodo las ventas alcanzaron 4.970,7 millones de d\u00f3lares, mientras que en el mismo per\u00edodo de 2023 sumaron 4.848,2 millones de d\u00f3lares.<\/p>\n<p>En cuanto al volumen de estas exportaciones, en el primer trimestre del 2024 el pa\u00eds despach\u00f3 2,1 millones de toneladas, mientras que un a\u00f1o atr\u00e1s fueron 1,9 millones, lo cual representa 10,5 % m\u00e1s.<\/p>\n<p>El ministro de Comercio, Industria y Turismo, Germ\u00e1n Uma\u00f1a Mendoza, se mostr\u00f3 satisfecho con el crecimiento que siguen mostrando las exportaciones no mineras, y explic\u00f3 que \u201cuna de las pol\u00edticas del Gobierno del Cambio es la transformaci\u00f3n del tejido productivo que favorezca la expansi\u00f3n de mercados, la diversificaci\u00f3n y la agregaci\u00f3n de valor en las actividades productivas y exportadoras, y los encadenamientos\u00bb.<\/p>\n<p>Dentro de los bienes no mineros, el sector agropecuario fue el que present\u00f3 mejor comportamiento en sus ventas al mundo. Sin embargo, hubo varios productos de la industria que tambi\u00e9n ayudaron a impulsar esta clase de exportaciones.<\/p>\n<p><strong>Desde\u200b filetes de tilapia hasta aguacates<\/strong><\/p>\n<p>\u200bLos datos del Ministerio de Comercio, Industria y Turismo, con base en las cifras del DANE, evidencian que entre los productos que ayudaron a impulsar el crecimiento de las exportaciones de bienes no mineros est\u00e1n los filetes de tilapia, que registraron un aumento del 115,5 % frente al primer trimestre del 2023; el banano, con un crecimiento del 84,9 %; los veh\u00edculos para carga y para personas, que incrementaron sus exportaciones en 74,4 %, y el lim\u00f3n Tahit\u00ed, con una variaci\u00f3n positiva de 60,3 %.<\/p>\n<p>Tambi\u00e9n crecieron las exportaciones de aguacate\u00a0<em>hass<\/em>\u00a0en 34,7 %; las de policloruro de vinilo aumentaron en 18,4 %; l\u200bas de az\u00facar se incrementaron en 17,5 %; las de preparaciones de belleza en 16,8 %; las de flores en 7,8 % y las de bombones, caramelos y confites crecieron 3,3 %, entre otros.<\/p>\n","protected":false},"excerpt":{"rendered":"<p>Un aumento del 2,5 % registraron las exportaciones de bienes no minero energ\u00e9ticos en los tres primeros meses del a\u00f1o. En este per\u00edodo las ventas alcanzaron 4.970,7 millones de d\u00f3lares, mientras que en el mismo per\u00edodo de 2023 sumaron 4.848,2 millones de d\u00f3lares. En cuanto al volumen de estas exportaciones, en el primer trimestre del [&hellip;]<\/p>\n","protected":false},"author":2,"featured_media":73074,"comment_status":"closed","ping_status":"open","sticky":false,"template":"","format":"standard","meta":{"footnotes":""},"categories":[28],"tags":[],"class_list":["post-73073","post","type-post","status-publish","format-standard","has-post-thumbnail","hentry","category-actualidad"],"yoast_head":"<!-- This site is optimized with the Yoast SEO plugin v26.6 - https:\/\/yoast.com\/wordpress\/plugins\/seo\/ -->\n<title>Colombia cada vez exporta m\u00e1s -<\/title>\n<meta name=\"robots\" content=\"index, follow, max-snippet:-1, max-image-preview:large, max-video-preview:-1\" \/>\n<link rel=\"canonical\" href=\"https:\/\/luchonoticias.com\/editor\/colombia-cada-vez-exporta-mas\/\" \/>\n<meta property=\"og:locale\" content=\"es_ES\" \/>\n<meta property=\"og:type\" content=\"article\" \/>\n<meta property=\"og:title\" content=\"Colombia cada vez exporta m\u00e1s -\" \/>\n<meta property=\"og:url\" content=\"https:\/\/luchonoticias.com\/editor\/colombia-cada-vez-exporta-mas\/\" \/>\n<meta property=\"article:publisher\" content=\"https:\/\/www.facebook.com\/luchonoticiasneiva\" \/>\n<meta property=\"article:published_time\" content=\"2024-05-15T12:34:28+00:00\" \/>\n<meta property=\"article:modified_time\" content=\"2024-05-15T12:36:03+00:00\" \/>\n<meta property=\"og:image\" content=\"https:\/\/luchonoticias.com\/editor\/wp-content\/uploads\/2024\/05\/exportaciones-de-colombia.jpg\" \/>\n\t<meta property=\"og:image:width\" content=\"700\" \/>\n\t<meta property=\"og:image:height\" content=\"400\" \/>\n\t<meta property=\"og:image:type\" content=\"image\/jpeg\" \/>\n<meta name=\"author\" content=\"Editor General\" \/>\n<meta name=\"twitter:card\" content=\"summary_large_image\" \/>\n<meta name=\"twitter:label1\" content=\"Escrito por\" \/>\n\t<meta name=\"twitter:data1\" content=\"Editor General\" \/>\n\t<meta name=\"twitter:label2\" content=\"Tiempo de lectura\" \/>\n\t<meta name=\"twitter:data2\" content=\"2 minutos\" \/>\n<script type=\"application\/ld+json\" class=\"yoast-schema-graph\">{\"@context\":\"https:\/\/schema.org\",\"@graph\":[{\"@type\":\"Article\",\"@id\":\"https:\/\/luchonoticias.com\/editor\/colombia-cada-vez-exporta-mas\/#article\",\"isPartOf\":{\"@id\":\"https:\/\/luchonoticias.com\/editor\/colombia-cada-vez-exporta-mas\/\"},\"author\":{\"name\":\"Editor General\",\"@id\":\"https:\/\/luchonoticias.com\/editor\/#\/schema\/person\/29217990ddf6f14e35912b2866d591fb\"},\"headline\":\"Colombia cada vez exporta m\u00e1s\",\"datePublished\":\"2024-05-15T12:34:28+00:00\",\"dateModified\":\"2024-05-15T12:36:03+00:00\",\"mainEntityOfPage\":{\"@id\":\"https:\/\/luchonoticias.com\/editor\/colombia-cada-vez-exporta-mas\/\"},\"wordCount\":320,\"publisher\":{\"@id\":\"https:\/\/luchonoticias.com\/editor\/#\/schema\/person\/7a7fd911f58561fd056dbac7b55af9cd\"},\"image\":{\"@id\":\"https:\/\/luchonoticias.com\/editor\/colombia-cada-vez-exporta-mas\/#primaryimage\"},\"thumbnailUrl\":\"https:\/\/luchonoticias.com\/editor\/wp-content\/uploads\/2024\/05\/exportaciones-de-colombia.jpg\",\"articleSection\":[\"Actualidad\"],\"inLanguage\":\"es\"},{\"@type\":\"WebPage\",\"@id\":\"https:\/\/luchonoticias.com\/editor\/colombia-cada-vez-exporta-mas\/\",\"url\":\"https:\/\/luchonoticias.com\/editor\/colombia-cada-vez-exporta-mas\/\",\"name\":\"Colombia cada vez exporta m\u00e1s -\",\"isPartOf\":{\"@id\":\"https:\/\/luchonoticias.com\/editor\/#website\"},\"primaryImageOfPage\":{\"@id\":\"https:\/\/luchonoticias.com\/editor\/colombia-cada-vez-exporta-mas\/#primaryimage\"},\"image\":{\"@id\":\"https:\/\/luchonoticias.com\/editor\/colombia-cada-vez-exporta-mas\/#primaryimage\"},\"thumbnailUrl\":\"https:\/\/luchonoticias.com\/editor\/wp-content\/uploads\/2024\/05\/exportaciones-de-colombia.jpg\",\"datePublished\":\"2024-05-15T12:34:28+00:00\",\"dateModified\":\"2024-05-15T12:36:03+00:00\",\"breadcrumb\":{\"@id\":\"https:\/\/luchonoticias.com\/editor\/colombia-cada-vez-exporta-mas\/#breadcrumb\"},\"inLanguage\":\"es\",\"potentialAction\":[{\"@type\":\"ReadAction\",\"target\":[\"https:\/\/luchonoticias.com\/editor\/colombia-cada-vez-exporta-mas\/\"]}]},{\"@type\":\"ImageObject\",\"inLanguage\":\"es\",\"@id\":\"https:\/\/luchonoticias.com\/editor\/colombia-cada-vez-exporta-mas\/#primaryimage\",\"url\":\"https:\/\/luchonoticias.com\/editor\/wp-content\/uploads\/2024\/05\/exportaciones-de-colombia.jpg\",\"contentUrl\":\"https:\/\/luchonoticias.com\/editor\/wp-content\/uploads\/2024\/05\/exportaciones-de-colombia.jpg\",\"width\":700,\"height\":400},{\"@type\":\"BreadcrumbList\",\"@id\":\"https:\/\/luchonoticias.com\/editor\/colombia-cada-vez-exporta-mas\/#breadcrumb\",\"itemListElement\":[{\"@type\":\"ListItem\",\"position\":1,\"name\":\"Portada\",\"item\":\"https:\/\/luchonoticias.com\/editor\/\"},{\"@type\":\"ListItem\",\"position\":2,\"name\":\"Colombia cada vez exporta m\u00e1s\"}]},{\"@type\":\"WebSite\",\"@id\":\"https:\/\/luchonoticias.com\/editor\/#website\",\"url\":\"https:\/\/luchonoticias.com\/editor\/\",\"name\":\"\",\"description\":\"\",\"publisher\":{\"@id\":\"https:\/\/luchonoticias.com\/editor\/#\/schema\/person\/7a7fd911f58561fd056dbac7b55af9cd\"},\"potentialAction\":[{\"@type\":\"SearchAction\",\"target\":{\"@type\":\"EntryPoint\",\"urlTemplate\":\"https:\/\/luchonoticias.com\/editor\/?s={search_term_string}\"},\"query-input\":{\"@type\":\"PropertyValueSpecification\",\"valueRequired\":true,\"valueName\":\"search_term_string\"}}],\"inLanguage\":\"es\"},{\"@type\":[\"Person\",\"Organization\"],\"@id\":\"https:\/\/luchonoticias.com\/editor\/#\/schema\/person\/7a7fd911f58561fd056dbac7b55af9cd\",\"name\":\"admin\",\"image\":{\"@type\":\"ImageObject\",\"inLanguage\":\"es\",\"@id\":\"https:\/\/luchonoticias.com\/editor\/#\/schema\/person\/image\/\",\"url\":\"https:\/\/luchonoticias.com\/editor\/wp-content\/uploads\/2024\/02\/cropped-cropped-logolu.webp\",\"contentUrl\":\"https:\/\/luchonoticias.com\/editor\/wp-content\/uploads\/2024\/02\/cropped-cropped-logolu.webp\",\"width\":382,\"height\":170,\"caption\":\"admin\"},\"logo\":{\"@id\":\"https:\/\/luchonoticias.com\/editor\/#\/schema\/person\/image\/\"},\"sameAs\":[\"https:\/\/www.facebook.com\/luchonoticiasneiva\"]},{\"@type\":\"Person\",\"@id\":\"https:\/\/luchonoticias.com\/editor\/#\/schema\/person\/29217990ddf6f14e35912b2866d591fb\",\"name\":\"Editor General\",\"image\":{\"@type\":\"ImageObject\",\"inLanguage\":\"es\",\"@id\":\"https:\/\/luchonoticias.com\/editor\/#\/schema\/person\/image\/\",\"url\":\"https:\/\/luchonoticias.com\/editor\/wp-content\/uploads\/2024\/02\/cropped-cropped-logolu-150x150.webp\",\"contentUrl\":\"https:\/\/luchonoticias.com\/editor\/wp-content\/uploads\/2024\/02\/cropped-cropped-logolu-150x150.webp\",\"caption\":\"Editor General\"},\"sameAs\":[\"https:\/\/luchonoticias.com\/\"],\"url\":\"https:\/\/luchonoticias.com\/editor\/author\/editor-general\/\"}]}<\/script>\n<!-- \/ Yoast SEO plugin. -->","yoast_head_json":{"title":"Colombia cada vez exporta m\u00e1s -","robots":{"index":"index","follow":"follow","max-snippet":"max-snippet:-1","max-image-preview":"max-image-preview:large","max-video-preview":"max-video-preview:-1"},"canonical":"https:\/\/luchonoticias.com\/editor\/colombia-cada-vez-exporta-mas\/","og_locale":"es_ES","og_type":"article","og_title":"Colombia cada vez exporta m\u00e1s -","og_url":"https:\/\/luchonoticias.com\/editor\/colombia-cada-vez-exporta-mas\/","article_publisher":"https:\/\/www.facebook.com\/luchonoticiasneiva","article_published_time":"2024-05-15T12:34:28+00:00","article_modified_time":"2024-05-15T12:36:03+00:00","og_image":[{"width":700,"height":400,"url":"https:\/\/luchonoticias.com\/editor\/wp-content\/uploads\/2024\/05\/exportaciones-de-colombia.jpg","type":"image\/jpeg"}],"author":"Editor General","twitter_card":"summary_large_image","twitter_misc":{"Escrito por":"Editor General","Tiempo de lectura":"2 minutos"},"schema":{"@context":"https:\/\/schema.org","@graph":[{"@type":"Article","@id":"https:\/\/luchonoticias.com\/editor\/colombia-cada-vez-exporta-mas\/#article","isPartOf":{"@id":"https:\/\/luchonoticias.com\/editor\/colombia-cada-vez-exporta-mas\/"},"author":{"name":"Editor General","@id":"https:\/\/luchonoticias.com\/editor\/#\/schema\/person\/29217990ddf6f14e35912b2866d591fb"},"headline":"Colombia cada vez exporta m\u00e1s","datePublished":"2024-05-15T12:34:28+00:00","dateModified":"2024-05-15T12:36:03+00:00","mainEntityOfPage":{"@id":"https:\/\/luchonoticias.com\/editor\/colombia-cada-vez-exporta-mas\/"},"wordCount":320,"publisher":{"@id":"https:\/\/luchonoticias.com\/editor\/#\/schema\/person\/7a7fd911f58561fd056dbac7b55af9cd"},"image":{"@id":"https:\/\/luchonoticias.com\/editor\/colombia-cada-vez-exporta-mas\/#primaryimage"},"thumbnailUrl":"https:\/\/luchonoticias.com\/editor\/wp-content\/uploads\/2024\/05\/exportaciones-de-colombia.jpg","articleSection":["Actualidad"],"inLanguage":"es"},{"@type":"WebPage","@id":"https:\/\/luchonoticias.com\/editor\/colombia-cada-vez-exporta-mas\/","url":"https:\/\/luchonoticias.com\/editor\/colombia-cada-vez-exporta-mas\/","name":"Colombia cada vez exporta m\u00e1s -","isPartOf":{"@id":"https:\/\/luchonoticias.com\/editor\/#website"},"primaryImageOfPage":{"@id":"https:\/\/luchonoticias.com\/editor\/colombia-cada-vez-exporta-mas\/#primaryimage"},"image":{"@id":"https:\/\/luchonoticias.com\/editor\/colombia-cada-vez-exporta-mas\/#primaryimage"},"thumbnailUrl":"https:\/\/luchonoticias.com\/editor\/wp-content\/uploads\/2024\/05\/exportaciones-de-colombia.jpg","datePublished":"2024-05-15T12:34:28+00:00","dateModified":"2024-05-15T12:36:03+00:00","breadcrumb":{"@id":"https:\/\/luchonoticias.com\/editor\/colombia-cada-vez-exporta-mas\/#breadcrumb"},"inLanguage":"es","potentialAction":[{"@type":"ReadAction","target":["https:\/\/luchonoticias.com\/editor\/colombia-cada-vez-exporta-mas\/"]}]},{"@type":"ImageObject","inLanguage":"es","@id":"https:\/\/luchonoticias.com\/editor\/colombia-cada-vez-exporta-mas\/#primaryimage","url":"https:\/\/luchonoticias.com\/editor\/wp-content\/uploads\/2024\/05\/exportaciones-de-colombia.jpg","contentUrl":"https:\/\/luchonoticias.com\/editor\/wp-content\/uploads\/2024\/05\/exportaciones-de-colombia.jpg","width":700,"height":400},{"@type":"BreadcrumbList","@id":"https:\/\/luchonoticias.com\/editor\/colombia-cada-vez-exporta-mas\/#breadcrumb","itemListElement":[{"@type":"ListItem","position":1,"name":"Portada","item":"https:\/\/luchonoticias.com\/editor\/"},{"@type":"ListItem","position":2,"name":"Colombia cada vez exporta m\u00e1s"}]},{"@type":"WebSite","@id":"https:\/\/luchonoticias.com\/editor\/#website","url":"https:\/\/luchonoticias.com\/editor\/","name":"","description":"","publisher":{"@id":"https:\/\/luchonoticias.com\/editor\/#\/schema\/person\/7a7fd911f58561fd056dbac7b55af9cd"},"potentialAction":[{"@type":"SearchAction","target":{"@type":"EntryPoint","urlTemplate":"https:\/\/luchonoticias.com\/editor\/?s={search_term_string}"},"query-input":{"@type":"PropertyValueSpecification","valueRequired":true,"valueName":"search_term_string"}}],"inLanguage":"es"},{"@type":["Person","Organization"],"@id":"https:\/\/luchonoticias.com\/editor\/#\/schema\/person\/7a7fd911f58561fd056dbac7b55af9cd","name":"admin","image":{"@type":"ImageObject","inLanguage":"es","@id":"https:\/\/luchonoticias.com\/editor\/#\/schema\/person\/image\/","url":"https:\/\/luchonoticias.com\/editor\/wp-content\/uploads\/2024\/02\/cropped-cropped-logolu.webp","contentUrl":"https:\/\/luchonoticias.com\/editor\/wp-content\/uploads\/2024\/02\/cropped-cropped-logolu.webp","width":382,"height":170,"caption":"admin"},"logo":{"@id":"https:\/\/luchonoticias.com\/editor\/#\/schema\/person\/image\/"},"sameAs":["https:\/\/www.facebook.com\/luchonoticiasneiva"]},{"@type":"Person","@id":"https:\/\/luchonoticias.com\/editor\/#\/schema\/person\/29217990ddf6f14e35912b2866d591fb","name":"Editor General","image":{"@type":"ImageObject","inLanguage":"es","@id":"https:\/\/luchonoticias.com\/editor\/#\/schema\/person\/image\/","url":"https:\/\/luchonoticias.com\/editor\/wp-content\/uploads\/2024\/02\/cropped-cropped-logolu-150x150.webp","contentUrl":"https:\/\/luchonoticias.com\/editor\/wp-content\/uploads\/2024\/02\/cropped-cropped-logolu-150x150.webp","caption":"Editor General"},"sameAs":["https:\/\/luchonoticias.com\/"],"url":"https:\/\/luchonoticias.com\/editor\/author\/editor-general\/"}]}},"_links":{"self":[{"href":"https:\/\/luchonoticias.com\/editor\/wp-json\/wp\/v2\/posts\/73073","targetHints":{"allow":["GET"]}}],"collection":[{"href":"https:\/\/luchonoticias.com\/editor\/wp-json\/wp\/v2\/posts"}],"about":[{"href":"https:\/\/luchonoticias.com\/editor\/wp-json\/wp\/v2\/types\/post"}],"author":[{"embeddable":true,"href":"https:\/\/luchonoticias.com\/editor\/wp-json\/wp\/v2\/users\/2"}],"replies":[{"embeddable":true,"href":"https:\/\/luchonoticias.com\/editor\/wp-json\/wp\/v2\/comments?post=73073"}],"version-history":[{"count":0,"href":"https:\/\/luchonoticias.com\/editor\/wp-json\/wp\/v2\/posts\/73073\/revisions"}],"wp:featuredmedia":[{"embeddable":true,"href":"https:\/\/luchonoticias.com\/editor\/wp-json\/wp\/v2\/media\/73074"}],"wp:attachment":[{"href":"https:\/\/luchonoticias.com\/editor\/wp-json\/wp\/v2\/media?parent=73073"}],"wp:term":[{"taxonomy":"category","embeddable":true,"href":"https:\/\/luchonoticias.com\/editor\/wp-json\/wp\/v2\/categories?post=73073"},{"taxonomy":"post_tag","embeddable":true,"href":"https:\/\/luchonoticias.com\/editor\/wp-json\/wp\/v2\/tags?post=73073"}],"curies":[{"name":"wp","href":"https:\/\/api.w.org\/{rel}","templated":true}]}}