{"id":73077,"date":"2024-05-15T07:41:22","date_gmt":"2024-05-15T12:41:22","guid":{"rendered":"https:\/\/luchonoticias.com\/?p=73077"},"modified":"2024-05-15T07:41:22","modified_gmt":"2024-05-15T12:41:22","slug":"sigue-el-rifirrafe-del-congreso-al-gobierno","status":"publish","type":"post","link":"https:\/\/luchonoticias.com\/editor\/sigue-el-rifirrafe-del-congreso-al-gobierno\/","title":{"rendered":"Sigue el &#8216;rifirrafe&#8217; del Congreso al Gobierno"},"content":{"rendered":"<p class=\"s3\">El senador <span class=\"s6\">Efrain Cepeda\u00a0<\/span>hizo un\u00a0nuevo llamado al\u00a0Gobierno\u00a0Nacional para que incremente la ejecuci\u00f3n presupuestal\u00a0y por ende mejoren los \u00edndices de empleo y crecimiento social. La petici\u00f3n\u00a0la hizo\u00a0durante el debate de control pol\u00edtico a los ministros de Cultura y Artes,\u00a0<span class=\"s6\">Juan David Correa<\/span>\u00a0y de Industria y Turismo\u00a0<span class=\"s6\">Germ\u00e1n Uma\u00f1a Mendoza<\/span>, en la Comisi\u00f3n Tercera del Senado.<\/p>\n<p class=\"s8\">El\u00a0congresista\u00a0se refiri\u00f3 a la ejecuci\u00f3n presupuestal\u00a0de\u00a02023,\u00a0asegur\u00f3\u00a0que ha sido la m\u00e1s baja en los \u00faltimos 17 a\u00f1os y que eso se ha reflejado en generaci\u00f3n de empleo y en el pleno crecimiento de la econom\u00eda \u201cque el a\u00f1o anterior registr\u00f3 un peque\u00f1o presupuesto del 0.6%\u201d.<\/p>\n<p class=\"s8\">El presidente de la Comisi\u00f3n de Asuntos Econ\u00f3micos del Senado\u00a0se\u00f1al\u00f3 que la\u00a0inversi\u00f3n\u00a0sigue rezagada,\u00a0puesto que \u201cal mes de abril de la presente vigencia, que debiera estar en un promedio del 33%, solo se ubica en un 14.3%. Indicadores\u00a0altamente riesgosos para el pa\u00eds que demanda obras de infraestructura e inversi\u00f3n social\u201d.<\/p>\n<p class=\"s8\">Respecto a la inversi\u00f3n del Ministerio de Cultura indic\u00f3\u00a0que\u00a0se ubic\u00f3 en 11.64%\u00a0a abril de este a\u00f1o,\u00a0\u00a0 \u00a0por encima del promedio de otras carteras, \u201cpero lejos de los que deber\u00eda ser del 33%\u201d.\u00a0En cuanto al ministerio de Industria y Comercio inform\u00f3 que su inversi\u00f3n fue del 6.32%,\u00a0por debajo del 20% cuando deber\u00eda estar en 33% al mes de abril de este a\u00f1o.<\/p>\n<p class=\"s8\">Carlos Julio Gonz\u00e1lez, senador del\u00a0<span class=\"s6\">P<\/span><span class=\"s6\">artido Cambio Radical<\/span>, tambi\u00e9n cuestion\u00f3 la baja ejecuci\u00f3n presupuestal, al tiempo que habl\u00f3 sobre los fen\u00f3menos criminales que se est\u00e1n registrando en el sur del pa\u00eds, que en consecuencia est\u00e1n afectando negativamente la industria del turismo, incidiendo primordialmente sobre la reserva Merenberg que se encuentra entre los departamentos del Huila y Cauca.<\/p>\n<p class=\"s8\">Denunci\u00f3 que cuando los extranjeros escuchan estas noticias, \u201cpues simplemente se abstienen de visitar estos sitios con atractivos tur\u00edsticos y dejamos de percibir ingresos.\u201d<\/p>\n<p class=\"s8\">Igualmente\u00a0llam\u00f3 la atenci\u00f3n por el Tratado de Libre Comercio con los Estados Unidos que tiene golpeada la industria lechera nacional y a empresarios del arroz. Asimismo\u00a0reconoci\u00f3 el trabajo desarrollado por el Ministerio de Cultura en cabeza de su titular, J<span class=\"s6\">uan David Correa<\/span>, en la exaltaci\u00f3n en la feria del libro de Bogot\u00e1 de la novela La Vor\u00e1gine, del escritor Jos\u00e9 Eustasio Rivera, en raz\u00f3n a que su narrativa se refiere a acontecimientos registrados en el departamento del Huila.<\/p>\n<p class=\"s8\"><span class=\"s6\">Carolina Espitia<\/span>,\u00a0senadora\u00a0del\u00a0<span class=\"s6\">P<\/span><span class=\"s6\">artido Alianza Verde<\/span>,\u00a0expres\u00f3\u00a0su preocupaci\u00f3n por la restauraci\u00f3n del Hospital San Juan de\u00a0Dios,\u00a0cuya\u00a0inversi\u00f3n\u00a0es de al menos\u00a0$ 35 mil millones,\u00a0porque su ejecuci\u00f3n es del cero por ciento. Tambi\u00e9n pidi\u00f3 desarrollar proyectos para escenarios cultuales que sirvan a la juventud como complemento de su formaci\u00f3n acad\u00e9mica.<\/p>\n<p class=\"s8\">Por el\u00a0<span class=\"s6\">Pa<\/span><span class=\"s6\">rtido\u00a0<\/span><span class=\"s6\">Pacto<\/span><span class=\"s6\">\u00a0Hist\u00f3rico\u00a0<\/span>intervino la senadora<span class=\"s6\">\u00a0Sonia Bernal<\/span>,\u00a0quien se\u00f1al\u00f3\u00a0que el turismo permitir\u00e1 tener una econom\u00eda de desarrollo sostenible, pero enfocada a los derechos humanos, \u201ctanto para el comercio como para el turismo y acabar con la absurda guerra que est\u00e1 acabando con Colombia\u201d<\/p>\n","protected":false},"excerpt":{"rendered":"<p>El senador Efrain Cepeda\u00a0hizo un\u00a0nuevo llamado al\u00a0Gobierno\u00a0Nacional para que incremente la ejecuci\u00f3n presupuestal\u00a0y por ende mejoren los \u00edndices de empleo y crecimiento social. La petici\u00f3n\u00a0la hizo\u00a0durante el debate de control pol\u00edtico a los ministros de Cultura y Artes,\u00a0Juan David Correa\u00a0y de Industria y Turismo\u00a0Germ\u00e1n Uma\u00f1a Mendoza, en la Comisi\u00f3n Tercera del Senado. El\u00a0congresista\u00a0se refiri\u00f3 a [&hellip;]<\/p>\n","protected":false},"author":2,"featured_media":73078,"comment_status":"closed","ping_status":"open","sticky":false,"template":"","format":"standard","meta":{"footnotes":""},"categories":[28],"tags":[],"class_list":["post-73077","post","type-post","status-publish","format-standard","has-post-thumbnail","hentry","category-actualidad"],"yoast_head":"<!-- This site is optimized with the Yoast SEO plugin v26.6 - https:\/\/yoast.com\/wordpress\/plugins\/seo\/ -->\n<title>Sigue el &#039;rifirrafe&#039; del Congreso al Gobierno -<\/title>\n<meta name=\"robots\" content=\"index, follow, max-snippet:-1, max-image-preview:large, max-video-preview:-1\" \/>\n<link rel=\"canonical\" href=\"https:\/\/luchonoticias.com\/editor\/sigue-el-rifirrafe-del-congreso-al-gobierno\/\" \/>\n<meta property=\"og:locale\" content=\"es_ES\" \/>\n<meta property=\"og:type\" content=\"article\" \/>\n<meta property=\"og:title\" content=\"Sigue el &#039;rifirrafe&#039; del Congreso al Gobierno -\" \/>\n<meta property=\"og:url\" content=\"https:\/\/luchonoticias.com\/editor\/sigue-el-rifirrafe-del-congreso-al-gobierno\/\" \/>\n<meta property=\"article:publisher\" content=\"https:\/\/www.facebook.com\/luchonoticiasneiva\" \/>\n<meta property=\"article:published_time\" content=\"2024-05-15T12:41:22+00:00\" \/>\n<meta property=\"og:image\" content=\"https:\/\/luchonoticias.com\/editor\/wp-content\/uploads\/2024\/05\/sernado.jpg\" \/>\n\t<meta property=\"og:image:width\" content=\"700\" \/>\n\t<meta property=\"og:image:height\" content=\"400\" \/>\n\t<meta property=\"og:image:type\" content=\"image\/jpeg\" \/>\n<meta name=\"author\" content=\"Editor General\" \/>\n<meta name=\"twitter:card\" content=\"summary_large_image\" \/>\n<meta name=\"twitter:label1\" content=\"Escrito por\" \/>\n\t<meta name=\"twitter:data1\" content=\"Editor General\" \/>\n\t<meta name=\"twitter:label2\" content=\"Tiempo de lectura\" \/>\n\t<meta name=\"twitter:data2\" content=\"3 minutos\" \/>\n<script type=\"application\/ld+json\" class=\"yoast-schema-graph\">{\"@context\":\"https:\/\/schema.org\",\"@graph\":[{\"@type\":\"Article\",\"@id\":\"https:\/\/luchonoticias.com\/editor\/sigue-el-rifirrafe-del-congreso-al-gobierno\/#article\",\"isPartOf\":{\"@id\":\"https:\/\/luchonoticias.com\/editor\/sigue-el-rifirrafe-del-congreso-al-gobierno\/\"},\"author\":{\"name\":\"Editor General\",\"@id\":\"https:\/\/luchonoticias.com\/editor\/#\/schema\/person\/29217990ddf6f14e35912b2866d591fb\"},\"headline\":\"Sigue el &#8216;rifirrafe&#8217; del Congreso al Gobierno\",\"datePublished\":\"2024-05-15T12:41:22+00:00\",\"mainEntityOfPage\":{\"@id\":\"https:\/\/luchonoticias.com\/editor\/sigue-el-rifirrafe-del-congreso-al-gobierno\/\"},\"wordCount\":540,\"publisher\":{\"@id\":\"https:\/\/luchonoticias.com\/editor\/#\/schema\/person\/7a7fd911f58561fd056dbac7b55af9cd\"},\"image\":{\"@id\":\"https:\/\/luchonoticias.com\/editor\/sigue-el-rifirrafe-del-congreso-al-gobierno\/#primaryimage\"},\"thumbnailUrl\":\"https:\/\/luchonoticias.com\/editor\/wp-content\/uploads\/2024\/05\/sernado.jpg\",\"articleSection\":[\"Actualidad\"],\"inLanguage\":\"es\"},{\"@type\":\"WebPage\",\"@id\":\"https:\/\/luchonoticias.com\/editor\/sigue-el-rifirrafe-del-congreso-al-gobierno\/\",\"url\":\"https:\/\/luchonoticias.com\/editor\/sigue-el-rifirrafe-del-congreso-al-gobierno\/\",\"name\":\"Sigue el 'rifirrafe' del Congreso al Gobierno -\",\"isPartOf\":{\"@id\":\"https:\/\/luchonoticias.com\/editor\/#website\"},\"primaryImageOfPage\":{\"@id\":\"https:\/\/luchonoticias.com\/editor\/sigue-el-rifirrafe-del-congreso-al-gobierno\/#primaryimage\"},\"image\":{\"@id\":\"https:\/\/luchonoticias.com\/editor\/sigue-el-rifirrafe-del-congreso-al-gobierno\/#primaryimage\"},\"thumbnailUrl\":\"https:\/\/luchonoticias.com\/editor\/wp-content\/uploads\/2024\/05\/sernado.jpg\",\"datePublished\":\"2024-05-15T12:41:22+00:00\",\"breadcrumb\":{\"@id\":\"https:\/\/luchonoticias.com\/editor\/sigue-el-rifirrafe-del-congreso-al-gobierno\/#breadcrumb\"},\"inLanguage\":\"es\",\"potentialAction\":[{\"@type\":\"ReadAction\",\"target\":[\"https:\/\/luchonoticias.com\/editor\/sigue-el-rifirrafe-del-congreso-al-gobierno\/\"]}]},{\"@type\":\"ImageObject\",\"inLanguage\":\"es\",\"@id\":\"https:\/\/luchonoticias.com\/editor\/sigue-el-rifirrafe-del-congreso-al-gobierno\/#primaryimage\",\"url\":\"https:\/\/luchonoticias.com\/editor\/wp-content\/uploads\/2024\/05\/sernado.jpg\",\"contentUrl\":\"https:\/\/luchonoticias.com\/editor\/wp-content\/uploads\/2024\/05\/sernado.jpg\",\"width\":700,\"height\":400},{\"@type\":\"BreadcrumbList\",\"@id\":\"https:\/\/luchonoticias.com\/editor\/sigue-el-rifirrafe-del-congreso-al-gobierno\/#breadcrumb\",\"itemListElement\":[{\"@type\":\"ListItem\",\"position\":1,\"name\":\"Portada\",\"item\":\"https:\/\/luchonoticias.com\/editor\/\"},{\"@type\":\"ListItem\",\"position\":2,\"name\":\"Sigue el &#8216;rifirrafe&#8217; del Congreso al Gobierno\"}]},{\"@type\":\"WebSite\",\"@id\":\"https:\/\/luchonoticias.com\/editor\/#website\",\"url\":\"https:\/\/luchonoticias.com\/editor\/\",\"name\":\"\",\"description\":\"\",\"publisher\":{\"@id\":\"https:\/\/luchonoticias.com\/editor\/#\/schema\/person\/7a7fd911f58561fd056dbac7b55af9cd\"},\"potentialAction\":[{\"@type\":\"SearchAction\",\"target\":{\"@type\":\"EntryPoint\",\"urlTemplate\":\"https:\/\/luchonoticias.com\/editor\/?s={search_term_string}\"},\"query-input\":{\"@type\":\"PropertyValueSpecification\",\"valueRequired\":true,\"valueName\":\"search_term_string\"}}],\"inLanguage\":\"es\"},{\"@type\":[\"Person\",\"Organization\"],\"@id\":\"https:\/\/luchonoticias.com\/editor\/#\/schema\/person\/7a7fd911f58561fd056dbac7b55af9cd\",\"name\":\"admin\",\"image\":{\"@type\":\"ImageObject\",\"inLanguage\":\"es\",\"@id\":\"https:\/\/luchonoticias.com\/editor\/#\/schema\/person\/image\/\",\"url\":\"https:\/\/luchonoticias.com\/editor\/wp-content\/uploads\/2024\/02\/cropped-cropped-logolu.webp\",\"contentUrl\":\"https:\/\/luchonoticias.com\/editor\/wp-content\/uploads\/2024\/02\/cropped-cropped-logolu.webp\",\"width\":382,\"height\":170,\"caption\":\"admin\"},\"logo\":{\"@id\":\"https:\/\/luchonoticias.com\/editor\/#\/schema\/person\/image\/\"},\"sameAs\":[\"https:\/\/www.facebook.com\/luchonoticiasneiva\"]},{\"@type\":\"Person\",\"@id\":\"https:\/\/luchonoticias.com\/editor\/#\/schema\/person\/29217990ddf6f14e35912b2866d591fb\",\"name\":\"Editor General\",\"image\":{\"@type\":\"ImageObject\",\"inLanguage\":\"es\",\"@id\":\"https:\/\/luchonoticias.com\/editor\/#\/schema\/person\/image\/\",\"url\":\"https:\/\/luchonoticias.com\/editor\/wp-content\/uploads\/2024\/02\/cropped-cropped-logolu-150x150.webp\",\"contentUrl\":\"https:\/\/luchonoticias.com\/editor\/wp-content\/uploads\/2024\/02\/cropped-cropped-logolu-150x150.webp\",\"caption\":\"Editor General\"},\"sameAs\":[\"https:\/\/luchonoticias.com\/\"],\"url\":\"https:\/\/luchonoticias.com\/editor\/author\/editor-general\/\"}]}<\/script>\n<!-- \/ Yoast SEO plugin. -->","yoast_head_json":{"title":"Sigue el 'rifirrafe' del Congreso al Gobierno -","robots":{"index":"index","follow":"follow","max-snippet":"max-snippet:-1","max-image-preview":"max-image-preview:large","max-video-preview":"max-video-preview:-1"},"canonical":"https:\/\/luchonoticias.com\/editor\/sigue-el-rifirrafe-del-congreso-al-gobierno\/","og_locale":"es_ES","og_type":"article","og_title":"Sigue el 'rifirrafe' del Congreso al Gobierno -","og_url":"https:\/\/luchonoticias.com\/editor\/sigue-el-rifirrafe-del-congreso-al-gobierno\/","article_publisher":"https:\/\/www.facebook.com\/luchonoticiasneiva","article_published_time":"2024-05-15T12:41:22+00:00","og_image":[{"width":700,"height":400,"url":"https:\/\/luchonoticias.com\/editor\/wp-content\/uploads\/2024\/05\/sernado.jpg","type":"image\/jpeg"}],"author":"Editor General","twitter_card":"summary_large_image","twitter_misc":{"Escrito por":"Editor General","Tiempo de lectura":"3 minutos"},"schema":{"@context":"https:\/\/schema.org","@graph":[{"@type":"Article","@id":"https:\/\/luchonoticias.com\/editor\/sigue-el-rifirrafe-del-congreso-al-gobierno\/#article","isPartOf":{"@id":"https:\/\/luchonoticias.com\/editor\/sigue-el-rifirrafe-del-congreso-al-gobierno\/"},"author":{"name":"Editor General","@id":"https:\/\/luchonoticias.com\/editor\/#\/schema\/person\/29217990ddf6f14e35912b2866d591fb"},"headline":"Sigue el &#8216;rifirrafe&#8217; del Congreso al Gobierno","datePublished":"2024-05-15T12:41:22+00:00","mainEntityOfPage":{"@id":"https:\/\/luchonoticias.com\/editor\/sigue-el-rifirrafe-del-congreso-al-gobierno\/"},"wordCount":540,"publisher":{"@id":"https:\/\/luchonoticias.com\/editor\/#\/schema\/person\/7a7fd911f58561fd056dbac7b55af9cd"},"image":{"@id":"https:\/\/luchonoticias.com\/editor\/sigue-el-rifirrafe-del-congreso-al-gobierno\/#primaryimage"},"thumbnailUrl":"https:\/\/luchonoticias.com\/editor\/wp-content\/uploads\/2024\/05\/sernado.jpg","articleSection":["Actualidad"],"inLanguage":"es"},{"@type":"WebPage","@id":"https:\/\/luchonoticias.com\/editor\/sigue-el-rifirrafe-del-congreso-al-gobierno\/","url":"https:\/\/luchonoticias.com\/editor\/sigue-el-rifirrafe-del-congreso-al-gobierno\/","name":"Sigue el 'rifirrafe' del Congreso al Gobierno -","isPartOf":{"@id":"https:\/\/luchonoticias.com\/editor\/#website"},"primaryImageOfPage":{"@id":"https:\/\/luchonoticias.com\/editor\/sigue-el-rifirrafe-del-congreso-al-gobierno\/#primaryimage"},"image":{"@id":"https:\/\/luchonoticias.com\/editor\/sigue-el-rifirrafe-del-congreso-al-gobierno\/#primaryimage"},"thumbnailUrl":"https:\/\/luchonoticias.com\/editor\/wp-content\/uploads\/2024\/05\/sernado.jpg","datePublished":"2024-05-15T12:41:22+00:00","breadcrumb":{"@id":"https:\/\/luchonoticias.com\/editor\/sigue-el-rifirrafe-del-congreso-al-gobierno\/#breadcrumb"},"inLanguage":"es","potentialAction":[{"@type":"ReadAction","target":["https:\/\/luchonoticias.com\/editor\/sigue-el-rifirrafe-del-congreso-al-gobierno\/"]}]},{"@type":"ImageObject","inLanguage":"es","@id":"https:\/\/luchonoticias.com\/editor\/sigue-el-rifirrafe-del-congreso-al-gobierno\/#primaryimage","url":"https:\/\/luchonoticias.com\/editor\/wp-content\/uploads\/2024\/05\/sernado.jpg","contentUrl":"https:\/\/luchonoticias.com\/editor\/wp-content\/uploads\/2024\/05\/sernado.jpg","width":700,"height":400},{"@type":"BreadcrumbList","@id":"https:\/\/luchonoticias.com\/editor\/sigue-el-rifirrafe-del-congreso-al-gobierno\/#breadcrumb","itemListElement":[{"@type":"ListItem","position":1,"name":"Portada","item":"https:\/\/luchonoticias.com\/editor\/"},{"@type":"ListItem","position":2,"name":"Sigue el &#8216;rifirrafe&#8217; del Congreso al Gobierno"}]},{"@type":"WebSite","@id":"https:\/\/luchonoticias.com\/editor\/#website","url":"https:\/\/luchonoticias.com\/editor\/","name":"","description":"","publisher":{"@id":"https:\/\/luchonoticias.com\/editor\/#\/schema\/person\/7a7fd911f58561fd056dbac7b55af9cd"},"potentialAction":[{"@type":"SearchAction","target":{"@type":"EntryPoint","urlTemplate":"https:\/\/luchonoticias.com\/editor\/?s={search_term_string}"},"query-input":{"@type":"PropertyValueSpecification","valueRequired":true,"valueName":"search_term_string"}}],"inLanguage":"es"},{"@type":["Person","Organization"],"@id":"https:\/\/luchonoticias.com\/editor\/#\/schema\/person\/7a7fd911f58561fd056dbac7b55af9cd","name":"admin","image":{"@type":"ImageObject","inLanguage":"es","@id":"https:\/\/luchonoticias.com\/editor\/#\/schema\/person\/image\/","url":"https:\/\/luchonoticias.com\/editor\/wp-content\/uploads\/2024\/02\/cropped-cropped-logolu.webp","contentUrl":"https:\/\/luchonoticias.com\/editor\/wp-content\/uploads\/2024\/02\/cropped-cropped-logolu.webp","width":382,"height":170,"caption":"admin"},"logo":{"@id":"https:\/\/luchonoticias.com\/editor\/#\/schema\/person\/image\/"},"sameAs":["https:\/\/www.facebook.com\/luchonoticiasneiva"]},{"@type":"Person","@id":"https:\/\/luchonoticias.com\/editor\/#\/schema\/person\/29217990ddf6f14e35912b2866d591fb","name":"Editor General","image":{"@type":"ImageObject","inLanguage":"es","@id":"https:\/\/luchonoticias.com\/editor\/#\/schema\/person\/image\/","url":"https:\/\/luchonoticias.com\/editor\/wp-content\/uploads\/2024\/02\/cropped-cropped-logolu-150x150.webp","contentUrl":"https:\/\/luchonoticias.com\/editor\/wp-content\/uploads\/2024\/02\/cropped-cropped-logolu-150x150.webp","caption":"Editor General"},"sameAs":["https:\/\/luchonoticias.com\/"],"url":"https:\/\/luchonoticias.com\/editor\/author\/editor-general\/"}]}},"_links":{"self":[{"href":"https:\/\/luchonoticias.com\/editor\/wp-json\/wp\/v2\/posts\/73077","targetHints":{"allow":["GET"]}}],"collection":[{"href":"https:\/\/luchonoticias.com\/editor\/wp-json\/wp\/v2\/posts"}],"about":[{"href":"https:\/\/luchonoticias.com\/editor\/wp-json\/wp\/v2\/types\/post"}],"author":[{"embeddable":true,"href":"https:\/\/luchonoticias.com\/editor\/wp-json\/wp\/v2\/users\/2"}],"replies":[{"embeddable":true,"href":"https:\/\/luchonoticias.com\/editor\/wp-json\/wp\/v2\/comments?post=73077"}],"version-history":[{"count":0,"href":"https:\/\/luchonoticias.com\/editor\/wp-json\/wp\/v2\/posts\/73077\/revisions"}],"wp:featuredmedia":[{"embeddable":true,"href":"https:\/\/luchonoticias.com\/editor\/wp-json\/wp\/v2\/media\/73078"}],"wp:attachment":[{"href":"https:\/\/luchonoticias.com\/editor\/wp-json\/wp\/v2\/media?parent=73077"}],"wp:term":[{"taxonomy":"category","embeddable":true,"href":"https:\/\/luchonoticias.com\/editor\/wp-json\/wp\/v2\/categories?post=73077"},{"taxonomy":"post_tag","embeddable":true,"href":"https:\/\/luchonoticias.com\/editor\/wp-json\/wp\/v2\/tags?post=73077"}],"curies":[{"name":"wp","href":"https:\/\/api.w.org\/{rel}","templated":true}]}}