{"id":73081,"date":"2024-05-15T07:46:54","date_gmt":"2024-05-15T12:46:54","guid":{"rendered":"https:\/\/luchonoticias.com\/?p=73081"},"modified":"2024-05-15T07:46:54","modified_gmt":"2024-05-15T12:46:54","slug":"inscribase-para-el-reinado-de-senorita-neiva-2024","status":"publish","type":"post","link":"https:\/\/luchonoticias.com\/editor\/inscribase-para-el-reinado-de-senorita-neiva-2024\/","title":{"rendered":"Inscribase para el Reinado de Se\u00f1orita Neiva 2024"},"content":{"rendered":"<p>Con el prop\u00f3sito de mejorar los requisitos de inscripciones para las candidatas al Se\u00f1orita Neiva, se realizaron algunas modificaciones para que las candidatas de cada una de las empresas, puedan participar de este certamen en el marco del 63 Festival del Bambuco en San Juan y San Pedro.<\/p>\n<p><strong>Requisitos<\/strong><\/p>\n<p>1. Tener entre 18 y 27 a\u00f1os, al momento de su inscripci\u00f3n.<\/p>\n<p>2. Ser mujer de nacimiento.<\/p>\n<p>3. Haber nacido y\/o vivido minimo tres (3) a\u00f1os en el Municipio de Neiva.<\/p>\n<p>4. Ser colombiana de nacimiento.<\/p>\n<p>5. Ser profesional o estar cursando estudios superiores.<\/p>\n<p>6. Ser soltera, no haber estado casada y no haber tenido uni\u00f3n marital de<br \/>\nhecho y no haber concebido hijos.<\/p>\n<p>7. Interpretar el Sanjuanero Huilense de acuerdo con Ia coreografia reglamentaria.<\/p>\n<p>8. No haber participado en versiones anteriores del Certamen Popular,<br \/>\nSe\u00f1orita Neiva, Departamental o Nacional del Bambuco.<\/p>\n<p>9. Cumplir puntualmente con Ia programaci\u00f3n oficial del certamen.<\/p>\n<p>10. Gozar de buena conducta p\u00fablica y privada.<\/p>\n<p>11. No tener tatuajes ni perforaciones (piercing) visibles.<\/p>\n<p>12. No poseer t\u00edtulo Nacional o Departamental, adquirido en reinado alguno al<br \/>\nmomento de hacer su inscripci\u00f3n como aspirante al t\u00edtulo Se\u00f1orita Neiva.<\/p>\n<p>Estos fueron los requisitos estipulados para la inscripci\u00f3n del certamen Se\u00f1orita Neiva en la versi\u00f3n 63 del Festival del Bambuco en San Juan y San Pedro, seg\u00fan se dio a conocer en la Circular no. 0018 del 08 de mayo de 2024.<\/p>\n<p>\u00abPara inscribirse pueden acercarse a la Oficina del Festival Municipal ubicada en el Parque de la M\u00fasica al lado de la Secretar\u00eda de Cultura, all\u00ed dispondr\u00e1n de toda la informaci\u00f3n necesaria y la atenci\u00f3n requerida para poder hacer el proceso de inscripci\u00f3n de sus candidatas\u00bb, sostuvo Tania Pe\u00f1afiel Espa\u00f1a, Secretaria de Cultura.<\/p>\n<p><strong>Criterios de evaluaci\u00f3n Se\u00f1orita Neiva<\/strong><\/p>\n<p>Interpretaci\u00f3n del sanjuanero<br \/>\nHuilense &#8211; 60%.<\/p>\n<p>Traje de ba\u00f1o 10%.<\/p>\n<p>Entrevista 10%.<\/p>\n<p>Muestra de talento 10%.<\/p>\n<p>Popularidad 5%.<\/p>\n<p>Puntualidad 5%.<\/p>\n<p>Para un total del 100%.<\/p>\n","protected":false},"excerpt":{"rendered":"<p>Con el prop\u00f3sito de mejorar los requisitos de inscripciones para las candidatas al Se\u00f1orita Neiva, se realizaron algunas modificaciones para que las candidatas de cada una de las empresas, puedan participar de este certamen en el marco del 63 Festival del Bambuco en San Juan y San Pedro. Requisitos 1. Tener entre 18 y 27 [&hellip;]<\/p>\n","protected":false},"author":2,"featured_media":73082,"comment_status":"closed","ping_status":"open","sticky":false,"template":"","format":"standard","meta":{"footnotes":""},"categories":[31],"tags":[],"class_list":["post-73081","post","type-post","status-publish","format-standard","has-post-thumbnail","hentry","category-local"],"yoast_head":"<!-- This site is optimized with the Yoast SEO plugin v26.6 - https:\/\/yoast.com\/wordpress\/plugins\/seo\/ -->\n<title>Inscribase para el Reinado de Se\u00f1orita Neiva 2024 -<\/title>\n<meta name=\"robots\" content=\"index, follow, max-snippet:-1, max-image-preview:large, max-video-preview:-1\" \/>\n<link rel=\"canonical\" href=\"https:\/\/luchonoticias.com\/editor\/inscribase-para-el-reinado-de-senorita-neiva-2024\/\" \/>\n<meta property=\"og:locale\" content=\"es_ES\" \/>\n<meta property=\"og:type\" content=\"article\" \/>\n<meta property=\"og:title\" content=\"Inscribase para el Reinado de Se\u00f1orita Neiva 2024 -\" \/>\n<meta property=\"og:url\" content=\"https:\/\/luchonoticias.com\/editor\/inscribase-para-el-reinado-de-senorita-neiva-2024\/\" \/>\n<meta property=\"article:publisher\" content=\"https:\/\/www.facebook.com\/luchonoticiasneiva\" \/>\n<meta property=\"article:published_time\" content=\"2024-05-15T12:46:54+00:00\" \/>\n<meta property=\"og:image\" content=\"https:\/\/luchonoticias.com\/editor\/wp-content\/uploads\/2024\/05\/senorita-neiva.jpg\" \/>\n\t<meta property=\"og:image:width\" content=\"700\" \/>\n\t<meta property=\"og:image:height\" content=\"400\" \/>\n\t<meta property=\"og:image:type\" content=\"image\/jpeg\" \/>\n<meta name=\"author\" content=\"Editor General\" \/>\n<meta name=\"twitter:card\" content=\"summary_large_image\" \/>\n<meta name=\"twitter:label1\" content=\"Escrito por\" \/>\n\t<meta name=\"twitter:data1\" content=\"Editor General\" \/>\n\t<meta name=\"twitter:label2\" content=\"Tiempo de lectura\" \/>\n\t<meta name=\"twitter:data2\" content=\"2 minutos\" \/>\n<script type=\"application\/ld+json\" class=\"yoast-schema-graph\">{\"@context\":\"https:\/\/schema.org\",\"@graph\":[{\"@type\":\"Article\",\"@id\":\"https:\/\/luchonoticias.com\/editor\/inscribase-para-el-reinado-de-senorita-neiva-2024\/#article\",\"isPartOf\":{\"@id\":\"https:\/\/luchonoticias.com\/editor\/inscribase-para-el-reinado-de-senorita-neiva-2024\/\"},\"author\":{\"name\":\"Editor General\",\"@id\":\"https:\/\/luchonoticias.com\/editor\/#\/schema\/person\/29217990ddf6f14e35912b2866d591fb\"},\"headline\":\"Inscribase para el Reinado de Se\u00f1orita Neiva 2024\",\"datePublished\":\"2024-05-15T12:46:54+00:00\",\"mainEntityOfPage\":{\"@id\":\"https:\/\/luchonoticias.com\/editor\/inscribase-para-el-reinado-de-senorita-neiva-2024\/\"},\"wordCount\":324,\"publisher\":{\"@id\":\"https:\/\/luchonoticias.com\/editor\/#\/schema\/person\/7a7fd911f58561fd056dbac7b55af9cd\"},\"image\":{\"@id\":\"https:\/\/luchonoticias.com\/editor\/inscribase-para-el-reinado-de-senorita-neiva-2024\/#primaryimage\"},\"thumbnailUrl\":\"https:\/\/luchonoticias.com\/editor\/wp-content\/uploads\/2024\/05\/senorita-neiva.jpg\",\"articleSection\":[\"Local\"],\"inLanguage\":\"es\"},{\"@type\":\"WebPage\",\"@id\":\"https:\/\/luchonoticias.com\/editor\/inscribase-para-el-reinado-de-senorita-neiva-2024\/\",\"url\":\"https:\/\/luchonoticias.com\/editor\/inscribase-para-el-reinado-de-senorita-neiva-2024\/\",\"name\":\"Inscribase para el Reinado de Se\u00f1orita Neiva 2024 -\",\"isPartOf\":{\"@id\":\"https:\/\/luchonoticias.com\/editor\/#website\"},\"primaryImageOfPage\":{\"@id\":\"https:\/\/luchonoticias.com\/editor\/inscribase-para-el-reinado-de-senorita-neiva-2024\/#primaryimage\"},\"image\":{\"@id\":\"https:\/\/luchonoticias.com\/editor\/inscribase-para-el-reinado-de-senorita-neiva-2024\/#primaryimage\"},\"thumbnailUrl\":\"https:\/\/luchonoticias.com\/editor\/wp-content\/uploads\/2024\/05\/senorita-neiva.jpg\",\"datePublished\":\"2024-05-15T12:46:54+00:00\",\"breadcrumb\":{\"@id\":\"https:\/\/luchonoticias.com\/editor\/inscribase-para-el-reinado-de-senorita-neiva-2024\/#breadcrumb\"},\"inLanguage\":\"es\",\"potentialAction\":[{\"@type\":\"ReadAction\",\"target\":[\"https:\/\/luchonoticias.com\/editor\/inscribase-para-el-reinado-de-senorita-neiva-2024\/\"]}]},{\"@type\":\"ImageObject\",\"inLanguage\":\"es\",\"@id\":\"https:\/\/luchonoticias.com\/editor\/inscribase-para-el-reinado-de-senorita-neiva-2024\/#primaryimage\",\"url\":\"https:\/\/luchonoticias.com\/editor\/wp-content\/uploads\/2024\/05\/senorita-neiva.jpg\",\"contentUrl\":\"https:\/\/luchonoticias.com\/editor\/wp-content\/uploads\/2024\/05\/senorita-neiva.jpg\",\"width\":700,\"height\":400},{\"@type\":\"BreadcrumbList\",\"@id\":\"https:\/\/luchonoticias.com\/editor\/inscribase-para-el-reinado-de-senorita-neiva-2024\/#breadcrumb\",\"itemListElement\":[{\"@type\":\"ListItem\",\"position\":1,\"name\":\"Portada\",\"item\":\"https:\/\/luchonoticias.com\/editor\/\"},{\"@type\":\"ListItem\",\"position\":2,\"name\":\"Inscribase para el Reinado de Se\u00f1orita Neiva 2024\"}]},{\"@type\":\"WebSite\",\"@id\":\"https:\/\/luchonoticias.com\/editor\/#website\",\"url\":\"https:\/\/luchonoticias.com\/editor\/\",\"name\":\"\",\"description\":\"\",\"publisher\":{\"@id\":\"https:\/\/luchonoticias.com\/editor\/#\/schema\/person\/7a7fd911f58561fd056dbac7b55af9cd\"},\"potentialAction\":[{\"@type\":\"SearchAction\",\"target\":{\"@type\":\"EntryPoint\",\"urlTemplate\":\"https:\/\/luchonoticias.com\/editor\/?s={search_term_string}\"},\"query-input\":{\"@type\":\"PropertyValueSpecification\",\"valueRequired\":true,\"valueName\":\"search_term_string\"}}],\"inLanguage\":\"es\"},{\"@type\":[\"Person\",\"Organization\"],\"@id\":\"https:\/\/luchonoticias.com\/editor\/#\/schema\/person\/7a7fd911f58561fd056dbac7b55af9cd\",\"name\":\"admin\",\"image\":{\"@type\":\"ImageObject\",\"inLanguage\":\"es\",\"@id\":\"https:\/\/luchonoticias.com\/editor\/#\/schema\/person\/image\/\",\"url\":\"https:\/\/luchonoticias.com\/editor\/wp-content\/uploads\/2024\/02\/cropped-cropped-logolu.webp\",\"contentUrl\":\"https:\/\/luchonoticias.com\/editor\/wp-content\/uploads\/2024\/02\/cropped-cropped-logolu.webp\",\"width\":382,\"height\":170,\"caption\":\"admin\"},\"logo\":{\"@id\":\"https:\/\/luchonoticias.com\/editor\/#\/schema\/person\/image\/\"},\"sameAs\":[\"https:\/\/www.facebook.com\/luchonoticiasneiva\"]},{\"@type\":\"Person\",\"@id\":\"https:\/\/luchonoticias.com\/editor\/#\/schema\/person\/29217990ddf6f14e35912b2866d591fb\",\"name\":\"Editor General\",\"image\":{\"@type\":\"ImageObject\",\"inLanguage\":\"es\",\"@id\":\"https:\/\/luchonoticias.com\/editor\/#\/schema\/person\/image\/\",\"url\":\"https:\/\/luchonoticias.com\/editor\/wp-content\/uploads\/2024\/02\/cropped-cropped-logolu-150x150.webp\",\"contentUrl\":\"https:\/\/luchonoticias.com\/editor\/wp-content\/uploads\/2024\/02\/cropped-cropped-logolu-150x150.webp\",\"caption\":\"Editor General\"},\"sameAs\":[\"https:\/\/luchonoticias.com\/\"],\"url\":\"https:\/\/luchonoticias.com\/editor\/author\/editor-general\/\"}]}<\/script>\n<!-- \/ Yoast SEO plugin. -->","yoast_head_json":{"title":"Inscribase para el Reinado de Se\u00f1orita Neiva 2024 -","robots":{"index":"index","follow":"follow","max-snippet":"max-snippet:-1","max-image-preview":"max-image-preview:large","max-video-preview":"max-video-preview:-1"},"canonical":"https:\/\/luchonoticias.com\/editor\/inscribase-para-el-reinado-de-senorita-neiva-2024\/","og_locale":"es_ES","og_type":"article","og_title":"Inscribase para el Reinado de Se\u00f1orita Neiva 2024 -","og_url":"https:\/\/luchonoticias.com\/editor\/inscribase-para-el-reinado-de-senorita-neiva-2024\/","article_publisher":"https:\/\/www.facebook.com\/luchonoticiasneiva","article_published_time":"2024-05-15T12:46:54+00:00","og_image":[{"width":700,"height":400,"url":"https:\/\/luchonoticias.com\/editor\/wp-content\/uploads\/2024\/05\/senorita-neiva.jpg","type":"image\/jpeg"}],"author":"Editor General","twitter_card":"summary_large_image","twitter_misc":{"Escrito por":"Editor General","Tiempo de lectura":"2 minutos"},"schema":{"@context":"https:\/\/schema.org","@graph":[{"@type":"Article","@id":"https:\/\/luchonoticias.com\/editor\/inscribase-para-el-reinado-de-senorita-neiva-2024\/#article","isPartOf":{"@id":"https:\/\/luchonoticias.com\/editor\/inscribase-para-el-reinado-de-senorita-neiva-2024\/"},"author":{"name":"Editor General","@id":"https:\/\/luchonoticias.com\/editor\/#\/schema\/person\/29217990ddf6f14e35912b2866d591fb"},"headline":"Inscribase para el Reinado de Se\u00f1orita Neiva 2024","datePublished":"2024-05-15T12:46:54+00:00","mainEntityOfPage":{"@id":"https:\/\/luchonoticias.com\/editor\/inscribase-para-el-reinado-de-senorita-neiva-2024\/"},"wordCount":324,"publisher":{"@id":"https:\/\/luchonoticias.com\/editor\/#\/schema\/person\/7a7fd911f58561fd056dbac7b55af9cd"},"image":{"@id":"https:\/\/luchonoticias.com\/editor\/inscribase-para-el-reinado-de-senorita-neiva-2024\/#primaryimage"},"thumbnailUrl":"https:\/\/luchonoticias.com\/editor\/wp-content\/uploads\/2024\/05\/senorita-neiva.jpg","articleSection":["Local"],"inLanguage":"es"},{"@type":"WebPage","@id":"https:\/\/luchonoticias.com\/editor\/inscribase-para-el-reinado-de-senorita-neiva-2024\/","url":"https:\/\/luchonoticias.com\/editor\/inscribase-para-el-reinado-de-senorita-neiva-2024\/","name":"Inscribase para el Reinado de Se\u00f1orita Neiva 2024 -","isPartOf":{"@id":"https:\/\/luchonoticias.com\/editor\/#website"},"primaryImageOfPage":{"@id":"https:\/\/luchonoticias.com\/editor\/inscribase-para-el-reinado-de-senorita-neiva-2024\/#primaryimage"},"image":{"@id":"https:\/\/luchonoticias.com\/editor\/inscribase-para-el-reinado-de-senorita-neiva-2024\/#primaryimage"},"thumbnailUrl":"https:\/\/luchonoticias.com\/editor\/wp-content\/uploads\/2024\/05\/senorita-neiva.jpg","datePublished":"2024-05-15T12:46:54+00:00","breadcrumb":{"@id":"https:\/\/luchonoticias.com\/editor\/inscribase-para-el-reinado-de-senorita-neiva-2024\/#breadcrumb"},"inLanguage":"es","potentialAction":[{"@type":"ReadAction","target":["https:\/\/luchonoticias.com\/editor\/inscribase-para-el-reinado-de-senorita-neiva-2024\/"]}]},{"@type":"ImageObject","inLanguage":"es","@id":"https:\/\/luchonoticias.com\/editor\/inscribase-para-el-reinado-de-senorita-neiva-2024\/#primaryimage","url":"https:\/\/luchonoticias.com\/editor\/wp-content\/uploads\/2024\/05\/senorita-neiva.jpg","contentUrl":"https:\/\/luchonoticias.com\/editor\/wp-content\/uploads\/2024\/05\/senorita-neiva.jpg","width":700,"height":400},{"@type":"BreadcrumbList","@id":"https:\/\/luchonoticias.com\/editor\/inscribase-para-el-reinado-de-senorita-neiva-2024\/#breadcrumb","itemListElement":[{"@type":"ListItem","position":1,"name":"Portada","item":"https:\/\/luchonoticias.com\/editor\/"},{"@type":"ListItem","position":2,"name":"Inscribase para el Reinado de Se\u00f1orita Neiva 2024"}]},{"@type":"WebSite","@id":"https:\/\/luchonoticias.com\/editor\/#website","url":"https:\/\/luchonoticias.com\/editor\/","name":"","description":"","publisher":{"@id":"https:\/\/luchonoticias.com\/editor\/#\/schema\/person\/7a7fd911f58561fd056dbac7b55af9cd"},"potentialAction":[{"@type":"SearchAction","target":{"@type":"EntryPoint","urlTemplate":"https:\/\/luchonoticias.com\/editor\/?s={search_term_string}"},"query-input":{"@type":"PropertyValueSpecification","valueRequired":true,"valueName":"search_term_string"}}],"inLanguage":"es"},{"@type":["Person","Organization"],"@id":"https:\/\/luchonoticias.com\/editor\/#\/schema\/person\/7a7fd911f58561fd056dbac7b55af9cd","name":"admin","image":{"@type":"ImageObject","inLanguage":"es","@id":"https:\/\/luchonoticias.com\/editor\/#\/schema\/person\/image\/","url":"https:\/\/luchonoticias.com\/editor\/wp-content\/uploads\/2024\/02\/cropped-cropped-logolu.webp","contentUrl":"https:\/\/luchonoticias.com\/editor\/wp-content\/uploads\/2024\/02\/cropped-cropped-logolu.webp","width":382,"height":170,"caption":"admin"},"logo":{"@id":"https:\/\/luchonoticias.com\/editor\/#\/schema\/person\/image\/"},"sameAs":["https:\/\/www.facebook.com\/luchonoticiasneiva"]},{"@type":"Person","@id":"https:\/\/luchonoticias.com\/editor\/#\/schema\/person\/29217990ddf6f14e35912b2866d591fb","name":"Editor General","image":{"@type":"ImageObject","inLanguage":"es","@id":"https:\/\/luchonoticias.com\/editor\/#\/schema\/person\/image\/","url":"https:\/\/luchonoticias.com\/editor\/wp-content\/uploads\/2024\/02\/cropped-cropped-logolu-150x150.webp","contentUrl":"https:\/\/luchonoticias.com\/editor\/wp-content\/uploads\/2024\/02\/cropped-cropped-logolu-150x150.webp","caption":"Editor General"},"sameAs":["https:\/\/luchonoticias.com\/"],"url":"https:\/\/luchonoticias.com\/editor\/author\/editor-general\/"}]}},"_links":{"self":[{"href":"https:\/\/luchonoticias.com\/editor\/wp-json\/wp\/v2\/posts\/73081","targetHints":{"allow":["GET"]}}],"collection":[{"href":"https:\/\/luchonoticias.com\/editor\/wp-json\/wp\/v2\/posts"}],"about":[{"href":"https:\/\/luchonoticias.com\/editor\/wp-json\/wp\/v2\/types\/post"}],"author":[{"embeddable":true,"href":"https:\/\/luchonoticias.com\/editor\/wp-json\/wp\/v2\/users\/2"}],"replies":[{"embeddable":true,"href":"https:\/\/luchonoticias.com\/editor\/wp-json\/wp\/v2\/comments?post=73081"}],"version-history":[{"count":0,"href":"https:\/\/luchonoticias.com\/editor\/wp-json\/wp\/v2\/posts\/73081\/revisions"}],"wp:featuredmedia":[{"embeddable":true,"href":"https:\/\/luchonoticias.com\/editor\/wp-json\/wp\/v2\/media\/73082"}],"wp:attachment":[{"href":"https:\/\/luchonoticias.com\/editor\/wp-json\/wp\/v2\/media?parent=73081"}],"wp:term":[{"taxonomy":"category","embeddable":true,"href":"https:\/\/luchonoticias.com\/editor\/wp-json\/wp\/v2\/categories?post=73081"},{"taxonomy":"post_tag","embeddable":true,"href":"https:\/\/luchonoticias.com\/editor\/wp-json\/wp\/v2\/tags?post=73081"}],"curies":[{"name":"wp","href":"https:\/\/api.w.org\/{rel}","templated":true}]}}