{"id":73093,"date":"2024-05-15T11:56:49","date_gmt":"2024-05-15T16:56:49","guid":{"rendered":"https:\/\/luchonoticias.com\/?p=73093"},"modified":"2024-05-15T11:56:49","modified_gmt":"2024-05-15T16:56:49","slug":"procuraduria-pide-fortalecer-el-control-de-migrantes-ilegales-en-el-darien","status":"publish","type":"post","link":"https:\/\/luchonoticias.com\/editor\/procuraduria-pide-fortalecer-el-control-de-migrantes-ilegales-en-el-darien\/","title":{"rendered":"Procuradur\u00eda pide fortalecer el control de migrantes ilegales en el Dari\u00e9n"},"content":{"rendered":"<div>La Procuradur\u00eda General de la Naci\u00f3n hizo un nuevo llamado a los Ministerios de Transporte, Defensa Nacional, a la Superintendencia de Transporte, a la Armada Nacional, la\u00a0Direcci\u00f3n General Mar\u00edtima,\u00a0<strong>revisar la regulaci\u00f3n al transporte de migrantes hacia la frontera con Panam\u00e1 por el Tap\u00f3n del Dari\u00e9n,<\/strong>\u00a0con el fin de poner en cintura de una vez por todas a las empresas que realizan estos recorridos terrestres y mar\u00edtimos.<\/div>\n<div><\/div>\n<div>El procurador Delegado para los Derechos Humanos, Javier Sarmiento, record\u00f3 que desde enero de 2023\u00a0<strong>el Ministerio P\u00fablico ha venido denunciando que dichas empresas privadas no s\u00f3lo estar\u00edan transportando a migrantes sin realizar las respectivas verificaciones, sino que algunas estar\u00edan ofreciendo \u201cpaquetes tur\u00edsticos\u201d para facilitar la migraci\u00f3n irregular\u00a0<\/strong>a trav\u00e9s de nuestro pa\u00eds, con destino a los Estados Unidos.<\/div>\n<div><\/div>\n<div><em>\u201cLa decisi\u00f3n anunciada por el gobierno estadounidense de implementar sanciones de car\u00e1cter personal a los ejecutivos de varias de estas empresas son disuasivas y\u00a0 deber\u00edan servir para que las entidades encargadas de la regulaci\u00f3n de esta clase de transporte incrementen los controles y eviten que las empresas se conviertan en facilitadores del tr\u00e1fico de migrantes.\u201d,<\/em>\u00a0agreg\u00f3 el procurador Delegado para la Defensa de los Derechos Humanos.<\/div>\n","protected":false},"excerpt":{"rendered":"<p>La Procuradur\u00eda General de la Naci\u00f3n hizo un nuevo llamado a los Ministerios de Transporte, Defensa Nacional, a la Superintendencia de Transporte, a la Armada Nacional, la\u00a0Direcci\u00f3n General Mar\u00edtima,\u00a0revisar la regulaci\u00f3n al transporte de migrantes hacia la frontera con Panam\u00e1 por el Tap\u00f3n del Dari\u00e9n,\u00a0con el fin de poner en cintura de una vez por [&hellip;]<\/p>\n","protected":false},"author":2,"featured_media":73094,"comment_status":"closed","ping_status":"open","sticky":false,"template":"","format":"standard","meta":{"footnotes":""},"categories":[28],"tags":[],"class_list":["post-73093","post","type-post","status-publish","format-standard","has-post-thumbnail","hentry","category-actualidad"],"yoast_head":"<!-- This site is optimized with the Yoast SEO plugin v26.6 - https:\/\/yoast.com\/wordpress\/plugins\/seo\/ -->\n<title>Procuradur\u00eda pide fortalecer el control de migrantes ilegales en el Dari\u00e9n -<\/title>\n<meta name=\"robots\" content=\"index, follow, max-snippet:-1, max-image-preview:large, max-video-preview:-1\" \/>\n<link rel=\"canonical\" href=\"https:\/\/luchonoticias.com\/editor\/procuraduria-pide-fortalecer-el-control-de-migrantes-ilegales-en-el-darien\/\" \/>\n<meta property=\"og:locale\" content=\"es_ES\" \/>\n<meta property=\"og:type\" content=\"article\" \/>\n<meta property=\"og:title\" content=\"Procuradur\u00eda pide fortalecer el control de migrantes ilegales en el Dari\u00e9n -\" \/>\n<meta property=\"og:url\" content=\"https:\/\/luchonoticias.com\/editor\/procuraduria-pide-fortalecer-el-control-de-migrantes-ilegales-en-el-darien\/\" \/>\n<meta property=\"article:publisher\" content=\"https:\/\/www.facebook.com\/luchonoticiasneiva\" \/>\n<meta property=\"article:published_time\" content=\"2024-05-15T16:56:49+00:00\" \/>\n<meta property=\"og:image\" content=\"https:\/\/luchonoticias.com\/editor\/wp-content\/uploads\/2024\/05\/PROCURADURIA-2.jpg\" \/>\n\t<meta property=\"og:image:width\" content=\"700\" \/>\n\t<meta property=\"og:image:height\" content=\"400\" \/>\n\t<meta property=\"og:image:type\" content=\"image\/jpeg\" \/>\n<meta name=\"author\" content=\"Editor General\" \/>\n<meta name=\"twitter:card\" content=\"summary_large_image\" \/>\n<meta name=\"twitter:label1\" content=\"Escrito por\" \/>\n\t<meta name=\"twitter:data1\" content=\"Editor General\" \/>\n\t<meta name=\"twitter:label2\" content=\"Tiempo de lectura\" \/>\n\t<meta name=\"twitter:data2\" content=\"1 minuto\" \/>\n<script type=\"application\/ld+json\" class=\"yoast-schema-graph\">{\"@context\":\"https:\/\/schema.org\",\"@graph\":[{\"@type\":\"Article\",\"@id\":\"https:\/\/luchonoticias.com\/editor\/procuraduria-pide-fortalecer-el-control-de-migrantes-ilegales-en-el-darien\/#article\",\"isPartOf\":{\"@id\":\"https:\/\/luchonoticias.com\/editor\/procuraduria-pide-fortalecer-el-control-de-migrantes-ilegales-en-el-darien\/\"},\"author\":{\"name\":\"Editor General\",\"@id\":\"https:\/\/luchonoticias.com\/editor\/#\/schema\/person\/29217990ddf6f14e35912b2866d591fb\"},\"headline\":\"Procuradur\u00eda pide fortalecer el control de migrantes ilegales en el Dari\u00e9n\",\"datePublished\":\"2024-05-15T16:56:49+00:00\",\"mainEntityOfPage\":{\"@id\":\"https:\/\/luchonoticias.com\/editor\/procuraduria-pide-fortalecer-el-control-de-migrantes-ilegales-en-el-darien\/\"},\"wordCount\":227,\"publisher\":{\"@id\":\"https:\/\/luchonoticias.com\/editor\/#\/schema\/person\/7a7fd911f58561fd056dbac7b55af9cd\"},\"image\":{\"@id\":\"https:\/\/luchonoticias.com\/editor\/procuraduria-pide-fortalecer-el-control-de-migrantes-ilegales-en-el-darien\/#primaryimage\"},\"thumbnailUrl\":\"https:\/\/luchonoticias.com\/editor\/wp-content\/uploads\/2024\/05\/PROCURADURIA-2.jpg\",\"articleSection\":[\"Actualidad\"],\"inLanguage\":\"es\"},{\"@type\":\"WebPage\",\"@id\":\"https:\/\/luchonoticias.com\/editor\/procuraduria-pide-fortalecer-el-control-de-migrantes-ilegales-en-el-darien\/\",\"url\":\"https:\/\/luchonoticias.com\/editor\/procuraduria-pide-fortalecer-el-control-de-migrantes-ilegales-en-el-darien\/\",\"name\":\"Procuradur\u00eda pide fortalecer el control de migrantes ilegales en el Dari\u00e9n -\",\"isPartOf\":{\"@id\":\"https:\/\/luchonoticias.com\/editor\/#website\"},\"primaryImageOfPage\":{\"@id\":\"https:\/\/luchonoticias.com\/editor\/procuraduria-pide-fortalecer-el-control-de-migrantes-ilegales-en-el-darien\/#primaryimage\"},\"image\":{\"@id\":\"https:\/\/luchonoticias.com\/editor\/procuraduria-pide-fortalecer-el-control-de-migrantes-ilegales-en-el-darien\/#primaryimage\"},\"thumbnailUrl\":\"https:\/\/luchonoticias.com\/editor\/wp-content\/uploads\/2024\/05\/PROCURADURIA-2.jpg\",\"datePublished\":\"2024-05-15T16:56:49+00:00\",\"breadcrumb\":{\"@id\":\"https:\/\/luchonoticias.com\/editor\/procuraduria-pide-fortalecer-el-control-de-migrantes-ilegales-en-el-darien\/#breadcrumb\"},\"inLanguage\":\"es\",\"potentialAction\":[{\"@type\":\"ReadAction\",\"target\":[\"https:\/\/luchonoticias.com\/editor\/procuraduria-pide-fortalecer-el-control-de-migrantes-ilegales-en-el-darien\/\"]}]},{\"@type\":\"ImageObject\",\"inLanguage\":\"es\",\"@id\":\"https:\/\/luchonoticias.com\/editor\/procuraduria-pide-fortalecer-el-control-de-migrantes-ilegales-en-el-darien\/#primaryimage\",\"url\":\"https:\/\/luchonoticias.com\/editor\/wp-content\/uploads\/2024\/05\/PROCURADURIA-2.jpg\",\"contentUrl\":\"https:\/\/luchonoticias.com\/editor\/wp-content\/uploads\/2024\/05\/PROCURADURIA-2.jpg\",\"width\":700,\"height\":400},{\"@type\":\"BreadcrumbList\",\"@id\":\"https:\/\/luchonoticias.com\/editor\/procuraduria-pide-fortalecer-el-control-de-migrantes-ilegales-en-el-darien\/#breadcrumb\",\"itemListElement\":[{\"@type\":\"ListItem\",\"position\":1,\"name\":\"Portada\",\"item\":\"https:\/\/luchonoticias.com\/editor\/\"},{\"@type\":\"ListItem\",\"position\":2,\"name\":\"Procuradur\u00eda pide fortalecer el control de migrantes ilegales en el Dari\u00e9n\"}]},{\"@type\":\"WebSite\",\"@id\":\"https:\/\/luchonoticias.com\/editor\/#website\",\"url\":\"https:\/\/luchonoticias.com\/editor\/\",\"name\":\"\",\"description\":\"\",\"publisher\":{\"@id\":\"https:\/\/luchonoticias.com\/editor\/#\/schema\/person\/7a7fd911f58561fd056dbac7b55af9cd\"},\"potentialAction\":[{\"@type\":\"SearchAction\",\"target\":{\"@type\":\"EntryPoint\",\"urlTemplate\":\"https:\/\/luchonoticias.com\/editor\/?s={search_term_string}\"},\"query-input\":{\"@type\":\"PropertyValueSpecification\",\"valueRequired\":true,\"valueName\":\"search_term_string\"}}],\"inLanguage\":\"es\"},{\"@type\":[\"Person\",\"Organization\"],\"@id\":\"https:\/\/luchonoticias.com\/editor\/#\/schema\/person\/7a7fd911f58561fd056dbac7b55af9cd\",\"name\":\"admin\",\"image\":{\"@type\":\"ImageObject\",\"inLanguage\":\"es\",\"@id\":\"https:\/\/luchonoticias.com\/editor\/#\/schema\/person\/image\/\",\"url\":\"https:\/\/luchonoticias.com\/editor\/wp-content\/uploads\/2024\/02\/cropped-cropped-logolu.webp\",\"contentUrl\":\"https:\/\/luchonoticias.com\/editor\/wp-content\/uploads\/2024\/02\/cropped-cropped-logolu.webp\",\"width\":382,\"height\":170,\"caption\":\"admin\"},\"logo\":{\"@id\":\"https:\/\/luchonoticias.com\/editor\/#\/schema\/person\/image\/\"},\"sameAs\":[\"https:\/\/www.facebook.com\/luchonoticiasneiva\"]},{\"@type\":\"Person\",\"@id\":\"https:\/\/luchonoticias.com\/editor\/#\/schema\/person\/29217990ddf6f14e35912b2866d591fb\",\"name\":\"Editor General\",\"image\":{\"@type\":\"ImageObject\",\"inLanguage\":\"es\",\"@id\":\"https:\/\/luchonoticias.com\/editor\/#\/schema\/person\/image\/\",\"url\":\"https:\/\/luchonoticias.com\/editor\/wp-content\/uploads\/2024\/02\/cropped-cropped-logolu-150x150.webp\",\"contentUrl\":\"https:\/\/luchonoticias.com\/editor\/wp-content\/uploads\/2024\/02\/cropped-cropped-logolu-150x150.webp\",\"caption\":\"Editor General\"},\"sameAs\":[\"https:\/\/luchonoticias.com\/\"],\"url\":\"https:\/\/luchonoticias.com\/editor\/author\/editor-general\/\"}]}<\/script>\n<!-- \/ Yoast SEO plugin. -->","yoast_head_json":{"title":"Procuradur\u00eda pide fortalecer el control de migrantes ilegales en el Dari\u00e9n -","robots":{"index":"index","follow":"follow","max-snippet":"max-snippet:-1","max-image-preview":"max-image-preview:large","max-video-preview":"max-video-preview:-1"},"canonical":"https:\/\/luchonoticias.com\/editor\/procuraduria-pide-fortalecer-el-control-de-migrantes-ilegales-en-el-darien\/","og_locale":"es_ES","og_type":"article","og_title":"Procuradur\u00eda pide fortalecer el control de migrantes ilegales en el Dari\u00e9n -","og_url":"https:\/\/luchonoticias.com\/editor\/procuraduria-pide-fortalecer-el-control-de-migrantes-ilegales-en-el-darien\/","article_publisher":"https:\/\/www.facebook.com\/luchonoticiasneiva","article_published_time":"2024-05-15T16:56:49+00:00","og_image":[{"width":700,"height":400,"url":"https:\/\/luchonoticias.com\/editor\/wp-content\/uploads\/2024\/05\/PROCURADURIA-2.jpg","type":"image\/jpeg"}],"author":"Editor General","twitter_card":"summary_large_image","twitter_misc":{"Escrito por":"Editor General","Tiempo de lectura":"1 minuto"},"schema":{"@context":"https:\/\/schema.org","@graph":[{"@type":"Article","@id":"https:\/\/luchonoticias.com\/editor\/procuraduria-pide-fortalecer-el-control-de-migrantes-ilegales-en-el-darien\/#article","isPartOf":{"@id":"https:\/\/luchonoticias.com\/editor\/procuraduria-pide-fortalecer-el-control-de-migrantes-ilegales-en-el-darien\/"},"author":{"name":"Editor General","@id":"https:\/\/luchonoticias.com\/editor\/#\/schema\/person\/29217990ddf6f14e35912b2866d591fb"},"headline":"Procuradur\u00eda pide fortalecer el control de migrantes ilegales en el Dari\u00e9n","datePublished":"2024-05-15T16:56:49+00:00","mainEntityOfPage":{"@id":"https:\/\/luchonoticias.com\/editor\/procuraduria-pide-fortalecer-el-control-de-migrantes-ilegales-en-el-darien\/"},"wordCount":227,"publisher":{"@id":"https:\/\/luchonoticias.com\/editor\/#\/schema\/person\/7a7fd911f58561fd056dbac7b55af9cd"},"image":{"@id":"https:\/\/luchonoticias.com\/editor\/procuraduria-pide-fortalecer-el-control-de-migrantes-ilegales-en-el-darien\/#primaryimage"},"thumbnailUrl":"https:\/\/luchonoticias.com\/editor\/wp-content\/uploads\/2024\/05\/PROCURADURIA-2.jpg","articleSection":["Actualidad"],"inLanguage":"es"},{"@type":"WebPage","@id":"https:\/\/luchonoticias.com\/editor\/procuraduria-pide-fortalecer-el-control-de-migrantes-ilegales-en-el-darien\/","url":"https:\/\/luchonoticias.com\/editor\/procuraduria-pide-fortalecer-el-control-de-migrantes-ilegales-en-el-darien\/","name":"Procuradur\u00eda pide fortalecer el control de migrantes ilegales en el Dari\u00e9n -","isPartOf":{"@id":"https:\/\/luchonoticias.com\/editor\/#website"},"primaryImageOfPage":{"@id":"https:\/\/luchonoticias.com\/editor\/procuraduria-pide-fortalecer-el-control-de-migrantes-ilegales-en-el-darien\/#primaryimage"},"image":{"@id":"https:\/\/luchonoticias.com\/editor\/procuraduria-pide-fortalecer-el-control-de-migrantes-ilegales-en-el-darien\/#primaryimage"},"thumbnailUrl":"https:\/\/luchonoticias.com\/editor\/wp-content\/uploads\/2024\/05\/PROCURADURIA-2.jpg","datePublished":"2024-05-15T16:56:49+00:00","breadcrumb":{"@id":"https:\/\/luchonoticias.com\/editor\/procuraduria-pide-fortalecer-el-control-de-migrantes-ilegales-en-el-darien\/#breadcrumb"},"inLanguage":"es","potentialAction":[{"@type":"ReadAction","target":["https:\/\/luchonoticias.com\/editor\/procuraduria-pide-fortalecer-el-control-de-migrantes-ilegales-en-el-darien\/"]}]},{"@type":"ImageObject","inLanguage":"es","@id":"https:\/\/luchonoticias.com\/editor\/procuraduria-pide-fortalecer-el-control-de-migrantes-ilegales-en-el-darien\/#primaryimage","url":"https:\/\/luchonoticias.com\/editor\/wp-content\/uploads\/2024\/05\/PROCURADURIA-2.jpg","contentUrl":"https:\/\/luchonoticias.com\/editor\/wp-content\/uploads\/2024\/05\/PROCURADURIA-2.jpg","width":700,"height":400},{"@type":"BreadcrumbList","@id":"https:\/\/luchonoticias.com\/editor\/procuraduria-pide-fortalecer-el-control-de-migrantes-ilegales-en-el-darien\/#breadcrumb","itemListElement":[{"@type":"ListItem","position":1,"name":"Portada","item":"https:\/\/luchonoticias.com\/editor\/"},{"@type":"ListItem","position":2,"name":"Procuradur\u00eda pide fortalecer el control de migrantes ilegales en el Dari\u00e9n"}]},{"@type":"WebSite","@id":"https:\/\/luchonoticias.com\/editor\/#website","url":"https:\/\/luchonoticias.com\/editor\/","name":"","description":"","publisher":{"@id":"https:\/\/luchonoticias.com\/editor\/#\/schema\/person\/7a7fd911f58561fd056dbac7b55af9cd"},"potentialAction":[{"@type":"SearchAction","target":{"@type":"EntryPoint","urlTemplate":"https:\/\/luchonoticias.com\/editor\/?s={search_term_string}"},"query-input":{"@type":"PropertyValueSpecification","valueRequired":true,"valueName":"search_term_string"}}],"inLanguage":"es"},{"@type":["Person","Organization"],"@id":"https:\/\/luchonoticias.com\/editor\/#\/schema\/person\/7a7fd911f58561fd056dbac7b55af9cd","name":"admin","image":{"@type":"ImageObject","inLanguage":"es","@id":"https:\/\/luchonoticias.com\/editor\/#\/schema\/person\/image\/","url":"https:\/\/luchonoticias.com\/editor\/wp-content\/uploads\/2024\/02\/cropped-cropped-logolu.webp","contentUrl":"https:\/\/luchonoticias.com\/editor\/wp-content\/uploads\/2024\/02\/cropped-cropped-logolu.webp","width":382,"height":170,"caption":"admin"},"logo":{"@id":"https:\/\/luchonoticias.com\/editor\/#\/schema\/person\/image\/"},"sameAs":["https:\/\/www.facebook.com\/luchonoticiasneiva"]},{"@type":"Person","@id":"https:\/\/luchonoticias.com\/editor\/#\/schema\/person\/29217990ddf6f14e35912b2866d591fb","name":"Editor General","image":{"@type":"ImageObject","inLanguage":"es","@id":"https:\/\/luchonoticias.com\/editor\/#\/schema\/person\/image\/","url":"https:\/\/luchonoticias.com\/editor\/wp-content\/uploads\/2024\/02\/cropped-cropped-logolu-150x150.webp","contentUrl":"https:\/\/luchonoticias.com\/editor\/wp-content\/uploads\/2024\/02\/cropped-cropped-logolu-150x150.webp","caption":"Editor General"},"sameAs":["https:\/\/luchonoticias.com\/"],"url":"https:\/\/luchonoticias.com\/editor\/author\/editor-general\/"}]}},"_links":{"self":[{"href":"https:\/\/luchonoticias.com\/editor\/wp-json\/wp\/v2\/posts\/73093","targetHints":{"allow":["GET"]}}],"collection":[{"href":"https:\/\/luchonoticias.com\/editor\/wp-json\/wp\/v2\/posts"}],"about":[{"href":"https:\/\/luchonoticias.com\/editor\/wp-json\/wp\/v2\/types\/post"}],"author":[{"embeddable":true,"href":"https:\/\/luchonoticias.com\/editor\/wp-json\/wp\/v2\/users\/2"}],"replies":[{"embeddable":true,"href":"https:\/\/luchonoticias.com\/editor\/wp-json\/wp\/v2\/comments?post=73093"}],"version-history":[{"count":0,"href":"https:\/\/luchonoticias.com\/editor\/wp-json\/wp\/v2\/posts\/73093\/revisions"}],"wp:featuredmedia":[{"embeddable":true,"href":"https:\/\/luchonoticias.com\/editor\/wp-json\/wp\/v2\/media\/73094"}],"wp:attachment":[{"href":"https:\/\/luchonoticias.com\/editor\/wp-json\/wp\/v2\/media?parent=73093"}],"wp:term":[{"taxonomy":"category","embeddable":true,"href":"https:\/\/luchonoticias.com\/editor\/wp-json\/wp\/v2\/categories?post=73093"},{"taxonomy":"post_tag","embeddable":true,"href":"https:\/\/luchonoticias.com\/editor\/wp-json\/wp\/v2\/tags?post=73093"}],"curies":[{"name":"wp","href":"https:\/\/api.w.org\/{rel}","templated":true}]}}