{"id":73100,"date":"2024-05-15T15:36:43","date_gmt":"2024-05-15T20:36:43","guid":{"rendered":"https:\/\/luchonoticias.com\/?p=73100"},"modified":"2024-05-15T15:36:43","modified_gmt":"2024-05-15T20:36:43","slug":"descubierto-nuevo-tipo-de-abeja-en-el-huila","status":"publish","type":"post","link":"https:\/\/luchonoticias.com\/editor\/descubierto-nuevo-tipo-de-abeja-en-el-huila\/","title":{"rendered":"Descubierto nuevo tipo de abeja en el Huila"},"content":{"rendered":"<p>Una abeja especializada en recolectar aceites florales, un abejorro de las orqu\u00eddeas, abejas sin aguij\u00f3n y muy sociales, meliponas que produce la mejor miel del pa\u00eds, as\u00ed como una par\u00e1sita que pone a otras abejas a criar a sus descendientes, hacen parte del grupo de las nueve nuevas especies de abejas silvestres registradas en el Huila.<br \/>\nEl descubrimiento fue hecho durante la ejecuci\u00f3n del proyecto de ciencia, tecnolog\u00eda e innovaci\u00f3n que se adelanta en el corredor Andino Amaz\u00f3nico.<\/p>\n<p>El proyecto financiado con recursos del Sistema General de Regal\u00edas, la Corporaci\u00f3n Aut\u00f3noma Regional del Alto Magdalena \u2013 CAM, la Gobernaci\u00f3n del Huila y Conservaci\u00f3n Internacional, tiene como objetivo incrementar la producci\u00f3n cient\u00edfica sobre el efecto del servicio ecosist\u00e9mico de la polinizaci\u00f3n con abejas silvestres sin aguij\u00f3n en los paisajes cafeteros del Corredor de Transici\u00f3n Andino Amaz\u00f3nico en el departamento del Huila.<\/p>\n<p>\u201cNuestro objetivo fue caracterizar la diversidad y abundancia de las abejas silvestres sin aguij\u00f3n en el Huila, por eso seleccionamos 18 fincas cafeteras, en las cuales recolectamos las abejas silvestres con ayuda de aspiradores bucales y redes entomol\u00f3gicas, traslad\u00e1ndolas al laboratorio de Investigaciones en Abejas de la Universidad Nacional de Colombia para hacer la identificaci\u00f3n taxon\u00f3mica, encontrando que nueve especies de todas las que recolectamos, no estaban reportadas para el Corredor y unas de ellas no estaban registradas para el Huila\u201d, relat\u00f3 Antonella Sardi, l\u00edder del equipo cient\u00edfico del proyecto.<\/p>\n<p>Con esta investigaci\u00f3n adelantada por la Fundaci\u00f3n Reserva Natural La Palmita \u2013 Centro de Investigaci\u00f3n, se descubri\u00f3 que en seis de los 13 municipios que integran el corredor andino amaz\u00f3nico habitan cinco nuevas especies de abejas sin aguij\u00f3n, dos nuevas especies de abejas del aceite (Centris quadrimaculata y Paratetrapedia calcarata), una especie de abejorro de las orqu\u00eddeas (Eufriesea surinamensis) y una especie de abeja par\u00e1sita (Triepeolus aff. Cameroni).<\/p>\n<p>Detalles del descubrimiento<\/p>\n<p>Los detalles que rodean el descubrimiento se presentar\u00e1n en una publicaci\u00f3n cient\u00edfica internacional, pero desde el proyecto se dio a conocer que las abejas fueron recolectadas entre noviembre del a\u00f1o 2023 y febrero del 2024, ya que exist\u00edan muchos vac\u00edos de informaci\u00f3n respecto al conocimiento de las abejas silvestres en el departamento del Huila.<\/p>\n<p>\u201cSe hab\u00edan realizado estudios en el Desierto de la Tatacoa y unas colectas entre Rivera y San Agust\u00edn, sin embargo se desconoc\u00eda las especies de abejas silvestres en el corredor, por lo tanto estos hallazgos permiten tener un mejor conocimiento y adem\u00e1s ampliar la distribuci\u00f3n de estas especies en el pa\u00eds\u201d, asegur\u00f3 Sardi, quien explic\u00f3 que a su vez este resultado aporta significativamente a los esfuerzos de conservaci\u00f3n de estos polinizadores nativos, adelantados en el corredor de transici\u00f3n andino amaz\u00f3nico del Huila como en todo el pa\u00eds.<\/p>\n","protected":false},"excerpt":{"rendered":"<p>Una abeja especializada en recolectar aceites florales, un abejorro de las orqu\u00eddeas, abejas sin aguij\u00f3n y muy sociales, meliponas que produce la mejor miel del pa\u00eds, as\u00ed como una par\u00e1sita que pone a otras abejas a criar a sus descendientes, hacen parte del grupo de las nueve nuevas especies de abejas silvestres registradas en el [&hellip;]<\/p>\n","protected":false},"author":2,"featured_media":73101,"comment_status":"closed","ping_status":"open","sticky":false,"template":"","format":"standard","meta":{"footnotes":""},"categories":[33],"tags":[],"class_list":["post-73100","post","type-post","status-publish","format-standard","has-post-thumbnail","hentry","category-huila"],"yoast_head":"<!-- This site is optimized with the Yoast SEO plugin v26.6 - https:\/\/yoast.com\/wordpress\/plugins\/seo\/ -->\n<title>Descubierto nuevo tipo de abeja en el Huila -<\/title>\n<meta name=\"robots\" content=\"index, follow, max-snippet:-1, max-image-preview:large, max-video-preview:-1\" \/>\n<link rel=\"canonical\" href=\"https:\/\/luchonoticias.com\/editor\/descubierto-nuevo-tipo-de-abeja-en-el-huila\/\" \/>\n<meta property=\"og:locale\" content=\"es_ES\" \/>\n<meta property=\"og:type\" content=\"article\" \/>\n<meta property=\"og:title\" content=\"Descubierto nuevo tipo de abeja en el Huila -\" \/>\n<meta property=\"og:url\" content=\"https:\/\/luchonoticias.com\/editor\/descubierto-nuevo-tipo-de-abeja-en-el-huila\/\" \/>\n<meta property=\"article:publisher\" content=\"https:\/\/www.facebook.com\/luchonoticiasneiva\" \/>\n<meta property=\"article:published_time\" content=\"2024-05-15T20:36:43+00:00\" \/>\n<meta property=\"og:image\" content=\"https:\/\/luchonoticias.com\/editor\/wp-content\/uploads\/2024\/05\/WhatsApp-Image-2024-05-15-at-14.31.27.jpeg\" \/>\n\t<meta property=\"og:image:width\" content=\"1350\" \/>\n\t<meta property=\"og:image:height\" content=\"992\" \/>\n\t<meta property=\"og:image:type\" content=\"image\/jpeg\" \/>\n<meta name=\"author\" content=\"Editor General\" \/>\n<meta name=\"twitter:card\" content=\"summary_large_image\" \/>\n<meta name=\"twitter:label1\" content=\"Escrito por\" \/>\n\t<meta name=\"twitter:data1\" content=\"Editor General\" \/>\n\t<meta name=\"twitter:label2\" content=\"Tiempo de lectura\" \/>\n\t<meta name=\"twitter:data2\" content=\"2 minutos\" \/>\n<script type=\"application\/ld+json\" class=\"yoast-schema-graph\">{\"@context\":\"https:\/\/schema.org\",\"@graph\":[{\"@type\":\"Article\",\"@id\":\"https:\/\/luchonoticias.com\/editor\/descubierto-nuevo-tipo-de-abeja-en-el-huila\/#article\",\"isPartOf\":{\"@id\":\"https:\/\/luchonoticias.com\/editor\/descubierto-nuevo-tipo-de-abeja-en-el-huila\/\"},\"author\":{\"name\":\"Editor General\",\"@id\":\"https:\/\/luchonoticias.com\/editor\/#\/schema\/person\/29217990ddf6f14e35912b2866d591fb\"},\"headline\":\"Descubierto nuevo tipo de abeja en el Huila\",\"datePublished\":\"2024-05-15T20:36:43+00:00\",\"mainEntityOfPage\":{\"@id\":\"https:\/\/luchonoticias.com\/editor\/descubierto-nuevo-tipo-de-abeja-en-el-huila\/\"},\"wordCount\":495,\"publisher\":{\"@id\":\"https:\/\/luchonoticias.com\/editor\/#\/schema\/person\/7a7fd911f58561fd056dbac7b55af9cd\"},\"image\":{\"@id\":\"https:\/\/luchonoticias.com\/editor\/descubierto-nuevo-tipo-de-abeja-en-el-huila\/#primaryimage\"},\"thumbnailUrl\":\"https:\/\/luchonoticias.com\/editor\/wp-content\/uploads\/2024\/05\/WhatsApp-Image-2024-05-15-at-14.31.27.jpeg\",\"articleSection\":[\"Huila\"],\"inLanguage\":\"es\"},{\"@type\":\"WebPage\",\"@id\":\"https:\/\/luchonoticias.com\/editor\/descubierto-nuevo-tipo-de-abeja-en-el-huila\/\",\"url\":\"https:\/\/luchonoticias.com\/editor\/descubierto-nuevo-tipo-de-abeja-en-el-huila\/\",\"name\":\"Descubierto nuevo tipo de abeja en el Huila -\",\"isPartOf\":{\"@id\":\"https:\/\/luchonoticias.com\/editor\/#website\"},\"primaryImageOfPage\":{\"@id\":\"https:\/\/luchonoticias.com\/editor\/descubierto-nuevo-tipo-de-abeja-en-el-huila\/#primaryimage\"},\"image\":{\"@id\":\"https:\/\/luchonoticias.com\/editor\/descubierto-nuevo-tipo-de-abeja-en-el-huila\/#primaryimage\"},\"thumbnailUrl\":\"https:\/\/luchonoticias.com\/editor\/wp-content\/uploads\/2024\/05\/WhatsApp-Image-2024-05-15-at-14.31.27.jpeg\",\"datePublished\":\"2024-05-15T20:36:43+00:00\",\"breadcrumb\":{\"@id\":\"https:\/\/luchonoticias.com\/editor\/descubierto-nuevo-tipo-de-abeja-en-el-huila\/#breadcrumb\"},\"inLanguage\":\"es\",\"potentialAction\":[{\"@type\":\"ReadAction\",\"target\":[\"https:\/\/luchonoticias.com\/editor\/descubierto-nuevo-tipo-de-abeja-en-el-huila\/\"]}]},{\"@type\":\"ImageObject\",\"inLanguage\":\"es\",\"@id\":\"https:\/\/luchonoticias.com\/editor\/descubierto-nuevo-tipo-de-abeja-en-el-huila\/#primaryimage\",\"url\":\"https:\/\/luchonoticias.com\/editor\/wp-content\/uploads\/2024\/05\/WhatsApp-Image-2024-05-15-at-14.31.27.jpeg\",\"contentUrl\":\"https:\/\/luchonoticias.com\/editor\/wp-content\/uploads\/2024\/05\/WhatsApp-Image-2024-05-15-at-14.31.27.jpeg\",\"width\":1350,\"height\":992},{\"@type\":\"BreadcrumbList\",\"@id\":\"https:\/\/luchonoticias.com\/editor\/descubierto-nuevo-tipo-de-abeja-en-el-huila\/#breadcrumb\",\"itemListElement\":[{\"@type\":\"ListItem\",\"position\":1,\"name\":\"Portada\",\"item\":\"https:\/\/luchonoticias.com\/editor\/\"},{\"@type\":\"ListItem\",\"position\":2,\"name\":\"Descubierto nuevo tipo de abeja en el Huila\"}]},{\"@type\":\"WebSite\",\"@id\":\"https:\/\/luchonoticias.com\/editor\/#website\",\"url\":\"https:\/\/luchonoticias.com\/editor\/\",\"name\":\"\",\"description\":\"\",\"publisher\":{\"@id\":\"https:\/\/luchonoticias.com\/editor\/#\/schema\/person\/7a7fd911f58561fd056dbac7b55af9cd\"},\"potentialAction\":[{\"@type\":\"SearchAction\",\"target\":{\"@type\":\"EntryPoint\",\"urlTemplate\":\"https:\/\/luchonoticias.com\/editor\/?s={search_term_string}\"},\"query-input\":{\"@type\":\"PropertyValueSpecification\",\"valueRequired\":true,\"valueName\":\"search_term_string\"}}],\"inLanguage\":\"es\"},{\"@type\":[\"Person\",\"Organization\"],\"@id\":\"https:\/\/luchonoticias.com\/editor\/#\/schema\/person\/7a7fd911f58561fd056dbac7b55af9cd\",\"name\":\"admin\",\"image\":{\"@type\":\"ImageObject\",\"inLanguage\":\"es\",\"@id\":\"https:\/\/luchonoticias.com\/editor\/#\/schema\/person\/image\/\",\"url\":\"https:\/\/luchonoticias.com\/editor\/wp-content\/uploads\/2024\/02\/cropped-cropped-logolu.webp\",\"contentUrl\":\"https:\/\/luchonoticias.com\/editor\/wp-content\/uploads\/2024\/02\/cropped-cropped-logolu.webp\",\"width\":382,\"height\":170,\"caption\":\"admin\"},\"logo\":{\"@id\":\"https:\/\/luchonoticias.com\/editor\/#\/schema\/person\/image\/\"},\"sameAs\":[\"https:\/\/www.facebook.com\/luchonoticiasneiva\"]},{\"@type\":\"Person\",\"@id\":\"https:\/\/luchonoticias.com\/editor\/#\/schema\/person\/29217990ddf6f14e35912b2866d591fb\",\"name\":\"Editor General\",\"image\":{\"@type\":\"ImageObject\",\"inLanguage\":\"es\",\"@id\":\"https:\/\/luchonoticias.com\/editor\/#\/schema\/person\/image\/\",\"url\":\"https:\/\/luchonoticias.com\/editor\/wp-content\/uploads\/2024\/02\/cropped-cropped-logolu-150x150.webp\",\"contentUrl\":\"https:\/\/luchonoticias.com\/editor\/wp-content\/uploads\/2024\/02\/cropped-cropped-logolu-150x150.webp\",\"caption\":\"Editor General\"},\"sameAs\":[\"https:\/\/luchonoticias.com\/\"],\"url\":\"https:\/\/luchonoticias.com\/editor\/author\/editor-general\/\"}]}<\/script>\n<!-- \/ Yoast SEO plugin. -->","yoast_head_json":{"title":"Descubierto nuevo tipo de abeja en el Huila -","robots":{"index":"index","follow":"follow","max-snippet":"max-snippet:-1","max-image-preview":"max-image-preview:large","max-video-preview":"max-video-preview:-1"},"canonical":"https:\/\/luchonoticias.com\/editor\/descubierto-nuevo-tipo-de-abeja-en-el-huila\/","og_locale":"es_ES","og_type":"article","og_title":"Descubierto nuevo tipo de abeja en el Huila -","og_url":"https:\/\/luchonoticias.com\/editor\/descubierto-nuevo-tipo-de-abeja-en-el-huila\/","article_publisher":"https:\/\/www.facebook.com\/luchonoticiasneiva","article_published_time":"2024-05-15T20:36:43+00:00","og_image":[{"width":1350,"height":992,"url":"https:\/\/luchonoticias.com\/editor\/wp-content\/uploads\/2024\/05\/WhatsApp-Image-2024-05-15-at-14.31.27.jpeg","type":"image\/jpeg"}],"author":"Editor General","twitter_card":"summary_large_image","twitter_misc":{"Escrito por":"Editor General","Tiempo de lectura":"2 minutos"},"schema":{"@context":"https:\/\/schema.org","@graph":[{"@type":"Article","@id":"https:\/\/luchonoticias.com\/editor\/descubierto-nuevo-tipo-de-abeja-en-el-huila\/#article","isPartOf":{"@id":"https:\/\/luchonoticias.com\/editor\/descubierto-nuevo-tipo-de-abeja-en-el-huila\/"},"author":{"name":"Editor General","@id":"https:\/\/luchonoticias.com\/editor\/#\/schema\/person\/29217990ddf6f14e35912b2866d591fb"},"headline":"Descubierto nuevo tipo de abeja en el Huila","datePublished":"2024-05-15T20:36:43+00:00","mainEntityOfPage":{"@id":"https:\/\/luchonoticias.com\/editor\/descubierto-nuevo-tipo-de-abeja-en-el-huila\/"},"wordCount":495,"publisher":{"@id":"https:\/\/luchonoticias.com\/editor\/#\/schema\/person\/7a7fd911f58561fd056dbac7b55af9cd"},"image":{"@id":"https:\/\/luchonoticias.com\/editor\/descubierto-nuevo-tipo-de-abeja-en-el-huila\/#primaryimage"},"thumbnailUrl":"https:\/\/luchonoticias.com\/editor\/wp-content\/uploads\/2024\/05\/WhatsApp-Image-2024-05-15-at-14.31.27.jpeg","articleSection":["Huila"],"inLanguage":"es"},{"@type":"WebPage","@id":"https:\/\/luchonoticias.com\/editor\/descubierto-nuevo-tipo-de-abeja-en-el-huila\/","url":"https:\/\/luchonoticias.com\/editor\/descubierto-nuevo-tipo-de-abeja-en-el-huila\/","name":"Descubierto nuevo tipo de abeja en el Huila -","isPartOf":{"@id":"https:\/\/luchonoticias.com\/editor\/#website"},"primaryImageOfPage":{"@id":"https:\/\/luchonoticias.com\/editor\/descubierto-nuevo-tipo-de-abeja-en-el-huila\/#primaryimage"},"image":{"@id":"https:\/\/luchonoticias.com\/editor\/descubierto-nuevo-tipo-de-abeja-en-el-huila\/#primaryimage"},"thumbnailUrl":"https:\/\/luchonoticias.com\/editor\/wp-content\/uploads\/2024\/05\/WhatsApp-Image-2024-05-15-at-14.31.27.jpeg","datePublished":"2024-05-15T20:36:43+00:00","breadcrumb":{"@id":"https:\/\/luchonoticias.com\/editor\/descubierto-nuevo-tipo-de-abeja-en-el-huila\/#breadcrumb"},"inLanguage":"es","potentialAction":[{"@type":"ReadAction","target":["https:\/\/luchonoticias.com\/editor\/descubierto-nuevo-tipo-de-abeja-en-el-huila\/"]}]},{"@type":"ImageObject","inLanguage":"es","@id":"https:\/\/luchonoticias.com\/editor\/descubierto-nuevo-tipo-de-abeja-en-el-huila\/#primaryimage","url":"https:\/\/luchonoticias.com\/editor\/wp-content\/uploads\/2024\/05\/WhatsApp-Image-2024-05-15-at-14.31.27.jpeg","contentUrl":"https:\/\/luchonoticias.com\/editor\/wp-content\/uploads\/2024\/05\/WhatsApp-Image-2024-05-15-at-14.31.27.jpeg","width":1350,"height":992},{"@type":"BreadcrumbList","@id":"https:\/\/luchonoticias.com\/editor\/descubierto-nuevo-tipo-de-abeja-en-el-huila\/#breadcrumb","itemListElement":[{"@type":"ListItem","position":1,"name":"Portada","item":"https:\/\/luchonoticias.com\/editor\/"},{"@type":"ListItem","position":2,"name":"Descubierto nuevo tipo de abeja en el Huila"}]},{"@type":"WebSite","@id":"https:\/\/luchonoticias.com\/editor\/#website","url":"https:\/\/luchonoticias.com\/editor\/","name":"","description":"","publisher":{"@id":"https:\/\/luchonoticias.com\/editor\/#\/schema\/person\/7a7fd911f58561fd056dbac7b55af9cd"},"potentialAction":[{"@type":"SearchAction","target":{"@type":"EntryPoint","urlTemplate":"https:\/\/luchonoticias.com\/editor\/?s={search_term_string}"},"query-input":{"@type":"PropertyValueSpecification","valueRequired":true,"valueName":"search_term_string"}}],"inLanguage":"es"},{"@type":["Person","Organization"],"@id":"https:\/\/luchonoticias.com\/editor\/#\/schema\/person\/7a7fd911f58561fd056dbac7b55af9cd","name":"admin","image":{"@type":"ImageObject","inLanguage":"es","@id":"https:\/\/luchonoticias.com\/editor\/#\/schema\/person\/image\/","url":"https:\/\/luchonoticias.com\/editor\/wp-content\/uploads\/2024\/02\/cropped-cropped-logolu.webp","contentUrl":"https:\/\/luchonoticias.com\/editor\/wp-content\/uploads\/2024\/02\/cropped-cropped-logolu.webp","width":382,"height":170,"caption":"admin"},"logo":{"@id":"https:\/\/luchonoticias.com\/editor\/#\/schema\/person\/image\/"},"sameAs":["https:\/\/www.facebook.com\/luchonoticiasneiva"]},{"@type":"Person","@id":"https:\/\/luchonoticias.com\/editor\/#\/schema\/person\/29217990ddf6f14e35912b2866d591fb","name":"Editor General","image":{"@type":"ImageObject","inLanguage":"es","@id":"https:\/\/luchonoticias.com\/editor\/#\/schema\/person\/image\/","url":"https:\/\/luchonoticias.com\/editor\/wp-content\/uploads\/2024\/02\/cropped-cropped-logolu-150x150.webp","contentUrl":"https:\/\/luchonoticias.com\/editor\/wp-content\/uploads\/2024\/02\/cropped-cropped-logolu-150x150.webp","caption":"Editor General"},"sameAs":["https:\/\/luchonoticias.com\/"],"url":"https:\/\/luchonoticias.com\/editor\/author\/editor-general\/"}]}},"_links":{"self":[{"href":"https:\/\/luchonoticias.com\/editor\/wp-json\/wp\/v2\/posts\/73100","targetHints":{"allow":["GET"]}}],"collection":[{"href":"https:\/\/luchonoticias.com\/editor\/wp-json\/wp\/v2\/posts"}],"about":[{"href":"https:\/\/luchonoticias.com\/editor\/wp-json\/wp\/v2\/types\/post"}],"author":[{"embeddable":true,"href":"https:\/\/luchonoticias.com\/editor\/wp-json\/wp\/v2\/users\/2"}],"replies":[{"embeddable":true,"href":"https:\/\/luchonoticias.com\/editor\/wp-json\/wp\/v2\/comments?post=73100"}],"version-history":[{"count":0,"href":"https:\/\/luchonoticias.com\/editor\/wp-json\/wp\/v2\/posts\/73100\/revisions"}],"wp:featuredmedia":[{"embeddable":true,"href":"https:\/\/luchonoticias.com\/editor\/wp-json\/wp\/v2\/media\/73101"}],"wp:attachment":[{"href":"https:\/\/luchonoticias.com\/editor\/wp-json\/wp\/v2\/media?parent=73100"}],"wp:term":[{"taxonomy":"category","embeddable":true,"href":"https:\/\/luchonoticias.com\/editor\/wp-json\/wp\/v2\/categories?post=73100"},{"taxonomy":"post_tag","embeddable":true,"href":"https:\/\/luchonoticias.com\/editor\/wp-json\/wp\/v2\/tags?post=73100"}],"curies":[{"name":"wp","href":"https:\/\/api.w.org\/{rel}","templated":true}]}}