{"id":73103,"date":"2024-05-15T15:40:50","date_gmt":"2024-05-15T20:40:50","guid":{"rendered":"https:\/\/luchonoticias.com\/?p=73103"},"modified":"2024-05-15T15:40:50","modified_gmt":"2024-05-15T20:40:50","slug":"imo-disena-mascara-de-superheroe-para-nino-en-tratamiento-de-radioterapia","status":"publish","type":"post","link":"https:\/\/luchonoticias.com\/editor\/imo-disena-mascara-de-superheroe-para-nino-en-tratamiento-de-radioterapia\/","title":{"rendered":"IMO dise\u00f1a m\u00e1scara de superh\u00e9roe para ni\u00f1o en tratamiento de radioterapia"},"content":{"rendered":"<p>Jes\u00fas David Mart\u00ednez R\u00edos de Pitalito, a sus 12 a\u00f1os enfrenta como un gran h\u00e9roe un tumor del sistema nervioso central que se llama Meduloblastoma, patolog\u00eda extra\u00f1a que afecta a 4 ni\u00f1os por cada mill\u00f3n de habitantes.<\/p>\n<p>Su tratamiento requiere cirug\u00eda, radioterapia y quimioterapia, servicios que le ofrece en Neiva el Instituto M\u00e9dico Oncol\u00f3gico y le permiten estar muy cerca de casa y toda su familia.<\/p>\n<p>Las sesiones de radioterapia, por la imponencia del equipo y la m\u00e1scara que debe usar le generaban un poco de temor, que se venci\u00f3 una vez que nuestro F\u00edsico M\u00e9dico y el personal de especialistas de IMO invitaran a estas sesiones a Batman, el s\u00faper h\u00e9roe favorito de Jes\u00fas David.<\/p>\n<p>El doctor Javier Rodr\u00edguez Corredor, m\u00e9dico onc\u00f3logo radioter\u00e1pico de IMO, explic\u00f3 que la radioterapia de Jes\u00fas debe abarcar todo el eje craneoespinal, lo que hace necesario el uso de la m\u00e1scara para su inmovilizaci\u00f3n.<\/p>\n<p>\u201cNuestro equipo (Halcyon) de \u00faltima tecnolog\u00eda, logra administrar una dosis suficiente para eliminar las c\u00e9lulas del c\u00e1ncer, cuidando y protegiendo los \u00f3rganos a riesgo que se encuentran cercanos a las zonas de tratamiento, nuestro principal objetivo es curar con calidad de vida, evitando en los pacientes pedi\u00e1tricos como Jes\u00fas, efectos adversos a futuro que impidan su normal y adecuado desarrollo\u201d.<\/p>\n<p>La m\u00e1scara termopl\u00e1stica se realiza a la medida de cada paciente y el dise\u00f1o especial de la misma busca no solo cumplir con los requisitos t\u00e9cnicos, sino tambi\u00e9n brindarle al paciente una experiencia m\u00e1s alegre, divertida y alentadora durante el proceso.<\/p>\n<p>Imo es el \u00fanico instituto m\u00e9dico oncol\u00f3gico del sur de Colombia que ofrece en sus modernas instalaciones total integridad de servicios, con la mejor tecnolog\u00eda y personal especializado en la atenci\u00f3n de los pacientes pedi\u00e1tricos y adultos.<\/p>\n","protected":false},"excerpt":{"rendered":"<p>Jes\u00fas David Mart\u00ednez R\u00edos de Pitalito, a sus 12 a\u00f1os enfrenta como un gran h\u00e9roe un tumor del sistema nervioso central que se llama Meduloblastoma, patolog\u00eda extra\u00f1a que afecta a 4 ni\u00f1os por cada mill\u00f3n de habitantes. Su tratamiento requiere cirug\u00eda, radioterapia y quimioterapia, servicios que le ofrece en Neiva el Instituto M\u00e9dico Oncol\u00f3gico y [&hellip;]<\/p>\n","protected":false},"author":2,"featured_media":73104,"comment_status":"closed","ping_status":"open","sticky":false,"template":"","format":"standard","meta":{"footnotes":""},"categories":[33],"tags":[],"class_list":["post-73103","post","type-post","status-publish","format-standard","has-post-thumbnail","hentry","category-huila"],"yoast_head":"<!-- This site is optimized with the Yoast SEO plugin v26.6 - https:\/\/yoast.com\/wordpress\/plugins\/seo\/ -->\n<title>IMO dise\u00f1a m\u00e1scara de superh\u00e9roe para ni\u00f1o en tratamiento de radioterapia -<\/title>\n<meta name=\"robots\" content=\"index, follow, max-snippet:-1, max-image-preview:large, max-video-preview:-1\" \/>\n<link rel=\"canonical\" href=\"https:\/\/luchonoticias.com\/editor\/imo-disena-mascara-de-superheroe-para-nino-en-tratamiento-de-radioterapia\/\" \/>\n<meta property=\"og:locale\" content=\"es_ES\" \/>\n<meta property=\"og:type\" content=\"article\" \/>\n<meta property=\"og:title\" content=\"IMO dise\u00f1a m\u00e1scara de superh\u00e9roe para ni\u00f1o en tratamiento de radioterapia -\" \/>\n<meta property=\"og:url\" content=\"https:\/\/luchonoticias.com\/editor\/imo-disena-mascara-de-superheroe-para-nino-en-tratamiento-de-radioterapia\/\" \/>\n<meta property=\"article:publisher\" content=\"https:\/\/www.facebook.com\/luchonoticiasneiva\" \/>\n<meta property=\"article:published_time\" content=\"2024-05-15T20:40:50+00:00\" \/>\n<meta property=\"og:image\" content=\"https:\/\/luchonoticias.com\/editor\/wp-content\/uploads\/2024\/05\/WhatsApp-Image-2024-05-15-at-14.27.06.jpeg\" \/>\n\t<meta property=\"og:image:width\" content=\"1600\" \/>\n\t<meta property=\"og:image:height\" content=\"1066\" \/>\n\t<meta property=\"og:image:type\" content=\"image\/jpeg\" \/>\n<meta name=\"author\" content=\"Editor General\" \/>\n<meta name=\"twitter:card\" content=\"summary_large_image\" \/>\n<meta name=\"twitter:label1\" content=\"Escrito por\" \/>\n\t<meta name=\"twitter:data1\" content=\"Editor General\" \/>\n\t<meta name=\"twitter:label2\" content=\"Tiempo de lectura\" \/>\n\t<meta name=\"twitter:data2\" content=\"2 minutos\" \/>\n<script type=\"application\/ld+json\" class=\"yoast-schema-graph\">{\"@context\":\"https:\/\/schema.org\",\"@graph\":[{\"@type\":\"Article\",\"@id\":\"https:\/\/luchonoticias.com\/editor\/imo-disena-mascara-de-superheroe-para-nino-en-tratamiento-de-radioterapia\/#article\",\"isPartOf\":{\"@id\":\"https:\/\/luchonoticias.com\/editor\/imo-disena-mascara-de-superheroe-para-nino-en-tratamiento-de-radioterapia\/\"},\"author\":{\"name\":\"Editor General\",\"@id\":\"https:\/\/luchonoticias.com\/editor\/#\/schema\/person\/29217990ddf6f14e35912b2866d591fb\"},\"headline\":\"IMO dise\u00f1a m\u00e1scara de superh\u00e9roe para ni\u00f1o en tratamiento de radioterapia\",\"datePublished\":\"2024-05-15T20:40:50+00:00\",\"mainEntityOfPage\":{\"@id\":\"https:\/\/luchonoticias.com\/editor\/imo-disena-mascara-de-superheroe-para-nino-en-tratamiento-de-radioterapia\/\"},\"wordCount\":342,\"publisher\":{\"@id\":\"https:\/\/luchonoticias.com\/editor\/#\/schema\/person\/7a7fd911f58561fd056dbac7b55af9cd\"},\"image\":{\"@id\":\"https:\/\/luchonoticias.com\/editor\/imo-disena-mascara-de-superheroe-para-nino-en-tratamiento-de-radioterapia\/#primaryimage\"},\"thumbnailUrl\":\"https:\/\/luchonoticias.com\/editor\/wp-content\/uploads\/2024\/05\/WhatsApp-Image-2024-05-15-at-14.27.06.jpeg\",\"articleSection\":[\"Huila\"],\"inLanguage\":\"es\"},{\"@type\":\"WebPage\",\"@id\":\"https:\/\/luchonoticias.com\/editor\/imo-disena-mascara-de-superheroe-para-nino-en-tratamiento-de-radioterapia\/\",\"url\":\"https:\/\/luchonoticias.com\/editor\/imo-disena-mascara-de-superheroe-para-nino-en-tratamiento-de-radioterapia\/\",\"name\":\"IMO dise\u00f1a m\u00e1scara de superh\u00e9roe para ni\u00f1o en tratamiento de radioterapia -\",\"isPartOf\":{\"@id\":\"https:\/\/luchonoticias.com\/editor\/#website\"},\"primaryImageOfPage\":{\"@id\":\"https:\/\/luchonoticias.com\/editor\/imo-disena-mascara-de-superheroe-para-nino-en-tratamiento-de-radioterapia\/#primaryimage\"},\"image\":{\"@id\":\"https:\/\/luchonoticias.com\/editor\/imo-disena-mascara-de-superheroe-para-nino-en-tratamiento-de-radioterapia\/#primaryimage\"},\"thumbnailUrl\":\"https:\/\/luchonoticias.com\/editor\/wp-content\/uploads\/2024\/05\/WhatsApp-Image-2024-05-15-at-14.27.06.jpeg\",\"datePublished\":\"2024-05-15T20:40:50+00:00\",\"breadcrumb\":{\"@id\":\"https:\/\/luchonoticias.com\/editor\/imo-disena-mascara-de-superheroe-para-nino-en-tratamiento-de-radioterapia\/#breadcrumb\"},\"inLanguage\":\"es\",\"potentialAction\":[{\"@type\":\"ReadAction\",\"target\":[\"https:\/\/luchonoticias.com\/editor\/imo-disena-mascara-de-superheroe-para-nino-en-tratamiento-de-radioterapia\/\"]}]},{\"@type\":\"ImageObject\",\"inLanguage\":\"es\",\"@id\":\"https:\/\/luchonoticias.com\/editor\/imo-disena-mascara-de-superheroe-para-nino-en-tratamiento-de-radioterapia\/#primaryimage\",\"url\":\"https:\/\/luchonoticias.com\/editor\/wp-content\/uploads\/2024\/05\/WhatsApp-Image-2024-05-15-at-14.27.06.jpeg\",\"contentUrl\":\"https:\/\/luchonoticias.com\/editor\/wp-content\/uploads\/2024\/05\/WhatsApp-Image-2024-05-15-at-14.27.06.jpeg\",\"width\":1600,\"height\":1066},{\"@type\":\"BreadcrumbList\",\"@id\":\"https:\/\/luchonoticias.com\/editor\/imo-disena-mascara-de-superheroe-para-nino-en-tratamiento-de-radioterapia\/#breadcrumb\",\"itemListElement\":[{\"@type\":\"ListItem\",\"position\":1,\"name\":\"Portada\",\"item\":\"https:\/\/luchonoticias.com\/editor\/\"},{\"@type\":\"ListItem\",\"position\":2,\"name\":\"IMO dise\u00f1a m\u00e1scara de superh\u00e9roe para ni\u00f1o en tratamiento de radioterapia\"}]},{\"@type\":\"WebSite\",\"@id\":\"https:\/\/luchonoticias.com\/editor\/#website\",\"url\":\"https:\/\/luchonoticias.com\/editor\/\",\"name\":\"\",\"description\":\"\",\"publisher\":{\"@id\":\"https:\/\/luchonoticias.com\/editor\/#\/schema\/person\/7a7fd911f58561fd056dbac7b55af9cd\"},\"potentialAction\":[{\"@type\":\"SearchAction\",\"target\":{\"@type\":\"EntryPoint\",\"urlTemplate\":\"https:\/\/luchonoticias.com\/editor\/?s={search_term_string}\"},\"query-input\":{\"@type\":\"PropertyValueSpecification\",\"valueRequired\":true,\"valueName\":\"search_term_string\"}}],\"inLanguage\":\"es\"},{\"@type\":[\"Person\",\"Organization\"],\"@id\":\"https:\/\/luchonoticias.com\/editor\/#\/schema\/person\/7a7fd911f58561fd056dbac7b55af9cd\",\"name\":\"admin\",\"image\":{\"@type\":\"ImageObject\",\"inLanguage\":\"es\",\"@id\":\"https:\/\/luchonoticias.com\/editor\/#\/schema\/person\/image\/\",\"url\":\"https:\/\/luchonoticias.com\/editor\/wp-content\/uploads\/2024\/02\/cropped-cropped-logolu.webp\",\"contentUrl\":\"https:\/\/luchonoticias.com\/editor\/wp-content\/uploads\/2024\/02\/cropped-cropped-logolu.webp\",\"width\":382,\"height\":170,\"caption\":\"admin\"},\"logo\":{\"@id\":\"https:\/\/luchonoticias.com\/editor\/#\/schema\/person\/image\/\"},\"sameAs\":[\"https:\/\/www.facebook.com\/luchonoticiasneiva\"]},{\"@type\":\"Person\",\"@id\":\"https:\/\/luchonoticias.com\/editor\/#\/schema\/person\/29217990ddf6f14e35912b2866d591fb\",\"name\":\"Editor General\",\"image\":{\"@type\":\"ImageObject\",\"inLanguage\":\"es\",\"@id\":\"https:\/\/luchonoticias.com\/editor\/#\/schema\/person\/image\/\",\"url\":\"https:\/\/luchonoticias.com\/editor\/wp-content\/uploads\/2024\/02\/cropped-cropped-logolu-150x150.webp\",\"contentUrl\":\"https:\/\/luchonoticias.com\/editor\/wp-content\/uploads\/2024\/02\/cropped-cropped-logolu-150x150.webp\",\"caption\":\"Editor General\"},\"sameAs\":[\"https:\/\/luchonoticias.com\/\"],\"url\":\"https:\/\/luchonoticias.com\/editor\/author\/editor-general\/\"}]}<\/script>\n<!-- \/ Yoast SEO plugin. -->","yoast_head_json":{"title":"IMO dise\u00f1a m\u00e1scara de superh\u00e9roe para ni\u00f1o en tratamiento de radioterapia -","robots":{"index":"index","follow":"follow","max-snippet":"max-snippet:-1","max-image-preview":"max-image-preview:large","max-video-preview":"max-video-preview:-1"},"canonical":"https:\/\/luchonoticias.com\/editor\/imo-disena-mascara-de-superheroe-para-nino-en-tratamiento-de-radioterapia\/","og_locale":"es_ES","og_type":"article","og_title":"IMO dise\u00f1a m\u00e1scara de superh\u00e9roe para ni\u00f1o en tratamiento de radioterapia -","og_url":"https:\/\/luchonoticias.com\/editor\/imo-disena-mascara-de-superheroe-para-nino-en-tratamiento-de-radioterapia\/","article_publisher":"https:\/\/www.facebook.com\/luchonoticiasneiva","article_published_time":"2024-05-15T20:40:50+00:00","og_image":[{"width":1600,"height":1066,"url":"https:\/\/luchonoticias.com\/editor\/wp-content\/uploads\/2024\/05\/WhatsApp-Image-2024-05-15-at-14.27.06.jpeg","type":"image\/jpeg"}],"author":"Editor General","twitter_card":"summary_large_image","twitter_misc":{"Escrito por":"Editor General","Tiempo de lectura":"2 minutos"},"schema":{"@context":"https:\/\/schema.org","@graph":[{"@type":"Article","@id":"https:\/\/luchonoticias.com\/editor\/imo-disena-mascara-de-superheroe-para-nino-en-tratamiento-de-radioterapia\/#article","isPartOf":{"@id":"https:\/\/luchonoticias.com\/editor\/imo-disena-mascara-de-superheroe-para-nino-en-tratamiento-de-radioterapia\/"},"author":{"name":"Editor General","@id":"https:\/\/luchonoticias.com\/editor\/#\/schema\/person\/29217990ddf6f14e35912b2866d591fb"},"headline":"IMO dise\u00f1a m\u00e1scara de superh\u00e9roe para ni\u00f1o en tratamiento de radioterapia","datePublished":"2024-05-15T20:40:50+00:00","mainEntityOfPage":{"@id":"https:\/\/luchonoticias.com\/editor\/imo-disena-mascara-de-superheroe-para-nino-en-tratamiento-de-radioterapia\/"},"wordCount":342,"publisher":{"@id":"https:\/\/luchonoticias.com\/editor\/#\/schema\/person\/7a7fd911f58561fd056dbac7b55af9cd"},"image":{"@id":"https:\/\/luchonoticias.com\/editor\/imo-disena-mascara-de-superheroe-para-nino-en-tratamiento-de-radioterapia\/#primaryimage"},"thumbnailUrl":"https:\/\/luchonoticias.com\/editor\/wp-content\/uploads\/2024\/05\/WhatsApp-Image-2024-05-15-at-14.27.06.jpeg","articleSection":["Huila"],"inLanguage":"es"},{"@type":"WebPage","@id":"https:\/\/luchonoticias.com\/editor\/imo-disena-mascara-de-superheroe-para-nino-en-tratamiento-de-radioterapia\/","url":"https:\/\/luchonoticias.com\/editor\/imo-disena-mascara-de-superheroe-para-nino-en-tratamiento-de-radioterapia\/","name":"IMO dise\u00f1a m\u00e1scara de superh\u00e9roe para ni\u00f1o en tratamiento de radioterapia -","isPartOf":{"@id":"https:\/\/luchonoticias.com\/editor\/#website"},"primaryImageOfPage":{"@id":"https:\/\/luchonoticias.com\/editor\/imo-disena-mascara-de-superheroe-para-nino-en-tratamiento-de-radioterapia\/#primaryimage"},"image":{"@id":"https:\/\/luchonoticias.com\/editor\/imo-disena-mascara-de-superheroe-para-nino-en-tratamiento-de-radioterapia\/#primaryimage"},"thumbnailUrl":"https:\/\/luchonoticias.com\/editor\/wp-content\/uploads\/2024\/05\/WhatsApp-Image-2024-05-15-at-14.27.06.jpeg","datePublished":"2024-05-15T20:40:50+00:00","breadcrumb":{"@id":"https:\/\/luchonoticias.com\/editor\/imo-disena-mascara-de-superheroe-para-nino-en-tratamiento-de-radioterapia\/#breadcrumb"},"inLanguage":"es","potentialAction":[{"@type":"ReadAction","target":["https:\/\/luchonoticias.com\/editor\/imo-disena-mascara-de-superheroe-para-nino-en-tratamiento-de-radioterapia\/"]}]},{"@type":"ImageObject","inLanguage":"es","@id":"https:\/\/luchonoticias.com\/editor\/imo-disena-mascara-de-superheroe-para-nino-en-tratamiento-de-radioterapia\/#primaryimage","url":"https:\/\/luchonoticias.com\/editor\/wp-content\/uploads\/2024\/05\/WhatsApp-Image-2024-05-15-at-14.27.06.jpeg","contentUrl":"https:\/\/luchonoticias.com\/editor\/wp-content\/uploads\/2024\/05\/WhatsApp-Image-2024-05-15-at-14.27.06.jpeg","width":1600,"height":1066},{"@type":"BreadcrumbList","@id":"https:\/\/luchonoticias.com\/editor\/imo-disena-mascara-de-superheroe-para-nino-en-tratamiento-de-radioterapia\/#breadcrumb","itemListElement":[{"@type":"ListItem","position":1,"name":"Portada","item":"https:\/\/luchonoticias.com\/editor\/"},{"@type":"ListItem","position":2,"name":"IMO dise\u00f1a m\u00e1scara de superh\u00e9roe para ni\u00f1o en tratamiento de radioterapia"}]},{"@type":"WebSite","@id":"https:\/\/luchonoticias.com\/editor\/#website","url":"https:\/\/luchonoticias.com\/editor\/","name":"","description":"","publisher":{"@id":"https:\/\/luchonoticias.com\/editor\/#\/schema\/person\/7a7fd911f58561fd056dbac7b55af9cd"},"potentialAction":[{"@type":"SearchAction","target":{"@type":"EntryPoint","urlTemplate":"https:\/\/luchonoticias.com\/editor\/?s={search_term_string}"},"query-input":{"@type":"PropertyValueSpecification","valueRequired":true,"valueName":"search_term_string"}}],"inLanguage":"es"},{"@type":["Person","Organization"],"@id":"https:\/\/luchonoticias.com\/editor\/#\/schema\/person\/7a7fd911f58561fd056dbac7b55af9cd","name":"admin","image":{"@type":"ImageObject","inLanguage":"es","@id":"https:\/\/luchonoticias.com\/editor\/#\/schema\/person\/image\/","url":"https:\/\/luchonoticias.com\/editor\/wp-content\/uploads\/2024\/02\/cropped-cropped-logolu.webp","contentUrl":"https:\/\/luchonoticias.com\/editor\/wp-content\/uploads\/2024\/02\/cropped-cropped-logolu.webp","width":382,"height":170,"caption":"admin"},"logo":{"@id":"https:\/\/luchonoticias.com\/editor\/#\/schema\/person\/image\/"},"sameAs":["https:\/\/www.facebook.com\/luchonoticiasneiva"]},{"@type":"Person","@id":"https:\/\/luchonoticias.com\/editor\/#\/schema\/person\/29217990ddf6f14e35912b2866d591fb","name":"Editor General","image":{"@type":"ImageObject","inLanguage":"es","@id":"https:\/\/luchonoticias.com\/editor\/#\/schema\/person\/image\/","url":"https:\/\/luchonoticias.com\/editor\/wp-content\/uploads\/2024\/02\/cropped-cropped-logolu-150x150.webp","contentUrl":"https:\/\/luchonoticias.com\/editor\/wp-content\/uploads\/2024\/02\/cropped-cropped-logolu-150x150.webp","caption":"Editor General"},"sameAs":["https:\/\/luchonoticias.com\/"],"url":"https:\/\/luchonoticias.com\/editor\/author\/editor-general\/"}]}},"_links":{"self":[{"href":"https:\/\/luchonoticias.com\/editor\/wp-json\/wp\/v2\/posts\/73103","targetHints":{"allow":["GET"]}}],"collection":[{"href":"https:\/\/luchonoticias.com\/editor\/wp-json\/wp\/v2\/posts"}],"about":[{"href":"https:\/\/luchonoticias.com\/editor\/wp-json\/wp\/v2\/types\/post"}],"author":[{"embeddable":true,"href":"https:\/\/luchonoticias.com\/editor\/wp-json\/wp\/v2\/users\/2"}],"replies":[{"embeddable":true,"href":"https:\/\/luchonoticias.com\/editor\/wp-json\/wp\/v2\/comments?post=73103"}],"version-history":[{"count":0,"href":"https:\/\/luchonoticias.com\/editor\/wp-json\/wp\/v2\/posts\/73103\/revisions"}],"wp:featuredmedia":[{"embeddable":true,"href":"https:\/\/luchonoticias.com\/editor\/wp-json\/wp\/v2\/media\/73104"}],"wp:attachment":[{"href":"https:\/\/luchonoticias.com\/editor\/wp-json\/wp\/v2\/media?parent=73103"}],"wp:term":[{"taxonomy":"category","embeddable":true,"href":"https:\/\/luchonoticias.com\/editor\/wp-json\/wp\/v2\/categories?post=73103"},{"taxonomy":"post_tag","embeddable":true,"href":"https:\/\/luchonoticias.com\/editor\/wp-json\/wp\/v2\/tags?post=73103"}],"curies":[{"name":"wp","href":"https:\/\/api.w.org\/{rel}","templated":true}]}}