{"id":73107,"date":"2024-05-15T18:27:18","date_gmt":"2024-05-15T23:27:18","guid":{"rendered":"https:\/\/luchonoticias.com\/?p=73107"},"modified":"2024-05-15T18:27:18","modified_gmt":"2024-05-15T23:27:18","slug":"inaugurados-campeonatos-nacionales-de-lucha-en-neiva","status":"publish","type":"post","link":"https:\/\/luchonoticias.com\/editor\/inaugurados-campeonatos-nacionales-de-lucha-en-neiva\/","title":{"rendered":"Inaugurados campeonatos nacionales de lucha en Neiva"},"content":{"rendered":"<p>Con presencia del gobernador del Huila, Rodrigo Villalba Mosquera, el alcalde de Neiva, German Casagua, el director del Inderhuila, Felipe Victoria Barrag\u00e1n y personalidades del deporte local, regional y nacional, se dio apertura al Campeonato Nacional U17-U20 de Lucha, que brinda cupos clasificatorios al Campeonato Panamericano 2024.<\/p>\n<p>Un total de 12 delegaciones entre las que se encuentran Antioquia, Atl\u00e1ntico, Bogot\u00e1, Caldas, Cundinamarca, Magdalena, Nari\u00f1o, Santander, Tolima, Risaralda, Valle del Cauca y Huila, buscaran el cupo que los lleve a Rep\u00fablica Dominicana en el mes de junio con el fin de enfrentarse a las mejores selecciones en la disciplina.<\/p>\n<p>A prop\u00f3sito del acto inaugural, el gobernador del Huila, Rodrigo Villalba Mosquera, coment\u00f3: \u201cEnhorabuena este evento puede estimular a nuestros deportistas para prepararse de cara a las justas nacionales, regionales y ol\u00edmpicas. Estos espacios tienen toda la importancia y de manera especial, quiero enviarle un saludo a todas las delegaciones deportivas que est\u00e1n ac\u00e1; para ellos los mejores deseos y \u00e9xitos en esta jornada deportiva. Esta disciplina le ha dado nombre e industria al departamento, aspiramos a que el desempe\u00f1o y participaci\u00f3n del departamento sea exitosa, record\u00e1ndoles que ac\u00e1 tienen un funcionario, una autoridad gubernamental comprometida con el deporte, los principios y valores que inspiran estos eventos nacionales\u201d.<\/p>\n<p>Por otro lado, el alcalde de Neiva, Germ\u00e1n Casagua, complement\u00f3: \u201cA las m\u00e1s de 12 delegaciones que nos acompa\u00f1an y nos visitan en nuestro municipio, nos complace enormemente darles este recibimiento y atenderlos con toda la hospitalidad que nos caracteriza, esperen de Neiva y del departamento toda la atenci\u00f3n y todas las herramientas que requieran para la ejecuci\u00f3n de este magno evento. Muy agradecido con este apoyo enorme que nos ha brindado el gobernador y el director del Inderhuila y hacer posible este importante evento\u201d.<\/p>\n<p>Reconocimientos especiales<\/p>\n<p>El evento, que estuvo amenizado con un show de capoeira, una presentaci\u00f3n de Jiu-jitsu y la participaci\u00f3n de Zoe Casta\u00f1eda Romero, campeona de Gimnasia Art\u00edstica en Intercolegiados 2023, cont\u00f3 adem\u00e1s con un acto de reconocimiento a Hern\u00e1n Dar\u00edo Guzm\u00e1n, Juli\u00e1n Steven Horta, Arbey Alarc\u00f3n y Miguel Ipuz por sus logros deportivos a nivel nacional e internacional y por la proyecci\u00f3n en su carrera deportiva.<\/p>\n<p>El Dr. Juan Manuel Mart\u00ednez, presidente de la Liga de Lucha del Huila concluy\u00f3: \u201cMas que felices, orgullosos de tener hoy d\u00eda los ejecutivos de turno aqu\u00ed con nosotros, para m\u00ed como dirigente deportivo y presidente de la liga que recib\u00ed hace nueve a\u00f1os, tener el apoyo de la institucionalidad en pleno es un motivo de satisfacci\u00f3n enorme\u201d.<\/p>\n<p>El Campeonato Nacional se disputar\u00e1 en \u2018La capital bambuquera de Am\u00e9rica\u2019 hasta el pr\u00f3ximo s\u00e1bado 18 de mayo.<\/p>\n","protected":false},"excerpt":{"rendered":"<p>Con presencia del gobernador del Huila, Rodrigo Villalba Mosquera, el alcalde de Neiva, German Casagua, el director del Inderhuila, Felipe Victoria Barrag\u00e1n y personalidades del deporte local, regional y nacional, se dio apertura al Campeonato Nacional U17-U20 de Lucha, que brinda cupos clasificatorios al Campeonato Panamericano 2024. Un total de 12 delegaciones entre las que [&hellip;]<\/p>\n","protected":false},"author":2,"featured_media":73108,"comment_status":"closed","ping_status":"open","sticky":false,"template":"","format":"standard","meta":{"footnotes":""},"categories":[34],"tags":[],"class_list":["post-73107","post","type-post","status-publish","format-standard","has-post-thumbnail","hentry","category-deportes"],"yoast_head":"<!-- This site is optimized with the Yoast SEO plugin v26.6 - https:\/\/yoast.com\/wordpress\/plugins\/seo\/ -->\n<title>Inaugurados campeonatos nacionales de lucha en Neiva -<\/title>\n<meta name=\"robots\" content=\"index, follow, max-snippet:-1, max-image-preview:large, max-video-preview:-1\" \/>\n<link rel=\"canonical\" href=\"https:\/\/luchonoticias.com\/editor\/inaugurados-campeonatos-nacionales-de-lucha-en-neiva\/\" \/>\n<meta property=\"og:locale\" content=\"es_ES\" \/>\n<meta property=\"og:type\" content=\"article\" \/>\n<meta property=\"og:title\" content=\"Inaugurados campeonatos nacionales de lucha en Neiva -\" \/>\n<meta property=\"og:url\" content=\"https:\/\/luchonoticias.com\/editor\/inaugurados-campeonatos-nacionales-de-lucha-en-neiva\/\" \/>\n<meta property=\"article:publisher\" content=\"https:\/\/www.facebook.com\/luchonoticiasneiva\" \/>\n<meta property=\"article:published_time\" content=\"2024-05-15T23:27:18+00:00\" \/>\n<meta property=\"og:image\" content=\"https:\/\/luchonoticias.com\/editor\/wp-content\/uploads\/2024\/05\/lucha-reconocimiento.jpg\" \/>\n\t<meta property=\"og:image:width\" content=\"700\" \/>\n\t<meta property=\"og:image:height\" content=\"400\" \/>\n\t<meta property=\"og:image:type\" content=\"image\/jpeg\" \/>\n<meta name=\"author\" content=\"Editor General\" \/>\n<meta name=\"twitter:card\" content=\"summary_large_image\" \/>\n<meta name=\"twitter:label1\" content=\"Escrito por\" \/>\n\t<meta name=\"twitter:data1\" content=\"Editor General\" \/>\n\t<meta name=\"twitter:label2\" content=\"Tiempo de lectura\" \/>\n\t<meta name=\"twitter:data2\" content=\"2 minutos\" \/>\n<script type=\"application\/ld+json\" class=\"yoast-schema-graph\">{\"@context\":\"https:\/\/schema.org\",\"@graph\":[{\"@type\":\"Article\",\"@id\":\"https:\/\/luchonoticias.com\/editor\/inaugurados-campeonatos-nacionales-de-lucha-en-neiva\/#article\",\"isPartOf\":{\"@id\":\"https:\/\/luchonoticias.com\/editor\/inaugurados-campeonatos-nacionales-de-lucha-en-neiva\/\"},\"author\":{\"name\":\"Editor General\",\"@id\":\"https:\/\/luchonoticias.com\/editor\/#\/schema\/person\/29217990ddf6f14e35912b2866d591fb\"},\"headline\":\"Inaugurados campeonatos nacionales de lucha en Neiva\",\"datePublished\":\"2024-05-15T23:27:18+00:00\",\"mainEntityOfPage\":{\"@id\":\"https:\/\/luchonoticias.com\/editor\/inaugurados-campeonatos-nacionales-de-lucha-en-neiva\/\"},\"wordCount\":469,\"publisher\":{\"@id\":\"https:\/\/luchonoticias.com\/editor\/#\/schema\/person\/7a7fd911f58561fd056dbac7b55af9cd\"},\"image\":{\"@id\":\"https:\/\/luchonoticias.com\/editor\/inaugurados-campeonatos-nacionales-de-lucha-en-neiva\/#primaryimage\"},\"thumbnailUrl\":\"https:\/\/luchonoticias.com\/editor\/wp-content\/uploads\/2024\/05\/lucha-reconocimiento.jpg\",\"articleSection\":[\"Deportes\"],\"inLanguage\":\"es\"},{\"@type\":\"WebPage\",\"@id\":\"https:\/\/luchonoticias.com\/editor\/inaugurados-campeonatos-nacionales-de-lucha-en-neiva\/\",\"url\":\"https:\/\/luchonoticias.com\/editor\/inaugurados-campeonatos-nacionales-de-lucha-en-neiva\/\",\"name\":\"Inaugurados campeonatos nacionales de lucha en Neiva -\",\"isPartOf\":{\"@id\":\"https:\/\/luchonoticias.com\/editor\/#website\"},\"primaryImageOfPage\":{\"@id\":\"https:\/\/luchonoticias.com\/editor\/inaugurados-campeonatos-nacionales-de-lucha-en-neiva\/#primaryimage\"},\"image\":{\"@id\":\"https:\/\/luchonoticias.com\/editor\/inaugurados-campeonatos-nacionales-de-lucha-en-neiva\/#primaryimage\"},\"thumbnailUrl\":\"https:\/\/luchonoticias.com\/editor\/wp-content\/uploads\/2024\/05\/lucha-reconocimiento.jpg\",\"datePublished\":\"2024-05-15T23:27:18+00:00\",\"breadcrumb\":{\"@id\":\"https:\/\/luchonoticias.com\/editor\/inaugurados-campeonatos-nacionales-de-lucha-en-neiva\/#breadcrumb\"},\"inLanguage\":\"es\",\"potentialAction\":[{\"@type\":\"ReadAction\",\"target\":[\"https:\/\/luchonoticias.com\/editor\/inaugurados-campeonatos-nacionales-de-lucha-en-neiva\/\"]}]},{\"@type\":\"ImageObject\",\"inLanguage\":\"es\",\"@id\":\"https:\/\/luchonoticias.com\/editor\/inaugurados-campeonatos-nacionales-de-lucha-en-neiva\/#primaryimage\",\"url\":\"https:\/\/luchonoticias.com\/editor\/wp-content\/uploads\/2024\/05\/lucha-reconocimiento.jpg\",\"contentUrl\":\"https:\/\/luchonoticias.com\/editor\/wp-content\/uploads\/2024\/05\/lucha-reconocimiento.jpg\",\"width\":700,\"height\":400},{\"@type\":\"BreadcrumbList\",\"@id\":\"https:\/\/luchonoticias.com\/editor\/inaugurados-campeonatos-nacionales-de-lucha-en-neiva\/#breadcrumb\",\"itemListElement\":[{\"@type\":\"ListItem\",\"position\":1,\"name\":\"Portada\",\"item\":\"https:\/\/luchonoticias.com\/editor\/\"},{\"@type\":\"ListItem\",\"position\":2,\"name\":\"Inaugurados campeonatos nacionales de lucha en Neiva\"}]},{\"@type\":\"WebSite\",\"@id\":\"https:\/\/luchonoticias.com\/editor\/#website\",\"url\":\"https:\/\/luchonoticias.com\/editor\/\",\"name\":\"\",\"description\":\"\",\"publisher\":{\"@id\":\"https:\/\/luchonoticias.com\/editor\/#\/schema\/person\/7a7fd911f58561fd056dbac7b55af9cd\"},\"potentialAction\":[{\"@type\":\"SearchAction\",\"target\":{\"@type\":\"EntryPoint\",\"urlTemplate\":\"https:\/\/luchonoticias.com\/editor\/?s={search_term_string}\"},\"query-input\":{\"@type\":\"PropertyValueSpecification\",\"valueRequired\":true,\"valueName\":\"search_term_string\"}}],\"inLanguage\":\"es\"},{\"@type\":[\"Person\",\"Organization\"],\"@id\":\"https:\/\/luchonoticias.com\/editor\/#\/schema\/person\/7a7fd911f58561fd056dbac7b55af9cd\",\"name\":\"admin\",\"image\":{\"@type\":\"ImageObject\",\"inLanguage\":\"es\",\"@id\":\"https:\/\/luchonoticias.com\/editor\/#\/schema\/person\/image\/\",\"url\":\"https:\/\/luchonoticias.com\/editor\/wp-content\/uploads\/2024\/02\/cropped-cropped-logolu.webp\",\"contentUrl\":\"https:\/\/luchonoticias.com\/editor\/wp-content\/uploads\/2024\/02\/cropped-cropped-logolu.webp\",\"width\":382,\"height\":170,\"caption\":\"admin\"},\"logo\":{\"@id\":\"https:\/\/luchonoticias.com\/editor\/#\/schema\/person\/image\/\"},\"sameAs\":[\"https:\/\/www.facebook.com\/luchonoticiasneiva\"]},{\"@type\":\"Person\",\"@id\":\"https:\/\/luchonoticias.com\/editor\/#\/schema\/person\/29217990ddf6f14e35912b2866d591fb\",\"name\":\"Editor General\",\"image\":{\"@type\":\"ImageObject\",\"inLanguage\":\"es\",\"@id\":\"https:\/\/luchonoticias.com\/editor\/#\/schema\/person\/image\/\",\"url\":\"https:\/\/luchonoticias.com\/editor\/wp-content\/uploads\/2024\/02\/cropped-cropped-logolu-150x150.webp\",\"contentUrl\":\"https:\/\/luchonoticias.com\/editor\/wp-content\/uploads\/2024\/02\/cropped-cropped-logolu-150x150.webp\",\"caption\":\"Editor General\"},\"sameAs\":[\"https:\/\/luchonoticias.com\/\"],\"url\":\"https:\/\/luchonoticias.com\/editor\/author\/editor-general\/\"}]}<\/script>\n<!-- \/ Yoast SEO plugin. -->","yoast_head_json":{"title":"Inaugurados campeonatos nacionales de lucha en Neiva -","robots":{"index":"index","follow":"follow","max-snippet":"max-snippet:-1","max-image-preview":"max-image-preview:large","max-video-preview":"max-video-preview:-1"},"canonical":"https:\/\/luchonoticias.com\/editor\/inaugurados-campeonatos-nacionales-de-lucha-en-neiva\/","og_locale":"es_ES","og_type":"article","og_title":"Inaugurados campeonatos nacionales de lucha en Neiva -","og_url":"https:\/\/luchonoticias.com\/editor\/inaugurados-campeonatos-nacionales-de-lucha-en-neiva\/","article_publisher":"https:\/\/www.facebook.com\/luchonoticiasneiva","article_published_time":"2024-05-15T23:27:18+00:00","og_image":[{"width":700,"height":400,"url":"https:\/\/luchonoticias.com\/editor\/wp-content\/uploads\/2024\/05\/lucha-reconocimiento.jpg","type":"image\/jpeg"}],"author":"Editor General","twitter_card":"summary_large_image","twitter_misc":{"Escrito por":"Editor General","Tiempo de lectura":"2 minutos"},"schema":{"@context":"https:\/\/schema.org","@graph":[{"@type":"Article","@id":"https:\/\/luchonoticias.com\/editor\/inaugurados-campeonatos-nacionales-de-lucha-en-neiva\/#article","isPartOf":{"@id":"https:\/\/luchonoticias.com\/editor\/inaugurados-campeonatos-nacionales-de-lucha-en-neiva\/"},"author":{"name":"Editor General","@id":"https:\/\/luchonoticias.com\/editor\/#\/schema\/person\/29217990ddf6f14e35912b2866d591fb"},"headline":"Inaugurados campeonatos nacionales de lucha en Neiva","datePublished":"2024-05-15T23:27:18+00:00","mainEntityOfPage":{"@id":"https:\/\/luchonoticias.com\/editor\/inaugurados-campeonatos-nacionales-de-lucha-en-neiva\/"},"wordCount":469,"publisher":{"@id":"https:\/\/luchonoticias.com\/editor\/#\/schema\/person\/7a7fd911f58561fd056dbac7b55af9cd"},"image":{"@id":"https:\/\/luchonoticias.com\/editor\/inaugurados-campeonatos-nacionales-de-lucha-en-neiva\/#primaryimage"},"thumbnailUrl":"https:\/\/luchonoticias.com\/editor\/wp-content\/uploads\/2024\/05\/lucha-reconocimiento.jpg","articleSection":["Deportes"],"inLanguage":"es"},{"@type":"WebPage","@id":"https:\/\/luchonoticias.com\/editor\/inaugurados-campeonatos-nacionales-de-lucha-en-neiva\/","url":"https:\/\/luchonoticias.com\/editor\/inaugurados-campeonatos-nacionales-de-lucha-en-neiva\/","name":"Inaugurados campeonatos nacionales de lucha en Neiva -","isPartOf":{"@id":"https:\/\/luchonoticias.com\/editor\/#website"},"primaryImageOfPage":{"@id":"https:\/\/luchonoticias.com\/editor\/inaugurados-campeonatos-nacionales-de-lucha-en-neiva\/#primaryimage"},"image":{"@id":"https:\/\/luchonoticias.com\/editor\/inaugurados-campeonatos-nacionales-de-lucha-en-neiva\/#primaryimage"},"thumbnailUrl":"https:\/\/luchonoticias.com\/editor\/wp-content\/uploads\/2024\/05\/lucha-reconocimiento.jpg","datePublished":"2024-05-15T23:27:18+00:00","breadcrumb":{"@id":"https:\/\/luchonoticias.com\/editor\/inaugurados-campeonatos-nacionales-de-lucha-en-neiva\/#breadcrumb"},"inLanguage":"es","potentialAction":[{"@type":"ReadAction","target":["https:\/\/luchonoticias.com\/editor\/inaugurados-campeonatos-nacionales-de-lucha-en-neiva\/"]}]},{"@type":"ImageObject","inLanguage":"es","@id":"https:\/\/luchonoticias.com\/editor\/inaugurados-campeonatos-nacionales-de-lucha-en-neiva\/#primaryimage","url":"https:\/\/luchonoticias.com\/editor\/wp-content\/uploads\/2024\/05\/lucha-reconocimiento.jpg","contentUrl":"https:\/\/luchonoticias.com\/editor\/wp-content\/uploads\/2024\/05\/lucha-reconocimiento.jpg","width":700,"height":400},{"@type":"BreadcrumbList","@id":"https:\/\/luchonoticias.com\/editor\/inaugurados-campeonatos-nacionales-de-lucha-en-neiva\/#breadcrumb","itemListElement":[{"@type":"ListItem","position":1,"name":"Portada","item":"https:\/\/luchonoticias.com\/editor\/"},{"@type":"ListItem","position":2,"name":"Inaugurados campeonatos nacionales de lucha en Neiva"}]},{"@type":"WebSite","@id":"https:\/\/luchonoticias.com\/editor\/#website","url":"https:\/\/luchonoticias.com\/editor\/","name":"","description":"","publisher":{"@id":"https:\/\/luchonoticias.com\/editor\/#\/schema\/person\/7a7fd911f58561fd056dbac7b55af9cd"},"potentialAction":[{"@type":"SearchAction","target":{"@type":"EntryPoint","urlTemplate":"https:\/\/luchonoticias.com\/editor\/?s={search_term_string}"},"query-input":{"@type":"PropertyValueSpecification","valueRequired":true,"valueName":"search_term_string"}}],"inLanguage":"es"},{"@type":["Person","Organization"],"@id":"https:\/\/luchonoticias.com\/editor\/#\/schema\/person\/7a7fd911f58561fd056dbac7b55af9cd","name":"admin","image":{"@type":"ImageObject","inLanguage":"es","@id":"https:\/\/luchonoticias.com\/editor\/#\/schema\/person\/image\/","url":"https:\/\/luchonoticias.com\/editor\/wp-content\/uploads\/2024\/02\/cropped-cropped-logolu.webp","contentUrl":"https:\/\/luchonoticias.com\/editor\/wp-content\/uploads\/2024\/02\/cropped-cropped-logolu.webp","width":382,"height":170,"caption":"admin"},"logo":{"@id":"https:\/\/luchonoticias.com\/editor\/#\/schema\/person\/image\/"},"sameAs":["https:\/\/www.facebook.com\/luchonoticiasneiva"]},{"@type":"Person","@id":"https:\/\/luchonoticias.com\/editor\/#\/schema\/person\/29217990ddf6f14e35912b2866d591fb","name":"Editor General","image":{"@type":"ImageObject","inLanguage":"es","@id":"https:\/\/luchonoticias.com\/editor\/#\/schema\/person\/image\/","url":"https:\/\/luchonoticias.com\/editor\/wp-content\/uploads\/2024\/02\/cropped-cropped-logolu-150x150.webp","contentUrl":"https:\/\/luchonoticias.com\/editor\/wp-content\/uploads\/2024\/02\/cropped-cropped-logolu-150x150.webp","caption":"Editor General"},"sameAs":["https:\/\/luchonoticias.com\/"],"url":"https:\/\/luchonoticias.com\/editor\/author\/editor-general\/"}]}},"_links":{"self":[{"href":"https:\/\/luchonoticias.com\/editor\/wp-json\/wp\/v2\/posts\/73107","targetHints":{"allow":["GET"]}}],"collection":[{"href":"https:\/\/luchonoticias.com\/editor\/wp-json\/wp\/v2\/posts"}],"about":[{"href":"https:\/\/luchonoticias.com\/editor\/wp-json\/wp\/v2\/types\/post"}],"author":[{"embeddable":true,"href":"https:\/\/luchonoticias.com\/editor\/wp-json\/wp\/v2\/users\/2"}],"replies":[{"embeddable":true,"href":"https:\/\/luchonoticias.com\/editor\/wp-json\/wp\/v2\/comments?post=73107"}],"version-history":[{"count":0,"href":"https:\/\/luchonoticias.com\/editor\/wp-json\/wp\/v2\/posts\/73107\/revisions"}],"wp:featuredmedia":[{"embeddable":true,"href":"https:\/\/luchonoticias.com\/editor\/wp-json\/wp\/v2\/media\/73108"}],"wp:attachment":[{"href":"https:\/\/luchonoticias.com\/editor\/wp-json\/wp\/v2\/media?parent=73107"}],"wp:term":[{"taxonomy":"category","embeddable":true,"href":"https:\/\/luchonoticias.com\/editor\/wp-json\/wp\/v2\/categories?post=73107"},{"taxonomy":"post_tag","embeddable":true,"href":"https:\/\/luchonoticias.com\/editor\/wp-json\/wp\/v2\/tags?post=73107"}],"curies":[{"name":"wp","href":"https:\/\/api.w.org\/{rel}","templated":true}]}}